{"id":106703,"date":"2023-03-23T06:54:48","date_gmt":"2023-03-23T06:54:48","guid":{"rendered":"https:\/\/www.nettali.com\/?p=106703"},"modified":"2023-03-23T06:54:48","modified_gmt":"2023-03-23T06:54:48","slug":"en-coulisses-le-sames-denonce","status":"publish","type":"post","link":"https:\/\/www.nettali.com\/2023\/03\/23\/en-coulisses-le-sames-denonce\/","title":{"rendered":"EN COULISSES - Le Sames d\u00e9nonce"},"content":{"rendered":"<p><strong>NETTALI.COM -<\/strong> Toujours pour rester sur cette sortie du Sames, le Dr Mamadou Ndour Syndicat autonome des m\u00e9decins, pharmaciens et chirurgiens-dentistes du S\u00e9n\u00e9gal (Sames), d'expliquer.<\/p>\n<p>\u00ab<em>Depuis un certain temps, l\u2019exercice de la m\u00e9decine est fortement compromis. Depuis presque une semaine, des m\u00e9decins se sont vus refuser l\u2019acc\u00e8s \u00e0 leurs patients par des autorit\u00e9s politiques. Ce qui est inadmissible dans un Etat de droit. Cela fait bient\u00f4t 48 heures, des personnels de sant\u00e9, ou plus pr\u00e9cis\u00e9ment des agents de sant\u00e9, sont en train de faire des va-et-vient dans les locaux de la police pour r\u00e9pondre \u00e0 des questions qui rel\u00e8vent de leur pratique. Nous estimons que, \u00e0 l\u2019\u00e9tat actuel de la situation, on ne doit pas proc\u00e9der avec autant de facilit\u00e9 \u00e0 l\u2019arrestation de m\u00e9decins dans l\u2019exercice de leurs fonctions.<\/em><br \/>\n<em>S\u2019agissant de m\u00e9decins qui pr\u00e9sentent toutes les garanties de repr\u00e9sentativit\u00e9, je ne peux pas m\u2019expliquer comment on peut s\u2019empresser de proc\u00e9der \u00e0 leur arrestation<\/em>\u00bb, a t-il d\u00e9noncer pour d\u00e9plorer la situation.<\/p>\n<p>Concernant toujours les interpellations de m\u00e9decins, Dr Mamadou Demba Ndour confie : \u00ab<em>nous restons \u00e0 l\u2019\u00e9coute et nous suivons de tr\u00e8s pr\u00e8s ce dossier pour voir quelles sont les griefs qui leur sont reproch\u00e9s. Et en fonction de cela, nous saurons comment nous positionner par rapport \u00e0 leur d\u00e9fense mais aussi la mise en branle de tout ce que le droit nous offre pour pouvoir prot\u00e9ger nos camarades. Il faut qu\u2019on revienne sur les fondamentaux !<\/em>\u00bb, a ajout\u00e9 Ndour.<\/p>\n<p>Le Sames fustige ainsi les interpellations et arrestations op\u00e9r\u00e9es dans le milieu m\u00e9dical et entend soutenir, d\u00e9fendre et prot\u00e9ger les m\u00e9decins qui d\u00e9f\u00e8rent depuis quelques jours \u00e0 des convocations pour r\u00e9pondre aux enqu\u00eateurs de la police.<\/p>\n<div class='share-to-whatsapp-wrapper'><div class='share-on-whsp'>PARTAGER SUR : <\/div><a data-text='EN COULISSES - Le Sames d\u00e9nonce' data-link='https:\/\/www.nettali.com\/2023\/03\/23\/en-coulisses-le-sames-denonce\/' class='whatsapp-button whatsapp-share'>WhatsApp<\/a><div class='clear '><\/div><\/div>","protected":false},"excerpt":{"rendered":"<p>NETTALI.COM - Toujours pour rester sur cette sortie du Sames, le Dr Mamadou Ndour Syndicat autonome des m\u00e9decins, pharmaciens et chirurgiens-dentistes du S\u00e9n\u00e9gal (Sames), d'expliquer. \u00abDepuis un certain temps, l\u2019exercice de la m\u00e9decine est fortement compromis. Depuis presque une semaine, des m\u00e9decins se sont vus refuser l\u2019acc\u00e8s \u00e0 leurs patients par des autorit\u00e9s politiques. Ce [&hellip;]<\/p>\n","protected":false},"author":2,"featured_media":106705,"comment_status":"open","ping_status":"open","sticky":false,"template":"","format":"standard","meta":{"_et_pb_use_builder":"","_et_pb_old_content":""},"categories":[34945],"tags":[],"yoast_head":"<!-- This site is optimized with the Yoast SEO Premium plugin v17.8 (Yoast SEO v17.8) - https:\/\/yoast.com\/wordpress\/plugins\/seo\/ -->\n<title>EN COULISSES - Le Sames d\u00e9nonce | Nettali.com<\/title>\n<meta name=\"robots\" content=\"index, follow, max-snippet:-1, max-image-preview:large, max-video-preview:-1\" \/>\n<link rel=\"canonical\" href=\"https:\/\/www.nettali.com\/2023\/03\/23\/en-coulisses-le-sames-denonce\/\" \/>\n<meta property=\"og:locale\" content=\"fr_FR\" \/>\n<meta property=\"og:type\" content=\"article\" \/>\n<meta property=\"og:title\" content=\"EN COULISSES - Le Sames d\u00e9nonce\" \/>\n<meta property=\"og:description\" content=\"NETTALI.COM - Toujours pour rester sur cette sortie du Sames, le Dr Mamadou Ndour Syndicat autonome des m\u00e9decins, pharmaciens et chirurgiens-dentistes du S\u00e9n\u00e9gal (Sames), d&#039;expliquer. \u00abDepuis un certain temps, l\u2019exercice de la m\u00e9decine est fortement compromis. Depuis presque une semaine, des m\u00e9decins se sont vus refuser l\u2019acc\u00e8s \u00e0 leurs patients par des autorit\u00e9s politiques. Ce [&hellip;]\" \/>\n<meta property=\"og:url\" content=\"https:\/\/www.nettali.com\/2023\/03\/23\/en-coulisses-le-sames-denonce\/\" \/>\n<meta property=\"og:site_name\" content=\"Nettali.com\" \/>\n<meta property=\"article:publisher\" content=\"https:\/\/www.facebook.com\/nettalicom\" \/>\n<meta property=\"article:published_time\" content=\"2023-03-23T06:54:48+00:00\" \/>\n<meta property=\"og:image\" content=\"https:\/\/www.nettali.com\/wp-content\/uploads\/2023\/03\/FB_IMG_1628078453783-642x445-1.jpeg\" \/>\n\t<meta property=\"og:image:width\" content=\"642\" \/>\n\t<meta property=\"og:image:height\" content=\"445\" \/>\n<meta name=\"twitter:card\" content=\"summary_large_image\" \/>\n<meta name=\"twitter:label1\" content=\"\u00c9crit par\" \/>\n\t<meta name=\"twitter:data1\" content=\"CK\" \/>\n\t<meta name=\"twitter:label2\" content=\"Dur\u00e9e de lecture estim\u00e9e\" \/>\n\t<meta name=\"twitter:data2\" content=\"2 minutes\" \/>\n<script type=\"application\/ld+json\" class=\"yoast-schema-graph\">{\"@context\":\"https:\/\/schema.org\",\"@graph\":[{\"@type\":\"WebSite\",\"@id\":\"https:\/\/www.nettali.com\/#website\",\"url\":\"https:\/\/www.nettali.com\/\",\"name\":\"Nettali.com\",\"description\":\"Le rendez-vous critique du Net\",\"potentialAction\":[{\"@type\":\"SearchAction\",\"target\":{\"@type\":\"EntryPoint\",\"urlTemplate\":\"https:\/\/www.nettali.com\/?s={search_term_string}\"},\"query-input\":\"required name=search_term_string\"}],\"inLanguage\":\"fr-FR\"},{\"@type\":\"ImageObject\",\"@id\":\"https:\/\/www.nettali.com\/2023\/03\/23\/en-coulisses-le-sames-denonce\/#primaryimage\",\"inLanguage\":\"fr-FR\",\"url\":\"https:\/\/www.nettali.com\/wp-content\/uploads\/2023\/03\/FB_IMG_1628078453783-642x445-1.jpeg\",\"contentUrl\":\"https:\/\/www.nettali.com\/wp-content\/uploads\/2023\/03\/FB_IMG_1628078453783-642x445-1.jpeg\",\"width\":642,\"height\":445},{\"@type\":\"WebPage\",\"@id\":\"https:\/\/www.nettali.com\/2023\/03\/23\/en-coulisses-le-sames-denonce\/#webpage\",\"url\":\"https:\/\/www.nettali.com\/2023\/03\/23\/en-coulisses-le-sames-denonce\/\",\"name\":\"EN COULISSES - Le Sames d\\u00e9nonce | Nettali.com\",\"isPartOf\":{\"@id\":\"https:\/\/www.nettali.com\/#website\"},\"primaryImageOfPage\":{\"@id\":\"https:\/\/www.nettali.com\/2023\/03\/23\/en-coulisses-le-sames-denonce\/#primaryimage\"},\"datePublished\":\"2023-03-23T06:54:48+00:00\",\"dateModified\":\"2023-03-23T06:54:48+00:00\",\"author\":{\"@id\":\"https:\/\/www.nettali.com\/#\/schema\/person\/d8ac7b7e27ddad43f1c0d2ef090d7f71\"},\"breadcrumb\":{\"@id\":\"https:\/\/www.nettali.com\/2023\/03\/23\/en-coulisses-le-sames-denonce\/#breadcrumb\"},\"inLanguage\":\"fr-FR\",\"potentialAction\":[{\"@type\":\"ReadAction\",\"target\":[\"https:\/\/www.nettali.com\/2023\/03\/23\/en-coulisses-le-sames-denonce\/\"]}]},{\"@type\":\"BreadcrumbList\",\"@id\":\"https:\/\/www.nettali.com\/2023\/03\/23\/en-coulisses-le-sames-denonce\/#breadcrumb\",\"itemListElement\":[{\"@type\":\"ListItem\",\"position\":1,\"name\":\"Accueil\",\"item\":\"https:\/\/www.nettali.com\/\"},{\"@type\":\"ListItem\",\"position\":2,\"name\":\"EN COULISSES - Le Sames d\\u00e9nonce\"}]},{\"@type\":\"Person\",\"@id\":\"https:\/\/www.nettali.com\/#\/schema\/person\/d8ac7b7e27ddad43f1c0d2ef090d7f71\",\"name\":\"CK\",\"image\":{\"@type\":\"ImageObject\",\"@id\":\"https:\/\/www.nettali.com\/#personlogo\",\"inLanguage\":\"fr-FR\",\"url\":\"https:\/\/secure.gravatar.com\/avatar\/1d8d5118b9327d94da7cd4ce7f17fec2?s=96&d=mm&r=g\",\"contentUrl\":\"https:\/\/secure.gravatar.com\/avatar\/1d8d5118b9327d94da7cd4ce7f17fec2?s=96&d=mm&r=g\",\"caption\":\"CK\"},\"sameAs\":[\"https:\/\/www.nettali.com\"]}]}<\/script>\n<!-- \/ Yoast SEO Premium plugin. -->","yoast_head_json":{"title":"EN COULISSES - Le Sames d\u00e9nonce | Nettali.com","robots":{"index":"index","follow":"follow","max-snippet":"max-snippet:-1","max-image-preview":"max-image-preview:large","max-video-preview":"max-video-preview:-1"},"canonical":"https:\/\/www.nettali.com\/2023\/03\/23\/en-coulisses-le-sames-denonce\/","og_locale":"fr_FR","og_type":"article","og_title":"EN COULISSES - Le Sames d\u00e9nonce","og_description":"NETTALI.COM - Toujours pour rester sur cette sortie du Sames, le Dr Mamadou Ndour Syndicat autonome des m\u00e9decins, pharmaciens et chirurgiens-dentistes du S\u00e9n\u00e9gal (Sames), d'expliquer. \u00abDepuis un certain temps, l\u2019exercice de la m\u00e9decine est fortement compromis. Depuis presque une semaine, des m\u00e9decins se sont vus refuser l\u2019acc\u00e8s \u00e0 leurs patients par des autorit\u00e9s politiques. Ce [&hellip;]","og_url":"https:\/\/www.nettali.com\/2023\/03\/23\/en-coulisses-le-sames-denonce\/","og_site_name":"Nettali.com","article_publisher":"https:\/\/www.facebook.com\/nettalicom","article_published_time":"2023-03-23T06:54:48+00:00","og_image":[{"width":642,"height":445,"url":"https:\/\/www.nettali.com\/wp-content\/uploads\/2023\/03\/FB_IMG_1628078453783-642x445-1.jpeg","type":"image\/jpeg"}],"twitter_card":"summary_large_image","twitter_misc":{"\u00c9crit par":"CK","Dur\u00e9e de lecture estim\u00e9e":"2 minutes"},"schema":{"@context":"https:\/\/schema.org","@graph":[{"@type":"WebSite","@id":"https:\/\/www.nettali.com\/#website","url":"https:\/\/www.nettali.com\/","name":"Nettali.com","description":"Le rendez-vous critique du Net","potentialAction":[{"@type":"SearchAction","target":{"@type":"EntryPoint","urlTemplate":"https:\/\/www.nettali.com\/?s={search_term_string}"},"query-input":"required name=search_term_string"}],"inLanguage":"fr-FR"},{"@type":"ImageObject","@id":"https:\/\/www.nettali.com\/2023\/03\/23\/en-coulisses-le-sames-denonce\/#primaryimage","inLanguage":"fr-FR","url":"https:\/\/www.nettali.com\/wp-content\/uploads\/2023\/03\/FB_IMG_1628078453783-642x445-1.jpeg","contentUrl":"https:\/\/www.nettali.com\/wp-content\/uploads\/2023\/03\/FB_IMG_1628078453783-642x445-1.jpeg","width":642,"height":445},{"@type":"WebPage","@id":"https:\/\/www.nettali.com\/2023\/03\/23\/en-coulisses-le-sames-denonce\/#webpage","url":"https:\/\/www.nettali.com\/2023\/03\/23\/en-coulisses-le-sames-denonce\/","name":"EN COULISSES - Le Sames d\u00e9nonce | Nettali.com","isPartOf":{"@id":"https:\/\/www.nettali.com\/#website"},"primaryImageOfPage":{"@id":"https:\/\/www.nettali.com\/2023\/03\/23\/en-coulisses-le-sames-denonce\/#primaryimage"},"datePublished":"2023-03-23T06:54:48+00:00","dateModified":"2023-03-23T06:54:48+00:00","author":{"@id":"https:\/\/www.nettali.com\/#\/schema\/person\/d8ac7b7e27ddad43f1c0d2ef090d7f71"},"breadcrumb":{"@id":"https:\/\/www.nettali.com\/2023\/03\/23\/en-coulisses-le-sames-denonce\/#breadcrumb"},"inLanguage":"fr-FR","potentialAction":[{"@type":"ReadAction","target":["https:\/\/www.nettali.com\/2023\/03\/23\/en-coulisses-le-sames-denonce\/"]}]},{"@type":"BreadcrumbList","@id":"https:\/\/www.nettali.com\/2023\/03\/23\/en-coulisses-le-sames-denonce\/#breadcrumb","itemListElement":[{"@type":"ListItem","position":1,"name":"Accueil","item":"https:\/\/www.nettali.com\/"},{"@type":"ListItem","position":2,"name":"EN COULISSES - Le Sames d\u00e9nonce"}]},{"@type":"Person","@id":"https:\/\/www.nettali.com\/#\/schema\/person\/d8ac7b7e27ddad43f1c0d2ef090d7f71","name":"CK","image":{"@type":"ImageObject","@id":"https:\/\/www.nettali.com\/#personlogo","inLanguage":"fr-FR","url":"https:\/\/secure.gravatar.com\/avatar\/1d8d5118b9327d94da7cd4ce7f17fec2?s=96&d=mm&r=g","contentUrl":"https:\/\/secure.gravatar.com\/avatar\/1d8d5118b9327d94da7cd4ce7f17fec2?s=96&d=mm&r=g","caption":"CK"},"sameAs":["https:\/\/www.nettali.com"]}]}},"_links":{"self":[{"href":"https:\/\/www.nettali.com\/rest\/wp\/v2\/posts\/106703"}],"collection":[{"href":"https:\/\/www.nettali.com\/rest\/wp\/v2\/posts"}],"about":[{"href":"https:\/\/www.nettali.com\/rest\/wp\/v2\/types\/post"}],"author":[{"embeddable":true,"href":"https:\/\/www.nettali.com\/rest\/wp\/v2\/users\/2"}],"replies":[{"embeddable":true,"href":"https:\/\/www.nettali.com\/rest\/wp\/v2\/comments?post=106703"}],"version-history":[{"count":1,"href":"https:\/\/www.nettali.com\/rest\/wp\/v2\/posts\/106703\/revisions"}],"predecessor-version":[{"id":106704,"href":"https:\/\/www.nettali.com\/rest\/wp\/v2\/posts\/106703\/revisions\/106704"}],"wp:featuredmedia":[{"embeddable":true,"href":"https:\/\/www.nettali.com\/rest\/wp\/v2\/media\/106705"}],"wp:attachment":[{"href":"https:\/\/www.nettali.com\/rest\/wp\/v2\/media?parent=106703"}],"wp:term":[{"taxonomy":"category","embeddable":true,"href":"https:\/\/www.nettali.com\/rest\/wp\/v2\/categories?post=106703"},{"taxonomy":"post_tag","embeddable":true,"href":"https:\/\/www.nettali.com\/rest\/wp\/v2\/tags?post=106703"}],"curies":[{"name":"wp","href":"https:\/\/api.w.org\/{rel}","templated":true}]}}