{"id":106701,"date":"2023-03-23T06:55:45","date_gmt":"2023-03-23T06:55:45","guid":{"rendered":"https:\/\/www.nettali.com\/?p=106701"},"modified":"2023-03-23T10:16:09","modified_gmt":"2023-03-23T10:16:09","slug":"en-coulisses-le-sames-determine-a-defendre-les-medecins-interpelles","status":"publish","type":"post","link":"https:\/\/www.nettali.com\/2023\/03\/23\/en-coulisses-le-sames-determine-a-defendre-les-medecins-interpelles\/","title":{"rendered":"EN COULISSES - Le Sames d\u00e9termin\u00e9 \u00e0 d\u00e9fendre les m\u00e9decins interpell\u00e9s"},"content":{"rendered":"<p><strong>NETTALI.COM -<\/strong>\u00a0Arr\u00eat\u00e9 \u00e0 Madina\u00a0Diathb\u00e9, dans le Nord du pays par la gendarmerie puis transf\u00e9r\u00e9 \u00e0 Dakar, le Dr Babacar Niang, patron de la clinique \u00ab<em>Suma Assistance<\/em>\u00bb a \u00e9t\u00e9 interrog\u00e9, ce mercredi 21 mars dans les locaux du commissariat central, suite \u00a0\u00e0 la plainte de la famille de Mamadou Ly, dit Doudou Fall, agent de la Mairie de la M\u00e9dina, lynch\u00e9 \u00e0 mort lors des manifestations de jeudi dernier.<\/p>\n<p>Les proches du d\u00e9funt reprochent \u00e0 sa clinique d\u2019avoir n\u00e9glig\u00e9 le bless\u00e9 jusqu\u2019\u00e0 ce que mort s\u2019en soit suivie. Ils en veulent pour preuve, les questions qui ont \u00e9t\u00e9 pos\u00e9es dans l'ambulance dans le but de savoir s'il est membre du parti Pastef ou non. Et que devant sa r\u00e9ponse n\u00e9gative, ces agents lui ont fait savoir qu'il y avait un contrat entre \u00abSuma\u00bb et le parti Pastef pour la prise en charge prioritaire de ses bless\u00e9s comme soutenu par les plaignants.<\/p>\n<p>Une arrestation qui a toutefois mis dans tous leurs \u00e9tats, les m\u00e9decins regroup\u00e9s au sein du Sames qui disent tous apporter leur soutien de principe \u00e0 leur coll\u00e8gue Dr Niang, comme ils ont eu \u00e0 le faire pour leur coll\u00e8gue Dr Alphousseyni Gaye, alors qu'il avait re\u00e7u des menaces pour avoir consult\u00e9 la masseuse Adji Sarr .<\/p>\n<p>Le secr\u00e9taire g\u00e9n\u00e9ral, Dr Mamadou Demba Ndour d\u00e9clare ainsi que la position de son syndicat est claire. Les m\u00e9decins interpell\u00e9s b\u00e9n\u00e9ficieront du soutien et<br \/>\nde la protection du Sames.<\/p>\n<p>\u00ab<em>Il est inadmissible que, dans l\u2019exercice de leurs fonctions, des agents de sant\u00e9 se voient harcel\u00e9s par quelque autorit\u00e9 que ce soit. Cela ne passera pas. On ne l\u2019acceptera pas. Il faut qu\u2019on apprenne aussi \u00e0, encore une fois, respecter l\u2019Etat de droit. Un m\u00e9decin, c\u2019est un citoyen. Qu\u2019il appartienne \u00e0 un parti politique ou \u00e0 quoi que ce soit, cela n\u2019entrave en rien sa qualit\u00e9 de m\u00e9decin. Et dans l\u2019exercice de ses fonctions, il n\u2019est ni du parti socialiste ni du parti Pastef ni de l\u2019APR (parti au pouvoir). Il est tout simplement un m\u00e9decin et on doit le traiter comme tels<\/em>\u00bb, a d\u00e9clar\u00e9 celui-ci.<\/p>\n<p>A noter que la clinique Suma Assistance avait accueilli l\u2019opposant Ousmane Sonko jeudi dernier apr\u00e8s qu\u2019il a \u00e9t\u00e9 gaz\u00e9 par les forces de l\u2019ordre, alors qu\u2019il se rendait au tribunal de Dakar pour le proc\u00e8s l\u2019opposant au ministre Mame Mbaye Niang qui l\u2019accuse de diffamation.<\/p>\n<div class='share-to-whatsapp-wrapper'><div class='share-on-whsp'>PARTAGER SUR : <\/div><a data-text='EN COULISSES - Le Sames d\u00e9termin\u00e9 \u00e0 d\u00e9fendre les m\u00e9decins interpell\u00e9s' data-link='https:\/\/www.nettali.com\/2023\/03\/23\/en-coulisses-le-sames-determine-a-defendre-les-medecins-interpelles\/' class='whatsapp-button whatsapp-share'>WhatsApp<\/a><div class='clear '><\/div><\/div>","protected":false},"excerpt":{"rendered":"<p>NETTALI.COM -\u00a0Arr\u00eat\u00e9 \u00e0 Madina\u00a0Diathb\u00e9, dans le Nord du pays par la gendarmerie puis transf\u00e9r\u00e9 \u00e0 Dakar, le Dr Babacar Niang, patron de la clinique \u00abSuma Assistance\u00bb a \u00e9t\u00e9 interrog\u00e9, ce mercredi 21 mars dans les locaux du commissariat central, suite \u00a0\u00e0 la plainte de la famille de Mamadou Ly, dit Doudou Fall, agent de la [&hellip;]<\/p>\n","protected":false},"author":2,"featured_media":106706,"comment_status":"open","ping_status":"open","sticky":false,"template":"","format":"standard","meta":{"_et_pb_use_builder":"","_et_pb_old_content":""},"categories":[34945],"tags":[],"yoast_head":"<!-- This site is optimized with the Yoast SEO Premium plugin v17.8 (Yoast SEO v17.8) - https:\/\/yoast.com\/wordpress\/plugins\/seo\/ -->\n<title>EN COULISSES - Le Sames d\u00e9termin\u00e9 \u00e0 d\u00e9fendre les m\u00e9decins interpell\u00e9s | Nettali.com<\/title>\n<meta name=\"robots\" content=\"index, follow, max-snippet:-1, max-image-preview:large, max-video-preview:-1\" \/>\n<link rel=\"canonical\" href=\"https:\/\/www.nettali.com\/2023\/03\/23\/en-coulisses-le-sames-determine-a-defendre-les-medecins-interpelles\/\" \/>\n<meta property=\"og:locale\" content=\"fr_FR\" \/>\n<meta property=\"og:type\" content=\"article\" \/>\n<meta property=\"og:title\" content=\"EN COULISSES - Le Sames d\u00e9termin\u00e9 \u00e0 d\u00e9fendre les m\u00e9decins interpell\u00e9s\" \/>\n<meta property=\"og:description\" content=\"NETTALI.COM -\u00a0Arr\u00eat\u00e9 \u00e0 Madina\u00a0Diathb\u00e9, dans le Nord du pays par la gendarmerie puis transf\u00e9r\u00e9 \u00e0 Dakar, le Dr Babacar Niang, patron de la clinique \u00abSuma Assistance\u00bb a \u00e9t\u00e9 interrog\u00e9, ce mercredi 21 mars dans les locaux du commissariat central, suite \u00a0\u00e0 la plainte de la famille de Mamadou Ly, dit Doudou Fall, agent de la [&hellip;]\" \/>\n<meta property=\"og:url\" content=\"https:\/\/www.nettali.com\/2023\/03\/23\/en-coulisses-le-sames-determine-a-defendre-les-medecins-interpelles\/\" \/>\n<meta property=\"og:site_name\" content=\"Nettali.com\" \/>\n<meta property=\"article:publisher\" content=\"https:\/\/www.facebook.com\/nettalicom\" \/>\n<meta property=\"article:published_time\" content=\"2023-03-23T06:55:45+00:00\" \/>\n<meta property=\"article:modified_time\" content=\"2023-03-23T10:16:09+00:00\" \/>\n<meta property=\"og:image\" content=\"https:\/\/www.nettali.com\/wp-content\/uploads\/2023\/03\/71616703-49886383.jpg\" \/>\n\t<meta property=\"og:image:width\" content=\"900\" \/>\n\t<meta property=\"og:image:height\" content=\"518\" \/>\n<meta name=\"twitter:card\" content=\"summary_large_image\" \/>\n<meta name=\"twitter:label1\" content=\"\u00c9crit par\" \/>\n\t<meta name=\"twitter:data1\" content=\"CK\" \/>\n\t<meta name=\"twitter:label2\" content=\"Dur\u00e9e de lecture estim\u00e9e\" \/>\n\t<meta name=\"twitter:data2\" content=\"2 minutes\" \/>\n<script type=\"application\/ld+json\" class=\"yoast-schema-graph\">{\"@context\":\"https:\/\/schema.org\",\"@graph\":[{\"@type\":\"WebSite\",\"@id\":\"https:\/\/www.nettali.com\/#website\",\"url\":\"https:\/\/www.nettali.com\/\",\"name\":\"Nettali.com\",\"description\":\"Le rendez-vous critique du Net\",\"potentialAction\":[{\"@type\":\"SearchAction\",\"target\":{\"@type\":\"EntryPoint\",\"urlTemplate\":\"https:\/\/www.nettali.com\/?s={search_term_string}\"},\"query-input\":\"required name=search_term_string\"}],\"inLanguage\":\"fr-FR\"},{\"@type\":\"ImageObject\",\"@id\":\"https:\/\/www.nettali.com\/2023\/03\/23\/en-coulisses-le-sames-determine-a-defendre-les-medecins-interpelles\/#primaryimage\",\"inLanguage\":\"fr-FR\",\"url\":\"https:\/\/www.nettali.com\/wp-content\/uploads\/2023\/03\/71616703-49886383.jpg\",\"contentUrl\":\"https:\/\/www.nettali.com\/wp-content\/uploads\/2023\/03\/71616703-49886383.jpg\",\"width\":900,\"height\":518},{\"@type\":\"WebPage\",\"@id\":\"https:\/\/www.nettali.com\/2023\/03\/23\/en-coulisses-le-sames-determine-a-defendre-les-medecins-interpelles\/#webpage\",\"url\":\"https:\/\/www.nettali.com\/2023\/03\/23\/en-coulisses-le-sames-determine-a-defendre-les-medecins-interpelles\/\",\"name\":\"EN COULISSES - Le Sames d\\u00e9termin\\u00e9 \\u00e0 d\\u00e9fendre les m\\u00e9decins interpell\\u00e9s | Nettali.com\",\"isPartOf\":{\"@id\":\"https:\/\/www.nettali.com\/#website\"},\"primaryImageOfPage\":{\"@id\":\"https:\/\/www.nettali.com\/2023\/03\/23\/en-coulisses-le-sames-determine-a-defendre-les-medecins-interpelles\/#primaryimage\"},\"datePublished\":\"2023-03-23T06:55:45+00:00\",\"dateModified\":\"2023-03-23T10:16:09+00:00\",\"author\":{\"@id\":\"https:\/\/www.nettali.com\/#\/schema\/person\/d8ac7b7e27ddad43f1c0d2ef090d7f71\"},\"breadcrumb\":{\"@id\":\"https:\/\/www.nettali.com\/2023\/03\/23\/en-coulisses-le-sames-determine-a-defendre-les-medecins-interpelles\/#breadcrumb\"},\"inLanguage\":\"fr-FR\",\"potentialAction\":[{\"@type\":\"ReadAction\",\"target\":[\"https:\/\/www.nettali.com\/2023\/03\/23\/en-coulisses-le-sames-determine-a-defendre-les-medecins-interpelles\/\"]}]},{\"@type\":\"BreadcrumbList\",\"@id\":\"https:\/\/www.nettali.com\/2023\/03\/23\/en-coulisses-le-sames-determine-a-defendre-les-medecins-interpelles\/#breadcrumb\",\"itemListElement\":[{\"@type\":\"ListItem\",\"position\":1,\"name\":\"Accueil\",\"item\":\"https:\/\/www.nettali.com\/\"},{\"@type\":\"ListItem\",\"position\":2,\"name\":\"EN COULISSES - Le Sames d\\u00e9termin\\u00e9 \\u00e0 d\\u00e9fendre les m\\u00e9decins interpell\\u00e9s\"}]},{\"@type\":\"Person\",\"@id\":\"https:\/\/www.nettali.com\/#\/schema\/person\/d8ac7b7e27ddad43f1c0d2ef090d7f71\",\"name\":\"CK\",\"image\":{\"@type\":\"ImageObject\",\"@id\":\"https:\/\/www.nettali.com\/#personlogo\",\"inLanguage\":\"fr-FR\",\"url\":\"https:\/\/secure.gravatar.com\/avatar\/1d8d5118b9327d94da7cd4ce7f17fec2?s=96&d=mm&r=g\",\"contentUrl\":\"https:\/\/secure.gravatar.com\/avatar\/1d8d5118b9327d94da7cd4ce7f17fec2?s=96&d=mm&r=g\",\"caption\":\"CK\"},\"sameAs\":[\"https:\/\/www.nettali.com\"]}]}<\/script>\n<!-- \/ Yoast SEO Premium plugin. -->","yoast_head_json":{"title":"EN COULISSES - Le Sames d\u00e9termin\u00e9 \u00e0 d\u00e9fendre les m\u00e9decins interpell\u00e9s | Nettali.com","robots":{"index":"index","follow":"follow","max-snippet":"max-snippet:-1","max-image-preview":"max-image-preview:large","max-video-preview":"max-video-preview:-1"},"canonical":"https:\/\/www.nettali.com\/2023\/03\/23\/en-coulisses-le-sames-determine-a-defendre-les-medecins-interpelles\/","og_locale":"fr_FR","og_type":"article","og_title":"EN COULISSES - Le Sames d\u00e9termin\u00e9 \u00e0 d\u00e9fendre les m\u00e9decins interpell\u00e9s","og_description":"NETTALI.COM -\u00a0Arr\u00eat\u00e9 \u00e0 Madina\u00a0Diathb\u00e9, dans le Nord du pays par la gendarmerie puis transf\u00e9r\u00e9 \u00e0 Dakar, le Dr Babacar Niang, patron de la clinique \u00abSuma Assistance\u00bb a \u00e9t\u00e9 interrog\u00e9, ce mercredi 21 mars dans les locaux du commissariat central, suite \u00a0\u00e0 la plainte de la famille de Mamadou Ly, dit Doudou Fall, agent de la [&hellip;]","og_url":"https:\/\/www.nettali.com\/2023\/03\/23\/en-coulisses-le-sames-determine-a-defendre-les-medecins-interpelles\/","og_site_name":"Nettali.com","article_publisher":"https:\/\/www.facebook.com\/nettalicom","article_published_time":"2023-03-23T06:55:45+00:00","article_modified_time":"2023-03-23T10:16:09+00:00","og_image":[{"width":900,"height":518,"url":"https:\/\/www.nettali.com\/wp-content\/uploads\/2023\/03\/71616703-49886383.jpg","type":"image\/jpeg"}],"twitter_card":"summary_large_image","twitter_misc":{"\u00c9crit par":"CK","Dur\u00e9e de lecture estim\u00e9e":"2 minutes"},"schema":{"@context":"https:\/\/schema.org","@graph":[{"@type":"WebSite","@id":"https:\/\/www.nettali.com\/#website","url":"https:\/\/www.nettali.com\/","name":"Nettali.com","description":"Le rendez-vous critique du Net","potentialAction":[{"@type":"SearchAction","target":{"@type":"EntryPoint","urlTemplate":"https:\/\/www.nettali.com\/?s={search_term_string}"},"query-input":"required name=search_term_string"}],"inLanguage":"fr-FR"},{"@type":"ImageObject","@id":"https:\/\/www.nettali.com\/2023\/03\/23\/en-coulisses-le-sames-determine-a-defendre-les-medecins-interpelles\/#primaryimage","inLanguage":"fr-FR","url":"https:\/\/www.nettali.com\/wp-content\/uploads\/2023\/03\/71616703-49886383.jpg","contentUrl":"https:\/\/www.nettali.com\/wp-content\/uploads\/2023\/03\/71616703-49886383.jpg","width":900,"height":518},{"@type":"WebPage","@id":"https:\/\/www.nettali.com\/2023\/03\/23\/en-coulisses-le-sames-determine-a-defendre-les-medecins-interpelles\/#webpage","url":"https:\/\/www.nettali.com\/2023\/03\/23\/en-coulisses-le-sames-determine-a-defendre-les-medecins-interpelles\/","name":"EN COULISSES - Le Sames d\u00e9termin\u00e9 \u00e0 d\u00e9fendre les m\u00e9decins interpell\u00e9s | Nettali.com","isPartOf":{"@id":"https:\/\/www.nettali.com\/#website"},"primaryImageOfPage":{"@id":"https:\/\/www.nettali.com\/2023\/03\/23\/en-coulisses-le-sames-determine-a-defendre-les-medecins-interpelles\/#primaryimage"},"datePublished":"2023-03-23T06:55:45+00:00","dateModified":"2023-03-23T10:16:09+00:00","author":{"@id":"https:\/\/www.nettali.com\/#\/schema\/person\/d8ac7b7e27ddad43f1c0d2ef090d7f71"},"breadcrumb":{"@id":"https:\/\/www.nettali.com\/2023\/03\/23\/en-coulisses-le-sames-determine-a-defendre-les-medecins-interpelles\/#breadcrumb"},"inLanguage":"fr-FR","potentialAction":[{"@type":"ReadAction","target":["https:\/\/www.nettali.com\/2023\/03\/23\/en-coulisses-le-sames-determine-a-defendre-les-medecins-interpelles\/"]}]},{"@type":"BreadcrumbList","@id":"https:\/\/www.nettali.com\/2023\/03\/23\/en-coulisses-le-sames-determine-a-defendre-les-medecins-interpelles\/#breadcrumb","itemListElement":[{"@type":"ListItem","position":1,"name":"Accueil","item":"https:\/\/www.nettali.com\/"},{"@type":"ListItem","position":2,"name":"EN COULISSES - Le Sames d\u00e9termin\u00e9 \u00e0 d\u00e9fendre les m\u00e9decins interpell\u00e9s"}]},{"@type":"Person","@id":"https:\/\/www.nettali.com\/#\/schema\/person\/d8ac7b7e27ddad43f1c0d2ef090d7f71","name":"CK","image":{"@type":"ImageObject","@id":"https:\/\/www.nettali.com\/#personlogo","inLanguage":"fr-FR","url":"https:\/\/secure.gravatar.com\/avatar\/1d8d5118b9327d94da7cd4ce7f17fec2?s=96&d=mm&r=g","contentUrl":"https:\/\/secure.gravatar.com\/avatar\/1d8d5118b9327d94da7cd4ce7f17fec2?s=96&d=mm&r=g","caption":"CK"},"sameAs":["https:\/\/www.nettali.com"]}]}},"_links":{"self":[{"href":"https:\/\/www.nettali.com\/rest\/wp\/v2\/posts\/106701"}],"collection":[{"href":"https:\/\/www.nettali.com\/rest\/wp\/v2\/posts"}],"about":[{"href":"https:\/\/www.nettali.com\/rest\/wp\/v2\/types\/post"}],"author":[{"embeddable":true,"href":"https:\/\/www.nettali.com\/rest\/wp\/v2\/users\/2"}],"replies":[{"embeddable":true,"href":"https:\/\/www.nettali.com\/rest\/wp\/v2\/comments?post=106701"}],"version-history":[{"count":3,"href":"https:\/\/www.nettali.com\/rest\/wp\/v2\/posts\/106701\/revisions"}],"predecessor-version":[{"id":106727,"href":"https:\/\/www.nettali.com\/rest\/wp\/v2\/posts\/106701\/revisions\/106727"}],"wp:featuredmedia":[{"embeddable":true,"href":"https:\/\/www.nettali.com\/rest\/wp\/v2\/media\/106706"}],"wp:attachment":[{"href":"https:\/\/www.nettali.com\/rest\/wp\/v2\/media?parent=106701"}],"wp:term":[{"taxonomy":"category","embeddable":true,"href":"https:\/\/www.nettali.com\/rest\/wp\/v2\/categories?post=106701"},{"taxonomy":"post_tag","embeddable":true,"href":"https:\/\/www.nettali.com\/rest\/wp\/v2\/tags?post=106701"}],"curies":[{"name":"wp","href":"https:\/\/api.w.org\/{rel}","templated":true}]}}