{"id":106652,"date":"2023-03-22T13:57:50","date_gmt":"2023-03-22T13:57:50","guid":{"rendered":"https:\/\/www.nettali.com\/?p=106652"},"modified":"2023-03-23T06:26:09","modified_gmt":"2023-03-23T06:26:09","slug":"surete-urbaine-el-malick-ndiaye-de-pastef-convoque","status":"publish","type":"post","link":"https:\/\/www.nettali.com\/2023\/03\/22\/surete-urbaine-el-malick-ndiaye-de-pastef-convoque\/","title":{"rendered":"EN COULISSES - El Malick Ndiaye de Pastef, convoqu\u00e9 \u00e0 la s\u00fbret\u00e9 urbaine"},"content":{"rendered":"<p><strong>NETTALI.COM\u00a0 -\u00a0<\/strong>Le Secr\u00e9taire national \u00e0 la communication de Pastef-Les Patriotes, El Malick Ndiaye est dans le collimateur des autorit\u00e9s. Ce proche d'Ousmane Sonko a re\u00e7u ce mercredi 21 mars, une convocation des enqu\u00eateurs de la S\u00fbret\u00e9 urbaine. El Malick Ndiaye en a, lui-m\u00eame, fait l'annonce sur sa page Facebook.<\/p>\n<p>\"<em>J'ai re\u00e7u, ce matin, une convocation de la S\u00fbret\u00e9 urbaine pour des motifs que j'ignore jusqu'ici. A 15 heures, j'irai r\u00e9pondre accompagn\u00e9 de mes avocats In Sha Allah<\/em>\", a-t-il post\u00e9 sur les r\u00e9seaux sociaux.<\/p>\n<p>El Malick Ndiaye fait ainsi son entr\u00e9e dans le groupe des responsables et militants de Pastef traqu\u00e9s par les autorit\u00e9s. Avant lui, Mouhamed Bilal Diatta, maire de Keur Massar Sud, a re\u00e7u une convocation de la gendarmerie. Sur la liste, on peut aussi ajouter Waly Diouf Bodian et Babacar Ndiaye arr\u00eat\u00e9s la semaine derni\u00e8re. Avant eux, des dizaines de sympathisants d'Ousmane Sonko sont entre les mains de la justice.<\/p>\n<div class='share-to-whatsapp-wrapper'><div class='share-on-whsp'>PARTAGER SUR : <\/div><a data-text='EN COULISSES - El Malick Ndiaye de Pastef, convoqu\u00e9 \u00e0 la s\u00fbret\u00e9 urbaine' data-link='https:\/\/www.nettali.com\/2023\/03\/22\/surete-urbaine-el-malick-ndiaye-de-pastef-convoque\/' class='whatsapp-button whatsapp-share'>WhatsApp<\/a><div class='clear '><\/div><\/div>","protected":false},"excerpt":{"rendered":"<p>NETTALI.COM\u00a0 -\u00a0Le Secr\u00e9taire national \u00e0 la communication de Pastef-Les Patriotes, El Malick Ndiaye est dans le collimateur des autorit\u00e9s. Ce proche d'Ousmane Sonko a re\u00e7u ce mercredi 21 mars, une convocation des enqu\u00eateurs de la S\u00fbret\u00e9 urbaine. El Malick Ndiaye en a, lui-m\u00eame, fait l'annonce sur sa page Facebook. \"J'ai re\u00e7u, ce matin, une convocation [&hellip;]<\/p>\n","protected":false},"author":4,"featured_media":106656,"comment_status":"open","ping_status":"open","sticky":false,"template":"","format":"standard","meta":{"_et_pb_use_builder":"","_et_pb_old_content":""},"categories":[34945],"tags":[],"yoast_head":"<!-- This site is optimized with the Yoast SEO Premium plugin v17.8 (Yoast SEO v17.8) - https:\/\/yoast.com\/wordpress\/plugins\/seo\/ -->\n<title>EN COULISSES - El Malick Ndiaye de Pastef, convoqu\u00e9 \u00e0 la s\u00fbret\u00e9 urbaine | Nettali.com<\/title>\n<meta name=\"robots\" content=\"index, follow, max-snippet:-1, max-image-preview:large, max-video-preview:-1\" \/>\n<link rel=\"canonical\" href=\"https:\/\/www.nettali.com\/2023\/03\/22\/surete-urbaine-el-malick-ndiaye-de-pastef-convoque\/\" \/>\n<meta property=\"og:locale\" content=\"fr_FR\" \/>\n<meta property=\"og:type\" content=\"article\" \/>\n<meta property=\"og:title\" content=\"EN COULISSES - El Malick Ndiaye de Pastef, convoqu\u00e9 \u00e0 la s\u00fbret\u00e9 urbaine\" \/>\n<meta property=\"og:description\" content=\"NETTALI.COM\u00a0 -\u00a0Le Secr\u00e9taire national \u00e0 la communication de Pastef-Les Patriotes, El Malick Ndiaye est dans le collimateur des autorit\u00e9s. Ce proche d&#039;Ousmane Sonko a re\u00e7u ce mercredi 21 mars, une convocation des enqu\u00eateurs de la S\u00fbret\u00e9 urbaine. El Malick Ndiaye en a, lui-m\u00eame, fait l&#039;annonce sur sa page Facebook. &quot;J&#039;ai re\u00e7u, ce matin, une convocation [&hellip;]\" \/>\n<meta property=\"og:url\" content=\"https:\/\/www.nettali.com\/2023\/03\/22\/surete-urbaine-el-malick-ndiaye-de-pastef-convoque\/\" \/>\n<meta property=\"og:site_name\" content=\"Nettali.com\" \/>\n<meta property=\"article:publisher\" content=\"https:\/\/www.facebook.com\/nettalicom\" \/>\n<meta property=\"article:published_time\" content=\"2023-03-22T13:57:50+00:00\" \/>\n<meta property=\"article:modified_time\" content=\"2023-03-23T06:26:09+00:00\" \/>\n<meta property=\"og:image\" content=\"https:\/\/www.nettali.com\/wp-content\/uploads\/2023\/03\/FB_IMG_1679493843281.jpg\" \/>\n\t<meta property=\"og:image:width\" content=\"1024\" \/>\n\t<meta property=\"og:image:height\" content=\"682\" \/>\n<meta name=\"twitter:card\" content=\"summary_large_image\" \/>\n<meta name=\"twitter:label1\" content=\"\u00c9crit par\" \/>\n\t<meta name=\"twitter:data1\" content=\"Daouda\" \/>\n\t<meta name=\"twitter:label2\" content=\"Dur\u00e9e de lecture estim\u00e9e\" \/>\n\t<meta name=\"twitter:data2\" content=\"1 minute\" \/>\n<script type=\"application\/ld+json\" class=\"yoast-schema-graph\">{\"@context\":\"https:\/\/schema.org\",\"@graph\":[{\"@type\":\"WebSite\",\"@id\":\"https:\/\/www.nettali.com\/#website\",\"url\":\"https:\/\/www.nettali.com\/\",\"name\":\"Nettali.com\",\"description\":\"Le rendez-vous critique du Net\",\"potentialAction\":[{\"@type\":\"SearchAction\",\"target\":{\"@type\":\"EntryPoint\",\"urlTemplate\":\"https:\/\/www.nettali.com\/?s={search_term_string}\"},\"query-input\":\"required name=search_term_string\"}],\"inLanguage\":\"fr-FR\"},{\"@type\":\"ImageObject\",\"@id\":\"https:\/\/www.nettali.com\/2023\/03\/22\/surete-urbaine-el-malick-ndiaye-de-pastef-convoque\/#primaryimage\",\"inLanguage\":\"fr-FR\",\"url\":\"https:\/\/www.nettali.com\/wp-content\/uploads\/2023\/03\/FB_IMG_1679493843281.jpg\",\"contentUrl\":\"https:\/\/www.nettali.com\/wp-content\/uploads\/2023\/03\/FB_IMG_1679493843281.jpg\",\"width\":1024,\"height\":682},{\"@type\":\"WebPage\",\"@id\":\"https:\/\/www.nettali.com\/2023\/03\/22\/surete-urbaine-el-malick-ndiaye-de-pastef-convoque\/#webpage\",\"url\":\"https:\/\/www.nettali.com\/2023\/03\/22\/surete-urbaine-el-malick-ndiaye-de-pastef-convoque\/\",\"name\":\"EN COULISSES - El Malick Ndiaye de Pastef, convoqu\\u00e9 \\u00e0 la s\\u00fbret\\u00e9 urbaine | Nettali.com\",\"isPartOf\":{\"@id\":\"https:\/\/www.nettali.com\/#website\"},\"primaryImageOfPage\":{\"@id\":\"https:\/\/www.nettali.com\/2023\/03\/22\/surete-urbaine-el-malick-ndiaye-de-pastef-convoque\/#primaryimage\"},\"datePublished\":\"2023-03-22T13:57:50+00:00\",\"dateModified\":\"2023-03-23T06:26:09+00:00\",\"author\":{\"@id\":\"https:\/\/www.nettali.com\/#\/schema\/person\/3317e0bb3aa1da309fbf7b2780901bf4\"},\"breadcrumb\":{\"@id\":\"https:\/\/www.nettali.com\/2023\/03\/22\/surete-urbaine-el-malick-ndiaye-de-pastef-convoque\/#breadcrumb\"},\"inLanguage\":\"fr-FR\",\"potentialAction\":[{\"@type\":\"ReadAction\",\"target\":[\"https:\/\/www.nettali.com\/2023\/03\/22\/surete-urbaine-el-malick-ndiaye-de-pastef-convoque\/\"]}]},{\"@type\":\"BreadcrumbList\",\"@id\":\"https:\/\/www.nettali.com\/2023\/03\/22\/surete-urbaine-el-malick-ndiaye-de-pastef-convoque\/#breadcrumb\",\"itemListElement\":[{\"@type\":\"ListItem\",\"position\":1,\"name\":\"Accueil\",\"item\":\"https:\/\/www.nettali.com\/\"},{\"@type\":\"ListItem\",\"position\":2,\"name\":\"EN COULISSES - El Malick Ndiaye de Pastef, convoqu\\u00e9 \\u00e0 la s\\u00fbret\\u00e9 urbaine\"}]},{\"@type\":\"Person\",\"@id\":\"https:\/\/www.nettali.com\/#\/schema\/person\/3317e0bb3aa1da309fbf7b2780901bf4\",\"name\":\"Daouda\",\"image\":{\"@type\":\"ImageObject\",\"@id\":\"https:\/\/www.nettali.com\/#personlogo\",\"inLanguage\":\"fr-FR\",\"url\":\"https:\/\/secure.gravatar.com\/avatar\/8d143b5a49345098ddcfee1c49c2f47c?s=96&d=mm&r=g\",\"contentUrl\":\"https:\/\/secure.gravatar.com\/avatar\/8d143b5a49345098ddcfee1c49c2f47c?s=96&d=mm&r=g\",\"caption\":\"Daouda\"},\"sameAs\":[\"https:\/\/www.nettali.com\"]}]}<\/script>\n<!-- \/ Yoast SEO Premium plugin. -->","yoast_head_json":{"title":"EN COULISSES - El Malick Ndiaye de Pastef, convoqu\u00e9 \u00e0 la s\u00fbret\u00e9 urbaine | Nettali.com","robots":{"index":"index","follow":"follow","max-snippet":"max-snippet:-1","max-image-preview":"max-image-preview:large","max-video-preview":"max-video-preview:-1"},"canonical":"https:\/\/www.nettali.com\/2023\/03\/22\/surete-urbaine-el-malick-ndiaye-de-pastef-convoque\/","og_locale":"fr_FR","og_type":"article","og_title":"EN COULISSES - El Malick Ndiaye de Pastef, convoqu\u00e9 \u00e0 la s\u00fbret\u00e9 urbaine","og_description":"NETTALI.COM\u00a0 -\u00a0Le Secr\u00e9taire national \u00e0 la communication de Pastef-Les Patriotes, El Malick Ndiaye est dans le collimateur des autorit\u00e9s. Ce proche d'Ousmane Sonko a re\u00e7u ce mercredi 21 mars, une convocation des enqu\u00eateurs de la S\u00fbret\u00e9 urbaine. El Malick Ndiaye en a, lui-m\u00eame, fait l'annonce sur sa page Facebook. \"J'ai re\u00e7u, ce matin, une convocation [&hellip;]","og_url":"https:\/\/www.nettali.com\/2023\/03\/22\/surete-urbaine-el-malick-ndiaye-de-pastef-convoque\/","og_site_name":"Nettali.com","article_publisher":"https:\/\/www.facebook.com\/nettalicom","article_published_time":"2023-03-22T13:57:50+00:00","article_modified_time":"2023-03-23T06:26:09+00:00","og_image":[{"width":1024,"height":682,"url":"https:\/\/www.nettali.com\/wp-content\/uploads\/2023\/03\/FB_IMG_1679493843281.jpg","type":"image\/jpeg"}],"twitter_card":"summary_large_image","twitter_misc":{"\u00c9crit par":"Daouda","Dur\u00e9e de lecture estim\u00e9e":"1 minute"},"schema":{"@context":"https:\/\/schema.org","@graph":[{"@type":"WebSite","@id":"https:\/\/www.nettali.com\/#website","url":"https:\/\/www.nettali.com\/","name":"Nettali.com","description":"Le rendez-vous critique du Net","potentialAction":[{"@type":"SearchAction","target":{"@type":"EntryPoint","urlTemplate":"https:\/\/www.nettali.com\/?s={search_term_string}"},"query-input":"required name=search_term_string"}],"inLanguage":"fr-FR"},{"@type":"ImageObject","@id":"https:\/\/www.nettali.com\/2023\/03\/22\/surete-urbaine-el-malick-ndiaye-de-pastef-convoque\/#primaryimage","inLanguage":"fr-FR","url":"https:\/\/www.nettali.com\/wp-content\/uploads\/2023\/03\/FB_IMG_1679493843281.jpg","contentUrl":"https:\/\/www.nettali.com\/wp-content\/uploads\/2023\/03\/FB_IMG_1679493843281.jpg","width":1024,"height":682},{"@type":"WebPage","@id":"https:\/\/www.nettali.com\/2023\/03\/22\/surete-urbaine-el-malick-ndiaye-de-pastef-convoque\/#webpage","url":"https:\/\/www.nettali.com\/2023\/03\/22\/surete-urbaine-el-malick-ndiaye-de-pastef-convoque\/","name":"EN COULISSES - El Malick Ndiaye de Pastef, convoqu\u00e9 \u00e0 la s\u00fbret\u00e9 urbaine | Nettali.com","isPartOf":{"@id":"https:\/\/www.nettali.com\/#website"},"primaryImageOfPage":{"@id":"https:\/\/www.nettali.com\/2023\/03\/22\/surete-urbaine-el-malick-ndiaye-de-pastef-convoque\/#primaryimage"},"datePublished":"2023-03-22T13:57:50+00:00","dateModified":"2023-03-23T06:26:09+00:00","author":{"@id":"https:\/\/www.nettali.com\/#\/schema\/person\/3317e0bb3aa1da309fbf7b2780901bf4"},"breadcrumb":{"@id":"https:\/\/www.nettali.com\/2023\/03\/22\/surete-urbaine-el-malick-ndiaye-de-pastef-convoque\/#breadcrumb"},"inLanguage":"fr-FR","potentialAction":[{"@type":"ReadAction","target":["https:\/\/www.nettali.com\/2023\/03\/22\/surete-urbaine-el-malick-ndiaye-de-pastef-convoque\/"]}]},{"@type":"BreadcrumbList","@id":"https:\/\/www.nettali.com\/2023\/03\/22\/surete-urbaine-el-malick-ndiaye-de-pastef-convoque\/#breadcrumb","itemListElement":[{"@type":"ListItem","position":1,"name":"Accueil","item":"https:\/\/www.nettali.com\/"},{"@type":"ListItem","position":2,"name":"EN COULISSES - El Malick Ndiaye de Pastef, convoqu\u00e9 \u00e0 la s\u00fbret\u00e9 urbaine"}]},{"@type":"Person","@id":"https:\/\/www.nettali.com\/#\/schema\/person\/3317e0bb3aa1da309fbf7b2780901bf4","name":"Daouda","image":{"@type":"ImageObject","@id":"https:\/\/www.nettali.com\/#personlogo","inLanguage":"fr-FR","url":"https:\/\/secure.gravatar.com\/avatar\/8d143b5a49345098ddcfee1c49c2f47c?s=96&d=mm&r=g","contentUrl":"https:\/\/secure.gravatar.com\/avatar\/8d143b5a49345098ddcfee1c49c2f47c?s=96&d=mm&r=g","caption":"Daouda"},"sameAs":["https:\/\/www.nettali.com"]}]}},"_links":{"self":[{"href":"https:\/\/www.nettali.com\/rest\/wp\/v2\/posts\/106652"}],"collection":[{"href":"https:\/\/www.nettali.com\/rest\/wp\/v2\/posts"}],"about":[{"href":"https:\/\/www.nettali.com\/rest\/wp\/v2\/types\/post"}],"author":[{"embeddable":true,"href":"https:\/\/www.nettali.com\/rest\/wp\/v2\/users\/4"}],"replies":[{"embeddable":true,"href":"https:\/\/www.nettali.com\/rest\/wp\/v2\/comments?post=106652"}],"version-history":[{"count":6,"href":"https:\/\/www.nettali.com\/rest\/wp\/v2\/posts\/106652\/revisions"}],"predecessor-version":[{"id":106697,"href":"https:\/\/www.nettali.com\/rest\/wp\/v2\/posts\/106652\/revisions\/106697"}],"wp:featuredmedia":[{"embeddable":true,"href":"https:\/\/www.nettali.com\/rest\/wp\/v2\/media\/106656"}],"wp:attachment":[{"href":"https:\/\/www.nettali.com\/rest\/wp\/v2\/media?parent=106652"}],"wp:term":[{"taxonomy":"category","embeddable":true,"href":"https:\/\/www.nettali.com\/rest\/wp\/v2\/categories?post=106652"},{"taxonomy":"post_tag","embeddable":true,"href":"https:\/\/www.nettali.com\/rest\/wp\/v2\/tags?post=106652"}],"curies":[{"name":"wp","href":"https:\/\/api.w.org\/{rel}","templated":true}]}}