{"id":106640,"date":"2023-03-22T10:07:58","date_gmt":"2023-03-22T10:07:58","guid":{"rendered":"https:\/\/www.nettali.com\/?p=106640"},"modified":"2023-03-22T10:07:58","modified_gmt":"2023-03-22T10:07:58","slug":"mort-de-gora-diop-un-presume-nervis-arrete-par-la-police","status":"publish","type":"post","link":"https:\/\/www.nettali.com\/2023\/03\/22\/mort-de-gora-diop-un-presume-nervis-arrete-par-la-police\/","title":{"rendered":"MORT DE GORA DIOP - Un pr\u00e9sum\u00e9 nervis arr\u00eat\u00e9 par la police"},"content":{"rendered":"<p><strong>NETTALI.COM - La police a fait tomber un individu d\u00e9crit comme un nervis et impliqu\u00e9 dans l'affaire Gora Diop, du nom de ce jeune qui a \u00e9t\u00e9 heurt\u00e9 mortellement aux Parcelles Assainies lors des manifestations du 16 mars dernier par un v\u00e9hicule pick-up rempli de gros bras.<\/strong><\/p>\n<p>Suite \u00e0 des investigations et \u00e0 l'exploitation des images, les \u00e9l\u00e9ments du commissariat des Parcelles-Assainies ont mis la main sur Cheikh Ibrahima Diaw. Ce dernier a \u00e9t\u00e9 accabl\u00e9 par les \u00e9l\u00e9ments de l'enqu\u00eate diligent\u00e9e par ces limiers rompus \u00e0 la t\u00e2che, renseigne le journal Le T\u00e9moin.<\/p>\n<p>Ainsi l'individu susnomm\u00e9 a \u00e9t\u00e9 plac\u00e9 en garde \u00e0 vue dans les locaux de la police des Parcelles-Assainies pour pour homicide involontaire, participation \u00e0 une manifestation non autoris\u00e9e et mise en danger de la vie d\u2019autrui.<br \/>\nApr\u00e8s la cl\u00f4ture du dossier, Cheikh Ibrahima Diaw a \u00e9t\u00e9 pr\u00e9sent\u00e9 au procureur de la R\u00e9publique depuis lundi 20 mars 2023.<\/p>\n<div class='share-to-whatsapp-wrapper'><div class='share-on-whsp'>PARTAGER SUR : <\/div><a data-text='MORT DE GORA DIOP - Un pr\u00e9sum\u00e9 nervis arr\u00eat\u00e9 par la police' data-link='https:\/\/www.nettali.com\/2023\/03\/22\/mort-de-gora-diop-un-presume-nervis-arrete-par-la-police\/' class='whatsapp-button whatsapp-share'>WhatsApp<\/a><div class='clear '><\/div><\/div>","protected":false},"excerpt":{"rendered":"<p>NETTALI.COM - La police a fait tomber un individu d\u00e9crit comme un nervis et impliqu\u00e9 dans l'affaire Gora Diop, du nom de ce jeune qui a \u00e9t\u00e9 heurt\u00e9 mortellement aux Parcelles Assainies lors des manifestations du 16 mars dernier par un v\u00e9hicule pick-up rempli de gros bras. Suite \u00e0 des investigations et \u00e0 l'exploitation des [&hellip;]<\/p>\n","protected":false},"author":5,"featured_media":106641,"comment_status":"open","ping_status":"open","sticky":false,"template":"","format":"standard","meta":{"_et_pb_use_builder":"","_et_pb_old_content":""},"categories":[3],"tags":[],"yoast_head":"<!-- This site is optimized with the Yoast SEO Premium plugin v17.8 (Yoast SEO v17.8) - https:\/\/yoast.com\/wordpress\/plugins\/seo\/ -->\n<title>MORT DE GORA DIOP - Un pr\u00e9sum\u00e9 nervis arr\u00eat\u00e9 par la police | Nettali.com<\/title>\n<meta name=\"robots\" content=\"index, follow, max-snippet:-1, max-image-preview:large, max-video-preview:-1\" \/>\n<link rel=\"canonical\" href=\"https:\/\/www.nettali.com\/2023\/03\/22\/mort-de-gora-diop-un-presume-nervis-arrete-par-la-police\/\" \/>\n<meta property=\"og:locale\" content=\"fr_FR\" \/>\n<meta property=\"og:type\" content=\"article\" \/>\n<meta property=\"og:title\" content=\"MORT DE GORA DIOP - Un pr\u00e9sum\u00e9 nervis arr\u00eat\u00e9 par la police\" \/>\n<meta property=\"og:description\" content=\"NETTALI.COM - La police a fait tomber un individu d\u00e9crit comme un nervis et impliqu\u00e9 dans l&#039;affaire Gora Diop, du nom de ce jeune qui a \u00e9t\u00e9 heurt\u00e9 mortellement aux Parcelles Assainies lors des manifestations du 16 mars dernier par un v\u00e9hicule pick-up rempli de gros bras. Suite \u00e0 des investigations et \u00e0 l&#039;exploitation des [&hellip;]\" \/>\n<meta property=\"og:url\" content=\"https:\/\/www.nettali.com\/2023\/03\/22\/mort-de-gora-diop-un-presume-nervis-arrete-par-la-police\/\" \/>\n<meta property=\"og:site_name\" content=\"Nettali.com\" \/>\n<meta property=\"article:publisher\" content=\"https:\/\/www.facebook.com\/nettalicom\" \/>\n<meta property=\"article:published_time\" content=\"2023-03-22T10:07:58+00:00\" \/>\n<meta property=\"og:image\" content=\"https:\/\/www.nettali.com\/wp-content\/uploads\/2023\/03\/71604192-49875544.jpg\" \/>\n\t<meta property=\"og:image:width\" content=\"614\" \/>\n\t<meta property=\"og:image:height\" content=\"407\" \/>\n<meta name=\"twitter:card\" content=\"summary_large_image\" \/>\n<meta name=\"twitter:label1\" content=\"\u00c9crit par\" \/>\n\t<meta name=\"twitter:data1\" content=\"Ibrahima\" \/>\n\t<meta name=\"twitter:label2\" content=\"Dur\u00e9e de lecture estim\u00e9e\" \/>\n\t<meta name=\"twitter:data2\" content=\"1 minute\" \/>\n<script type=\"application\/ld+json\" class=\"yoast-schema-graph\">{\"@context\":\"https:\/\/schema.org\",\"@graph\":[{\"@type\":\"WebSite\",\"@id\":\"https:\/\/www.nettali.com\/#website\",\"url\":\"https:\/\/www.nettali.com\/\",\"name\":\"Nettali.com\",\"description\":\"Le rendez-vous critique du Net\",\"potentialAction\":[{\"@type\":\"SearchAction\",\"target\":{\"@type\":\"EntryPoint\",\"urlTemplate\":\"https:\/\/www.nettali.com\/?s={search_term_string}\"},\"query-input\":\"required name=search_term_string\"}],\"inLanguage\":\"fr-FR\"},{\"@type\":\"ImageObject\",\"@id\":\"https:\/\/www.nettali.com\/2023\/03\/22\/mort-de-gora-diop-un-presume-nervis-arrete-par-la-police\/#primaryimage\",\"inLanguage\":\"fr-FR\",\"url\":\"https:\/\/www.nettali.com\/wp-content\/uploads\/2023\/03\/71604192-49875544.jpg\",\"contentUrl\":\"https:\/\/www.nettali.com\/wp-content\/uploads\/2023\/03\/71604192-49875544.jpg\",\"width\":614,\"height\":407},{\"@type\":\"WebPage\",\"@id\":\"https:\/\/www.nettali.com\/2023\/03\/22\/mort-de-gora-diop-un-presume-nervis-arrete-par-la-police\/#webpage\",\"url\":\"https:\/\/www.nettali.com\/2023\/03\/22\/mort-de-gora-diop-un-presume-nervis-arrete-par-la-police\/\",\"name\":\"MORT DE GORA DIOP - Un pr\\u00e9sum\\u00e9 nervis arr\\u00eat\\u00e9 par la police | Nettali.com\",\"isPartOf\":{\"@id\":\"https:\/\/www.nettali.com\/#website\"},\"primaryImageOfPage\":{\"@id\":\"https:\/\/www.nettali.com\/2023\/03\/22\/mort-de-gora-diop-un-presume-nervis-arrete-par-la-police\/#primaryimage\"},\"datePublished\":\"2023-03-22T10:07:58+00:00\",\"dateModified\":\"2023-03-22T10:07:58+00:00\",\"author\":{\"@id\":\"https:\/\/www.nettali.com\/#\/schema\/person\/bb147657c2986240405a608162b9bb23\"},\"breadcrumb\":{\"@id\":\"https:\/\/www.nettali.com\/2023\/03\/22\/mort-de-gora-diop-un-presume-nervis-arrete-par-la-police\/#breadcrumb\"},\"inLanguage\":\"fr-FR\",\"potentialAction\":[{\"@type\":\"ReadAction\",\"target\":[\"https:\/\/www.nettali.com\/2023\/03\/22\/mort-de-gora-diop-un-presume-nervis-arrete-par-la-police\/\"]}]},{\"@type\":\"BreadcrumbList\",\"@id\":\"https:\/\/www.nettali.com\/2023\/03\/22\/mort-de-gora-diop-un-presume-nervis-arrete-par-la-police\/#breadcrumb\",\"itemListElement\":[{\"@type\":\"ListItem\",\"position\":1,\"name\":\"Accueil\",\"item\":\"https:\/\/www.nettali.com\/\"},{\"@type\":\"ListItem\",\"position\":2,\"name\":\"MORT DE GORA DIOP - Un pr\\u00e9sum\\u00e9 nervis arr\\u00eat\\u00e9 par la police\"}]},{\"@type\":\"Person\",\"@id\":\"https:\/\/www.nettali.com\/#\/schema\/person\/bb147657c2986240405a608162b9bb23\",\"name\":\"Ibrahima\",\"image\":{\"@type\":\"ImageObject\",\"@id\":\"https:\/\/www.nettali.com\/#personlogo\",\"inLanguage\":\"fr-FR\",\"url\":\"https:\/\/secure.gravatar.com\/avatar\/26a8a81f09f0dd7624c9d5c36c9ba3a2?s=96&d=mm&r=g\",\"contentUrl\":\"https:\/\/secure.gravatar.com\/avatar\/26a8a81f09f0dd7624c9d5c36c9ba3a2?s=96&d=mm&r=g\",\"caption\":\"Ibrahima\"},\"sameAs\":[\"https:\/\/www.nettali.com\"]}]}<\/script>\n<!-- \/ Yoast SEO Premium plugin. -->","yoast_head_json":{"title":"MORT DE GORA DIOP - Un pr\u00e9sum\u00e9 nervis arr\u00eat\u00e9 par la police | Nettali.com","robots":{"index":"index","follow":"follow","max-snippet":"max-snippet:-1","max-image-preview":"max-image-preview:large","max-video-preview":"max-video-preview:-1"},"canonical":"https:\/\/www.nettali.com\/2023\/03\/22\/mort-de-gora-diop-un-presume-nervis-arrete-par-la-police\/","og_locale":"fr_FR","og_type":"article","og_title":"MORT DE GORA DIOP - Un pr\u00e9sum\u00e9 nervis arr\u00eat\u00e9 par la police","og_description":"NETTALI.COM - La police a fait tomber un individu d\u00e9crit comme un nervis et impliqu\u00e9 dans l'affaire Gora Diop, du nom de ce jeune qui a \u00e9t\u00e9 heurt\u00e9 mortellement aux Parcelles Assainies lors des manifestations du 16 mars dernier par un v\u00e9hicule pick-up rempli de gros bras. Suite \u00e0 des investigations et \u00e0 l'exploitation des [&hellip;]","og_url":"https:\/\/www.nettali.com\/2023\/03\/22\/mort-de-gora-diop-un-presume-nervis-arrete-par-la-police\/","og_site_name":"Nettali.com","article_publisher":"https:\/\/www.facebook.com\/nettalicom","article_published_time":"2023-03-22T10:07:58+00:00","og_image":[{"width":614,"height":407,"url":"https:\/\/www.nettali.com\/wp-content\/uploads\/2023\/03\/71604192-49875544.jpg","type":"image\/jpeg"}],"twitter_card":"summary_large_image","twitter_misc":{"\u00c9crit par":"Ibrahima","Dur\u00e9e de lecture estim\u00e9e":"1 minute"},"schema":{"@context":"https:\/\/schema.org","@graph":[{"@type":"WebSite","@id":"https:\/\/www.nettali.com\/#website","url":"https:\/\/www.nettali.com\/","name":"Nettali.com","description":"Le rendez-vous critique du Net","potentialAction":[{"@type":"SearchAction","target":{"@type":"EntryPoint","urlTemplate":"https:\/\/www.nettali.com\/?s={search_term_string}"},"query-input":"required name=search_term_string"}],"inLanguage":"fr-FR"},{"@type":"ImageObject","@id":"https:\/\/www.nettali.com\/2023\/03\/22\/mort-de-gora-diop-un-presume-nervis-arrete-par-la-police\/#primaryimage","inLanguage":"fr-FR","url":"https:\/\/www.nettali.com\/wp-content\/uploads\/2023\/03\/71604192-49875544.jpg","contentUrl":"https:\/\/www.nettali.com\/wp-content\/uploads\/2023\/03\/71604192-49875544.jpg","width":614,"height":407},{"@type":"WebPage","@id":"https:\/\/www.nettali.com\/2023\/03\/22\/mort-de-gora-diop-un-presume-nervis-arrete-par-la-police\/#webpage","url":"https:\/\/www.nettali.com\/2023\/03\/22\/mort-de-gora-diop-un-presume-nervis-arrete-par-la-police\/","name":"MORT DE GORA DIOP - Un pr\u00e9sum\u00e9 nervis arr\u00eat\u00e9 par la police | Nettali.com","isPartOf":{"@id":"https:\/\/www.nettali.com\/#website"},"primaryImageOfPage":{"@id":"https:\/\/www.nettali.com\/2023\/03\/22\/mort-de-gora-diop-un-presume-nervis-arrete-par-la-police\/#primaryimage"},"datePublished":"2023-03-22T10:07:58+00:00","dateModified":"2023-03-22T10:07:58+00:00","author":{"@id":"https:\/\/www.nettali.com\/#\/schema\/person\/bb147657c2986240405a608162b9bb23"},"breadcrumb":{"@id":"https:\/\/www.nettali.com\/2023\/03\/22\/mort-de-gora-diop-un-presume-nervis-arrete-par-la-police\/#breadcrumb"},"inLanguage":"fr-FR","potentialAction":[{"@type":"ReadAction","target":["https:\/\/www.nettali.com\/2023\/03\/22\/mort-de-gora-diop-un-presume-nervis-arrete-par-la-police\/"]}]},{"@type":"BreadcrumbList","@id":"https:\/\/www.nettali.com\/2023\/03\/22\/mort-de-gora-diop-un-presume-nervis-arrete-par-la-police\/#breadcrumb","itemListElement":[{"@type":"ListItem","position":1,"name":"Accueil","item":"https:\/\/www.nettali.com\/"},{"@type":"ListItem","position":2,"name":"MORT DE GORA DIOP - Un pr\u00e9sum\u00e9 nervis arr\u00eat\u00e9 par la police"}]},{"@type":"Person","@id":"https:\/\/www.nettali.com\/#\/schema\/person\/bb147657c2986240405a608162b9bb23","name":"Ibrahima","image":{"@type":"ImageObject","@id":"https:\/\/www.nettali.com\/#personlogo","inLanguage":"fr-FR","url":"https:\/\/secure.gravatar.com\/avatar\/26a8a81f09f0dd7624c9d5c36c9ba3a2?s=96&d=mm&r=g","contentUrl":"https:\/\/secure.gravatar.com\/avatar\/26a8a81f09f0dd7624c9d5c36c9ba3a2?s=96&d=mm&r=g","caption":"Ibrahima"},"sameAs":["https:\/\/www.nettali.com"]}]}},"_links":{"self":[{"href":"https:\/\/www.nettali.com\/rest\/wp\/v2\/posts\/106640"}],"collection":[{"href":"https:\/\/www.nettali.com\/rest\/wp\/v2\/posts"}],"about":[{"href":"https:\/\/www.nettali.com\/rest\/wp\/v2\/types\/post"}],"author":[{"embeddable":true,"href":"https:\/\/www.nettali.com\/rest\/wp\/v2\/users\/5"}],"replies":[{"embeddable":true,"href":"https:\/\/www.nettali.com\/rest\/wp\/v2\/comments?post=106640"}],"version-history":[{"count":1,"href":"https:\/\/www.nettali.com\/rest\/wp\/v2\/posts\/106640\/revisions"}],"predecessor-version":[{"id":106642,"href":"https:\/\/www.nettali.com\/rest\/wp\/v2\/posts\/106640\/revisions\/106642"}],"wp:featuredmedia":[{"embeddable":true,"href":"https:\/\/www.nettali.com\/rest\/wp\/v2\/media\/106641"}],"wp:attachment":[{"href":"https:\/\/www.nettali.com\/rest\/wp\/v2\/media?parent=106640"}],"wp:term":[{"taxonomy":"category","embeddable":true,"href":"https:\/\/www.nettali.com\/rest\/wp\/v2\/categories?post=106640"},{"taxonomy":"post_tag","embeddable":true,"href":"https:\/\/www.nettali.com\/rest\/wp\/v2\/tags?post=106640"}],"curies":[{"name":"wp","href":"https:\/\/api.w.org\/{rel}","templated":true}]}}