{"id":106619,"date":"2023-03-22T09:57:42","date_gmt":"2023-03-22T09:57:42","guid":{"rendered":"https:\/\/www.nettali.com\/?p=106619"},"modified":"2023-03-22T09:57:42","modified_gmt":"2023-03-22T09:57:42","slug":"en-coulisses-les-deux-deputes-francais-et-leurs-griefs","status":"publish","type":"post","link":"https:\/\/www.nettali.com\/2023\/03\/22\/en-coulisses-les-deux-deputes-francais-et-leurs-griefs\/","title":{"rendered":"EN COULISSES - Les deux d\u00e9put\u00e9s fran\u00e7ais et leurs griefs !"},"content":{"rendered":"<p><strong>NETTALI.COM - \u00a0<\/strong>Pour rester sur la lettre des deux d\u00e9put\u00e9s ayant saisi la chef de la diplomatie fran\u00e7aise, notons qu'ils ont relev\u00e9 les inqui\u00e9tudes li\u00e9es \u00e0 un \u00e9ventuel troisi\u00e8me mandat du pr\u00e9sident sortant. Les parlementaires ont ainsi invit\u00e9 l\u2019\u00c9lys\u00e9e \u00e0 \u00eatre \"<em>attentive au respect de l'opposition<\/em>\" et \u00e0 oeuvrer \"<em>dans un cadre multilat\u00e9ral incluant les instances africaines<\/em>\", \u00e0 garantir des \u00e9lections cr\u00e9dibles, \"<em>c'est-\u00e0-dire sans la pr\u00e9sence de l'actuel pr\u00e9sident<\/em>\".<\/p>\n<p>Sur un autre sujet, Marine Le Pen, les d\u00e9put\u00e9s fran\u00e7ais ont aussi interpell\u00e9 leur ministre de l\u2019Europe et des Affaires \u00e9trang\u00e8res et estim\u00e9 que \"<em>Paris doit imp\u00e9rativement v\u00e9rifier que le pr\u00e9sident Macky Sall ne s'ing\u00e8re pas dans la politique fran\u00e7aise en finan\u00e7ant un parti politique fran\u00e7ais<\/em>\".<\/p>\n<p>De m\u00eame Andr\u00e9 Chassaigne et Jean-Paul Lecoq demandent aux autorit\u00e9s fran\u00e7aises, en toute diplomatie, d\u2019inviter leurs homologues s\u00e9n\u00e9galais \u00e0 remplir<br \/>\nleurs obligations \"<em>du point de vue du droit international<\/em>\" et au \"<em>pacte international relatif aux droits civils et politiques ratifi\u00e9 par le S\u00e9n\u00e9gal<\/em>\".<\/p>\n<div class='share-to-whatsapp-wrapper'><div class='share-on-whsp'>PARTAGER SUR : <\/div><a data-text='EN COULISSES - Les deux d\u00e9put\u00e9s fran\u00e7ais et leurs griefs !' data-link='https:\/\/www.nettali.com\/2023\/03\/22\/en-coulisses-les-deux-deputes-francais-et-leurs-griefs\/' class='whatsapp-button whatsapp-share'>WhatsApp<\/a><div class='clear '><\/div><\/div>","protected":false},"excerpt":{"rendered":"<p>NETTALI.COM - \u00a0Pour rester sur la lettre des deux d\u00e9put\u00e9s ayant saisi la chef de la diplomatie fran\u00e7aise, notons qu'ils ont relev\u00e9 les inqui\u00e9tudes li\u00e9es \u00e0 un \u00e9ventuel troisi\u00e8me mandat du pr\u00e9sident sortant. Les parlementaires ont ainsi invit\u00e9 l\u2019\u00c9lys\u00e9e \u00e0 \u00eatre \"attentive au respect de l'opposition\" et \u00e0 oeuvrer \"dans un cadre multilat\u00e9ral incluant les [&hellip;]<\/p>\n","protected":false},"author":2,"featured_media":106637,"comment_status":"open","ping_status":"open","sticky":false,"template":"","format":"standard","meta":{"_et_pb_use_builder":"","_et_pb_old_content":""},"categories":[34945],"tags":[],"yoast_head":"<!-- This site is optimized with the Yoast SEO Premium plugin v17.8 (Yoast SEO v17.8) - https:\/\/yoast.com\/wordpress\/plugins\/seo\/ -->\n<title>EN COULISSES - Les deux d\u00e9put\u00e9s fran\u00e7ais et leurs griefs ! | Nettali.com<\/title>\n<meta name=\"robots\" content=\"index, follow, max-snippet:-1, max-image-preview:large, max-video-preview:-1\" \/>\n<link rel=\"canonical\" href=\"https:\/\/www.nettali.com\/2023\/03\/22\/en-coulisses-les-deux-deputes-francais-et-leurs-griefs\/\" \/>\n<meta property=\"og:locale\" content=\"fr_FR\" \/>\n<meta property=\"og:type\" content=\"article\" \/>\n<meta property=\"og:title\" content=\"EN COULISSES - Les deux d\u00e9put\u00e9s fran\u00e7ais et leurs griefs !\" \/>\n<meta property=\"og:description\" content=\"NETTALI.COM - \u00a0Pour rester sur la lettre des deux d\u00e9put\u00e9s ayant saisi la chef de la diplomatie fran\u00e7aise, notons qu&#039;ils ont relev\u00e9 les inqui\u00e9tudes li\u00e9es \u00e0 un \u00e9ventuel troisi\u00e8me mandat du pr\u00e9sident sortant. Les parlementaires ont ainsi invit\u00e9 l\u2019\u00c9lys\u00e9e \u00e0 \u00eatre &quot;attentive au respect de l&#039;opposition&quot; et \u00e0 oeuvrer &quot;dans un cadre multilat\u00e9ral incluant les [&hellip;]\" \/>\n<meta property=\"og:url\" content=\"https:\/\/www.nettali.com\/2023\/03\/22\/en-coulisses-les-deux-deputes-francais-et-leurs-griefs\/\" \/>\n<meta property=\"og:site_name\" content=\"Nettali.com\" \/>\n<meta property=\"article:publisher\" content=\"https:\/\/www.facebook.com\/nettalicom\" \/>\n<meta property=\"article:published_time\" content=\"2023-03-22T09:57:42+00:00\" \/>\n<meta property=\"og:image\" content=\"https:\/\/www.nettali.com\/wp-content\/uploads\/2023\/03\/telechargement-1.jpg\" \/>\n\t<meta property=\"og:image:width\" content=\"278\" \/>\n\t<meta property=\"og:image:height\" content=\"181\" \/>\n<meta name=\"twitter:card\" content=\"summary_large_image\" \/>\n<meta name=\"twitter:label1\" content=\"\u00c9crit par\" \/>\n\t<meta name=\"twitter:data1\" content=\"CK\" \/>\n\t<meta name=\"twitter:label2\" content=\"Dur\u00e9e de lecture estim\u00e9e\" \/>\n\t<meta name=\"twitter:data2\" content=\"1 minute\" \/>\n<script type=\"application\/ld+json\" class=\"yoast-schema-graph\">{\"@context\":\"https:\/\/schema.org\",\"@graph\":[{\"@type\":\"WebSite\",\"@id\":\"https:\/\/www.nettali.com\/#website\",\"url\":\"https:\/\/www.nettali.com\/\",\"name\":\"Nettali.com\",\"description\":\"Le rendez-vous critique du Net\",\"potentialAction\":[{\"@type\":\"SearchAction\",\"target\":{\"@type\":\"EntryPoint\",\"urlTemplate\":\"https:\/\/www.nettali.com\/?s={search_term_string}\"},\"query-input\":\"required name=search_term_string\"}],\"inLanguage\":\"fr-FR\"},{\"@type\":\"ImageObject\",\"@id\":\"https:\/\/www.nettali.com\/2023\/03\/22\/en-coulisses-les-deux-deputes-francais-et-leurs-griefs\/#primaryimage\",\"inLanguage\":\"fr-FR\",\"url\":\"https:\/\/www.nettali.com\/wp-content\/uploads\/2023\/03\/telechargement-1.jpg\",\"contentUrl\":\"https:\/\/www.nettali.com\/wp-content\/uploads\/2023\/03\/telechargement-1.jpg\",\"width\":278,\"height\":181},{\"@type\":\"WebPage\",\"@id\":\"https:\/\/www.nettali.com\/2023\/03\/22\/en-coulisses-les-deux-deputes-francais-et-leurs-griefs\/#webpage\",\"url\":\"https:\/\/www.nettali.com\/2023\/03\/22\/en-coulisses-les-deux-deputes-francais-et-leurs-griefs\/\",\"name\":\"EN COULISSES - Les deux d\\u00e9put\\u00e9s fran\\u00e7ais et leurs griefs ! | Nettali.com\",\"isPartOf\":{\"@id\":\"https:\/\/www.nettali.com\/#website\"},\"primaryImageOfPage\":{\"@id\":\"https:\/\/www.nettali.com\/2023\/03\/22\/en-coulisses-les-deux-deputes-francais-et-leurs-griefs\/#primaryimage\"},\"datePublished\":\"2023-03-22T09:57:42+00:00\",\"dateModified\":\"2023-03-22T09:57:42+00:00\",\"author\":{\"@id\":\"https:\/\/www.nettali.com\/#\/schema\/person\/d8ac7b7e27ddad43f1c0d2ef090d7f71\"},\"breadcrumb\":{\"@id\":\"https:\/\/www.nettali.com\/2023\/03\/22\/en-coulisses-les-deux-deputes-francais-et-leurs-griefs\/#breadcrumb\"},\"inLanguage\":\"fr-FR\",\"potentialAction\":[{\"@type\":\"ReadAction\",\"target\":[\"https:\/\/www.nettali.com\/2023\/03\/22\/en-coulisses-les-deux-deputes-francais-et-leurs-griefs\/\"]}]},{\"@type\":\"BreadcrumbList\",\"@id\":\"https:\/\/www.nettali.com\/2023\/03\/22\/en-coulisses-les-deux-deputes-francais-et-leurs-griefs\/#breadcrumb\",\"itemListElement\":[{\"@type\":\"ListItem\",\"position\":1,\"name\":\"Accueil\",\"item\":\"https:\/\/www.nettali.com\/\"},{\"@type\":\"ListItem\",\"position\":2,\"name\":\"EN COULISSES - Les deux d\\u00e9put\\u00e9s fran\\u00e7ais et leurs griefs !\"}]},{\"@type\":\"Person\",\"@id\":\"https:\/\/www.nettali.com\/#\/schema\/person\/d8ac7b7e27ddad43f1c0d2ef090d7f71\",\"name\":\"CK\",\"image\":{\"@type\":\"ImageObject\",\"@id\":\"https:\/\/www.nettali.com\/#personlogo\",\"inLanguage\":\"fr-FR\",\"url\":\"https:\/\/secure.gravatar.com\/avatar\/1d8d5118b9327d94da7cd4ce7f17fec2?s=96&d=mm&r=g\",\"contentUrl\":\"https:\/\/secure.gravatar.com\/avatar\/1d8d5118b9327d94da7cd4ce7f17fec2?s=96&d=mm&r=g\",\"caption\":\"CK\"},\"sameAs\":[\"https:\/\/www.nettali.com\"]}]}<\/script>\n<!-- \/ Yoast SEO Premium plugin. -->","yoast_head_json":{"title":"EN COULISSES - Les deux d\u00e9put\u00e9s fran\u00e7ais et leurs griefs ! | Nettali.com","robots":{"index":"index","follow":"follow","max-snippet":"max-snippet:-1","max-image-preview":"max-image-preview:large","max-video-preview":"max-video-preview:-1"},"canonical":"https:\/\/www.nettali.com\/2023\/03\/22\/en-coulisses-les-deux-deputes-francais-et-leurs-griefs\/","og_locale":"fr_FR","og_type":"article","og_title":"EN COULISSES - Les deux d\u00e9put\u00e9s fran\u00e7ais et leurs griefs !","og_description":"NETTALI.COM - \u00a0Pour rester sur la lettre des deux d\u00e9put\u00e9s ayant saisi la chef de la diplomatie fran\u00e7aise, notons qu'ils ont relev\u00e9 les inqui\u00e9tudes li\u00e9es \u00e0 un \u00e9ventuel troisi\u00e8me mandat du pr\u00e9sident sortant. Les parlementaires ont ainsi invit\u00e9 l\u2019\u00c9lys\u00e9e \u00e0 \u00eatre \"attentive au respect de l'opposition\" et \u00e0 oeuvrer \"dans un cadre multilat\u00e9ral incluant les [&hellip;]","og_url":"https:\/\/www.nettali.com\/2023\/03\/22\/en-coulisses-les-deux-deputes-francais-et-leurs-griefs\/","og_site_name":"Nettali.com","article_publisher":"https:\/\/www.facebook.com\/nettalicom","article_published_time":"2023-03-22T09:57:42+00:00","og_image":[{"width":278,"height":181,"url":"https:\/\/www.nettali.com\/wp-content\/uploads\/2023\/03\/telechargement-1.jpg","type":"image\/jpeg"}],"twitter_card":"summary_large_image","twitter_misc":{"\u00c9crit par":"CK","Dur\u00e9e de lecture estim\u00e9e":"1 minute"},"schema":{"@context":"https:\/\/schema.org","@graph":[{"@type":"WebSite","@id":"https:\/\/www.nettali.com\/#website","url":"https:\/\/www.nettali.com\/","name":"Nettali.com","description":"Le rendez-vous critique du Net","potentialAction":[{"@type":"SearchAction","target":{"@type":"EntryPoint","urlTemplate":"https:\/\/www.nettali.com\/?s={search_term_string}"},"query-input":"required name=search_term_string"}],"inLanguage":"fr-FR"},{"@type":"ImageObject","@id":"https:\/\/www.nettali.com\/2023\/03\/22\/en-coulisses-les-deux-deputes-francais-et-leurs-griefs\/#primaryimage","inLanguage":"fr-FR","url":"https:\/\/www.nettali.com\/wp-content\/uploads\/2023\/03\/telechargement-1.jpg","contentUrl":"https:\/\/www.nettali.com\/wp-content\/uploads\/2023\/03\/telechargement-1.jpg","width":278,"height":181},{"@type":"WebPage","@id":"https:\/\/www.nettali.com\/2023\/03\/22\/en-coulisses-les-deux-deputes-francais-et-leurs-griefs\/#webpage","url":"https:\/\/www.nettali.com\/2023\/03\/22\/en-coulisses-les-deux-deputes-francais-et-leurs-griefs\/","name":"EN COULISSES - Les deux d\u00e9put\u00e9s fran\u00e7ais et leurs griefs ! | Nettali.com","isPartOf":{"@id":"https:\/\/www.nettali.com\/#website"},"primaryImageOfPage":{"@id":"https:\/\/www.nettali.com\/2023\/03\/22\/en-coulisses-les-deux-deputes-francais-et-leurs-griefs\/#primaryimage"},"datePublished":"2023-03-22T09:57:42+00:00","dateModified":"2023-03-22T09:57:42+00:00","author":{"@id":"https:\/\/www.nettali.com\/#\/schema\/person\/d8ac7b7e27ddad43f1c0d2ef090d7f71"},"breadcrumb":{"@id":"https:\/\/www.nettali.com\/2023\/03\/22\/en-coulisses-les-deux-deputes-francais-et-leurs-griefs\/#breadcrumb"},"inLanguage":"fr-FR","potentialAction":[{"@type":"ReadAction","target":["https:\/\/www.nettali.com\/2023\/03\/22\/en-coulisses-les-deux-deputes-francais-et-leurs-griefs\/"]}]},{"@type":"BreadcrumbList","@id":"https:\/\/www.nettali.com\/2023\/03\/22\/en-coulisses-les-deux-deputes-francais-et-leurs-griefs\/#breadcrumb","itemListElement":[{"@type":"ListItem","position":1,"name":"Accueil","item":"https:\/\/www.nettali.com\/"},{"@type":"ListItem","position":2,"name":"EN COULISSES - Les deux d\u00e9put\u00e9s fran\u00e7ais et leurs griefs !"}]},{"@type":"Person","@id":"https:\/\/www.nettali.com\/#\/schema\/person\/d8ac7b7e27ddad43f1c0d2ef090d7f71","name":"CK","image":{"@type":"ImageObject","@id":"https:\/\/www.nettali.com\/#personlogo","inLanguage":"fr-FR","url":"https:\/\/secure.gravatar.com\/avatar\/1d8d5118b9327d94da7cd4ce7f17fec2?s=96&d=mm&r=g","contentUrl":"https:\/\/secure.gravatar.com\/avatar\/1d8d5118b9327d94da7cd4ce7f17fec2?s=96&d=mm&r=g","caption":"CK"},"sameAs":["https:\/\/www.nettali.com"]}]}},"_links":{"self":[{"href":"https:\/\/www.nettali.com\/rest\/wp\/v2\/posts\/106619"}],"collection":[{"href":"https:\/\/www.nettali.com\/rest\/wp\/v2\/posts"}],"about":[{"href":"https:\/\/www.nettali.com\/rest\/wp\/v2\/types\/post"}],"author":[{"embeddable":true,"href":"https:\/\/www.nettali.com\/rest\/wp\/v2\/users\/2"}],"replies":[{"embeddable":true,"href":"https:\/\/www.nettali.com\/rest\/wp\/v2\/comments?post=106619"}],"version-history":[{"count":1,"href":"https:\/\/www.nettali.com\/rest\/wp\/v2\/posts\/106619\/revisions"}],"predecessor-version":[{"id":106626,"href":"https:\/\/www.nettali.com\/rest\/wp\/v2\/posts\/106619\/revisions\/106626"}],"wp:featuredmedia":[{"embeddable":true,"href":"https:\/\/www.nettali.com\/rest\/wp\/v2\/media\/106637"}],"wp:attachment":[{"href":"https:\/\/www.nettali.com\/rest\/wp\/v2\/media?parent=106619"}],"wp:term":[{"taxonomy":"category","embeddable":true,"href":"https:\/\/www.nettali.com\/rest\/wp\/v2\/categories?post=106619"},{"taxonomy":"post_tag","embeddable":true,"href":"https:\/\/www.nettali.com\/rest\/wp\/v2\/tags?post=106619"}],"curies":[{"name":"wp","href":"https:\/\/api.w.org\/{rel}","templated":true}]}}