{"id":106487,"date":"2023-03-20T20:27:06","date_gmt":"2023-03-20T20:27:06","guid":{"rendered":"https:\/\/www.nettali.com\/?p=106487"},"modified":"2023-03-20T20:55:35","modified_gmt":"2023-03-20T20:55:35","slug":"bignona-la-depouille-de-mamadou-korka-ba-deposee-devant-les-grilles-du-camp-militaire","status":"publish","type":"post","link":"https:\/\/www.nettali.com\/2023\/03\/20\/bignona-la-depouille-de-mamadou-korka-ba-deposee-devant-les-grilles-du-camp-militaire\/","title":{"rendered":"BIGNONA - La d\u00e9pouille de Mamadou Korka Ba d\u00e9pos\u00e9e devant les grilles du camp militaire"},"content":{"rendered":"<p><strong>NETTALI.COM - De violentes manifestations se sont, de nouveau, d\u00e9clar\u00e9es, ce lundi 20 mars 2023 dans le d\u00e9partement de Bignona. Ces affrontements entre forces de l\u2019ordre et manifestants ont malheureusement caus\u00e9 la mort jeune homme.<\/strong><\/p>\n<p>Il s\u2019agit du jeune Mamadou Korka Ba, tu\u00e9 par balle, selon la presse locale. Pour d\u00e9noncer le d\u00e9c\u00e8s de leur camarade, des jeunes manifestants ont jug\u00e9 n\u00e9cessaire de d\u00e9poser le corps sans vie de Mamadou Korka Ba.<\/p>\n<p>A rappeler que Mamadou Korka Ba a \u00e9t\u00e9 tu\u00e9, ce lundi 20 mars, par une balle r\u00e9elle lors des heurts \u00e0 Tenghory, d\u00e9partement de Bignona, dans le sud du S\u00e9n\u00e9gal. Selon des t\u00e9moins, le jeune homme a \u00e9t\u00e9 atteint \u00e0 la t\u00eate alors qu\u2019il manifestait \u00e0 c\u00f4t\u00e9 de la station Total.<\/p>\n<p>La victime, \u00e2g\u00e9e de 21 ans, a succomb\u00e9 \u00e0 ses blessures au moment de son \u00e9vacuation au district m\u00e9dical de Bignona, selon son oncle.<\/p>\n<p>T\u00f4t ce matin, les jeunes ont d\u00e9log\u00e9 les \u00e9l\u00e8ves des lyc\u00e9es et coll\u00e8ges de la commune de Bignona. Et au m\u00eame moment, les diff\u00e9rents axes routiers \u00e9taient \u00e9galement barr\u00e9s par des troncs d\u2019arbres ou de grosses pierres par des jeunes surchauff\u00e9s exigeant la lumi\u00e8re sur l\u2019\u00e9tat de sant\u00e9 de Ousmane Sonko.<\/p>\n<div class='share-to-whatsapp-wrapper'><div class='share-on-whsp'>PARTAGER SUR : <\/div><a data-text='BIGNONA - La d\u00e9pouille de Mamadou Korka Ba d\u00e9pos\u00e9e devant les grilles du camp militaire' data-link='https:\/\/www.nettali.com\/2023\/03\/20\/bignona-la-depouille-de-mamadou-korka-ba-deposee-devant-les-grilles-du-camp-militaire\/' class='whatsapp-button whatsapp-share'>WhatsApp<\/a><div class='clear '><\/div><\/div>","protected":false},"excerpt":{"rendered":"<p>NETTALI.COM - De violentes manifestations se sont, de nouveau, d\u00e9clar\u00e9es, ce lundi 20 mars 2023 dans le d\u00e9partement de Bignona. Ces affrontements entre forces de l\u2019ordre et manifestants ont malheureusement caus\u00e9 la mort jeune homme. Il s\u2019agit du jeune Mamadou Korka Ba, tu\u00e9 par balle, selon la presse locale. Pour d\u00e9noncer le d\u00e9c\u00e8s de leur [&hellip;]<\/p>\n","protected":false},"author":5,"featured_media":106484,"comment_status":"open","ping_status":"open","sticky":false,"template":"","format":"standard","meta":{"_et_pb_use_builder":"","_et_pb_old_content":""},"categories":[3],"tags":[],"yoast_head":"<!-- This site is optimized with the Yoast SEO Premium plugin v17.8 (Yoast SEO v17.8) - https:\/\/yoast.com\/wordpress\/plugins\/seo\/ -->\n<title>BIGNONA - La d\u00e9pouille de Mamadou Korka Ba d\u00e9pos\u00e9e devant les grilles du camp militaire | Nettali.com<\/title>\n<meta name=\"robots\" content=\"index, follow, max-snippet:-1, max-image-preview:large, max-video-preview:-1\" \/>\n<link rel=\"canonical\" href=\"https:\/\/www.nettali.com\/2023\/03\/20\/bignona-la-depouille-de-mamadou-korka-ba-deposee-devant-les-grilles-du-camp-militaire\/\" \/>\n<meta property=\"og:locale\" content=\"fr_FR\" \/>\n<meta property=\"og:type\" content=\"article\" \/>\n<meta property=\"og:title\" content=\"BIGNONA - La d\u00e9pouille de Mamadou Korka Ba d\u00e9pos\u00e9e devant les grilles du camp militaire\" \/>\n<meta property=\"og:description\" content=\"NETTALI.COM - De violentes manifestations se sont, de nouveau, d\u00e9clar\u00e9es, ce lundi 20 mars 2023 dans le d\u00e9partement de Bignona. Ces affrontements entre forces de l\u2019ordre et manifestants ont malheureusement caus\u00e9 la mort jeune homme. Il s\u2019agit du jeune Mamadou Korka Ba, tu\u00e9 par balle, selon la presse locale. Pour d\u00e9noncer le d\u00e9c\u00e8s de leur [&hellip;]\" \/>\n<meta property=\"og:url\" content=\"https:\/\/www.nettali.com\/2023\/03\/20\/bignona-la-depouille-de-mamadou-korka-ba-deposee-devant-les-grilles-du-camp-militaire\/\" \/>\n<meta property=\"og:site_name\" content=\"Nettali.com\" \/>\n<meta property=\"article:publisher\" content=\"https:\/\/www.facebook.com\/nettalicom\" \/>\n<meta property=\"article:published_time\" content=\"2023-03-20T20:27:06+00:00\" \/>\n<meta property=\"article:modified_time\" content=\"2023-03-20T20:55:35+00:00\" \/>\n<meta property=\"og:image\" content=\"https:\/\/www.nettali.com\/wp-content\/uploads\/2023\/03\/FB_IMG_1679328851666-e1679345721835.jpg\" \/>\n\t<meta property=\"og:image:width\" content=\"672\" \/>\n\t<meta property=\"og:image:height\" content=\"481\" \/>\n<meta name=\"twitter:card\" content=\"summary_large_image\" \/>\n<meta name=\"twitter:label1\" content=\"\u00c9crit par\" \/>\n\t<meta name=\"twitter:data1\" content=\"Ibrahima\" \/>\n\t<meta name=\"twitter:label2\" content=\"Dur\u00e9e de lecture estim\u00e9e\" \/>\n\t<meta name=\"twitter:data2\" content=\"2 minutes\" \/>\n<script type=\"application\/ld+json\" class=\"yoast-schema-graph\">{\"@context\":\"https:\/\/schema.org\",\"@graph\":[{\"@type\":\"WebSite\",\"@id\":\"https:\/\/www.nettali.com\/#website\",\"url\":\"https:\/\/www.nettali.com\/\",\"name\":\"Nettali.com\",\"description\":\"Le rendez-vous critique du Net\",\"potentialAction\":[{\"@type\":\"SearchAction\",\"target\":{\"@type\":\"EntryPoint\",\"urlTemplate\":\"https:\/\/www.nettali.com\/?s={search_term_string}\"},\"query-input\":\"required name=search_term_string\"}],\"inLanguage\":\"fr-FR\"},{\"@type\":\"ImageObject\",\"@id\":\"https:\/\/www.nettali.com\/2023\/03\/20\/bignona-la-depouille-de-mamadou-korka-ba-deposee-devant-les-grilles-du-camp-militaire\/#primaryimage\",\"inLanguage\":\"fr-FR\",\"url\":\"https:\/\/www.nettali.com\/wp-content\/uploads\/2023\/03\/FB_IMG_1679328851666-e1679345721835.jpg\",\"contentUrl\":\"https:\/\/www.nettali.com\/wp-content\/uploads\/2023\/03\/FB_IMG_1679328851666-e1679345721835.jpg\",\"width\":672,\"height\":481},{\"@type\":\"WebPage\",\"@id\":\"https:\/\/www.nettali.com\/2023\/03\/20\/bignona-la-depouille-de-mamadou-korka-ba-deposee-devant-les-grilles-du-camp-militaire\/#webpage\",\"url\":\"https:\/\/www.nettali.com\/2023\/03\/20\/bignona-la-depouille-de-mamadou-korka-ba-deposee-devant-les-grilles-du-camp-militaire\/\",\"name\":\"BIGNONA - La d\\u00e9pouille de Mamadou Korka Ba d\\u00e9pos\\u00e9e devant les grilles du camp militaire | Nettali.com\",\"isPartOf\":{\"@id\":\"https:\/\/www.nettali.com\/#website\"},\"primaryImageOfPage\":{\"@id\":\"https:\/\/www.nettali.com\/2023\/03\/20\/bignona-la-depouille-de-mamadou-korka-ba-deposee-devant-les-grilles-du-camp-militaire\/#primaryimage\"},\"datePublished\":\"2023-03-20T20:27:06+00:00\",\"dateModified\":\"2023-03-20T20:55:35+00:00\",\"author\":{\"@id\":\"https:\/\/www.nettali.com\/#\/schema\/person\/bb147657c2986240405a608162b9bb23\"},\"breadcrumb\":{\"@id\":\"https:\/\/www.nettali.com\/2023\/03\/20\/bignona-la-depouille-de-mamadou-korka-ba-deposee-devant-les-grilles-du-camp-militaire\/#breadcrumb\"},\"inLanguage\":\"fr-FR\",\"potentialAction\":[{\"@type\":\"ReadAction\",\"target\":[\"https:\/\/www.nettali.com\/2023\/03\/20\/bignona-la-depouille-de-mamadou-korka-ba-deposee-devant-les-grilles-du-camp-militaire\/\"]}]},{\"@type\":\"BreadcrumbList\",\"@id\":\"https:\/\/www.nettali.com\/2023\/03\/20\/bignona-la-depouille-de-mamadou-korka-ba-deposee-devant-les-grilles-du-camp-militaire\/#breadcrumb\",\"itemListElement\":[{\"@type\":\"ListItem\",\"position\":1,\"name\":\"Accueil\",\"item\":\"https:\/\/www.nettali.com\/\"},{\"@type\":\"ListItem\",\"position\":2,\"name\":\"BIGNONA - La d\\u00e9pouille de Mamadou Korka Ba d\\u00e9pos\\u00e9e devant les grilles du camp militaire\"}]},{\"@type\":\"Person\",\"@id\":\"https:\/\/www.nettali.com\/#\/schema\/person\/bb147657c2986240405a608162b9bb23\",\"name\":\"Ibrahima\",\"image\":{\"@type\":\"ImageObject\",\"@id\":\"https:\/\/www.nettali.com\/#personlogo\",\"inLanguage\":\"fr-FR\",\"url\":\"https:\/\/secure.gravatar.com\/avatar\/26a8a81f09f0dd7624c9d5c36c9ba3a2?s=96&d=mm&r=g\",\"contentUrl\":\"https:\/\/secure.gravatar.com\/avatar\/26a8a81f09f0dd7624c9d5c36c9ba3a2?s=96&d=mm&r=g\",\"caption\":\"Ibrahima\"},\"sameAs\":[\"https:\/\/www.nettali.com\"]}]}<\/script>\n<!-- \/ Yoast SEO Premium plugin. -->","yoast_head_json":{"title":"BIGNONA - La d\u00e9pouille de Mamadou Korka Ba d\u00e9pos\u00e9e devant les grilles du camp militaire | Nettali.com","robots":{"index":"index","follow":"follow","max-snippet":"max-snippet:-1","max-image-preview":"max-image-preview:large","max-video-preview":"max-video-preview:-1"},"canonical":"https:\/\/www.nettali.com\/2023\/03\/20\/bignona-la-depouille-de-mamadou-korka-ba-deposee-devant-les-grilles-du-camp-militaire\/","og_locale":"fr_FR","og_type":"article","og_title":"BIGNONA - La d\u00e9pouille de Mamadou Korka Ba d\u00e9pos\u00e9e devant les grilles du camp militaire","og_description":"NETTALI.COM - De violentes manifestations se sont, de nouveau, d\u00e9clar\u00e9es, ce lundi 20 mars 2023 dans le d\u00e9partement de Bignona. Ces affrontements entre forces de l\u2019ordre et manifestants ont malheureusement caus\u00e9 la mort jeune homme. Il s\u2019agit du jeune Mamadou Korka Ba, tu\u00e9 par balle, selon la presse locale. Pour d\u00e9noncer le d\u00e9c\u00e8s de leur [&hellip;]","og_url":"https:\/\/www.nettali.com\/2023\/03\/20\/bignona-la-depouille-de-mamadou-korka-ba-deposee-devant-les-grilles-du-camp-militaire\/","og_site_name":"Nettali.com","article_publisher":"https:\/\/www.facebook.com\/nettalicom","article_published_time":"2023-03-20T20:27:06+00:00","article_modified_time":"2023-03-20T20:55:35+00:00","og_image":[{"width":672,"height":481,"url":"https:\/\/www.nettali.com\/wp-content\/uploads\/2023\/03\/FB_IMG_1679328851666-e1679345721835.jpg","type":"image\/jpeg"}],"twitter_card":"summary_large_image","twitter_misc":{"\u00c9crit par":"Ibrahima","Dur\u00e9e de lecture estim\u00e9e":"2 minutes"},"schema":{"@context":"https:\/\/schema.org","@graph":[{"@type":"WebSite","@id":"https:\/\/www.nettali.com\/#website","url":"https:\/\/www.nettali.com\/","name":"Nettali.com","description":"Le rendez-vous critique du Net","potentialAction":[{"@type":"SearchAction","target":{"@type":"EntryPoint","urlTemplate":"https:\/\/www.nettali.com\/?s={search_term_string}"},"query-input":"required name=search_term_string"}],"inLanguage":"fr-FR"},{"@type":"ImageObject","@id":"https:\/\/www.nettali.com\/2023\/03\/20\/bignona-la-depouille-de-mamadou-korka-ba-deposee-devant-les-grilles-du-camp-militaire\/#primaryimage","inLanguage":"fr-FR","url":"https:\/\/www.nettali.com\/wp-content\/uploads\/2023\/03\/FB_IMG_1679328851666-e1679345721835.jpg","contentUrl":"https:\/\/www.nettali.com\/wp-content\/uploads\/2023\/03\/FB_IMG_1679328851666-e1679345721835.jpg","width":672,"height":481},{"@type":"WebPage","@id":"https:\/\/www.nettali.com\/2023\/03\/20\/bignona-la-depouille-de-mamadou-korka-ba-deposee-devant-les-grilles-du-camp-militaire\/#webpage","url":"https:\/\/www.nettali.com\/2023\/03\/20\/bignona-la-depouille-de-mamadou-korka-ba-deposee-devant-les-grilles-du-camp-militaire\/","name":"BIGNONA - La d\u00e9pouille de Mamadou Korka Ba d\u00e9pos\u00e9e devant les grilles du camp militaire | Nettali.com","isPartOf":{"@id":"https:\/\/www.nettali.com\/#website"},"primaryImageOfPage":{"@id":"https:\/\/www.nettali.com\/2023\/03\/20\/bignona-la-depouille-de-mamadou-korka-ba-deposee-devant-les-grilles-du-camp-militaire\/#primaryimage"},"datePublished":"2023-03-20T20:27:06+00:00","dateModified":"2023-03-20T20:55:35+00:00","author":{"@id":"https:\/\/www.nettali.com\/#\/schema\/person\/bb147657c2986240405a608162b9bb23"},"breadcrumb":{"@id":"https:\/\/www.nettali.com\/2023\/03\/20\/bignona-la-depouille-de-mamadou-korka-ba-deposee-devant-les-grilles-du-camp-militaire\/#breadcrumb"},"inLanguage":"fr-FR","potentialAction":[{"@type":"ReadAction","target":["https:\/\/www.nettali.com\/2023\/03\/20\/bignona-la-depouille-de-mamadou-korka-ba-deposee-devant-les-grilles-du-camp-militaire\/"]}]},{"@type":"BreadcrumbList","@id":"https:\/\/www.nettali.com\/2023\/03\/20\/bignona-la-depouille-de-mamadou-korka-ba-deposee-devant-les-grilles-du-camp-militaire\/#breadcrumb","itemListElement":[{"@type":"ListItem","position":1,"name":"Accueil","item":"https:\/\/www.nettali.com\/"},{"@type":"ListItem","position":2,"name":"BIGNONA - La d\u00e9pouille de Mamadou Korka Ba d\u00e9pos\u00e9e devant les grilles du camp militaire"}]},{"@type":"Person","@id":"https:\/\/www.nettali.com\/#\/schema\/person\/bb147657c2986240405a608162b9bb23","name":"Ibrahima","image":{"@type":"ImageObject","@id":"https:\/\/www.nettali.com\/#personlogo","inLanguage":"fr-FR","url":"https:\/\/secure.gravatar.com\/avatar\/26a8a81f09f0dd7624c9d5c36c9ba3a2?s=96&d=mm&r=g","contentUrl":"https:\/\/secure.gravatar.com\/avatar\/26a8a81f09f0dd7624c9d5c36c9ba3a2?s=96&d=mm&r=g","caption":"Ibrahima"},"sameAs":["https:\/\/www.nettali.com"]}]}},"_links":{"self":[{"href":"https:\/\/www.nettali.com\/rest\/wp\/v2\/posts\/106487"}],"collection":[{"href":"https:\/\/www.nettali.com\/rest\/wp\/v2\/posts"}],"about":[{"href":"https:\/\/www.nettali.com\/rest\/wp\/v2\/types\/post"}],"author":[{"embeddable":true,"href":"https:\/\/www.nettali.com\/rest\/wp\/v2\/users\/5"}],"replies":[{"embeddable":true,"href":"https:\/\/www.nettali.com\/rest\/wp\/v2\/comments?post=106487"}],"version-history":[{"count":3,"href":"https:\/\/www.nettali.com\/rest\/wp\/v2\/posts\/106487\/revisions"}],"predecessor-version":[{"id":106491,"href":"https:\/\/www.nettali.com\/rest\/wp\/v2\/posts\/106487\/revisions\/106491"}],"wp:featuredmedia":[{"embeddable":true,"href":"https:\/\/www.nettali.com\/rest\/wp\/v2\/media\/106484"}],"wp:attachment":[{"href":"https:\/\/www.nettali.com\/rest\/wp\/v2\/media?parent=106487"}],"wp:term":[{"taxonomy":"category","embeddable":true,"href":"https:\/\/www.nettali.com\/rest\/wp\/v2\/categories?post=106487"},{"taxonomy":"post_tag","embeddable":true,"href":"https:\/\/www.nettali.com\/rest\/wp\/v2\/tags?post=106487"}],"curies":[{"name":"wp","href":"https:\/\/api.w.org\/{rel}","templated":true}]}}