{"id":106451,"date":"2023-03-20T11:06:11","date_gmt":"2023-03-20T11:06:11","guid":{"rendered":"https:\/\/www.nettali.com\/?p=106451"},"modified":"2023-03-20T11:06:11","modified_gmt":"2023-03-20T11:06:11","slug":"en-coulisses-le-ramadan-demarre-cette-semaine","status":"publish","type":"post","link":"https:\/\/www.nettali.com\/2023\/03\/20\/en-coulisses-le-ramadan-demarre-cette-semaine\/","title":{"rendered":"EN COULISSES - Le Ramadan d\u00e9marre cette semaine"},"content":{"rendered":"<p>NETTALI.COM - Le d\u00e9but du Ramadan au S\u00e9n\u00e9gal pourrait avoir lieu le 23 mars 2023. Dans un communiqu\u00e9 rendu public, la Commission nationale d\u2019observation du Croissant lunaire (Conacoc) va se r\u00e9unir le mercredi 22 mars 2023 \u00e0 19H, \u00e0 la RTS, pour d\u00e9terminer le premier jour du mois b\u00e9ni des Musulmans. Une premi\u00e8re rencontre est donc pr\u00e9vue \u00e0 la T\u00e9l\u00e9vision nationale pour scruter l\u2019apparition du fameux Croissant dans le ciel.<\/p>\n<p>Et ce n'est qu'\u00e0 son issue que la date officielle du premier jour du je\u00fbne musulman sera annonc\u00e9e. La Commission nationale d'observation du Croissant lunaire prend en consid\u00e9ration l'observation de la Lune \u00e0 l\u2019\u0153il nu, sur l'\u00e9tendue du territoire s\u00e9n\u00e9galais. Elle prend \u00e9galement en compte les r\u00e9sultats des travaux sur l'adoption du calcul scientifique et des donn\u00e9es astronomiques universelles pour la d\u00e9termination du d\u00e9but et de la fin du mois b\u00e9ni de Ramadan.<\/p>\n<div class='share-to-whatsapp-wrapper'><div class='share-on-whsp'>PARTAGER SUR : <\/div><a data-text='EN COULISSES - Le Ramadan d\u00e9marre cette semaine' data-link='https:\/\/www.nettali.com\/2023\/03\/20\/en-coulisses-le-ramadan-demarre-cette-semaine\/' class='whatsapp-button whatsapp-share'>WhatsApp<\/a><div class='clear '><\/div><\/div>","protected":false},"excerpt":{"rendered":"<p>NETTALI.COM - Le d\u00e9but du Ramadan au S\u00e9n\u00e9gal pourrait avoir lieu le 23 mars 2023. Dans un communiqu\u00e9 rendu public, la Commission nationale d\u2019observation du Croissant lunaire (Conacoc) va se r\u00e9unir le mercredi 22 mars 2023 \u00e0 19H, \u00e0 la RTS, pour d\u00e9terminer le premier jour du mois b\u00e9ni des Musulmans. Une premi\u00e8re rencontre est [&hellip;]<\/p>\n","protected":false},"author":4,"featured_media":34650,"comment_status":"open","ping_status":"open","sticky":false,"template":"","format":"standard","meta":{"_et_pb_use_builder":"","_et_pb_old_content":""},"categories":[34945],"tags":[],"yoast_head":"<!-- This site is optimized with the Yoast SEO Premium plugin v17.8 (Yoast SEO v17.8) - https:\/\/yoast.com\/wordpress\/plugins\/seo\/ -->\n<title>EN COULISSES - Le Ramadan d\u00e9marre cette semaine | Nettali.com<\/title>\n<meta name=\"robots\" content=\"index, follow, max-snippet:-1, max-image-preview:large, max-video-preview:-1\" \/>\n<link rel=\"canonical\" href=\"https:\/\/www.nettali.com\/2023\/03\/20\/en-coulisses-le-ramadan-demarre-cette-semaine\/\" \/>\n<meta property=\"og:locale\" content=\"fr_FR\" \/>\n<meta property=\"og:type\" content=\"article\" \/>\n<meta property=\"og:title\" content=\"EN COULISSES - Le Ramadan d\u00e9marre cette semaine\" \/>\n<meta property=\"og:description\" content=\"NETTALI.COM - Le d\u00e9but du Ramadan au S\u00e9n\u00e9gal pourrait avoir lieu le 23 mars 2023. Dans un communiqu\u00e9 rendu public, la Commission nationale d\u2019observation du Croissant lunaire (Conacoc) va se r\u00e9unir le mercredi 22 mars 2023 \u00e0 19H, \u00e0 la RTS, pour d\u00e9terminer le premier jour du mois b\u00e9ni des Musulmans. Une premi\u00e8re rencontre est [&hellip;]\" \/>\n<meta property=\"og:url\" content=\"https:\/\/www.nettali.com\/2023\/03\/20\/en-coulisses-le-ramadan-demarre-cette-semaine\/\" \/>\n<meta property=\"og:site_name\" content=\"Nettali.com\" \/>\n<meta property=\"article:publisher\" content=\"https:\/\/www.facebook.com\/nettalicom\" \/>\n<meta property=\"article:published_time\" content=\"2023-03-20T11:06:11+00:00\" \/>\n<meta property=\"og:image\" content=\"https:\/\/www.nettali.com\/wp-content\/uploads\/2020\/04\/ramadan-dates-photo-minaret-696x391-1.jpg\" \/>\n\t<meta property=\"og:image:width\" content=\"696\" \/>\n\t<meta property=\"og:image:height\" content=\"391\" \/>\n<meta name=\"twitter:card\" content=\"summary_large_image\" \/>\n<meta name=\"twitter:label1\" content=\"\u00c9crit par\" \/>\n\t<meta name=\"twitter:data1\" content=\"Daouda\" \/>\n\t<meta name=\"twitter:label2\" content=\"Dur\u00e9e de lecture estim\u00e9e\" \/>\n\t<meta name=\"twitter:data2\" content=\"1 minute\" \/>\n<script type=\"application\/ld+json\" class=\"yoast-schema-graph\">{\"@context\":\"https:\/\/schema.org\",\"@graph\":[{\"@type\":\"WebSite\",\"@id\":\"https:\/\/www.nettali.com\/#website\",\"url\":\"https:\/\/www.nettali.com\/\",\"name\":\"Nettali.com\",\"description\":\"Le rendez-vous critique du Net\",\"potentialAction\":[{\"@type\":\"SearchAction\",\"target\":{\"@type\":\"EntryPoint\",\"urlTemplate\":\"https:\/\/www.nettali.com\/?s={search_term_string}\"},\"query-input\":\"required name=search_term_string\"}],\"inLanguage\":\"fr-FR\"},{\"@type\":\"ImageObject\",\"@id\":\"https:\/\/www.nettali.com\/2023\/03\/20\/en-coulisses-le-ramadan-demarre-cette-semaine\/#primaryimage\",\"inLanguage\":\"fr-FR\",\"url\":\"https:\/\/www.nettali.com\/wp-content\/uploads\/2020\/04\/ramadan-dates-photo-minaret-696x391-1.jpg\",\"contentUrl\":\"https:\/\/www.nettali.com\/wp-content\/uploads\/2020\/04\/ramadan-dates-photo-minaret-696x391-1.jpg\",\"width\":696,\"height\":391},{\"@type\":\"WebPage\",\"@id\":\"https:\/\/www.nettali.com\/2023\/03\/20\/en-coulisses-le-ramadan-demarre-cette-semaine\/#webpage\",\"url\":\"https:\/\/www.nettali.com\/2023\/03\/20\/en-coulisses-le-ramadan-demarre-cette-semaine\/\",\"name\":\"EN COULISSES - Le Ramadan d\\u00e9marre cette semaine | Nettali.com\",\"isPartOf\":{\"@id\":\"https:\/\/www.nettali.com\/#website\"},\"primaryImageOfPage\":{\"@id\":\"https:\/\/www.nettali.com\/2023\/03\/20\/en-coulisses-le-ramadan-demarre-cette-semaine\/#primaryimage\"},\"datePublished\":\"2023-03-20T11:06:11+00:00\",\"dateModified\":\"2023-03-20T11:06:11+00:00\",\"author\":{\"@id\":\"https:\/\/www.nettali.com\/#\/schema\/person\/3317e0bb3aa1da309fbf7b2780901bf4\"},\"breadcrumb\":{\"@id\":\"https:\/\/www.nettali.com\/2023\/03\/20\/en-coulisses-le-ramadan-demarre-cette-semaine\/#breadcrumb\"},\"inLanguage\":\"fr-FR\",\"potentialAction\":[{\"@type\":\"ReadAction\",\"target\":[\"https:\/\/www.nettali.com\/2023\/03\/20\/en-coulisses-le-ramadan-demarre-cette-semaine\/\"]}]},{\"@type\":\"BreadcrumbList\",\"@id\":\"https:\/\/www.nettali.com\/2023\/03\/20\/en-coulisses-le-ramadan-demarre-cette-semaine\/#breadcrumb\",\"itemListElement\":[{\"@type\":\"ListItem\",\"position\":1,\"name\":\"Accueil\",\"item\":\"https:\/\/www.nettali.com\/\"},{\"@type\":\"ListItem\",\"position\":2,\"name\":\"EN COULISSES - Le Ramadan d\\u00e9marre cette semaine\"}]},{\"@type\":\"Person\",\"@id\":\"https:\/\/www.nettali.com\/#\/schema\/person\/3317e0bb3aa1da309fbf7b2780901bf4\",\"name\":\"Daouda\",\"image\":{\"@type\":\"ImageObject\",\"@id\":\"https:\/\/www.nettali.com\/#personlogo\",\"inLanguage\":\"fr-FR\",\"url\":\"https:\/\/secure.gravatar.com\/avatar\/8d143b5a49345098ddcfee1c49c2f47c?s=96&d=mm&r=g\",\"contentUrl\":\"https:\/\/secure.gravatar.com\/avatar\/8d143b5a49345098ddcfee1c49c2f47c?s=96&d=mm&r=g\",\"caption\":\"Daouda\"},\"sameAs\":[\"https:\/\/www.nettali.com\"]}]}<\/script>\n<!-- \/ Yoast SEO Premium plugin. -->","yoast_head_json":{"title":"EN COULISSES - Le Ramadan d\u00e9marre cette semaine | Nettali.com","robots":{"index":"index","follow":"follow","max-snippet":"max-snippet:-1","max-image-preview":"max-image-preview:large","max-video-preview":"max-video-preview:-1"},"canonical":"https:\/\/www.nettali.com\/2023\/03\/20\/en-coulisses-le-ramadan-demarre-cette-semaine\/","og_locale":"fr_FR","og_type":"article","og_title":"EN COULISSES - Le Ramadan d\u00e9marre cette semaine","og_description":"NETTALI.COM - Le d\u00e9but du Ramadan au S\u00e9n\u00e9gal pourrait avoir lieu le 23 mars 2023. Dans un communiqu\u00e9 rendu public, la Commission nationale d\u2019observation du Croissant lunaire (Conacoc) va se r\u00e9unir le mercredi 22 mars 2023 \u00e0 19H, \u00e0 la RTS, pour d\u00e9terminer le premier jour du mois b\u00e9ni des Musulmans. Une premi\u00e8re rencontre est [&hellip;]","og_url":"https:\/\/www.nettali.com\/2023\/03\/20\/en-coulisses-le-ramadan-demarre-cette-semaine\/","og_site_name":"Nettali.com","article_publisher":"https:\/\/www.facebook.com\/nettalicom","article_published_time":"2023-03-20T11:06:11+00:00","og_image":[{"width":696,"height":391,"url":"https:\/\/www.nettali.com\/wp-content\/uploads\/2020\/04\/ramadan-dates-photo-minaret-696x391-1.jpg","type":"image\/jpeg"}],"twitter_card":"summary_large_image","twitter_misc":{"\u00c9crit par":"Daouda","Dur\u00e9e de lecture estim\u00e9e":"1 minute"},"schema":{"@context":"https:\/\/schema.org","@graph":[{"@type":"WebSite","@id":"https:\/\/www.nettali.com\/#website","url":"https:\/\/www.nettali.com\/","name":"Nettali.com","description":"Le rendez-vous critique du Net","potentialAction":[{"@type":"SearchAction","target":{"@type":"EntryPoint","urlTemplate":"https:\/\/www.nettali.com\/?s={search_term_string}"},"query-input":"required name=search_term_string"}],"inLanguage":"fr-FR"},{"@type":"ImageObject","@id":"https:\/\/www.nettali.com\/2023\/03\/20\/en-coulisses-le-ramadan-demarre-cette-semaine\/#primaryimage","inLanguage":"fr-FR","url":"https:\/\/www.nettali.com\/wp-content\/uploads\/2020\/04\/ramadan-dates-photo-minaret-696x391-1.jpg","contentUrl":"https:\/\/www.nettali.com\/wp-content\/uploads\/2020\/04\/ramadan-dates-photo-minaret-696x391-1.jpg","width":696,"height":391},{"@type":"WebPage","@id":"https:\/\/www.nettali.com\/2023\/03\/20\/en-coulisses-le-ramadan-demarre-cette-semaine\/#webpage","url":"https:\/\/www.nettali.com\/2023\/03\/20\/en-coulisses-le-ramadan-demarre-cette-semaine\/","name":"EN COULISSES - Le Ramadan d\u00e9marre cette semaine | Nettali.com","isPartOf":{"@id":"https:\/\/www.nettali.com\/#website"},"primaryImageOfPage":{"@id":"https:\/\/www.nettali.com\/2023\/03\/20\/en-coulisses-le-ramadan-demarre-cette-semaine\/#primaryimage"},"datePublished":"2023-03-20T11:06:11+00:00","dateModified":"2023-03-20T11:06:11+00:00","author":{"@id":"https:\/\/www.nettali.com\/#\/schema\/person\/3317e0bb3aa1da309fbf7b2780901bf4"},"breadcrumb":{"@id":"https:\/\/www.nettali.com\/2023\/03\/20\/en-coulisses-le-ramadan-demarre-cette-semaine\/#breadcrumb"},"inLanguage":"fr-FR","potentialAction":[{"@type":"ReadAction","target":["https:\/\/www.nettali.com\/2023\/03\/20\/en-coulisses-le-ramadan-demarre-cette-semaine\/"]}]},{"@type":"BreadcrumbList","@id":"https:\/\/www.nettali.com\/2023\/03\/20\/en-coulisses-le-ramadan-demarre-cette-semaine\/#breadcrumb","itemListElement":[{"@type":"ListItem","position":1,"name":"Accueil","item":"https:\/\/www.nettali.com\/"},{"@type":"ListItem","position":2,"name":"EN COULISSES - Le Ramadan d\u00e9marre cette semaine"}]},{"@type":"Person","@id":"https:\/\/www.nettali.com\/#\/schema\/person\/3317e0bb3aa1da309fbf7b2780901bf4","name":"Daouda","image":{"@type":"ImageObject","@id":"https:\/\/www.nettali.com\/#personlogo","inLanguage":"fr-FR","url":"https:\/\/secure.gravatar.com\/avatar\/8d143b5a49345098ddcfee1c49c2f47c?s=96&d=mm&r=g","contentUrl":"https:\/\/secure.gravatar.com\/avatar\/8d143b5a49345098ddcfee1c49c2f47c?s=96&d=mm&r=g","caption":"Daouda"},"sameAs":["https:\/\/www.nettali.com"]}]}},"_links":{"self":[{"href":"https:\/\/www.nettali.com\/rest\/wp\/v2\/posts\/106451"}],"collection":[{"href":"https:\/\/www.nettali.com\/rest\/wp\/v2\/posts"}],"about":[{"href":"https:\/\/www.nettali.com\/rest\/wp\/v2\/types\/post"}],"author":[{"embeddable":true,"href":"https:\/\/www.nettali.com\/rest\/wp\/v2\/users\/4"}],"replies":[{"embeddable":true,"href":"https:\/\/www.nettali.com\/rest\/wp\/v2\/comments?post=106451"}],"version-history":[{"count":1,"href":"https:\/\/www.nettali.com\/rest\/wp\/v2\/posts\/106451\/revisions"}],"predecessor-version":[{"id":106452,"href":"https:\/\/www.nettali.com\/rest\/wp\/v2\/posts\/106451\/revisions\/106452"}],"wp:featuredmedia":[{"embeddable":true,"href":"https:\/\/www.nettali.com\/rest\/wp\/v2\/media\/34650"}],"wp:attachment":[{"href":"https:\/\/www.nettali.com\/rest\/wp\/v2\/media?parent=106451"}],"wp:term":[{"taxonomy":"category","embeddable":true,"href":"https:\/\/www.nettali.com\/rest\/wp\/v2\/categories?post=106451"},{"taxonomy":"post_tag","embeddable":true,"href":"https:\/\/www.nettali.com\/rest\/wp\/v2\/tags?post=106451"}],"curies":[{"name":"wp","href":"https:\/\/api.w.org\/{rel}","templated":true}]}}