{"id":106441,"date":"2023-03-20T09:38:52","date_gmt":"2023-03-20T09:38:52","guid":{"rendered":"https:\/\/www.nettali.com\/?p=106441"},"modified":"2023-03-20T09:38:52","modified_gmt":"2023-03-20T09:38:52","slug":"en-coulisses-cheikh-yerim-seck-ne-voit-que-deux-options-dans-ce-proces","status":"publish","type":"post","link":"https:\/\/www.nettali.com\/2023\/03\/20\/en-coulisses-cheikh-yerim-seck-ne-voit-que-deux-options-dans-ce-proces\/","title":{"rendered":"EN COULISSES - Cheikh Y\u00e9rim Seck ne voit que deux options dans ce proc\u00e8s !"},"content":{"rendered":"<p><strong>NETTALI.COM -<\/strong> Invit\u00e9 de l'\u00e9mission \u00ab Confrontation \u00bb sur la 2 STV, samedi 18 mars, le journaliste Cheikh Y\u00e9rim Seck, abordant l'affaire de diffamation opposant Mame Mbaye Niang \u00e0 Ousmane Sonko, a estim\u00e9 que si cela ne d\u00e9pendait que de lui, les probl\u00e8mes de d\u00e9mocratie ne se r\u00e9soudraient pas en justice, expliquant au passage, qu\u2019en France les probl\u00e8mes de diffamation sont tranch\u00e9s de mani\u00e8re simple et rapide devant un juge et finissent soit par un d\u00e9menti, un rectificatif voire parfois par une mise au point avec l\u2019accord des deux parties.<\/p>\n<p>Mais dans ce cas d\u2019esp\u00e8ce, a t-il relev\u00e9, les probl\u00e8mes de diffamation se r\u00e9solvent en justice au S\u00e9n\u00e9gal, pr\u00e9cisant au passage que Mame Mbaye Niang a port\u00e9 plainte puisqu\u2019Ousmane Sonko l\u2019a accus\u00e9 d\u2019\u00eatre \u00e9pingl\u00e9 par un rapport et de d\u00e9tenir des preuves.<\/p>\n<p>De deux choses l\u2019une, pr\u00e9cise l\u2019ancien de \"Jeune Afrique\" : soit il apporte les preuves qu\u2019il dit d\u00e9tenir si c\u2019est le cas ; soit le juge le condamne s\u2019il estime qu\u2019il n\u2019a pas apport\u00e9 de preuve. Celui-ci pense m\u00eame qu\u2019il ne faut pas que les S\u00e9n\u00e9galais se laissent distraire.<\/p>\n<p>A la question de savoir pourquoi cette affaire tra\u00eenerait-elle en longueur, Seck pense qu\u2019il y a un d\u00e9but d\u2019explications, citant le cas de Cledor Cir\u00e9 Ly qui s\u2019est fait \u00e9vacuer sur une chaise roulante et qui une fois arriv\u00e9 en France, s\u2019est mis \u00e0 marcher et a \u00e9t\u00e9 aper\u00e7u dans un bistrot en train de boire son caf\u00e9.<\/p>\n<p>Tombant dans l\u2019ironie cheikh Y\u00e9rim Seck, de faire noter qu\u2019il y a peut-\u00eatre moins de poussi\u00e8re et plus de fra\u00eecheur, entre autres raisons qui font que l\u2019avocat s\u2019est vite mieux senti. Aussi, celui-ci a-t-il souhait\u00e9 un r\u00e9tablissement rapide d\u2019Ousmane Sonko et de son avocat afin que le 30 mars l\u2019affaire soit vid\u00e9e, estimant que les S\u00e9n\u00e9galais sont fatigu\u00e9s.<\/p>\n<p>&nbsp;<\/p>\n<div class='share-to-whatsapp-wrapper'><div class='share-on-whsp'>PARTAGER SUR : <\/div><a data-text='EN COULISSES - Cheikh Y\u00e9rim Seck ne voit que deux options dans ce proc\u00e8s !' data-link='https:\/\/www.nettali.com\/2023\/03\/20\/en-coulisses-cheikh-yerim-seck-ne-voit-que-deux-options-dans-ce-proces\/' class='whatsapp-button whatsapp-share'>WhatsApp<\/a><div class='clear '><\/div><\/div>","protected":false},"excerpt":{"rendered":"<p>NETTALI.COM - Invit\u00e9 de l'\u00e9mission \u00ab Confrontation \u00bb sur la 2 STV, samedi 18 mars, le journaliste Cheikh Y\u00e9rim Seck, abordant l'affaire de diffamation opposant Mame Mbaye Niang \u00e0 Ousmane Sonko, a estim\u00e9 que si cela ne d\u00e9pendait que de lui, les probl\u00e8mes de d\u00e9mocratie ne se r\u00e9soudraient pas en justice, expliquant au passage, qu\u2019en [&hellip;]<\/p>\n","protected":false},"author":2,"featured_media":106444,"comment_status":"open","ping_status":"open","sticky":false,"template":"","format":"standard","meta":{"_et_pb_use_builder":"","_et_pb_old_content":""},"categories":[34945],"tags":[],"yoast_head":"<!-- This site is optimized with the Yoast SEO Premium plugin v17.8 (Yoast SEO v17.8) - https:\/\/yoast.com\/wordpress\/plugins\/seo\/ -->\n<title>EN COULISSES - Cheikh Y\u00e9rim Seck ne voit que deux options dans ce proc\u00e8s ! | Nettali.com<\/title>\n<meta name=\"robots\" content=\"index, follow, max-snippet:-1, max-image-preview:large, max-video-preview:-1\" \/>\n<link rel=\"canonical\" href=\"https:\/\/www.nettali.com\/2023\/03\/20\/en-coulisses-cheikh-yerim-seck-ne-voit-que-deux-options-dans-ce-proces\/\" \/>\n<meta property=\"og:locale\" content=\"fr_FR\" \/>\n<meta property=\"og:type\" content=\"article\" \/>\n<meta property=\"og:title\" content=\"EN COULISSES - Cheikh Y\u00e9rim Seck ne voit que deux options dans ce proc\u00e8s !\" \/>\n<meta property=\"og:description\" content=\"NETTALI.COM - Invit\u00e9 de l&#039;\u00e9mission \u00ab Confrontation \u00bb sur la 2 STV, samedi 18 mars, le journaliste Cheikh Y\u00e9rim Seck, abordant l&#039;affaire de diffamation opposant Mame Mbaye Niang \u00e0 Ousmane Sonko, a estim\u00e9 que si cela ne d\u00e9pendait que de lui, les probl\u00e8mes de d\u00e9mocratie ne se r\u00e9soudraient pas en justice, expliquant au passage, qu\u2019en [&hellip;]\" \/>\n<meta property=\"og:url\" content=\"https:\/\/www.nettali.com\/2023\/03\/20\/en-coulisses-cheikh-yerim-seck-ne-voit-que-deux-options-dans-ce-proces\/\" \/>\n<meta property=\"og:site_name\" content=\"Nettali.com\" \/>\n<meta property=\"article:publisher\" content=\"https:\/\/www.facebook.com\/nettalicom\" \/>\n<meta property=\"article:published_time\" content=\"2023-03-20T09:38:52+00:00\" \/>\n<meta property=\"og:image\" content=\"https:\/\/www.nettali.com\/wp-content\/uploads\/2023\/03\/Cheikh-Yerim-Seck.jpg\" \/>\n\t<meta property=\"og:image:width\" content=\"1280\" \/>\n\t<meta property=\"og:image:height\" content=\"960\" \/>\n<meta name=\"twitter:card\" content=\"summary_large_image\" \/>\n<meta name=\"twitter:label1\" content=\"\u00c9crit par\" \/>\n\t<meta name=\"twitter:data1\" content=\"CK\" \/>\n\t<meta name=\"twitter:label2\" content=\"Dur\u00e9e de lecture estim\u00e9e\" \/>\n\t<meta name=\"twitter:data2\" content=\"2 minutes\" \/>\n<script type=\"application\/ld+json\" class=\"yoast-schema-graph\">{\"@context\":\"https:\/\/schema.org\",\"@graph\":[{\"@type\":\"WebSite\",\"@id\":\"https:\/\/www.nettali.com\/#website\",\"url\":\"https:\/\/www.nettali.com\/\",\"name\":\"Nettali.com\",\"description\":\"Le rendez-vous critique du Net\",\"potentialAction\":[{\"@type\":\"SearchAction\",\"target\":{\"@type\":\"EntryPoint\",\"urlTemplate\":\"https:\/\/www.nettali.com\/?s={search_term_string}\"},\"query-input\":\"required name=search_term_string\"}],\"inLanguage\":\"fr-FR\"},{\"@type\":\"ImageObject\",\"@id\":\"https:\/\/www.nettali.com\/2023\/03\/20\/en-coulisses-cheikh-yerim-seck-ne-voit-que-deux-options-dans-ce-proces\/#primaryimage\",\"inLanguage\":\"fr-FR\",\"url\":\"https:\/\/www.nettali.com\/wp-content\/uploads\/2023\/03\/Cheikh-Yerim-Seck.jpg\",\"contentUrl\":\"https:\/\/www.nettali.com\/wp-content\/uploads\/2023\/03\/Cheikh-Yerim-Seck.jpg\",\"width\":1280,\"height\":960},{\"@type\":\"WebPage\",\"@id\":\"https:\/\/www.nettali.com\/2023\/03\/20\/en-coulisses-cheikh-yerim-seck-ne-voit-que-deux-options-dans-ce-proces\/#webpage\",\"url\":\"https:\/\/www.nettali.com\/2023\/03\/20\/en-coulisses-cheikh-yerim-seck-ne-voit-que-deux-options-dans-ce-proces\/\",\"name\":\"EN COULISSES - Cheikh Y\\u00e9rim Seck ne voit que deux options dans ce proc\\u00e8s ! | Nettali.com\",\"isPartOf\":{\"@id\":\"https:\/\/www.nettali.com\/#website\"},\"primaryImageOfPage\":{\"@id\":\"https:\/\/www.nettali.com\/2023\/03\/20\/en-coulisses-cheikh-yerim-seck-ne-voit-que-deux-options-dans-ce-proces\/#primaryimage\"},\"datePublished\":\"2023-03-20T09:38:52+00:00\",\"dateModified\":\"2023-03-20T09:38:52+00:00\",\"author\":{\"@id\":\"https:\/\/www.nettali.com\/#\/schema\/person\/d8ac7b7e27ddad43f1c0d2ef090d7f71\"},\"breadcrumb\":{\"@id\":\"https:\/\/www.nettali.com\/2023\/03\/20\/en-coulisses-cheikh-yerim-seck-ne-voit-que-deux-options-dans-ce-proces\/#breadcrumb\"},\"inLanguage\":\"fr-FR\",\"potentialAction\":[{\"@type\":\"ReadAction\",\"target\":[\"https:\/\/www.nettali.com\/2023\/03\/20\/en-coulisses-cheikh-yerim-seck-ne-voit-que-deux-options-dans-ce-proces\/\"]}]},{\"@type\":\"BreadcrumbList\",\"@id\":\"https:\/\/www.nettali.com\/2023\/03\/20\/en-coulisses-cheikh-yerim-seck-ne-voit-que-deux-options-dans-ce-proces\/#breadcrumb\",\"itemListElement\":[{\"@type\":\"ListItem\",\"position\":1,\"name\":\"Accueil\",\"item\":\"https:\/\/www.nettali.com\/\"},{\"@type\":\"ListItem\",\"position\":2,\"name\":\"EN COULISSES - Cheikh Y\\u00e9rim Seck ne voit que deux options dans ce proc\\u00e8s !\"}]},{\"@type\":\"Person\",\"@id\":\"https:\/\/www.nettali.com\/#\/schema\/person\/d8ac7b7e27ddad43f1c0d2ef090d7f71\",\"name\":\"CK\",\"image\":{\"@type\":\"ImageObject\",\"@id\":\"https:\/\/www.nettali.com\/#personlogo\",\"inLanguage\":\"fr-FR\",\"url\":\"https:\/\/secure.gravatar.com\/avatar\/1d8d5118b9327d94da7cd4ce7f17fec2?s=96&d=mm&r=g\",\"contentUrl\":\"https:\/\/secure.gravatar.com\/avatar\/1d8d5118b9327d94da7cd4ce7f17fec2?s=96&d=mm&r=g\",\"caption\":\"CK\"},\"sameAs\":[\"https:\/\/www.nettali.com\"]}]}<\/script>\n<!-- \/ Yoast SEO Premium plugin. -->","yoast_head_json":{"title":"EN COULISSES - Cheikh Y\u00e9rim Seck ne voit que deux options dans ce proc\u00e8s ! | Nettali.com","robots":{"index":"index","follow":"follow","max-snippet":"max-snippet:-1","max-image-preview":"max-image-preview:large","max-video-preview":"max-video-preview:-1"},"canonical":"https:\/\/www.nettali.com\/2023\/03\/20\/en-coulisses-cheikh-yerim-seck-ne-voit-que-deux-options-dans-ce-proces\/","og_locale":"fr_FR","og_type":"article","og_title":"EN COULISSES - Cheikh Y\u00e9rim Seck ne voit que deux options dans ce proc\u00e8s !","og_description":"NETTALI.COM - Invit\u00e9 de l'\u00e9mission \u00ab Confrontation \u00bb sur la 2 STV, samedi 18 mars, le journaliste Cheikh Y\u00e9rim Seck, abordant l'affaire de diffamation opposant Mame Mbaye Niang \u00e0 Ousmane Sonko, a estim\u00e9 que si cela ne d\u00e9pendait que de lui, les probl\u00e8mes de d\u00e9mocratie ne se r\u00e9soudraient pas en justice, expliquant au passage, qu\u2019en [&hellip;]","og_url":"https:\/\/www.nettali.com\/2023\/03\/20\/en-coulisses-cheikh-yerim-seck-ne-voit-que-deux-options-dans-ce-proces\/","og_site_name":"Nettali.com","article_publisher":"https:\/\/www.facebook.com\/nettalicom","article_published_time":"2023-03-20T09:38:52+00:00","og_image":[{"width":1280,"height":960,"url":"https:\/\/www.nettali.com\/wp-content\/uploads\/2023\/03\/Cheikh-Yerim-Seck.jpg","type":"image\/jpeg"}],"twitter_card":"summary_large_image","twitter_misc":{"\u00c9crit par":"CK","Dur\u00e9e de lecture estim\u00e9e":"2 minutes"},"schema":{"@context":"https:\/\/schema.org","@graph":[{"@type":"WebSite","@id":"https:\/\/www.nettali.com\/#website","url":"https:\/\/www.nettali.com\/","name":"Nettali.com","description":"Le rendez-vous critique du Net","potentialAction":[{"@type":"SearchAction","target":{"@type":"EntryPoint","urlTemplate":"https:\/\/www.nettali.com\/?s={search_term_string}"},"query-input":"required name=search_term_string"}],"inLanguage":"fr-FR"},{"@type":"ImageObject","@id":"https:\/\/www.nettali.com\/2023\/03\/20\/en-coulisses-cheikh-yerim-seck-ne-voit-que-deux-options-dans-ce-proces\/#primaryimage","inLanguage":"fr-FR","url":"https:\/\/www.nettali.com\/wp-content\/uploads\/2023\/03\/Cheikh-Yerim-Seck.jpg","contentUrl":"https:\/\/www.nettali.com\/wp-content\/uploads\/2023\/03\/Cheikh-Yerim-Seck.jpg","width":1280,"height":960},{"@type":"WebPage","@id":"https:\/\/www.nettali.com\/2023\/03\/20\/en-coulisses-cheikh-yerim-seck-ne-voit-que-deux-options-dans-ce-proces\/#webpage","url":"https:\/\/www.nettali.com\/2023\/03\/20\/en-coulisses-cheikh-yerim-seck-ne-voit-que-deux-options-dans-ce-proces\/","name":"EN COULISSES - Cheikh Y\u00e9rim Seck ne voit que deux options dans ce proc\u00e8s ! | Nettali.com","isPartOf":{"@id":"https:\/\/www.nettali.com\/#website"},"primaryImageOfPage":{"@id":"https:\/\/www.nettali.com\/2023\/03\/20\/en-coulisses-cheikh-yerim-seck-ne-voit-que-deux-options-dans-ce-proces\/#primaryimage"},"datePublished":"2023-03-20T09:38:52+00:00","dateModified":"2023-03-20T09:38:52+00:00","author":{"@id":"https:\/\/www.nettali.com\/#\/schema\/person\/d8ac7b7e27ddad43f1c0d2ef090d7f71"},"breadcrumb":{"@id":"https:\/\/www.nettali.com\/2023\/03\/20\/en-coulisses-cheikh-yerim-seck-ne-voit-que-deux-options-dans-ce-proces\/#breadcrumb"},"inLanguage":"fr-FR","potentialAction":[{"@type":"ReadAction","target":["https:\/\/www.nettali.com\/2023\/03\/20\/en-coulisses-cheikh-yerim-seck-ne-voit-que-deux-options-dans-ce-proces\/"]}]},{"@type":"BreadcrumbList","@id":"https:\/\/www.nettali.com\/2023\/03\/20\/en-coulisses-cheikh-yerim-seck-ne-voit-que-deux-options-dans-ce-proces\/#breadcrumb","itemListElement":[{"@type":"ListItem","position":1,"name":"Accueil","item":"https:\/\/www.nettali.com\/"},{"@type":"ListItem","position":2,"name":"EN COULISSES - Cheikh Y\u00e9rim Seck ne voit que deux options dans ce proc\u00e8s !"}]},{"@type":"Person","@id":"https:\/\/www.nettali.com\/#\/schema\/person\/d8ac7b7e27ddad43f1c0d2ef090d7f71","name":"CK","image":{"@type":"ImageObject","@id":"https:\/\/www.nettali.com\/#personlogo","inLanguage":"fr-FR","url":"https:\/\/secure.gravatar.com\/avatar\/1d8d5118b9327d94da7cd4ce7f17fec2?s=96&d=mm&r=g","contentUrl":"https:\/\/secure.gravatar.com\/avatar\/1d8d5118b9327d94da7cd4ce7f17fec2?s=96&d=mm&r=g","caption":"CK"},"sameAs":["https:\/\/www.nettali.com"]}]}},"_links":{"self":[{"href":"https:\/\/www.nettali.com\/rest\/wp\/v2\/posts\/106441"}],"collection":[{"href":"https:\/\/www.nettali.com\/rest\/wp\/v2\/posts"}],"about":[{"href":"https:\/\/www.nettali.com\/rest\/wp\/v2\/types\/post"}],"author":[{"embeddable":true,"href":"https:\/\/www.nettali.com\/rest\/wp\/v2\/users\/2"}],"replies":[{"embeddable":true,"href":"https:\/\/www.nettali.com\/rest\/wp\/v2\/comments?post=106441"}],"version-history":[{"count":2,"href":"https:\/\/www.nettali.com\/rest\/wp\/v2\/posts\/106441\/revisions"}],"predecessor-version":[{"id":106445,"href":"https:\/\/www.nettali.com\/rest\/wp\/v2\/posts\/106441\/revisions\/106445"}],"wp:featuredmedia":[{"embeddable":true,"href":"https:\/\/www.nettali.com\/rest\/wp\/v2\/media\/106444"}],"wp:attachment":[{"href":"https:\/\/www.nettali.com\/rest\/wp\/v2\/media?parent=106441"}],"wp:term":[{"taxonomy":"category","embeddable":true,"href":"https:\/\/www.nettali.com\/rest\/wp\/v2\/categories?post=106441"},{"taxonomy":"post_tag","embeddable":true,"href":"https:\/\/www.nettali.com\/rest\/wp\/v2\/tags?post=106441"}],"curies":[{"name":"wp","href":"https:\/\/api.w.org\/{rel}","templated":true}]}}