{"id":106429,"date":"2023-03-20T08:34:17","date_gmt":"2023-03-20T08:34:17","guid":{"rendered":"https:\/\/www.nettali.com\/?p=106429"},"modified":"2023-03-20T08:34:17","modified_gmt":"2023-03-20T08:34:17","slug":"en-coulisses-pastef-parle-de-tentative-dassassinat","status":"publish","type":"post","link":"https:\/\/www.nettali.com\/2023\/03\/20\/en-coulisses-pastef-parle-de-tentative-dassassinat\/","title":{"rendered":"EN COULISSES - Pastef parle de \"tentative d'assassinat\""},"content":{"rendered":"<p><strong>NETTALI.COM -<\/strong> Les partisans de l\u2019opposant vont saisir la justice, dans le cadre de l\u2019interpellation muscl\u00e9e du maire de Ziguinchor par la police, jeudi, sur sa route vers le tribunal de Dakar.<\/p>\n<p>Selon en effet Bassirou Diomaye Faye, \"\u00e0<em> chaque fois que le pr\u00e9sident Ousmane Sonko est convoqu\u00e9, c\u2019est le pr\u00e9texte de s\u2019en prendre physiquement \u00e0 lui. Et cela a connu son comble le 16 mars avec une tentative d\u2019assassinat sur fond d\u2019empoisonnement. (\u2026) Tout ce qui arrivera aupr\u00e9sident Ousmane Sonko et qui ressortira du traitement qu\u2019il a subi de la part des forces de l\u2019ordre sera de la responsabilit\u00e9 du pr\u00e9sident Macky Sall et de son ministre de l\u2019Int\u00e9rieur qui donne les ordres sur le terrain<\/em>\".<\/p>\n<p>Le secr\u00e9taire g\u00e9n\u00e9ral de Pastef ne s\u2019en est pas arr\u00eat\u00e9 l\u00e0 et a annonc\u00e9, dans la foul\u00e9e, que \"<em>ces actes ignobles et barbares contre le pr\u00e9sident Ousmane Sonko, et<\/em><br \/>\n<em>m\u00eame ses avocats et ses militants, feront l\u2019objet de plaintes que le parti va d\u00e9poser pour tentative d\u2019assassinat et pour atteinte \u00e0 l\u2019int\u00e9grit\u00e9 physique<\/em>\".<\/p>\n<p>C\u2019est pourquoi, a d\u00e9clar\u00e9 Bassirou Diomaye Faye, le parti a d\u00e9cid\u00e9 de mettre tous les moyens, en relation avec ses avocats, pour son \u00e9vacuation \u00e0 l\u2018\u00e9tranger pour d\u00e9terminer le degr\u00e9 de nocivit\u00e9 du gaz qui lui a \u00e9t\u00e9 administr\u00e9. \"De ce fait, nous exigeons que son passeport lui soit restitu\u00e9 de suite\", a-t-il ajout\u00e9.<\/p>\n<div class='share-to-whatsapp-wrapper'><div class='share-on-whsp'>PARTAGER SUR : <\/div><a data-text='EN COULISSES - Pastef parle de \"tentative d'assassinat\"' data-link='https:\/\/www.nettali.com\/2023\/03\/20\/en-coulisses-pastef-parle-de-tentative-dassassinat\/' class='whatsapp-button whatsapp-share'>WhatsApp<\/a><div class='clear '><\/div><\/div>","protected":false},"excerpt":{"rendered":"<p>NETTALI.COM - Les partisans de l\u2019opposant vont saisir la justice, dans le cadre de l\u2019interpellation muscl\u00e9e du maire de Ziguinchor par la police, jeudi, sur sa route vers le tribunal de Dakar. Selon en effet Bassirou Diomaye Faye, \"\u00e0 chaque fois que le pr\u00e9sident Ousmane Sonko est convoqu\u00e9, c\u2019est le pr\u00e9texte de s\u2019en prendre physiquement [&hellip;]<\/p>\n","protected":false},"author":2,"featured_media":106435,"comment_status":"open","ping_status":"open","sticky":false,"template":"","format":"standard","meta":{"_et_pb_use_builder":"","_et_pb_old_content":""},"categories":[34945],"tags":[],"yoast_head":"<!-- This site is optimized with the Yoast SEO Premium plugin v17.8 (Yoast SEO v17.8) - https:\/\/yoast.com\/wordpress\/plugins\/seo\/ -->\n<title>EN COULISSES - Pastef parle de &quot;tentative d&#039;assassinat&quot; | Nettali.com<\/title>\n<meta name=\"robots\" content=\"index, follow, max-snippet:-1, max-image-preview:large, max-video-preview:-1\" \/>\n<link rel=\"canonical\" href=\"https:\/\/www.nettali.com\/2023\/03\/20\/en-coulisses-pastef-parle-de-tentative-dassassinat\/\" \/>\n<meta property=\"og:locale\" content=\"fr_FR\" \/>\n<meta property=\"og:type\" content=\"article\" \/>\n<meta property=\"og:title\" content=\"EN COULISSES - Pastef parle de &quot;tentative d&#039;assassinat&quot;\" \/>\n<meta property=\"og:description\" content=\"NETTALI.COM - Les partisans de l\u2019opposant vont saisir la justice, dans le cadre de l\u2019interpellation muscl\u00e9e du maire de Ziguinchor par la police, jeudi, sur sa route vers le tribunal de Dakar. Selon en effet Bassirou Diomaye Faye, &quot;\u00e0 chaque fois que le pr\u00e9sident Ousmane Sonko est convoqu\u00e9, c\u2019est le pr\u00e9texte de s\u2019en prendre physiquement [&hellip;]\" \/>\n<meta property=\"og:url\" content=\"https:\/\/www.nettali.com\/2023\/03\/20\/en-coulisses-pastef-parle-de-tentative-dassassinat\/\" \/>\n<meta property=\"og:site_name\" content=\"Nettali.com\" \/>\n<meta property=\"article:publisher\" content=\"https:\/\/www.facebook.com\/nettalicom\" \/>\n<meta property=\"article:published_time\" content=\"2023-03-20T08:34:17+00:00\" \/>\n<meta property=\"og:image\" content=\"https:\/\/www.nettali.com\/wp-content\/uploads\/2023\/03\/Bassirou-Diomaye-Faye.jpg\" \/>\n\t<meta property=\"og:image:width\" content=\"600\" \/>\n\t<meta property=\"og:image:height\" content=\"419\" \/>\n<meta name=\"twitter:card\" content=\"summary_large_image\" \/>\n<meta name=\"twitter:label1\" content=\"\u00c9crit par\" \/>\n\t<meta name=\"twitter:data1\" content=\"CK\" \/>\n\t<meta name=\"twitter:label2\" content=\"Dur\u00e9e de lecture estim\u00e9e\" \/>\n\t<meta name=\"twitter:data2\" content=\"2 minutes\" \/>\n<script type=\"application\/ld+json\" class=\"yoast-schema-graph\">{\"@context\":\"https:\/\/schema.org\",\"@graph\":[{\"@type\":\"WebSite\",\"@id\":\"https:\/\/www.nettali.com\/#website\",\"url\":\"https:\/\/www.nettali.com\/\",\"name\":\"Nettali.com\",\"description\":\"Le rendez-vous critique du Net\",\"potentialAction\":[{\"@type\":\"SearchAction\",\"target\":{\"@type\":\"EntryPoint\",\"urlTemplate\":\"https:\/\/www.nettali.com\/?s={search_term_string}\"},\"query-input\":\"required name=search_term_string\"}],\"inLanguage\":\"fr-FR\"},{\"@type\":\"ImageObject\",\"@id\":\"https:\/\/www.nettali.com\/2023\/03\/20\/en-coulisses-pastef-parle-de-tentative-dassassinat\/#primaryimage\",\"inLanguage\":\"fr-FR\",\"url\":\"https:\/\/www.nettali.com\/wp-content\/uploads\/2023\/03\/Bassirou-Diomaye-Faye.jpg\",\"contentUrl\":\"https:\/\/www.nettali.com\/wp-content\/uploads\/2023\/03\/Bassirou-Diomaye-Faye.jpg\",\"width\":600,\"height\":419},{\"@type\":\"WebPage\",\"@id\":\"https:\/\/www.nettali.com\/2023\/03\/20\/en-coulisses-pastef-parle-de-tentative-dassassinat\/#webpage\",\"url\":\"https:\/\/www.nettali.com\/2023\/03\/20\/en-coulisses-pastef-parle-de-tentative-dassassinat\/\",\"name\":\"EN COULISSES - Pastef parle de \\\"tentative d'assassinat\\\" | Nettali.com\",\"isPartOf\":{\"@id\":\"https:\/\/www.nettali.com\/#website\"},\"primaryImageOfPage\":{\"@id\":\"https:\/\/www.nettali.com\/2023\/03\/20\/en-coulisses-pastef-parle-de-tentative-dassassinat\/#primaryimage\"},\"datePublished\":\"2023-03-20T08:34:17+00:00\",\"dateModified\":\"2023-03-20T08:34:17+00:00\",\"author\":{\"@id\":\"https:\/\/www.nettali.com\/#\/schema\/person\/d8ac7b7e27ddad43f1c0d2ef090d7f71\"},\"breadcrumb\":{\"@id\":\"https:\/\/www.nettali.com\/2023\/03\/20\/en-coulisses-pastef-parle-de-tentative-dassassinat\/#breadcrumb\"},\"inLanguage\":\"fr-FR\",\"potentialAction\":[{\"@type\":\"ReadAction\",\"target\":[\"https:\/\/www.nettali.com\/2023\/03\/20\/en-coulisses-pastef-parle-de-tentative-dassassinat\/\"]}]},{\"@type\":\"BreadcrumbList\",\"@id\":\"https:\/\/www.nettali.com\/2023\/03\/20\/en-coulisses-pastef-parle-de-tentative-dassassinat\/#breadcrumb\",\"itemListElement\":[{\"@type\":\"ListItem\",\"position\":1,\"name\":\"Accueil\",\"item\":\"https:\/\/www.nettali.com\/\"},{\"@type\":\"ListItem\",\"position\":2,\"name\":\"EN COULISSES - Pastef parle de \\\"tentative d'assassinat\\\"\"}]},{\"@type\":\"Person\",\"@id\":\"https:\/\/www.nettali.com\/#\/schema\/person\/d8ac7b7e27ddad43f1c0d2ef090d7f71\",\"name\":\"CK\",\"image\":{\"@type\":\"ImageObject\",\"@id\":\"https:\/\/www.nettali.com\/#personlogo\",\"inLanguage\":\"fr-FR\",\"url\":\"https:\/\/secure.gravatar.com\/avatar\/1d8d5118b9327d94da7cd4ce7f17fec2?s=96&d=mm&r=g\",\"contentUrl\":\"https:\/\/secure.gravatar.com\/avatar\/1d8d5118b9327d94da7cd4ce7f17fec2?s=96&d=mm&r=g\",\"caption\":\"CK\"},\"sameAs\":[\"https:\/\/www.nettali.com\"]}]}<\/script>\n<!-- \/ Yoast SEO Premium plugin. -->","yoast_head_json":{"title":"EN COULISSES - Pastef parle de \"tentative d'assassinat\" | Nettali.com","robots":{"index":"index","follow":"follow","max-snippet":"max-snippet:-1","max-image-preview":"max-image-preview:large","max-video-preview":"max-video-preview:-1"},"canonical":"https:\/\/www.nettali.com\/2023\/03\/20\/en-coulisses-pastef-parle-de-tentative-dassassinat\/","og_locale":"fr_FR","og_type":"article","og_title":"EN COULISSES - Pastef parle de \"tentative d'assassinat\"","og_description":"NETTALI.COM - Les partisans de l\u2019opposant vont saisir la justice, dans le cadre de l\u2019interpellation muscl\u00e9e du maire de Ziguinchor par la police, jeudi, sur sa route vers le tribunal de Dakar. Selon en effet Bassirou Diomaye Faye, \"\u00e0 chaque fois que le pr\u00e9sident Ousmane Sonko est convoqu\u00e9, c\u2019est le pr\u00e9texte de s\u2019en prendre physiquement [&hellip;]","og_url":"https:\/\/www.nettali.com\/2023\/03\/20\/en-coulisses-pastef-parle-de-tentative-dassassinat\/","og_site_name":"Nettali.com","article_publisher":"https:\/\/www.facebook.com\/nettalicom","article_published_time":"2023-03-20T08:34:17+00:00","og_image":[{"width":600,"height":419,"url":"https:\/\/www.nettali.com\/wp-content\/uploads\/2023\/03\/Bassirou-Diomaye-Faye.jpg","type":"image\/jpeg"}],"twitter_card":"summary_large_image","twitter_misc":{"\u00c9crit par":"CK","Dur\u00e9e de lecture estim\u00e9e":"2 minutes"},"schema":{"@context":"https:\/\/schema.org","@graph":[{"@type":"WebSite","@id":"https:\/\/www.nettali.com\/#website","url":"https:\/\/www.nettali.com\/","name":"Nettali.com","description":"Le rendez-vous critique du Net","potentialAction":[{"@type":"SearchAction","target":{"@type":"EntryPoint","urlTemplate":"https:\/\/www.nettali.com\/?s={search_term_string}"},"query-input":"required name=search_term_string"}],"inLanguage":"fr-FR"},{"@type":"ImageObject","@id":"https:\/\/www.nettali.com\/2023\/03\/20\/en-coulisses-pastef-parle-de-tentative-dassassinat\/#primaryimage","inLanguage":"fr-FR","url":"https:\/\/www.nettali.com\/wp-content\/uploads\/2023\/03\/Bassirou-Diomaye-Faye.jpg","contentUrl":"https:\/\/www.nettali.com\/wp-content\/uploads\/2023\/03\/Bassirou-Diomaye-Faye.jpg","width":600,"height":419},{"@type":"WebPage","@id":"https:\/\/www.nettali.com\/2023\/03\/20\/en-coulisses-pastef-parle-de-tentative-dassassinat\/#webpage","url":"https:\/\/www.nettali.com\/2023\/03\/20\/en-coulisses-pastef-parle-de-tentative-dassassinat\/","name":"EN COULISSES - Pastef parle de \"tentative d'assassinat\" | Nettali.com","isPartOf":{"@id":"https:\/\/www.nettali.com\/#website"},"primaryImageOfPage":{"@id":"https:\/\/www.nettali.com\/2023\/03\/20\/en-coulisses-pastef-parle-de-tentative-dassassinat\/#primaryimage"},"datePublished":"2023-03-20T08:34:17+00:00","dateModified":"2023-03-20T08:34:17+00:00","author":{"@id":"https:\/\/www.nettali.com\/#\/schema\/person\/d8ac7b7e27ddad43f1c0d2ef090d7f71"},"breadcrumb":{"@id":"https:\/\/www.nettali.com\/2023\/03\/20\/en-coulisses-pastef-parle-de-tentative-dassassinat\/#breadcrumb"},"inLanguage":"fr-FR","potentialAction":[{"@type":"ReadAction","target":["https:\/\/www.nettali.com\/2023\/03\/20\/en-coulisses-pastef-parle-de-tentative-dassassinat\/"]}]},{"@type":"BreadcrumbList","@id":"https:\/\/www.nettali.com\/2023\/03\/20\/en-coulisses-pastef-parle-de-tentative-dassassinat\/#breadcrumb","itemListElement":[{"@type":"ListItem","position":1,"name":"Accueil","item":"https:\/\/www.nettali.com\/"},{"@type":"ListItem","position":2,"name":"EN COULISSES - Pastef parle de \"tentative d'assassinat\""}]},{"@type":"Person","@id":"https:\/\/www.nettali.com\/#\/schema\/person\/d8ac7b7e27ddad43f1c0d2ef090d7f71","name":"CK","image":{"@type":"ImageObject","@id":"https:\/\/www.nettali.com\/#personlogo","inLanguage":"fr-FR","url":"https:\/\/secure.gravatar.com\/avatar\/1d8d5118b9327d94da7cd4ce7f17fec2?s=96&d=mm&r=g","contentUrl":"https:\/\/secure.gravatar.com\/avatar\/1d8d5118b9327d94da7cd4ce7f17fec2?s=96&d=mm&r=g","caption":"CK"},"sameAs":["https:\/\/www.nettali.com"]}]}},"_links":{"self":[{"href":"https:\/\/www.nettali.com\/rest\/wp\/v2\/posts\/106429"}],"collection":[{"href":"https:\/\/www.nettali.com\/rest\/wp\/v2\/posts"}],"about":[{"href":"https:\/\/www.nettali.com\/rest\/wp\/v2\/types\/post"}],"author":[{"embeddable":true,"href":"https:\/\/www.nettali.com\/rest\/wp\/v2\/users\/2"}],"replies":[{"embeddable":true,"href":"https:\/\/www.nettali.com\/rest\/wp\/v2\/comments?post=106429"}],"version-history":[{"count":2,"href":"https:\/\/www.nettali.com\/rest\/wp\/v2\/posts\/106429\/revisions"}],"predecessor-version":[{"id":106431,"href":"https:\/\/www.nettali.com\/rest\/wp\/v2\/posts\/106429\/revisions\/106431"}],"wp:featuredmedia":[{"embeddable":true,"href":"https:\/\/www.nettali.com\/rest\/wp\/v2\/media\/106435"}],"wp:attachment":[{"href":"https:\/\/www.nettali.com\/rest\/wp\/v2\/media?parent=106429"}],"wp:term":[{"taxonomy":"category","embeddable":true,"href":"https:\/\/www.nettali.com\/rest\/wp\/v2\/categories?post=106429"},{"taxonomy":"post_tag","embeddable":true,"href":"https:\/\/www.nettali.com\/rest\/wp\/v2\/tags?post=106429"}],"curies":[{"name":"wp","href":"https:\/\/api.w.org\/{rel}","templated":true}]}}