{"id":106381,"date":"2023-03-19T13:04:30","date_gmt":"2023-03-19T13:04:30","guid":{"rendered":"https:\/\/www.nettali.com\/?p=106381"},"modified":"2023-03-20T08:06:21","modified_gmt":"2023-03-20T08:06:21","slug":"en-coulisses-cheikh-oumar-diagne-cueilli-par-la-dic","status":"publish","type":"post","link":"https:\/\/www.nettali.com\/2023\/03\/19\/en-coulisses-cheikh-oumar-diagne-cueilli-par-la-dic\/","title":{"rendered":"EN COULISSES  - Cheikh Oumar Diagne et Karim Xrum Xaax, plac\u00e9s en garde \u00e0 vue"},"content":{"rendered":"<p><strong>NETTALI.COM\u00a0 - <\/strong>\"<em>Je viens de voir la visite de la Dic chez moi pour les suivre. J\u2019y vais, restez forts<\/em>\". C\u2019est en ces quelques mots que Cheikh Oumar Diagne a annonc\u00e9, dimanche 19 mars qu\u2019il fait l\u2019objet d\u2019une convocation de la part des \u00e9l\u00e9ments de la Division des investigations criminelles (Dic).<\/p>\n<p>Selon en effet son avocat Cheikh Koureyssi Ba, le patron du Rassemblement pour la v\u00e9rit\u00e9 est plac\u00e9 en garde \u00e0 vue pour les faits d\u2019appel \u00e0 l\u2019insurrection, appel \u00e0 la violence contre les institutions et atteinte \u00e0 la suret\u00e9 de l\u2019\u00c9tat. Il y a lieu de pr\u00e9ciser que cette convocation, qui risque de lui co\u00fbter un mandat de d\u00e9p\u00f4t, est li\u00e9e \u00e0 sa sortie d\u2019avant-hier.<\/p>\n<p>Une arrestation qui\u00a0 intervient donc au lendemain d'une conf\u00e9rence de presse tenue par celui-ci aux c\u00f4t\u00e9s de Cl\u00e9dor S\u00e8ne et Dame Mbodj de la coalition \"<em>Le peuple<\/em>\". En effet au cours de ce face-\u00e0-face avec la presse, ils ont appel\u00e9 les S\u00e9n\u00e9galais \u00e0 se mobiliser pour exiger le d\u00e9part du Pr\u00e9sident Macky Sall. Ils ont ainsi lanc\u00e9 l'initiative d'un grand rassemblement d'un million de S\u00e9n\u00e9galais pour obtenir la d\u00e9mission de l'actuel chef de l\u2019Etat.<\/p>\n<p>Le m\u00eame jour, les limiers de la Dic avaient aussi convoqu\u00e9 le m\u00eame jour, l\u2019activiste Karim Xrum Xaax. Apr\u00e8s ses premi\u00e8res auditions par les hommes du commissaire Adram\u00e9 Sarr, le patron de la Dic, il s\u2019est vu notifier sa position de garde \u00e0 vue, pour les m\u00eames d\u00e9lits que Cheikh Oumar Diagne.<\/p>\n<p>A noter que tous les deux ont \u00e9t\u00e9 convoqu\u00e9s sur ordre du procureur de la R\u00e9publique, informent des sources.<\/p>\n<p>Pour rappel les deux avaient \u00e9t\u00e9 lib\u00e9r\u00e9s, le 10 f\u00e9vrier dernier, par la chambre d\u2019accusation.<\/p>\n<div class='share-to-whatsapp-wrapper'><div class='share-on-whsp'>PARTAGER SUR : <\/div><a data-text='EN COULISSES  - Cheikh Oumar Diagne et Karim Xrum Xaax, plac\u00e9s en garde \u00e0 vue' data-link='https:\/\/www.nettali.com\/2023\/03\/19\/en-coulisses-cheikh-oumar-diagne-cueilli-par-la-dic\/' class='whatsapp-button whatsapp-share'>WhatsApp<\/a><div class='clear '><\/div><\/div>","protected":false},"excerpt":{"rendered":"<p>NETTALI.COM\u00a0 - \"Je viens de voir la visite de la Dic chez moi pour les suivre. J\u2019y vais, restez forts\". C\u2019est en ces quelques mots que Cheikh Oumar Diagne a annonc\u00e9, dimanche 19 mars qu\u2019il fait l\u2019objet d\u2019une convocation de la part des \u00e9l\u00e9ments de la Division des investigations criminelles (Dic). Selon en effet son [&hellip;]<\/p>\n","protected":false},"author":3,"featured_media":84396,"comment_status":"open","ping_status":"open","sticky":false,"template":"","format":"standard","meta":{"_et_pb_use_builder":"","_et_pb_old_content":""},"categories":[34945],"tags":[],"yoast_head":"<!-- This site is optimized with the Yoast SEO Premium plugin v17.8 (Yoast SEO v17.8) - https:\/\/yoast.com\/wordpress\/plugins\/seo\/ -->\n<title>EN COULISSES - Cheikh Oumar Diagne et Karim Xrum Xaax, plac\u00e9s en garde \u00e0 vue | Nettali.com<\/title>\n<meta name=\"robots\" content=\"index, follow, max-snippet:-1, max-image-preview:large, max-video-preview:-1\" \/>\n<link rel=\"canonical\" href=\"https:\/\/www.nettali.com\/2023\/03\/19\/en-coulisses-cheikh-oumar-diagne-cueilli-par-la-dic\/\" \/>\n<meta property=\"og:locale\" content=\"fr_FR\" \/>\n<meta property=\"og:type\" content=\"article\" \/>\n<meta property=\"og:title\" content=\"EN COULISSES - Cheikh Oumar Diagne et Karim Xrum Xaax, plac\u00e9s en garde \u00e0 vue\" \/>\n<meta property=\"og:description\" content=\"NETTALI.COM\u00a0 - &quot;Je viens de voir la visite de la Dic chez moi pour les suivre. J\u2019y vais, restez forts&quot;. C\u2019est en ces quelques mots que Cheikh Oumar Diagne a annonc\u00e9, dimanche 19 mars qu\u2019il fait l\u2019objet d\u2019une convocation de la part des \u00e9l\u00e9ments de la Division des investigations criminelles (Dic). Selon en effet son [&hellip;]\" \/>\n<meta property=\"og:url\" content=\"https:\/\/www.nettali.com\/2023\/03\/19\/en-coulisses-cheikh-oumar-diagne-cueilli-par-la-dic\/\" \/>\n<meta property=\"og:site_name\" content=\"Nettali.com\" \/>\n<meta property=\"article:publisher\" content=\"https:\/\/www.facebook.com\/nettalicom\" \/>\n<meta property=\"article:published_time\" content=\"2023-03-19T13:04:30+00:00\" \/>\n<meta property=\"article:modified_time\" content=\"2023-03-20T08:06:21+00:00\" \/>\n<meta property=\"og:image\" content=\"https:\/\/www.nettali.com\/wp-content\/uploads\/2022\/04\/Cheikh-Oumar-Diagne-e1647966698489-1140x570-1.jpeg\" \/>\n\t<meta property=\"og:image:width\" content=\"1140\" \/>\n\t<meta property=\"og:image:height\" content=\"570\" \/>\n<meta name=\"twitter:card\" content=\"summary_large_image\" \/>\n<meta name=\"twitter:label1\" content=\"\u00c9crit par\" \/>\n\t<meta name=\"twitter:data1\" content=\"Moustapha\" \/>\n\t<meta name=\"twitter:label2\" content=\"Dur\u00e9e de lecture estim\u00e9e\" \/>\n\t<meta name=\"twitter:data2\" content=\"2 minutes\" \/>\n<script type=\"application\/ld+json\" class=\"yoast-schema-graph\">{\"@context\":\"https:\/\/schema.org\",\"@graph\":[{\"@type\":\"WebSite\",\"@id\":\"https:\/\/www.nettali.com\/#website\",\"url\":\"https:\/\/www.nettali.com\/\",\"name\":\"Nettali.com\",\"description\":\"Le rendez-vous critique du Net\",\"potentialAction\":[{\"@type\":\"SearchAction\",\"target\":{\"@type\":\"EntryPoint\",\"urlTemplate\":\"https:\/\/www.nettali.com\/?s={search_term_string}\"},\"query-input\":\"required name=search_term_string\"}],\"inLanguage\":\"fr-FR\"},{\"@type\":\"ImageObject\",\"@id\":\"https:\/\/www.nettali.com\/2023\/03\/19\/en-coulisses-cheikh-oumar-diagne-cueilli-par-la-dic\/#primaryimage\",\"inLanguage\":\"fr-FR\",\"url\":\"https:\/\/www.nettali.com\/wp-content\/uploads\/2022\/04\/Cheikh-Oumar-Diagne-e1647966698489-1140x570-1.jpeg\",\"contentUrl\":\"https:\/\/www.nettali.com\/wp-content\/uploads\/2022\/04\/Cheikh-Oumar-Diagne-e1647966698489-1140x570-1.jpeg\",\"width\":1140,\"height\":570},{\"@type\":\"WebPage\",\"@id\":\"https:\/\/www.nettali.com\/2023\/03\/19\/en-coulisses-cheikh-oumar-diagne-cueilli-par-la-dic\/#webpage\",\"url\":\"https:\/\/www.nettali.com\/2023\/03\/19\/en-coulisses-cheikh-oumar-diagne-cueilli-par-la-dic\/\",\"name\":\"EN COULISSES - Cheikh Oumar Diagne et Karim Xrum Xaax, plac\\u00e9s en garde \\u00e0 vue | Nettali.com\",\"isPartOf\":{\"@id\":\"https:\/\/www.nettali.com\/#website\"},\"primaryImageOfPage\":{\"@id\":\"https:\/\/www.nettali.com\/2023\/03\/19\/en-coulisses-cheikh-oumar-diagne-cueilli-par-la-dic\/#primaryimage\"},\"datePublished\":\"2023-03-19T13:04:30+00:00\",\"dateModified\":\"2023-03-20T08:06:21+00:00\",\"author\":{\"@id\":\"https:\/\/www.nettali.com\/#\/schema\/person\/7962a12a6e0267f88f0ffa544c36469a\"},\"breadcrumb\":{\"@id\":\"https:\/\/www.nettali.com\/2023\/03\/19\/en-coulisses-cheikh-oumar-diagne-cueilli-par-la-dic\/#breadcrumb\"},\"inLanguage\":\"fr-FR\",\"potentialAction\":[{\"@type\":\"ReadAction\",\"target\":[\"https:\/\/www.nettali.com\/2023\/03\/19\/en-coulisses-cheikh-oumar-diagne-cueilli-par-la-dic\/\"]}]},{\"@type\":\"BreadcrumbList\",\"@id\":\"https:\/\/www.nettali.com\/2023\/03\/19\/en-coulisses-cheikh-oumar-diagne-cueilli-par-la-dic\/#breadcrumb\",\"itemListElement\":[{\"@type\":\"ListItem\",\"position\":1,\"name\":\"Accueil\",\"item\":\"https:\/\/www.nettali.com\/\"},{\"@type\":\"ListItem\",\"position\":2,\"name\":\"EN COULISSES - Cheikh Oumar Diagne et Karim Xrum Xaax, plac\\u00e9s en garde \\u00e0 vue\"}]},{\"@type\":\"Person\",\"@id\":\"https:\/\/www.nettali.com\/#\/schema\/person\/7962a12a6e0267f88f0ffa544c36469a\",\"name\":\"Moustapha\",\"image\":{\"@type\":\"ImageObject\",\"@id\":\"https:\/\/www.nettali.com\/#personlogo\",\"inLanguage\":\"fr-FR\",\"url\":\"https:\/\/secure.gravatar.com\/avatar\/10fdf6a071cccdcf374e3dbe45159590?s=96&d=mm&r=g\",\"contentUrl\":\"https:\/\/secure.gravatar.com\/avatar\/10fdf6a071cccdcf374e3dbe45159590?s=96&d=mm&r=g\",\"caption\":\"Moustapha\"},\"sameAs\":[\"https:\/\/www.nettali.com\"]}]}<\/script>\n<!-- \/ Yoast SEO Premium plugin. -->","yoast_head_json":{"title":"EN COULISSES - Cheikh Oumar Diagne et Karim Xrum Xaax, plac\u00e9s en garde \u00e0 vue | Nettali.com","robots":{"index":"index","follow":"follow","max-snippet":"max-snippet:-1","max-image-preview":"max-image-preview:large","max-video-preview":"max-video-preview:-1"},"canonical":"https:\/\/www.nettali.com\/2023\/03\/19\/en-coulisses-cheikh-oumar-diagne-cueilli-par-la-dic\/","og_locale":"fr_FR","og_type":"article","og_title":"EN COULISSES - Cheikh Oumar Diagne et Karim Xrum Xaax, plac\u00e9s en garde \u00e0 vue","og_description":"NETTALI.COM\u00a0 - \"Je viens de voir la visite de la Dic chez moi pour les suivre. J\u2019y vais, restez forts\". C\u2019est en ces quelques mots que Cheikh Oumar Diagne a annonc\u00e9, dimanche 19 mars qu\u2019il fait l\u2019objet d\u2019une convocation de la part des \u00e9l\u00e9ments de la Division des investigations criminelles (Dic). Selon en effet son [&hellip;]","og_url":"https:\/\/www.nettali.com\/2023\/03\/19\/en-coulisses-cheikh-oumar-diagne-cueilli-par-la-dic\/","og_site_name":"Nettali.com","article_publisher":"https:\/\/www.facebook.com\/nettalicom","article_published_time":"2023-03-19T13:04:30+00:00","article_modified_time":"2023-03-20T08:06:21+00:00","og_image":[{"width":1140,"height":570,"url":"https:\/\/www.nettali.com\/wp-content\/uploads\/2022\/04\/Cheikh-Oumar-Diagne-e1647966698489-1140x570-1.jpeg","type":"image\/jpeg"}],"twitter_card":"summary_large_image","twitter_misc":{"\u00c9crit par":"Moustapha","Dur\u00e9e de lecture estim\u00e9e":"2 minutes"},"schema":{"@context":"https:\/\/schema.org","@graph":[{"@type":"WebSite","@id":"https:\/\/www.nettali.com\/#website","url":"https:\/\/www.nettali.com\/","name":"Nettali.com","description":"Le rendez-vous critique du Net","potentialAction":[{"@type":"SearchAction","target":{"@type":"EntryPoint","urlTemplate":"https:\/\/www.nettali.com\/?s={search_term_string}"},"query-input":"required name=search_term_string"}],"inLanguage":"fr-FR"},{"@type":"ImageObject","@id":"https:\/\/www.nettali.com\/2023\/03\/19\/en-coulisses-cheikh-oumar-diagne-cueilli-par-la-dic\/#primaryimage","inLanguage":"fr-FR","url":"https:\/\/www.nettali.com\/wp-content\/uploads\/2022\/04\/Cheikh-Oumar-Diagne-e1647966698489-1140x570-1.jpeg","contentUrl":"https:\/\/www.nettali.com\/wp-content\/uploads\/2022\/04\/Cheikh-Oumar-Diagne-e1647966698489-1140x570-1.jpeg","width":1140,"height":570},{"@type":"WebPage","@id":"https:\/\/www.nettali.com\/2023\/03\/19\/en-coulisses-cheikh-oumar-diagne-cueilli-par-la-dic\/#webpage","url":"https:\/\/www.nettali.com\/2023\/03\/19\/en-coulisses-cheikh-oumar-diagne-cueilli-par-la-dic\/","name":"EN COULISSES - Cheikh Oumar Diagne et Karim Xrum Xaax, plac\u00e9s en garde \u00e0 vue | Nettali.com","isPartOf":{"@id":"https:\/\/www.nettali.com\/#website"},"primaryImageOfPage":{"@id":"https:\/\/www.nettali.com\/2023\/03\/19\/en-coulisses-cheikh-oumar-diagne-cueilli-par-la-dic\/#primaryimage"},"datePublished":"2023-03-19T13:04:30+00:00","dateModified":"2023-03-20T08:06:21+00:00","author":{"@id":"https:\/\/www.nettali.com\/#\/schema\/person\/7962a12a6e0267f88f0ffa544c36469a"},"breadcrumb":{"@id":"https:\/\/www.nettali.com\/2023\/03\/19\/en-coulisses-cheikh-oumar-diagne-cueilli-par-la-dic\/#breadcrumb"},"inLanguage":"fr-FR","potentialAction":[{"@type":"ReadAction","target":["https:\/\/www.nettali.com\/2023\/03\/19\/en-coulisses-cheikh-oumar-diagne-cueilli-par-la-dic\/"]}]},{"@type":"BreadcrumbList","@id":"https:\/\/www.nettali.com\/2023\/03\/19\/en-coulisses-cheikh-oumar-diagne-cueilli-par-la-dic\/#breadcrumb","itemListElement":[{"@type":"ListItem","position":1,"name":"Accueil","item":"https:\/\/www.nettali.com\/"},{"@type":"ListItem","position":2,"name":"EN COULISSES - Cheikh Oumar Diagne et Karim Xrum Xaax, plac\u00e9s en garde \u00e0 vue"}]},{"@type":"Person","@id":"https:\/\/www.nettali.com\/#\/schema\/person\/7962a12a6e0267f88f0ffa544c36469a","name":"Moustapha","image":{"@type":"ImageObject","@id":"https:\/\/www.nettali.com\/#personlogo","inLanguage":"fr-FR","url":"https:\/\/secure.gravatar.com\/avatar\/10fdf6a071cccdcf374e3dbe45159590?s=96&d=mm&r=g","contentUrl":"https:\/\/secure.gravatar.com\/avatar\/10fdf6a071cccdcf374e3dbe45159590?s=96&d=mm&r=g","caption":"Moustapha"},"sameAs":["https:\/\/www.nettali.com"]}]}},"_links":{"self":[{"href":"https:\/\/www.nettali.com\/rest\/wp\/v2\/posts\/106381"}],"collection":[{"href":"https:\/\/www.nettali.com\/rest\/wp\/v2\/posts"}],"about":[{"href":"https:\/\/www.nettali.com\/rest\/wp\/v2\/types\/post"}],"author":[{"embeddable":true,"href":"https:\/\/www.nettali.com\/rest\/wp\/v2\/users\/3"}],"replies":[{"embeddable":true,"href":"https:\/\/www.nettali.com\/rest\/wp\/v2\/comments?post=106381"}],"version-history":[{"count":6,"href":"https:\/\/www.nettali.com\/rest\/wp\/v2\/posts\/106381\/revisions"}],"predecessor-version":[{"id":106428,"href":"https:\/\/www.nettali.com\/rest\/wp\/v2\/posts\/106381\/revisions\/106428"}],"wp:featuredmedia":[{"embeddable":true,"href":"https:\/\/www.nettali.com\/rest\/wp\/v2\/media\/84396"}],"wp:attachment":[{"href":"https:\/\/www.nettali.com\/rest\/wp\/v2\/media?parent=106381"}],"wp:term":[{"taxonomy":"category","embeddable":true,"href":"https:\/\/www.nettali.com\/rest\/wp\/v2\/categories?post=106381"},{"taxonomy":"post_tag","embeddable":true,"href":"https:\/\/www.nettali.com\/rest\/wp\/v2\/tags?post=106381"}],"curies":[{"name":"wp","href":"https:\/\/api.w.org\/{rel}","templated":true}]}}