{"id":106370,"date":"2023-03-19T11:06:02","date_gmt":"2023-03-19T11:06:02","guid":{"rendered":"https:\/\/www.nettali.com\/?p=106370"},"modified":"2023-03-19T11:06:02","modified_gmt":"2023-03-19T11:06:02","slug":"deces-dun-agent-de-la-mairie-de-la-medina-bamba-fall-annonce-3-plaintes","status":"publish","type":"post","link":"https:\/\/www.nettali.com\/2023\/03\/19\/deces-dun-agent-de-la-mairie-de-la-medina-bamba-fall-annonce-3-plaintes\/","title":{"rendered":"DECES D'UN AGENT DE LA MAIRIE DE LA MEDINA - Bamba Fall annonce 3 plaintes"},"content":{"rendered":"<p><strong>NETTALI.COM - Bamba Fall ne dig\u00e8re pas la mort de Doudou Fall, un agent de la mairie de la M\u00e9dina suite aux heurts n\u00e9s du proc\u00e8s Ousmane Sonko \/ Mame Mbaye Niang, jeudi dernier. Le chef du service des Sports \u00e0 la Mairie de la M\u00e9dina a succomb\u00e9 \u00e0 ses blessures. Bamba Fall impute la responsabilit\u00e9 \u00e0 Summa Assistance, \u00e0 Sonko et a Walfadjri avant d'annoncer 3 plaintes.<\/strong><\/p>\n<p>Le maire Bamba Fall annonce trois plaintes. D\u2019abord, contre Suma Assistance pour n\u00e9gligence.\u00a0 <em>\u201cDans l\u2019ambulance, ils ont commenc\u00e9 \u00e0 lui poser des questions, lui demandant s\u2019il \u00e9tait membre du parti Pastef. Pour dire que les \u2018\u2019past\u00e9fiens\u2019\u2019 \u00e9taient trait\u00e9s en priorit\u00e9. Lorsqu\u2019il a \u00e9t\u00e9 identifi\u00e9, je pense qu\u2019il a \u00e9t\u00e9 n\u00e9glig\u00e9 jusqu\u2019\u00e0 ce que mort s\u2019en suive. Il devait \u00eatre rapidement op\u00e9r\u00e9 mais ils ne l\u2019ont pas fait. On a pay\u00e9. L\u2019intervention a \u00e9t\u00e9 programm\u00e9e \u00e0 trois reprises sans suite. Nous avions tent\u00e9 de le transf\u00e9rer. Parce que Sonko \u00e9tait l\u00e0-bas et il \u00e9tait leur priorit\u00e9. Il est d\u00e9c\u00e9d\u00e9 avant d\u2019arriver \u00e0 l\u2019h\u00f4pital Principal\", dit-il \u00e0 la radio<\/em><\/p>\n<p>Il soutient qu'il va \u00e9galement ester en justice\u00a0 contre le groupe Walfadjri. <em>\u201cIls ont dit qu\u2019on a recrut\u00e9 des nervis \u00e0 la M\u00e9dina. C\u2019est en ce moment que les \u2018\u2019Past\u00e9fiens\u2019\u2019 sont venus pour bastonner nos jeunes\u201d,<\/em> a justifi\u00e9 Bamba Fall.<\/p>\n<p>Enfin, il va porter plainte contre Ousmane Sonko \u201cpour appel \u00e0 l\u2019insurrection\u201d, fait-il remarquer.<\/p>\n<div class='share-to-whatsapp-wrapper'><div class='share-on-whsp'>PARTAGER SUR : <\/div><a data-text='DECES D'UN AGENT DE LA MAIRIE DE LA MEDINA - Bamba Fall annonce 3 plaintes' data-link='https:\/\/www.nettali.com\/2023\/03\/19\/deces-dun-agent-de-la-mairie-de-la-medina-bamba-fall-annonce-3-plaintes\/' class='whatsapp-button whatsapp-share'>WhatsApp<\/a><div class='clear '><\/div><\/div>","protected":false},"excerpt":{"rendered":"<p>NETTALI.COM - Bamba Fall ne dig\u00e8re pas la mort de Doudou Fall, un agent de la mairie de la M\u00e9dina suite aux heurts n\u00e9s du proc\u00e8s Ousmane Sonko \/ Mame Mbaye Niang, jeudi dernier. Le chef du service des Sports \u00e0 la Mairie de la M\u00e9dina a succomb\u00e9 \u00e0 ses blessures. Bamba Fall impute la [&hellip;]<\/p>\n","protected":false},"author":4,"featured_media":103504,"comment_status":"open","ping_status":"open","sticky":false,"template":"","format":"standard","meta":{"_et_pb_use_builder":"","_et_pb_old_content":""},"categories":[3],"tags":[],"yoast_head":"<!-- This site is optimized with the Yoast SEO Premium plugin v17.8 (Yoast SEO v17.8) - https:\/\/yoast.com\/wordpress\/plugins\/seo\/ -->\n<title>DECES D&#039;UN AGENT DE LA MAIRIE DE LA MEDINA - Bamba Fall annonce 3 plaintes | Nettali.com<\/title>\n<meta name=\"robots\" content=\"index, follow, max-snippet:-1, max-image-preview:large, max-video-preview:-1\" \/>\n<link rel=\"canonical\" href=\"https:\/\/www.nettali.com\/2023\/03\/19\/deces-dun-agent-de-la-mairie-de-la-medina-bamba-fall-annonce-3-plaintes\/\" \/>\n<meta property=\"og:locale\" content=\"fr_FR\" \/>\n<meta property=\"og:type\" content=\"article\" \/>\n<meta property=\"og:title\" content=\"DECES D&#039;UN AGENT DE LA MAIRIE DE LA MEDINA - Bamba Fall annonce 3 plaintes\" \/>\n<meta property=\"og:description\" content=\"NETTALI.COM - Bamba Fall ne dig\u00e8re pas la mort de Doudou Fall, un agent de la mairie de la M\u00e9dina suite aux heurts n\u00e9s du proc\u00e8s Ousmane Sonko \/ Mame Mbaye Niang, jeudi dernier. Le chef du service des Sports \u00e0 la Mairie de la M\u00e9dina a succomb\u00e9 \u00e0 ses blessures. Bamba Fall impute la [&hellip;]\" \/>\n<meta property=\"og:url\" content=\"https:\/\/www.nettali.com\/2023\/03\/19\/deces-dun-agent-de-la-mairie-de-la-medina-bamba-fall-annonce-3-plaintes\/\" \/>\n<meta property=\"og:site_name\" content=\"Nettali.com\" \/>\n<meta property=\"article:publisher\" content=\"https:\/\/www.facebook.com\/nettalicom\" \/>\n<meta property=\"article:published_time\" content=\"2023-03-19T11:06:02+00:00\" \/>\n<meta property=\"og:image\" content=\"https:\/\/www.nettali.com\/wp-content\/uploads\/2023\/02\/Bamba-Sonko.png\" \/>\n\t<meta property=\"og:image:width\" content=\"750\" \/>\n\t<meta property=\"og:image:height\" content=\"430\" \/>\n<meta name=\"twitter:card\" content=\"summary_large_image\" \/>\n<meta name=\"twitter:label1\" content=\"\u00c9crit par\" \/>\n\t<meta name=\"twitter:data1\" content=\"Daouda\" \/>\n\t<meta name=\"twitter:label2\" content=\"Dur\u00e9e de lecture estim\u00e9e\" \/>\n\t<meta name=\"twitter:data2\" content=\"2 minutes\" \/>\n<script type=\"application\/ld+json\" class=\"yoast-schema-graph\">{\"@context\":\"https:\/\/schema.org\",\"@graph\":[{\"@type\":\"WebSite\",\"@id\":\"https:\/\/www.nettali.com\/#website\",\"url\":\"https:\/\/www.nettali.com\/\",\"name\":\"Nettali.com\",\"description\":\"Le rendez-vous critique du Net\",\"potentialAction\":[{\"@type\":\"SearchAction\",\"target\":{\"@type\":\"EntryPoint\",\"urlTemplate\":\"https:\/\/www.nettali.com\/?s={search_term_string}\"},\"query-input\":\"required name=search_term_string\"}],\"inLanguage\":\"fr-FR\"},{\"@type\":\"ImageObject\",\"@id\":\"https:\/\/www.nettali.com\/2023\/03\/19\/deces-dun-agent-de-la-mairie-de-la-medina-bamba-fall-annonce-3-plaintes\/#primaryimage\",\"inLanguage\":\"fr-FR\",\"url\":\"https:\/\/www.nettali.com\/wp-content\/uploads\/2023\/02\/Bamba-Sonko.png\",\"contentUrl\":\"https:\/\/www.nettali.com\/wp-content\/uploads\/2023\/02\/Bamba-Sonko.png\",\"width\":750,\"height\":430},{\"@type\":\"WebPage\",\"@id\":\"https:\/\/www.nettali.com\/2023\/03\/19\/deces-dun-agent-de-la-mairie-de-la-medina-bamba-fall-annonce-3-plaintes\/#webpage\",\"url\":\"https:\/\/www.nettali.com\/2023\/03\/19\/deces-dun-agent-de-la-mairie-de-la-medina-bamba-fall-annonce-3-plaintes\/\",\"name\":\"DECES D'UN AGENT DE LA MAIRIE DE LA MEDINA - Bamba Fall annonce 3 plaintes | Nettali.com\",\"isPartOf\":{\"@id\":\"https:\/\/www.nettali.com\/#website\"},\"primaryImageOfPage\":{\"@id\":\"https:\/\/www.nettali.com\/2023\/03\/19\/deces-dun-agent-de-la-mairie-de-la-medina-bamba-fall-annonce-3-plaintes\/#primaryimage\"},\"datePublished\":\"2023-03-19T11:06:02+00:00\",\"dateModified\":\"2023-03-19T11:06:02+00:00\",\"author\":{\"@id\":\"https:\/\/www.nettali.com\/#\/schema\/person\/3317e0bb3aa1da309fbf7b2780901bf4\"},\"breadcrumb\":{\"@id\":\"https:\/\/www.nettali.com\/2023\/03\/19\/deces-dun-agent-de-la-mairie-de-la-medina-bamba-fall-annonce-3-plaintes\/#breadcrumb\"},\"inLanguage\":\"fr-FR\",\"potentialAction\":[{\"@type\":\"ReadAction\",\"target\":[\"https:\/\/www.nettali.com\/2023\/03\/19\/deces-dun-agent-de-la-mairie-de-la-medina-bamba-fall-annonce-3-plaintes\/\"]}]},{\"@type\":\"BreadcrumbList\",\"@id\":\"https:\/\/www.nettali.com\/2023\/03\/19\/deces-dun-agent-de-la-mairie-de-la-medina-bamba-fall-annonce-3-plaintes\/#breadcrumb\",\"itemListElement\":[{\"@type\":\"ListItem\",\"position\":1,\"name\":\"Accueil\",\"item\":\"https:\/\/www.nettali.com\/\"},{\"@type\":\"ListItem\",\"position\":2,\"name\":\"DECES D'UN AGENT DE LA MAIRIE DE LA MEDINA - Bamba Fall annonce 3 plaintes\"}]},{\"@type\":\"Person\",\"@id\":\"https:\/\/www.nettali.com\/#\/schema\/person\/3317e0bb3aa1da309fbf7b2780901bf4\",\"name\":\"Daouda\",\"image\":{\"@type\":\"ImageObject\",\"@id\":\"https:\/\/www.nettali.com\/#personlogo\",\"inLanguage\":\"fr-FR\",\"url\":\"https:\/\/secure.gravatar.com\/avatar\/8d143b5a49345098ddcfee1c49c2f47c?s=96&d=mm&r=g\",\"contentUrl\":\"https:\/\/secure.gravatar.com\/avatar\/8d143b5a49345098ddcfee1c49c2f47c?s=96&d=mm&r=g\",\"caption\":\"Daouda\"},\"sameAs\":[\"https:\/\/www.nettali.com\"]}]}<\/script>\n<!-- \/ Yoast SEO Premium plugin. -->","yoast_head_json":{"title":"DECES D'UN AGENT DE LA MAIRIE DE LA MEDINA - Bamba Fall annonce 3 plaintes | Nettali.com","robots":{"index":"index","follow":"follow","max-snippet":"max-snippet:-1","max-image-preview":"max-image-preview:large","max-video-preview":"max-video-preview:-1"},"canonical":"https:\/\/www.nettali.com\/2023\/03\/19\/deces-dun-agent-de-la-mairie-de-la-medina-bamba-fall-annonce-3-plaintes\/","og_locale":"fr_FR","og_type":"article","og_title":"DECES D'UN AGENT DE LA MAIRIE DE LA MEDINA - Bamba Fall annonce 3 plaintes","og_description":"NETTALI.COM - Bamba Fall ne dig\u00e8re pas la mort de Doudou Fall, un agent de la mairie de la M\u00e9dina suite aux heurts n\u00e9s du proc\u00e8s Ousmane Sonko \/ Mame Mbaye Niang, jeudi dernier. Le chef du service des Sports \u00e0 la Mairie de la M\u00e9dina a succomb\u00e9 \u00e0 ses blessures. Bamba Fall impute la [&hellip;]","og_url":"https:\/\/www.nettali.com\/2023\/03\/19\/deces-dun-agent-de-la-mairie-de-la-medina-bamba-fall-annonce-3-plaintes\/","og_site_name":"Nettali.com","article_publisher":"https:\/\/www.facebook.com\/nettalicom","article_published_time":"2023-03-19T11:06:02+00:00","og_image":[{"width":750,"height":430,"url":"https:\/\/www.nettali.com\/wp-content\/uploads\/2023\/02\/Bamba-Sonko.png","type":"image\/png"}],"twitter_card":"summary_large_image","twitter_misc":{"\u00c9crit par":"Daouda","Dur\u00e9e de lecture estim\u00e9e":"2 minutes"},"schema":{"@context":"https:\/\/schema.org","@graph":[{"@type":"WebSite","@id":"https:\/\/www.nettali.com\/#website","url":"https:\/\/www.nettali.com\/","name":"Nettali.com","description":"Le rendez-vous critique du Net","potentialAction":[{"@type":"SearchAction","target":{"@type":"EntryPoint","urlTemplate":"https:\/\/www.nettali.com\/?s={search_term_string}"},"query-input":"required name=search_term_string"}],"inLanguage":"fr-FR"},{"@type":"ImageObject","@id":"https:\/\/www.nettali.com\/2023\/03\/19\/deces-dun-agent-de-la-mairie-de-la-medina-bamba-fall-annonce-3-plaintes\/#primaryimage","inLanguage":"fr-FR","url":"https:\/\/www.nettali.com\/wp-content\/uploads\/2023\/02\/Bamba-Sonko.png","contentUrl":"https:\/\/www.nettali.com\/wp-content\/uploads\/2023\/02\/Bamba-Sonko.png","width":750,"height":430},{"@type":"WebPage","@id":"https:\/\/www.nettali.com\/2023\/03\/19\/deces-dun-agent-de-la-mairie-de-la-medina-bamba-fall-annonce-3-plaintes\/#webpage","url":"https:\/\/www.nettali.com\/2023\/03\/19\/deces-dun-agent-de-la-mairie-de-la-medina-bamba-fall-annonce-3-plaintes\/","name":"DECES D'UN AGENT DE LA MAIRIE DE LA MEDINA - Bamba Fall annonce 3 plaintes | Nettali.com","isPartOf":{"@id":"https:\/\/www.nettali.com\/#website"},"primaryImageOfPage":{"@id":"https:\/\/www.nettali.com\/2023\/03\/19\/deces-dun-agent-de-la-mairie-de-la-medina-bamba-fall-annonce-3-plaintes\/#primaryimage"},"datePublished":"2023-03-19T11:06:02+00:00","dateModified":"2023-03-19T11:06:02+00:00","author":{"@id":"https:\/\/www.nettali.com\/#\/schema\/person\/3317e0bb3aa1da309fbf7b2780901bf4"},"breadcrumb":{"@id":"https:\/\/www.nettali.com\/2023\/03\/19\/deces-dun-agent-de-la-mairie-de-la-medina-bamba-fall-annonce-3-plaintes\/#breadcrumb"},"inLanguage":"fr-FR","potentialAction":[{"@type":"ReadAction","target":["https:\/\/www.nettali.com\/2023\/03\/19\/deces-dun-agent-de-la-mairie-de-la-medina-bamba-fall-annonce-3-plaintes\/"]}]},{"@type":"BreadcrumbList","@id":"https:\/\/www.nettali.com\/2023\/03\/19\/deces-dun-agent-de-la-mairie-de-la-medina-bamba-fall-annonce-3-plaintes\/#breadcrumb","itemListElement":[{"@type":"ListItem","position":1,"name":"Accueil","item":"https:\/\/www.nettali.com\/"},{"@type":"ListItem","position":2,"name":"DECES D'UN AGENT DE LA MAIRIE DE LA MEDINA - Bamba Fall annonce 3 plaintes"}]},{"@type":"Person","@id":"https:\/\/www.nettali.com\/#\/schema\/person\/3317e0bb3aa1da309fbf7b2780901bf4","name":"Daouda","image":{"@type":"ImageObject","@id":"https:\/\/www.nettali.com\/#personlogo","inLanguage":"fr-FR","url":"https:\/\/secure.gravatar.com\/avatar\/8d143b5a49345098ddcfee1c49c2f47c?s=96&d=mm&r=g","contentUrl":"https:\/\/secure.gravatar.com\/avatar\/8d143b5a49345098ddcfee1c49c2f47c?s=96&d=mm&r=g","caption":"Daouda"},"sameAs":["https:\/\/www.nettali.com"]}]}},"_links":{"self":[{"href":"https:\/\/www.nettali.com\/rest\/wp\/v2\/posts\/106370"}],"collection":[{"href":"https:\/\/www.nettali.com\/rest\/wp\/v2\/posts"}],"about":[{"href":"https:\/\/www.nettali.com\/rest\/wp\/v2\/types\/post"}],"author":[{"embeddable":true,"href":"https:\/\/www.nettali.com\/rest\/wp\/v2\/users\/4"}],"replies":[{"embeddable":true,"href":"https:\/\/www.nettali.com\/rest\/wp\/v2\/comments?post=106370"}],"version-history":[{"count":1,"href":"https:\/\/www.nettali.com\/rest\/wp\/v2\/posts\/106370\/revisions"}],"predecessor-version":[{"id":106371,"href":"https:\/\/www.nettali.com\/rest\/wp\/v2\/posts\/106370\/revisions\/106371"}],"wp:featuredmedia":[{"embeddable":true,"href":"https:\/\/www.nettali.com\/rest\/wp\/v2\/media\/103504"}],"wp:attachment":[{"href":"https:\/\/www.nettali.com\/rest\/wp\/v2\/media?parent=106370"}],"wp:term":[{"taxonomy":"category","embeddable":true,"href":"https:\/\/www.nettali.com\/rest\/wp\/v2\/categories?post=106370"},{"taxonomy":"post_tag","embeddable":true,"href":"https:\/\/www.nettali.com\/rest\/wp\/v2\/tags?post=106370"}],"curies":[{"name":"wp","href":"https:\/\/api.w.org\/{rel}","templated":true}]}}