{"id":106364,"date":"2023-03-19T10:32:23","date_gmt":"2023-03-19T10:32:23","guid":{"rendered":"https:\/\/www.nettali.com\/?p=106364"},"modified":"2023-03-20T13:08:46","modified_gmt":"2023-03-20T13:08:46","slug":"famille-de-me-cire-cledor-ly-ce-nest-pas-une-evacuation-sanitaire","status":"publish","type":"post","link":"https:\/\/www.nettali.com\/2023\/03\/19\/famille-de-me-cire-cledor-ly-ce-nest-pas-une-evacuation-sanitaire\/","title":{"rendered":"FAMILLE DE Me CIRE CLEDOR LY - \"Ce n'est pas une \u00e9vacuation sanitaire...\""},"content":{"rendered":"<p><strong>NETTALI.COM - La famille de Me Cir\u00e9 Cl\u00e9dor Ly a tenu \u00e0 r\u00e9agir apr\u00e8s la pol\u00e9mique n\u00e9e\u00a0 du voyage de l'avocat en France. Elle informe que l'avocat se porte mieux. \"Nous pr\u00e9cisons qu\u2019il ne s\u2019agit pas d\u2019une \u00e9vacuation sanitaire\", d\u00e9clare la famille. Voici l'int\u00e9gralit\u00e9 de leur communiqu\u00e9.\u00a0<\/strong><\/p>\n<p>Voici le communiqu\u00e9 de la famille de Me Cl\u00e9dor Cir\u00e9 Ly dans son int\u00e9gralit\u00e9 :<\/p>\n<p><em>\u00ab Depuis quelques jours nous ne cessons de recevoir des appels, des messages venant de proches, d\u2019amis et de connaissances. Nous tenions \u00e0 remercier tous ceux qui ont pris la peine de nous appeler ou de nous \u00e9crire pour s\u2019enqu\u00e9rir de la sant\u00e9 de Ma\u00eetre Ly. Il va mieux et sera bient\u00f4t pr\u00eat \u00e0 reporter la robe pour faire ce qu\u2019il sait faire le mieux, d\u00e9fendre les opprim\u00e9s et lutter contre l\u2019injustice qu\u2019elles que soient les forces en face.<\/em><\/p>\n<p><em>Il a b\u00e9n\u00e9fici\u00e9 d\u2019un transport de l\u2019ambulance de la clinique o\u00f9 il \u00e9tait hospitalis\u00e9 pour partir en France poursuivre son traitement et faire une analyse approfondie afin de d\u00e9terminer exactement la composition du gaz qu\u2019il a inhal\u00e9 et qui a fait qu\u2019il se trouvait dans un \u00e9tat de fatigue avanc\u00e9. Nous pr\u00e9cisons qu\u2019il ne s\u2019agit pas d\u2019une \u00e9vacuation sanitaire .<\/em><\/p>\n<p><em>Compte tenu de la fatigue, des c\u00e9phal\u00e9es et \u00e9tourdissements dont il \u00e9tait sujet, il a b\u00e9n\u00e9fici\u00e9 de l\u2019assistance de la clinique qui l\u2019a simplement aid\u00e9 \u00e0 accomplir les formalit\u00e9s d\u2019enregistrement et d\u2019embarquement \u00e0 l\u2019a\u00e9roport \u00e0 partir d\u2019o\u00f9 il continua le voyage seul. Il esp\u00e8re tr\u00e8s bient\u00f4t partir vers une autre destination o\u00f9 l\u2019attend son travail. Sa famille a parfaitement conscience du combat et a fini par d\u00e9velopper une certaine r\u00e9silience face aux \u00e9preuves li\u00e9es \u00e0 son travail. Seul le tout puissant pourrait nous \u00e9branler. Nous vous remercions.\u201d<\/em><\/p>\n<div class='share-to-whatsapp-wrapper'><div class='share-on-whsp'>PARTAGER SUR : <\/div><a data-text='FAMILLE DE Me CIRE CLEDOR LY - \"Ce n'est pas une \u00e9vacuation sanitaire...\"' data-link='https:\/\/www.nettali.com\/2023\/03\/19\/famille-de-me-cire-cledor-ly-ce-nest-pas-une-evacuation-sanitaire\/' class='whatsapp-button whatsapp-share'>WhatsApp<\/a><div class='clear '><\/div><\/div>","protected":false},"excerpt":{"rendered":"<p>NETTALI.COM - La famille de Me Cir\u00e9 Cl\u00e9dor Ly a tenu \u00e0 r\u00e9agir apr\u00e8s la pol\u00e9mique n\u00e9e\u00a0 du voyage de l'avocat en France. Elle informe que l'avocat se porte mieux. \"Nous pr\u00e9cisons qu\u2019il ne s\u2019agit pas d\u2019une \u00e9vacuation sanitaire\", d\u00e9clare la famille. Voici l'int\u00e9gralit\u00e9 de leur communiqu\u00e9.\u00a0 Voici le communiqu\u00e9 de la famille de Me [&hellip;]<\/p>\n","protected":false},"author":4,"featured_media":106365,"comment_status":"open","ping_status":"open","sticky":false,"template":"","format":"standard","meta":{"_et_pb_use_builder":"","_et_pb_old_content":""},"categories":[3],"tags":[],"yoast_head":"<!-- This site is optimized with the Yoast SEO Premium plugin v17.8 (Yoast SEO v17.8) - https:\/\/yoast.com\/wordpress\/plugins\/seo\/ -->\n<title>FAMILLE DE Me CIRE CLEDOR LY - &quot;Ce n&#039;est pas une \u00e9vacuation sanitaire...&quot; | Nettali.com<\/title>\n<meta name=\"robots\" content=\"index, follow, max-snippet:-1, max-image-preview:large, max-video-preview:-1\" \/>\n<link rel=\"canonical\" href=\"https:\/\/www.nettali.com\/2023\/03\/19\/famille-de-me-cire-cledor-ly-ce-nest-pas-une-evacuation-sanitaire\/\" \/>\n<meta property=\"og:locale\" content=\"fr_FR\" \/>\n<meta property=\"og:type\" content=\"article\" \/>\n<meta property=\"og:title\" content=\"FAMILLE DE Me CIRE CLEDOR LY - &quot;Ce n&#039;est pas une \u00e9vacuation sanitaire...&quot;\" \/>\n<meta property=\"og:description\" content=\"NETTALI.COM - La famille de Me Cir\u00e9 Cl\u00e9dor Ly a tenu \u00e0 r\u00e9agir apr\u00e8s la pol\u00e9mique n\u00e9e\u00a0 du voyage de l&#039;avocat en France. Elle informe que l&#039;avocat se porte mieux. &quot;Nous pr\u00e9cisons qu\u2019il ne s\u2019agit pas d\u2019une \u00e9vacuation sanitaire&quot;, d\u00e9clare la famille. Voici l&#039;int\u00e9gralit\u00e9 de leur communiqu\u00e9.\u00a0 Voici le communiqu\u00e9 de la famille de Me [&hellip;]\" \/>\n<meta property=\"og:url\" content=\"https:\/\/www.nettali.com\/2023\/03\/19\/famille-de-me-cire-cledor-ly-ce-nest-pas-une-evacuation-sanitaire\/\" \/>\n<meta property=\"og:site_name\" content=\"Nettali.com\" \/>\n<meta property=\"article:publisher\" content=\"https:\/\/www.facebook.com\/nettalicom\" \/>\n<meta property=\"article:published_time\" content=\"2023-03-19T10:32:23+00:00\" \/>\n<meta property=\"article:modified_time\" content=\"2023-03-20T13:08:46+00:00\" \/>\n<meta property=\"og:image\" content=\"https:\/\/www.nettali.com\/wp-content\/uploads\/2023\/03\/Me-Cire\u0301-Cle\u0301dor-Ly-e1679221911563.jpeg\" \/>\n\t<meta property=\"og:image:width\" content=\"1161\" \/>\n\t<meta property=\"og:image:height\" content=\"839\" \/>\n<meta name=\"twitter:card\" content=\"summary_large_image\" \/>\n<meta name=\"twitter:label1\" content=\"\u00c9crit par\" \/>\n\t<meta name=\"twitter:data1\" content=\"Daouda\" \/>\n\t<meta name=\"twitter:label2\" content=\"Dur\u00e9e de lecture estim\u00e9e\" \/>\n\t<meta name=\"twitter:data2\" content=\"2 minutes\" \/>\n<script type=\"application\/ld+json\" class=\"yoast-schema-graph\">{\"@context\":\"https:\/\/schema.org\",\"@graph\":[{\"@type\":\"WebSite\",\"@id\":\"https:\/\/www.nettali.com\/#website\",\"url\":\"https:\/\/www.nettali.com\/\",\"name\":\"Nettali.com\",\"description\":\"Le rendez-vous critique du Net\",\"potentialAction\":[{\"@type\":\"SearchAction\",\"target\":{\"@type\":\"EntryPoint\",\"urlTemplate\":\"https:\/\/www.nettali.com\/?s={search_term_string}\"},\"query-input\":\"required name=search_term_string\"}],\"inLanguage\":\"fr-FR\"},{\"@type\":\"ImageObject\",\"@id\":\"https:\/\/www.nettali.com\/2023\/03\/19\/famille-de-me-cire-cledor-ly-ce-nest-pas-une-evacuation-sanitaire\/#primaryimage\",\"inLanguage\":\"fr-FR\",\"url\":\"https:\/\/www.nettali.com\/wp-content\/uploads\/2023\/03\/Me-Cire\\u0301-Cle\\u0301dor-Ly-e1679221911563.jpeg\",\"contentUrl\":\"https:\/\/www.nettali.com\/wp-content\/uploads\/2023\/03\/Me-Cire\\u0301-Cle\\u0301dor-Ly-e1679221911563.jpeg\",\"width\":1161,\"height\":839},{\"@type\":\"WebPage\",\"@id\":\"https:\/\/www.nettali.com\/2023\/03\/19\/famille-de-me-cire-cledor-ly-ce-nest-pas-une-evacuation-sanitaire\/#webpage\",\"url\":\"https:\/\/www.nettali.com\/2023\/03\/19\/famille-de-me-cire-cledor-ly-ce-nest-pas-une-evacuation-sanitaire\/\",\"name\":\"FAMILLE DE Me CIRE CLEDOR LY - \\\"Ce n'est pas une \\u00e9vacuation sanitaire...\\\" | Nettali.com\",\"isPartOf\":{\"@id\":\"https:\/\/www.nettali.com\/#website\"},\"primaryImageOfPage\":{\"@id\":\"https:\/\/www.nettali.com\/2023\/03\/19\/famille-de-me-cire-cledor-ly-ce-nest-pas-une-evacuation-sanitaire\/#primaryimage\"},\"datePublished\":\"2023-03-19T10:32:23+00:00\",\"dateModified\":\"2023-03-20T13:08:46+00:00\",\"author\":{\"@id\":\"https:\/\/www.nettali.com\/#\/schema\/person\/3317e0bb3aa1da309fbf7b2780901bf4\"},\"breadcrumb\":{\"@id\":\"https:\/\/www.nettali.com\/2023\/03\/19\/famille-de-me-cire-cledor-ly-ce-nest-pas-une-evacuation-sanitaire\/#breadcrumb\"},\"inLanguage\":\"fr-FR\",\"potentialAction\":[{\"@type\":\"ReadAction\",\"target\":[\"https:\/\/www.nettali.com\/2023\/03\/19\/famille-de-me-cire-cledor-ly-ce-nest-pas-une-evacuation-sanitaire\/\"]}]},{\"@type\":\"BreadcrumbList\",\"@id\":\"https:\/\/www.nettali.com\/2023\/03\/19\/famille-de-me-cire-cledor-ly-ce-nest-pas-une-evacuation-sanitaire\/#breadcrumb\",\"itemListElement\":[{\"@type\":\"ListItem\",\"position\":1,\"name\":\"Accueil\",\"item\":\"https:\/\/www.nettali.com\/\"},{\"@type\":\"ListItem\",\"position\":2,\"name\":\"FAMILLE DE Me CIRE CLEDOR LY - \\\"Ce n'est pas une \\u00e9vacuation sanitaire...\\\"\"}]},{\"@type\":\"Person\",\"@id\":\"https:\/\/www.nettali.com\/#\/schema\/person\/3317e0bb3aa1da309fbf7b2780901bf4\",\"name\":\"Daouda\",\"image\":{\"@type\":\"ImageObject\",\"@id\":\"https:\/\/www.nettali.com\/#personlogo\",\"inLanguage\":\"fr-FR\",\"url\":\"https:\/\/secure.gravatar.com\/avatar\/8d143b5a49345098ddcfee1c49c2f47c?s=96&d=mm&r=g\",\"contentUrl\":\"https:\/\/secure.gravatar.com\/avatar\/8d143b5a49345098ddcfee1c49c2f47c?s=96&d=mm&r=g\",\"caption\":\"Daouda\"},\"sameAs\":[\"https:\/\/www.nettali.com\"]}]}<\/script>\n<!-- \/ Yoast SEO Premium plugin. -->","yoast_head_json":{"title":"FAMILLE DE Me CIRE CLEDOR LY - \"Ce n'est pas une \u00e9vacuation sanitaire...\" | Nettali.com","robots":{"index":"index","follow":"follow","max-snippet":"max-snippet:-1","max-image-preview":"max-image-preview:large","max-video-preview":"max-video-preview:-1"},"canonical":"https:\/\/www.nettali.com\/2023\/03\/19\/famille-de-me-cire-cledor-ly-ce-nest-pas-une-evacuation-sanitaire\/","og_locale":"fr_FR","og_type":"article","og_title":"FAMILLE DE Me CIRE CLEDOR LY - \"Ce n'est pas une \u00e9vacuation sanitaire...\"","og_description":"NETTALI.COM - La famille de Me Cir\u00e9 Cl\u00e9dor Ly a tenu \u00e0 r\u00e9agir apr\u00e8s la pol\u00e9mique n\u00e9e\u00a0 du voyage de l'avocat en France. Elle informe que l'avocat se porte mieux. \"Nous pr\u00e9cisons qu\u2019il ne s\u2019agit pas d\u2019une \u00e9vacuation sanitaire\", d\u00e9clare la famille. Voici l'int\u00e9gralit\u00e9 de leur communiqu\u00e9.\u00a0 Voici le communiqu\u00e9 de la famille de Me [&hellip;]","og_url":"https:\/\/www.nettali.com\/2023\/03\/19\/famille-de-me-cire-cledor-ly-ce-nest-pas-une-evacuation-sanitaire\/","og_site_name":"Nettali.com","article_publisher":"https:\/\/www.facebook.com\/nettalicom","article_published_time":"2023-03-19T10:32:23+00:00","article_modified_time":"2023-03-20T13:08:46+00:00","og_image":[{"width":1161,"height":839,"url":"https:\/\/www.nettali.com\/wp-content\/uploads\/2023\/03\/Me-Cire\u0301-Cle\u0301dor-Ly-e1679221911563.jpeg","type":"image\/jpeg"}],"twitter_card":"summary_large_image","twitter_misc":{"\u00c9crit par":"Daouda","Dur\u00e9e de lecture estim\u00e9e":"2 minutes"},"schema":{"@context":"https:\/\/schema.org","@graph":[{"@type":"WebSite","@id":"https:\/\/www.nettali.com\/#website","url":"https:\/\/www.nettali.com\/","name":"Nettali.com","description":"Le rendez-vous critique du Net","potentialAction":[{"@type":"SearchAction","target":{"@type":"EntryPoint","urlTemplate":"https:\/\/www.nettali.com\/?s={search_term_string}"},"query-input":"required name=search_term_string"}],"inLanguage":"fr-FR"},{"@type":"ImageObject","@id":"https:\/\/www.nettali.com\/2023\/03\/19\/famille-de-me-cire-cledor-ly-ce-nest-pas-une-evacuation-sanitaire\/#primaryimage","inLanguage":"fr-FR","url":"https:\/\/www.nettali.com\/wp-content\/uploads\/2023\/03\/Me-Cire\u0301-Cle\u0301dor-Ly-e1679221911563.jpeg","contentUrl":"https:\/\/www.nettali.com\/wp-content\/uploads\/2023\/03\/Me-Cire\u0301-Cle\u0301dor-Ly-e1679221911563.jpeg","width":1161,"height":839},{"@type":"WebPage","@id":"https:\/\/www.nettali.com\/2023\/03\/19\/famille-de-me-cire-cledor-ly-ce-nest-pas-une-evacuation-sanitaire\/#webpage","url":"https:\/\/www.nettali.com\/2023\/03\/19\/famille-de-me-cire-cledor-ly-ce-nest-pas-une-evacuation-sanitaire\/","name":"FAMILLE DE Me CIRE CLEDOR LY - \"Ce n'est pas une \u00e9vacuation sanitaire...\" | Nettali.com","isPartOf":{"@id":"https:\/\/www.nettali.com\/#website"},"primaryImageOfPage":{"@id":"https:\/\/www.nettali.com\/2023\/03\/19\/famille-de-me-cire-cledor-ly-ce-nest-pas-une-evacuation-sanitaire\/#primaryimage"},"datePublished":"2023-03-19T10:32:23+00:00","dateModified":"2023-03-20T13:08:46+00:00","author":{"@id":"https:\/\/www.nettali.com\/#\/schema\/person\/3317e0bb3aa1da309fbf7b2780901bf4"},"breadcrumb":{"@id":"https:\/\/www.nettali.com\/2023\/03\/19\/famille-de-me-cire-cledor-ly-ce-nest-pas-une-evacuation-sanitaire\/#breadcrumb"},"inLanguage":"fr-FR","potentialAction":[{"@type":"ReadAction","target":["https:\/\/www.nettali.com\/2023\/03\/19\/famille-de-me-cire-cledor-ly-ce-nest-pas-une-evacuation-sanitaire\/"]}]},{"@type":"BreadcrumbList","@id":"https:\/\/www.nettali.com\/2023\/03\/19\/famille-de-me-cire-cledor-ly-ce-nest-pas-une-evacuation-sanitaire\/#breadcrumb","itemListElement":[{"@type":"ListItem","position":1,"name":"Accueil","item":"https:\/\/www.nettali.com\/"},{"@type":"ListItem","position":2,"name":"FAMILLE DE Me CIRE CLEDOR LY - \"Ce n'est pas une \u00e9vacuation sanitaire...\""}]},{"@type":"Person","@id":"https:\/\/www.nettali.com\/#\/schema\/person\/3317e0bb3aa1da309fbf7b2780901bf4","name":"Daouda","image":{"@type":"ImageObject","@id":"https:\/\/www.nettali.com\/#personlogo","inLanguage":"fr-FR","url":"https:\/\/secure.gravatar.com\/avatar\/8d143b5a49345098ddcfee1c49c2f47c?s=96&d=mm&r=g","contentUrl":"https:\/\/secure.gravatar.com\/avatar\/8d143b5a49345098ddcfee1c49c2f47c?s=96&d=mm&r=g","caption":"Daouda"},"sameAs":["https:\/\/www.nettali.com"]}]}},"_links":{"self":[{"href":"https:\/\/www.nettali.com\/rest\/wp\/v2\/posts\/106364"}],"collection":[{"href":"https:\/\/www.nettali.com\/rest\/wp\/v2\/posts"}],"about":[{"href":"https:\/\/www.nettali.com\/rest\/wp\/v2\/types\/post"}],"author":[{"embeddable":true,"href":"https:\/\/www.nettali.com\/rest\/wp\/v2\/users\/4"}],"replies":[{"embeddable":true,"href":"https:\/\/www.nettali.com\/rest\/wp\/v2\/comments?post=106364"}],"version-history":[{"count":2,"href":"https:\/\/www.nettali.com\/rest\/wp\/v2\/posts\/106364\/revisions"}],"predecessor-version":[{"id":106468,"href":"https:\/\/www.nettali.com\/rest\/wp\/v2\/posts\/106364\/revisions\/106468"}],"wp:featuredmedia":[{"embeddable":true,"href":"https:\/\/www.nettali.com\/rest\/wp\/v2\/media\/106365"}],"wp:attachment":[{"href":"https:\/\/www.nettali.com\/rest\/wp\/v2\/media?parent=106364"}],"wp:term":[{"taxonomy":"category","embeddable":true,"href":"https:\/\/www.nettali.com\/rest\/wp\/v2\/categories?post=106364"},{"taxonomy":"post_tag","embeddable":true,"href":"https:\/\/www.nettali.com\/rest\/wp\/v2\/tags?post=106364"}],"curies":[{"name":"wp","href":"https:\/\/api.w.org\/{rel}","templated":true}]}}