{"id":106336,"date":"2023-03-18T09:55:20","date_gmt":"2023-03-18T09:55:20","guid":{"rendered":"https:\/\/www.nettali.com\/?p=106336"},"modified":"2023-03-19T13:12:39","modified_gmt":"2023-03-19T13:12:39","slug":"demain-cest-maintenant-mamoudou-ibra-kane-dit-stop-a-la-violence","status":"publish","type":"post","link":"https:\/\/www.nettali.com\/2023\/03\/18\/demain-cest-maintenant-mamoudou-ibra-kane-dit-stop-a-la-violence\/","title":{"rendered":"\"DEMAIN C'EST MAINTENANT\" \u2013 Mamoudou Ibra Kane dit \"stop \u00e0 la violence\""},"content":{"rendered":"<p><strong>NETTALI.COM - Dans un communiqu\u00e9 rendu public ce vendredi, le Mouvement \"DEMAIN C'EST MAINTENANT\" de Mamoudou Ibra Kane constate les d\u00e9g\u00e2ts pour les d\u00e9plorer. \"Des sc\u00e8nes de violence ont encore \u00e9maill\u00e9 l'ouverture, jeudi 16 mars, du proc\u00e8s ayant pour protagonistes le Ministre du Tourisme Mame Mbaye Niang et \u00a0l'opposant Ousmane Sonko \u00bb, d\u00e9plore-t-il.<\/strong><\/p>\n<p><em>\u00abLa vive tension qui pr\u00e9vaut est le fait d'acteurs politiques pr\u00eats \u00e0 en d\u00e9coudre et nourris de ranc\u0153urs entretenues par des discours dont la radicalit\u00e9 le dispute \u00e0 l'inflexibilit\u00e9. Par ce floril\u00e8ge d'intol\u00e9rance, de radicalit\u00e9 et d'hostilit\u00e9, la d\u00e9mocratie s\u00e9n\u00e9galaise vacille. Les S\u00e9n\u00e9galais sont pris en otages par un Mortal Kombat et sont r\u00e9guli\u00e8rement emp\u00each\u00e9s de vaquer \u00e0 leurs occupations vitales. Les populations paient ainsi un lourd tribut dans l'encha\u00eenement des troubles avec la forte r\u00e9duction de la mobilit\u00e9, la fermeture des \u00e9coles et des commerces, le gel des activit\u00e9s, le caillassage des v\u00e9hicules et des biens publics et priv\u00e9s. Une telle absence de discernement et de lucidit\u00e9 constitue une source d'inqui\u00e9tude pour les citoyens d\u00e9j\u00e0 rudement \u00e9prouv\u00e9s par un quotidien de plus en plus difficile\"<\/em>, fait-il remarquer.<\/p>\n<p>Et pour cette organisation, il est temps de dire \"Stop\" \u00e0 la violence. <em>\"Le Mouvement citoyen \"DEMAIN C'EST MAINTENANT\" saisit cette occasion pour alerter sur les risques d'instabilit\u00e9 du S\u00e9n\u00e9gal. Les S\u00e9n\u00e9galais n'en peuvent plus des batailles rang\u00e9es et parfois mortelles. Les voix de sagesse doivent s'\u00e9lever pour fustiger ces actes irr\u00e9fl\u00e9chis qui accentuent le malaise. Il urge de calmer le jeu d'autant plus que le S\u00e9n\u00e9gal s'achemine vers l'\u00e9lection pr\u00e9sidentielle de f\u00e9vrier 2024, avec ses enjeux et ses incertitudes. La perspective qui s'annonce n'est gu\u00e8re reluisante dans une d\u00e9mocratie o\u00f9 le jeu politique a toujours \u00e9t\u00e9 ouvert. La d\u00e9gradation s'observe \u00e0 tous les niveaux avec un appauvrissement du d\u00e9bat contradictoire h\u00e9las remplac\u00e9 par des diatribes, des invectives et une surprenante irr\u00e9v\u00e9rence vis-\u00e0-vis des institutions de la R\u00e9publique.\"<\/em><\/p>\n<p><em>\"DEMAIN C'EST MAINTENANT condamne les comportements violents et d\u00e9viants qui transparaissent dans nos environnements quotidiens. Les causes de cette tension permanente et les rem\u00e8des sont \u00e0 chercher dans une approche r\u00e9solument collective. Donc balle \u00e0 terre pour un respect strict des r\u00e8gles du jeu d\u00e9mocratique, des droits constitutionnels de l'opposition et des institutions r\u00e9publicaines\",<\/em> appellent Mamoudou<\/p>\n<p>Ibra Kane et Cie qui r\u00e9clament \u00a0le calme et la retenue pour sauver notre cher pays. <em>\"DEMAIN C'EST MAINTENANT invite \u00e0 plus de lucidit\u00e9 et d'amour du pays pour apaiser l'espace politique et social pollu\u00e9 par une affligeante cacophonie. Le Mouvement DEMAIN C'EST MAINTENANT exhorte les forces vives de la nation \u00e0 se ressaisir pour faire face aux urgences et relever les d\u00e9fis de d\u00e9veloppement. Un retour aux fondements d'une R\u00e9publique de droit r\u00e9compense l'aspiration tout aussi l\u00e9gitime des S\u00e9n\u00e9galais \u00e0 un mieux-\u00eatre\"<\/em>, conclut le mouvement politique.<\/p>\n<p>&nbsp;<\/p>\n<div class='share-to-whatsapp-wrapper'><div class='share-on-whsp'>PARTAGER SUR : <\/div><a data-text='\"DEMAIN C'EST MAINTENANT\" \u2013 Mamoudou Ibra Kane dit \"stop \u00e0 la violence\"' data-link='https:\/\/www.nettali.com\/2023\/03\/18\/demain-cest-maintenant-mamoudou-ibra-kane-dit-stop-a-la-violence\/' class='whatsapp-button whatsapp-share'>WhatsApp<\/a><div class='clear '><\/div><\/div>","protected":false},"excerpt":{"rendered":"<p>NETTALI.COM - Dans un communiqu\u00e9 rendu public ce vendredi, le Mouvement \"DEMAIN C'EST MAINTENANT\" de Mamoudou Ibra Kane constate les d\u00e9g\u00e2ts pour les d\u00e9plorer. \"Des sc\u00e8nes de violence ont encore \u00e9maill\u00e9 l'ouverture, jeudi 16 mars, du proc\u00e8s ayant pour protagonistes le Ministre du Tourisme Mame Mbaye Niang et \u00a0l'opposant Ousmane Sonko \u00bb, d\u00e9plore-t-il. \u00abLa vive [&hellip;]<\/p>\n","protected":false},"author":4,"featured_media":104982,"comment_status":"open","ping_status":"open","sticky":false,"template":"","format":"standard","meta":{"_et_pb_use_builder":"","_et_pb_old_content":""},"categories":[2],"tags":[],"yoast_head":"<!-- This site is optimized with the Yoast SEO Premium plugin v17.8 (Yoast SEO v17.8) - https:\/\/yoast.com\/wordpress\/plugins\/seo\/ -->\n<title>&quot;DEMAIN C&#039;EST MAINTENANT&quot; \u2013 Mamoudou Ibra Kane dit &quot;stop \u00e0 la violence&quot; | Nettali.com<\/title>\n<meta name=\"robots\" content=\"index, follow, max-snippet:-1, max-image-preview:large, max-video-preview:-1\" \/>\n<link rel=\"canonical\" href=\"https:\/\/www.nettali.com\/2023\/03\/18\/demain-cest-maintenant-mamoudou-ibra-kane-dit-stop-a-la-violence\/\" \/>\n<meta property=\"og:locale\" content=\"fr_FR\" \/>\n<meta property=\"og:type\" content=\"article\" \/>\n<meta property=\"og:title\" content=\"&quot;DEMAIN C&#039;EST MAINTENANT&quot; \u2013 Mamoudou Ibra Kane dit &quot;stop \u00e0 la violence&quot;\" \/>\n<meta property=\"og:description\" content=\"NETTALI.COM - Dans un communiqu\u00e9 rendu public ce vendredi, le Mouvement &quot;DEMAIN C&#039;EST MAINTENANT&quot; de Mamoudou Ibra Kane constate les d\u00e9g\u00e2ts pour les d\u00e9plorer. &quot;Des sc\u00e8nes de violence ont encore \u00e9maill\u00e9 l&#039;ouverture, jeudi 16 mars, du proc\u00e8s ayant pour protagonistes le Ministre du Tourisme Mame Mbaye Niang et \u00a0l&#039;opposant Ousmane Sonko \u00bb, d\u00e9plore-t-il. \u00abLa vive [&hellip;]\" \/>\n<meta property=\"og:url\" content=\"https:\/\/www.nettali.com\/2023\/03\/18\/demain-cest-maintenant-mamoudou-ibra-kane-dit-stop-a-la-violence\/\" \/>\n<meta property=\"og:site_name\" content=\"Nettali.com\" \/>\n<meta property=\"article:publisher\" content=\"https:\/\/www.facebook.com\/nettalicom\" \/>\n<meta property=\"article:published_time\" content=\"2023-03-18T09:55:20+00:00\" \/>\n<meta property=\"article:modified_time\" content=\"2023-03-19T13:12:39+00:00\" \/>\n<meta property=\"og:image\" content=\"https:\/\/www.nettali.com\/wp-content\/uploads\/2023\/02\/Mamoudou-Ibra-Kane.png\" \/>\n\t<meta property=\"og:image:width\" content=\"1600\" \/>\n\t<meta property=\"og:image:height\" content=\"897\" \/>\n<meta name=\"twitter:card\" content=\"summary_large_image\" \/>\n<meta name=\"twitter:label1\" content=\"\u00c9crit par\" \/>\n\t<meta name=\"twitter:data1\" content=\"Daouda\" \/>\n\t<meta name=\"twitter:label2\" content=\"Dur\u00e9e de lecture estim\u00e9e\" \/>\n\t<meta name=\"twitter:data2\" content=\"3 minutes\" \/>\n<script type=\"application\/ld+json\" class=\"yoast-schema-graph\">{\"@context\":\"https:\/\/schema.org\",\"@graph\":[{\"@type\":\"WebSite\",\"@id\":\"https:\/\/www.nettali.com\/#website\",\"url\":\"https:\/\/www.nettali.com\/\",\"name\":\"Nettali.com\",\"description\":\"Le rendez-vous critique du Net\",\"potentialAction\":[{\"@type\":\"SearchAction\",\"target\":{\"@type\":\"EntryPoint\",\"urlTemplate\":\"https:\/\/www.nettali.com\/?s={search_term_string}\"},\"query-input\":\"required name=search_term_string\"}],\"inLanguage\":\"fr-FR\"},{\"@type\":\"ImageObject\",\"@id\":\"https:\/\/www.nettali.com\/2023\/03\/18\/demain-cest-maintenant-mamoudou-ibra-kane-dit-stop-a-la-violence\/#primaryimage\",\"inLanguage\":\"fr-FR\",\"url\":\"https:\/\/www.nettali.com\/wp-content\/uploads\/2023\/02\/Mamoudou-Ibra-Kane.png\",\"contentUrl\":\"https:\/\/www.nettali.com\/wp-content\/uploads\/2023\/02\/Mamoudou-Ibra-Kane.png\",\"width\":1600,\"height\":897},{\"@type\":\"WebPage\",\"@id\":\"https:\/\/www.nettali.com\/2023\/03\/18\/demain-cest-maintenant-mamoudou-ibra-kane-dit-stop-a-la-violence\/#webpage\",\"url\":\"https:\/\/www.nettali.com\/2023\/03\/18\/demain-cest-maintenant-mamoudou-ibra-kane-dit-stop-a-la-violence\/\",\"name\":\"\\\"DEMAIN C'EST MAINTENANT\\\" \\u2013 Mamoudou Ibra Kane dit \\\"stop \\u00e0 la violence\\\" | Nettali.com\",\"isPartOf\":{\"@id\":\"https:\/\/www.nettali.com\/#website\"},\"primaryImageOfPage\":{\"@id\":\"https:\/\/www.nettali.com\/2023\/03\/18\/demain-cest-maintenant-mamoudou-ibra-kane-dit-stop-a-la-violence\/#primaryimage\"},\"datePublished\":\"2023-03-18T09:55:20+00:00\",\"dateModified\":\"2023-03-19T13:12:39+00:00\",\"author\":{\"@id\":\"https:\/\/www.nettali.com\/#\/schema\/person\/3317e0bb3aa1da309fbf7b2780901bf4\"},\"breadcrumb\":{\"@id\":\"https:\/\/www.nettali.com\/2023\/03\/18\/demain-cest-maintenant-mamoudou-ibra-kane-dit-stop-a-la-violence\/#breadcrumb\"},\"inLanguage\":\"fr-FR\",\"potentialAction\":[{\"@type\":\"ReadAction\",\"target\":[\"https:\/\/www.nettali.com\/2023\/03\/18\/demain-cest-maintenant-mamoudou-ibra-kane-dit-stop-a-la-violence\/\"]}]},{\"@type\":\"BreadcrumbList\",\"@id\":\"https:\/\/www.nettali.com\/2023\/03\/18\/demain-cest-maintenant-mamoudou-ibra-kane-dit-stop-a-la-violence\/#breadcrumb\",\"itemListElement\":[{\"@type\":\"ListItem\",\"position\":1,\"name\":\"Accueil\",\"item\":\"https:\/\/www.nettali.com\/\"},{\"@type\":\"ListItem\",\"position\":2,\"name\":\"\\\"DEMAIN C'EST MAINTENANT\\\" \\u2013 Mamoudou Ibra Kane dit \\\"stop \\u00e0 la violence\\\"\"}]},{\"@type\":\"Person\",\"@id\":\"https:\/\/www.nettali.com\/#\/schema\/person\/3317e0bb3aa1da309fbf7b2780901bf4\",\"name\":\"Daouda\",\"image\":{\"@type\":\"ImageObject\",\"@id\":\"https:\/\/www.nettali.com\/#personlogo\",\"inLanguage\":\"fr-FR\",\"url\":\"https:\/\/secure.gravatar.com\/avatar\/8d143b5a49345098ddcfee1c49c2f47c?s=96&d=mm&r=g\",\"contentUrl\":\"https:\/\/secure.gravatar.com\/avatar\/8d143b5a49345098ddcfee1c49c2f47c?s=96&d=mm&r=g\",\"caption\":\"Daouda\"},\"sameAs\":[\"https:\/\/www.nettali.com\"]}]}<\/script>\n<!-- \/ Yoast SEO Premium plugin. -->","yoast_head_json":{"title":"\"DEMAIN C'EST MAINTENANT\" \u2013 Mamoudou Ibra Kane dit \"stop \u00e0 la violence\" | Nettali.com","robots":{"index":"index","follow":"follow","max-snippet":"max-snippet:-1","max-image-preview":"max-image-preview:large","max-video-preview":"max-video-preview:-1"},"canonical":"https:\/\/www.nettali.com\/2023\/03\/18\/demain-cest-maintenant-mamoudou-ibra-kane-dit-stop-a-la-violence\/","og_locale":"fr_FR","og_type":"article","og_title":"\"DEMAIN C'EST MAINTENANT\" \u2013 Mamoudou Ibra Kane dit \"stop \u00e0 la violence\"","og_description":"NETTALI.COM - Dans un communiqu\u00e9 rendu public ce vendredi, le Mouvement \"DEMAIN C'EST MAINTENANT\" de Mamoudou Ibra Kane constate les d\u00e9g\u00e2ts pour les d\u00e9plorer. \"Des sc\u00e8nes de violence ont encore \u00e9maill\u00e9 l'ouverture, jeudi 16 mars, du proc\u00e8s ayant pour protagonistes le Ministre du Tourisme Mame Mbaye Niang et \u00a0l'opposant Ousmane Sonko \u00bb, d\u00e9plore-t-il. \u00abLa vive [&hellip;]","og_url":"https:\/\/www.nettali.com\/2023\/03\/18\/demain-cest-maintenant-mamoudou-ibra-kane-dit-stop-a-la-violence\/","og_site_name":"Nettali.com","article_publisher":"https:\/\/www.facebook.com\/nettalicom","article_published_time":"2023-03-18T09:55:20+00:00","article_modified_time":"2023-03-19T13:12:39+00:00","og_image":[{"width":1600,"height":897,"url":"https:\/\/www.nettali.com\/wp-content\/uploads\/2023\/02\/Mamoudou-Ibra-Kane.png","type":"image\/png"}],"twitter_card":"summary_large_image","twitter_misc":{"\u00c9crit par":"Daouda","Dur\u00e9e de lecture estim\u00e9e":"3 minutes"},"schema":{"@context":"https:\/\/schema.org","@graph":[{"@type":"WebSite","@id":"https:\/\/www.nettali.com\/#website","url":"https:\/\/www.nettali.com\/","name":"Nettali.com","description":"Le rendez-vous critique du Net","potentialAction":[{"@type":"SearchAction","target":{"@type":"EntryPoint","urlTemplate":"https:\/\/www.nettali.com\/?s={search_term_string}"},"query-input":"required name=search_term_string"}],"inLanguage":"fr-FR"},{"@type":"ImageObject","@id":"https:\/\/www.nettali.com\/2023\/03\/18\/demain-cest-maintenant-mamoudou-ibra-kane-dit-stop-a-la-violence\/#primaryimage","inLanguage":"fr-FR","url":"https:\/\/www.nettali.com\/wp-content\/uploads\/2023\/02\/Mamoudou-Ibra-Kane.png","contentUrl":"https:\/\/www.nettali.com\/wp-content\/uploads\/2023\/02\/Mamoudou-Ibra-Kane.png","width":1600,"height":897},{"@type":"WebPage","@id":"https:\/\/www.nettali.com\/2023\/03\/18\/demain-cest-maintenant-mamoudou-ibra-kane-dit-stop-a-la-violence\/#webpage","url":"https:\/\/www.nettali.com\/2023\/03\/18\/demain-cest-maintenant-mamoudou-ibra-kane-dit-stop-a-la-violence\/","name":"\"DEMAIN C'EST MAINTENANT\" \u2013 Mamoudou Ibra Kane dit \"stop \u00e0 la violence\" | Nettali.com","isPartOf":{"@id":"https:\/\/www.nettali.com\/#website"},"primaryImageOfPage":{"@id":"https:\/\/www.nettali.com\/2023\/03\/18\/demain-cest-maintenant-mamoudou-ibra-kane-dit-stop-a-la-violence\/#primaryimage"},"datePublished":"2023-03-18T09:55:20+00:00","dateModified":"2023-03-19T13:12:39+00:00","author":{"@id":"https:\/\/www.nettali.com\/#\/schema\/person\/3317e0bb3aa1da309fbf7b2780901bf4"},"breadcrumb":{"@id":"https:\/\/www.nettali.com\/2023\/03\/18\/demain-cest-maintenant-mamoudou-ibra-kane-dit-stop-a-la-violence\/#breadcrumb"},"inLanguage":"fr-FR","potentialAction":[{"@type":"ReadAction","target":["https:\/\/www.nettali.com\/2023\/03\/18\/demain-cest-maintenant-mamoudou-ibra-kane-dit-stop-a-la-violence\/"]}]},{"@type":"BreadcrumbList","@id":"https:\/\/www.nettali.com\/2023\/03\/18\/demain-cest-maintenant-mamoudou-ibra-kane-dit-stop-a-la-violence\/#breadcrumb","itemListElement":[{"@type":"ListItem","position":1,"name":"Accueil","item":"https:\/\/www.nettali.com\/"},{"@type":"ListItem","position":2,"name":"\"DEMAIN C'EST MAINTENANT\" \u2013 Mamoudou Ibra Kane dit \"stop \u00e0 la violence\""}]},{"@type":"Person","@id":"https:\/\/www.nettali.com\/#\/schema\/person\/3317e0bb3aa1da309fbf7b2780901bf4","name":"Daouda","image":{"@type":"ImageObject","@id":"https:\/\/www.nettali.com\/#personlogo","inLanguage":"fr-FR","url":"https:\/\/secure.gravatar.com\/avatar\/8d143b5a49345098ddcfee1c49c2f47c?s=96&d=mm&r=g","contentUrl":"https:\/\/secure.gravatar.com\/avatar\/8d143b5a49345098ddcfee1c49c2f47c?s=96&d=mm&r=g","caption":"Daouda"},"sameAs":["https:\/\/www.nettali.com"]}]}},"_links":{"self":[{"href":"https:\/\/www.nettali.com\/rest\/wp\/v2\/posts\/106336"}],"collection":[{"href":"https:\/\/www.nettali.com\/rest\/wp\/v2\/posts"}],"about":[{"href":"https:\/\/www.nettali.com\/rest\/wp\/v2\/types\/post"}],"author":[{"embeddable":true,"href":"https:\/\/www.nettali.com\/rest\/wp\/v2\/users\/4"}],"replies":[{"embeddable":true,"href":"https:\/\/www.nettali.com\/rest\/wp\/v2\/comments?post=106336"}],"version-history":[{"count":2,"href":"https:\/\/www.nettali.com\/rest\/wp\/v2\/posts\/106336\/revisions"}],"predecessor-version":[{"id":106389,"href":"https:\/\/www.nettali.com\/rest\/wp\/v2\/posts\/106336\/revisions\/106389"}],"wp:featuredmedia":[{"embeddable":true,"href":"https:\/\/www.nettali.com\/rest\/wp\/v2\/media\/104982"}],"wp:attachment":[{"href":"https:\/\/www.nettali.com\/rest\/wp\/v2\/media?parent=106336"}],"wp:term":[{"taxonomy":"category","embeddable":true,"href":"https:\/\/www.nettali.com\/rest\/wp\/v2\/categories?post=106336"},{"taxonomy":"post_tag","embeddable":true,"href":"https:\/\/www.nettali.com\/rest\/wp\/v2\/tags?post=106336"}],"curies":[{"name":"wp","href":"https:\/\/api.w.org\/{rel}","templated":true}]}}