{"id":106333,"date":"2023-03-18T09:46:07","date_gmt":"2023-03-18T09:46:07","guid":{"rendered":"https:\/\/www.nettali.com\/?p=106333"},"modified":"2023-03-18T10:38:37","modified_gmt":"2023-03-18T10:38:37","slug":"en-coulisses-le-message-de-sonko-a-ses-militants","status":"publish","type":"post","link":"https:\/\/www.nettali.com\/2023\/03\/18\/en-coulisses-le-message-de-sonko-a-ses-militants\/","title":{"rendered":"EN COULISSES - Le message de Sonko \u00e0 ses militants"},"content":{"rendered":"<p><strong>NETTALI.COM -<\/strong> Admis \u00e0 Summa assistance depuis jeudi, Ousmane Sonko a tenu \u00e0 rassurer ses militants venus en masse \u00e0 la clinique pour le soutenir. Dans la nuit du vendredi, il a demand\u00e9 \u00e0 son chef de protocole de d\u00e9livrer un message \u00e0 l'endroit des militants pour les inviter \u00e0 rentrer chez eux.<\/p>\n<p><em>\u00abOusmane Sonko m\u2019a demand\u00e9 de venir vous parler. D\u00e9j\u00e0 un bulletin de sant\u00e9 ne peut \u00eatre divulgu\u00e9 en public. Mais il est avec les m\u00e9decins et ces derniers sont en train de faire leur travail comme il se doit. Pour vous militants, il m\u2019a charg\u00e9 de vous dire qu\u2019ici n\u2019est pas un lieu de regroupement. Car il n\u2019est pas seul dans cette clinique. Il y a toutes sortes de patients dont certains sont op\u00e9r\u00e9s\"<\/em>, a d\u00e9clar\u00e9 Djiby Gu\u00e8ye Ndiaye, le chef du protocole.<br \/>\n<em>\"Il m\u2019a charg\u00e9 de vous dire aussi, ajoute-t-il, qu\u2019il a bien vu votre mobilisation durant ces deux jours, il vous demande de vous rassurer, de rentrer et de rester \u00e0 l\u2019\u00e9coute. Et tout ce qui sera fait, vous serez inform\u00e9s<\/em>.\u00bb<\/p>\n<div class='share-to-whatsapp-wrapper'><div class='share-on-whsp'>PARTAGER SUR : <\/div><a data-text='EN COULISSES - Le message de Sonko \u00e0 ses militants' data-link='https:\/\/www.nettali.com\/2023\/03\/18\/en-coulisses-le-message-de-sonko-a-ses-militants\/' class='whatsapp-button whatsapp-share'>WhatsApp<\/a><div class='clear '><\/div><\/div>","protected":false},"excerpt":{"rendered":"<p>NETTALI.COM - Admis \u00e0 Summa assistance depuis jeudi, Ousmane Sonko a tenu \u00e0 rassurer ses militants venus en masse \u00e0 la clinique pour le soutenir. Dans la nuit du vendredi, il a demand\u00e9 \u00e0 son chef de protocole de d\u00e9livrer un message \u00e0 l'endroit des militants pour les inviter \u00e0 rentrer chez eux. \u00abOusmane Sonko [&hellip;]<\/p>\n","protected":false},"author":4,"featured_media":106334,"comment_status":"open","ping_status":"open","sticky":false,"template":"","format":"standard","meta":{"_et_pb_use_builder":"","_et_pb_old_content":""},"categories":[34945],"tags":[],"yoast_head":"<!-- This site is optimized with the Yoast SEO Premium plugin v17.8 (Yoast SEO v17.8) - https:\/\/yoast.com\/wordpress\/plugins\/seo\/ -->\n<title>EN COULISSES - Le message de Sonko \u00e0 ses militants | Nettali.com<\/title>\n<meta name=\"robots\" content=\"index, follow, max-snippet:-1, max-image-preview:large, max-video-preview:-1\" \/>\n<link rel=\"canonical\" href=\"https:\/\/www.nettali.com\/2023\/03\/18\/en-coulisses-le-message-de-sonko-a-ses-militants\/\" \/>\n<meta property=\"og:locale\" content=\"fr_FR\" \/>\n<meta property=\"og:type\" content=\"article\" \/>\n<meta property=\"og:title\" content=\"EN COULISSES - Le message de Sonko \u00e0 ses militants\" \/>\n<meta property=\"og:description\" content=\"NETTALI.COM - Admis \u00e0 Summa assistance depuis jeudi, Ousmane Sonko a tenu \u00e0 rassurer ses militants venus en masse \u00e0 la clinique pour le soutenir. Dans la nuit du vendredi, il a demand\u00e9 \u00e0 son chef de protocole de d\u00e9livrer un message \u00e0 l&#039;endroit des militants pour les inviter \u00e0 rentrer chez eux. \u00abOusmane Sonko [&hellip;]\" \/>\n<meta property=\"og:url\" content=\"https:\/\/www.nettali.com\/2023\/03\/18\/en-coulisses-le-message-de-sonko-a-ses-militants\/\" \/>\n<meta property=\"og:site_name\" content=\"Nettali.com\" \/>\n<meta property=\"article:publisher\" content=\"https:\/\/www.facebook.com\/nettalicom\" \/>\n<meta property=\"article:published_time\" content=\"2023-03-18T09:46:07+00:00\" \/>\n<meta property=\"article:modified_time\" content=\"2023-03-18T10:38:37+00:00\" \/>\n<meta property=\"og:image\" content=\"https:\/\/www.nettali.com\/wp-content\/uploads\/2023\/03\/djiby-gueye-ndiaye_4151.png\" \/>\n\t<meta property=\"og:image:width\" content=\"1600\" \/>\n\t<meta property=\"og:image:height\" content=\"761\" \/>\n<meta name=\"twitter:card\" content=\"summary_large_image\" \/>\n<meta name=\"twitter:label1\" content=\"\u00c9crit par\" \/>\n\t<meta name=\"twitter:data1\" content=\"Daouda\" \/>\n\t<meta name=\"twitter:label2\" content=\"Dur\u00e9e de lecture estim\u00e9e\" \/>\n\t<meta name=\"twitter:data2\" content=\"1 minute\" \/>\n<script type=\"application\/ld+json\" class=\"yoast-schema-graph\">{\"@context\":\"https:\/\/schema.org\",\"@graph\":[{\"@type\":\"WebSite\",\"@id\":\"https:\/\/www.nettali.com\/#website\",\"url\":\"https:\/\/www.nettali.com\/\",\"name\":\"Nettali.com\",\"description\":\"Le rendez-vous critique du Net\",\"potentialAction\":[{\"@type\":\"SearchAction\",\"target\":{\"@type\":\"EntryPoint\",\"urlTemplate\":\"https:\/\/www.nettali.com\/?s={search_term_string}\"},\"query-input\":\"required name=search_term_string\"}],\"inLanguage\":\"fr-FR\"},{\"@type\":\"ImageObject\",\"@id\":\"https:\/\/www.nettali.com\/2023\/03\/18\/en-coulisses-le-message-de-sonko-a-ses-militants\/#primaryimage\",\"inLanguage\":\"fr-FR\",\"url\":\"https:\/\/www.nettali.com\/wp-content\/uploads\/2023\/03\/djiby-gueye-ndiaye_4151.png\",\"contentUrl\":\"https:\/\/www.nettali.com\/wp-content\/uploads\/2023\/03\/djiby-gueye-ndiaye_4151.png\",\"width\":1600,\"height\":761},{\"@type\":\"WebPage\",\"@id\":\"https:\/\/www.nettali.com\/2023\/03\/18\/en-coulisses-le-message-de-sonko-a-ses-militants\/#webpage\",\"url\":\"https:\/\/www.nettali.com\/2023\/03\/18\/en-coulisses-le-message-de-sonko-a-ses-militants\/\",\"name\":\"EN COULISSES - Le message de Sonko \\u00e0 ses militants | Nettali.com\",\"isPartOf\":{\"@id\":\"https:\/\/www.nettali.com\/#website\"},\"primaryImageOfPage\":{\"@id\":\"https:\/\/www.nettali.com\/2023\/03\/18\/en-coulisses-le-message-de-sonko-a-ses-militants\/#primaryimage\"},\"datePublished\":\"2023-03-18T09:46:07+00:00\",\"dateModified\":\"2023-03-18T10:38:37+00:00\",\"author\":{\"@id\":\"https:\/\/www.nettali.com\/#\/schema\/person\/3317e0bb3aa1da309fbf7b2780901bf4\"},\"breadcrumb\":{\"@id\":\"https:\/\/www.nettali.com\/2023\/03\/18\/en-coulisses-le-message-de-sonko-a-ses-militants\/#breadcrumb\"},\"inLanguage\":\"fr-FR\",\"potentialAction\":[{\"@type\":\"ReadAction\",\"target\":[\"https:\/\/www.nettali.com\/2023\/03\/18\/en-coulisses-le-message-de-sonko-a-ses-militants\/\"]}]},{\"@type\":\"BreadcrumbList\",\"@id\":\"https:\/\/www.nettali.com\/2023\/03\/18\/en-coulisses-le-message-de-sonko-a-ses-militants\/#breadcrumb\",\"itemListElement\":[{\"@type\":\"ListItem\",\"position\":1,\"name\":\"Accueil\",\"item\":\"https:\/\/www.nettali.com\/\"},{\"@type\":\"ListItem\",\"position\":2,\"name\":\"EN COULISSES - Le message de Sonko \\u00e0 ses militants\"}]},{\"@type\":\"Person\",\"@id\":\"https:\/\/www.nettali.com\/#\/schema\/person\/3317e0bb3aa1da309fbf7b2780901bf4\",\"name\":\"Daouda\",\"image\":{\"@type\":\"ImageObject\",\"@id\":\"https:\/\/www.nettali.com\/#personlogo\",\"inLanguage\":\"fr-FR\",\"url\":\"https:\/\/secure.gravatar.com\/avatar\/8d143b5a49345098ddcfee1c49c2f47c?s=96&d=mm&r=g\",\"contentUrl\":\"https:\/\/secure.gravatar.com\/avatar\/8d143b5a49345098ddcfee1c49c2f47c?s=96&d=mm&r=g\",\"caption\":\"Daouda\"},\"sameAs\":[\"https:\/\/www.nettali.com\"]}]}<\/script>\n<!-- \/ Yoast SEO Premium plugin. -->","yoast_head_json":{"title":"EN COULISSES - Le message de Sonko \u00e0 ses militants | Nettali.com","robots":{"index":"index","follow":"follow","max-snippet":"max-snippet:-1","max-image-preview":"max-image-preview:large","max-video-preview":"max-video-preview:-1"},"canonical":"https:\/\/www.nettali.com\/2023\/03\/18\/en-coulisses-le-message-de-sonko-a-ses-militants\/","og_locale":"fr_FR","og_type":"article","og_title":"EN COULISSES - Le message de Sonko \u00e0 ses militants","og_description":"NETTALI.COM - Admis \u00e0 Summa assistance depuis jeudi, Ousmane Sonko a tenu \u00e0 rassurer ses militants venus en masse \u00e0 la clinique pour le soutenir. Dans la nuit du vendredi, il a demand\u00e9 \u00e0 son chef de protocole de d\u00e9livrer un message \u00e0 l'endroit des militants pour les inviter \u00e0 rentrer chez eux. \u00abOusmane Sonko [&hellip;]","og_url":"https:\/\/www.nettali.com\/2023\/03\/18\/en-coulisses-le-message-de-sonko-a-ses-militants\/","og_site_name":"Nettali.com","article_publisher":"https:\/\/www.facebook.com\/nettalicom","article_published_time":"2023-03-18T09:46:07+00:00","article_modified_time":"2023-03-18T10:38:37+00:00","og_image":[{"width":1600,"height":761,"url":"https:\/\/www.nettali.com\/wp-content\/uploads\/2023\/03\/djiby-gueye-ndiaye_4151.png","type":"image\/png"}],"twitter_card":"summary_large_image","twitter_misc":{"\u00c9crit par":"Daouda","Dur\u00e9e de lecture estim\u00e9e":"1 minute"},"schema":{"@context":"https:\/\/schema.org","@graph":[{"@type":"WebSite","@id":"https:\/\/www.nettali.com\/#website","url":"https:\/\/www.nettali.com\/","name":"Nettali.com","description":"Le rendez-vous critique du Net","potentialAction":[{"@type":"SearchAction","target":{"@type":"EntryPoint","urlTemplate":"https:\/\/www.nettali.com\/?s={search_term_string}"},"query-input":"required name=search_term_string"}],"inLanguage":"fr-FR"},{"@type":"ImageObject","@id":"https:\/\/www.nettali.com\/2023\/03\/18\/en-coulisses-le-message-de-sonko-a-ses-militants\/#primaryimage","inLanguage":"fr-FR","url":"https:\/\/www.nettali.com\/wp-content\/uploads\/2023\/03\/djiby-gueye-ndiaye_4151.png","contentUrl":"https:\/\/www.nettali.com\/wp-content\/uploads\/2023\/03\/djiby-gueye-ndiaye_4151.png","width":1600,"height":761},{"@type":"WebPage","@id":"https:\/\/www.nettali.com\/2023\/03\/18\/en-coulisses-le-message-de-sonko-a-ses-militants\/#webpage","url":"https:\/\/www.nettali.com\/2023\/03\/18\/en-coulisses-le-message-de-sonko-a-ses-militants\/","name":"EN COULISSES - Le message de Sonko \u00e0 ses militants | Nettali.com","isPartOf":{"@id":"https:\/\/www.nettali.com\/#website"},"primaryImageOfPage":{"@id":"https:\/\/www.nettali.com\/2023\/03\/18\/en-coulisses-le-message-de-sonko-a-ses-militants\/#primaryimage"},"datePublished":"2023-03-18T09:46:07+00:00","dateModified":"2023-03-18T10:38:37+00:00","author":{"@id":"https:\/\/www.nettali.com\/#\/schema\/person\/3317e0bb3aa1da309fbf7b2780901bf4"},"breadcrumb":{"@id":"https:\/\/www.nettali.com\/2023\/03\/18\/en-coulisses-le-message-de-sonko-a-ses-militants\/#breadcrumb"},"inLanguage":"fr-FR","potentialAction":[{"@type":"ReadAction","target":["https:\/\/www.nettali.com\/2023\/03\/18\/en-coulisses-le-message-de-sonko-a-ses-militants\/"]}]},{"@type":"BreadcrumbList","@id":"https:\/\/www.nettali.com\/2023\/03\/18\/en-coulisses-le-message-de-sonko-a-ses-militants\/#breadcrumb","itemListElement":[{"@type":"ListItem","position":1,"name":"Accueil","item":"https:\/\/www.nettali.com\/"},{"@type":"ListItem","position":2,"name":"EN COULISSES - Le message de Sonko \u00e0 ses militants"}]},{"@type":"Person","@id":"https:\/\/www.nettali.com\/#\/schema\/person\/3317e0bb3aa1da309fbf7b2780901bf4","name":"Daouda","image":{"@type":"ImageObject","@id":"https:\/\/www.nettali.com\/#personlogo","inLanguage":"fr-FR","url":"https:\/\/secure.gravatar.com\/avatar\/8d143b5a49345098ddcfee1c49c2f47c?s=96&d=mm&r=g","contentUrl":"https:\/\/secure.gravatar.com\/avatar\/8d143b5a49345098ddcfee1c49c2f47c?s=96&d=mm&r=g","caption":"Daouda"},"sameAs":["https:\/\/www.nettali.com"]}]}},"_links":{"self":[{"href":"https:\/\/www.nettali.com\/rest\/wp\/v2\/posts\/106333"}],"collection":[{"href":"https:\/\/www.nettali.com\/rest\/wp\/v2\/posts"}],"about":[{"href":"https:\/\/www.nettali.com\/rest\/wp\/v2\/types\/post"}],"author":[{"embeddable":true,"href":"https:\/\/www.nettali.com\/rest\/wp\/v2\/users\/4"}],"replies":[{"embeddable":true,"href":"https:\/\/www.nettali.com\/rest\/wp\/v2\/comments?post=106333"}],"version-history":[{"count":2,"href":"https:\/\/www.nettali.com\/rest\/wp\/v2\/posts\/106333\/revisions"}],"predecessor-version":[{"id":106342,"href":"https:\/\/www.nettali.com\/rest\/wp\/v2\/posts\/106333\/revisions\/106342"}],"wp:featuredmedia":[{"embeddable":true,"href":"https:\/\/www.nettali.com\/rest\/wp\/v2\/media\/106334"}],"wp:attachment":[{"href":"https:\/\/www.nettali.com\/rest\/wp\/v2\/media?parent=106333"}],"wp:term":[{"taxonomy":"category","embeddable":true,"href":"https:\/\/www.nettali.com\/rest\/wp\/v2\/categories?post=106333"},{"taxonomy":"post_tag","embeddable":true,"href":"https:\/\/www.nettali.com\/rest\/wp\/v2\/tags?post=106333"}],"curies":[{"name":"wp","href":"https:\/\/api.w.org\/{rel}","templated":true}]}}