{"id":106321,"date":"2023-03-18T09:06:31","date_gmt":"2023-03-18T09:06:31","guid":{"rendered":"https:\/\/www.nettali.com\/?p=106321"},"modified":"2023-03-18T09:06:31","modified_gmt":"2023-03-18T09:06:31","slug":"en-coulisses-aliou-sane-sindigne-et-rappelle-lepisode-wade-macky","status":"publish","type":"post","link":"https:\/\/www.nettali.com\/2023\/03\/18\/en-coulisses-aliou-sane-sindigne-et-rappelle-lepisode-wade-macky\/","title":{"rendered":"EN COULISSES - Aliou San\u00e9 s'indigne et rappelle l'\u00e9pisode Wade-Macky"},"content":{"rendered":"<p><strong>NETTALI.COM -<\/strong> Apr\u00e8s avoir rendu visite au leader de Pastef, les leaders du mouvement Y en a marre se sont montr\u00e9s pr\u00e9occup\u00e9s par l'\u00e9tat de sant\u00e9 qu'ils jugent \"alarmant\" d\u2019Ousmane Sonko. Ce vendredi 17 mars, face \u00e0 la presse, Thiat et Aliou San\u00e9 ont dit qu\u2019un \"<em>recul grave et honteux de notre d\u00e9mocratie doit interpeller toutes les S\u00e9n\u00e9galaises et les S\u00e9n\u00e9galais<\/em>\".<\/p>\n<p>En effet, affirme le rappeur du groupe Keur Gui, \"<em>toutes ces manoeuvres n\u2019ont que deux objectifs : participer \u00e0 l\u2019\u00e9lection pr\u00e9sidentielle de 2024 et choisir ceux qui vont l\u2019accompagner<\/em>\".<\/p>\n<p>Un fait que n\u2019a toutefois pas manqu\u00e9 de rappeler Aliou San\u00e9, le coordonnateur du mouvement Y en a marre. \"<em>si le pr\u00e9sident Abdoulaye Wade avait agi avec Macky Sall de la mani\u00e8re dont ce dernier le fait avec ses opposants, il (Macky Sall) ne serait pas pr\u00e9sident de ce pays. Lorsqu\u2019il a \u00e9t\u00e9 convoqu\u00e9 en 2009, pour une affaire de blanchiment d\u2019argent pr\u00e9sum\u00e9e, il \u00e9tait accompagn\u00e9 par ses militants jusqu\u2019au tribunal<\/em>\".<\/p>\n<p>Aliou San\u00e9 s'indigne ainsi qu\u2019il ait fallu qu\u2019Ousmane Sonko d\u00e9nonce ce qui se passe sur les r\u00e9seaux sociaux pour que l\u2019on daigne lui permettre d\u2019aller se soigner.<\/p>\n<p>\"<em>Tout membre \u00e9pris de v\u00e9rit\u00e9 doit d\u00e9noncer cela. La s\u00e9curit\u00e9 d\u2019Ousmane Sonko, celle de tous les opposants et de tous les S\u00e9n\u00e9galais incombe \u00e0 l\u2019\u00c9tat et au pr\u00e9sident Macky Sall. Cent quatre-vingts personnes ont \u00e9t\u00e9 arr\u00eat\u00e9es jeudi pour avoir manifest\u00e9. Qu\u2019est-ce qui le justifie ? On ne peut plus laisser faire<\/em><br \/>\n<em>cela. Et le 30, on sera debout pour d\u00e9fendre notre d\u00e9mocratie\"<\/em>, ajoute le coordonnateur de Y en a marre.<\/p>\n<div class='share-to-whatsapp-wrapper'><div class='share-on-whsp'>PARTAGER SUR : <\/div><a data-text='EN COULISSES - Aliou San\u00e9 s'indigne et rappelle l'\u00e9pisode Wade-Macky' data-link='https:\/\/www.nettali.com\/2023\/03\/18\/en-coulisses-aliou-sane-sindigne-et-rappelle-lepisode-wade-macky\/' class='whatsapp-button whatsapp-share'>WhatsApp<\/a><div class='clear '><\/div><\/div>","protected":false},"excerpt":{"rendered":"<p>NETTALI.COM - Apr\u00e8s avoir rendu visite au leader de Pastef, les leaders du mouvement Y en a marre se sont montr\u00e9s pr\u00e9occup\u00e9s par l'\u00e9tat de sant\u00e9 qu'ils jugent \"alarmant\" d\u2019Ousmane Sonko. Ce vendredi 17 mars, face \u00e0 la presse, Thiat et Aliou San\u00e9 ont dit qu\u2019un \"recul grave et honteux de notre d\u00e9mocratie doit interpeller [&hellip;]<\/p>\n","protected":false},"author":2,"featured_media":106330,"comment_status":"open","ping_status":"open","sticky":false,"template":"","format":"standard","meta":{"_et_pb_use_builder":"","_et_pb_old_content":""},"categories":[34945],"tags":[],"yoast_head":"<!-- This site is optimized with the Yoast SEO Premium plugin v17.8 (Yoast SEO v17.8) - https:\/\/yoast.com\/wordpress\/plugins\/seo\/ -->\n<title>EN COULISSES - Aliou San\u00e9 s&#039;indigne et rappelle l&#039;\u00e9pisode Wade-Macky | Nettali.com<\/title>\n<meta name=\"robots\" content=\"index, follow, max-snippet:-1, max-image-preview:large, max-video-preview:-1\" \/>\n<link rel=\"canonical\" href=\"https:\/\/www.nettali.com\/2023\/03\/18\/en-coulisses-aliou-sane-sindigne-et-rappelle-lepisode-wade-macky\/\" \/>\n<meta property=\"og:locale\" content=\"fr_FR\" \/>\n<meta property=\"og:type\" content=\"article\" \/>\n<meta property=\"og:title\" content=\"EN COULISSES - Aliou San\u00e9 s&#039;indigne et rappelle l&#039;\u00e9pisode Wade-Macky\" \/>\n<meta property=\"og:description\" content=\"NETTALI.COM - Apr\u00e8s avoir rendu visite au leader de Pastef, les leaders du mouvement Y en a marre se sont montr\u00e9s pr\u00e9occup\u00e9s par l&#039;\u00e9tat de sant\u00e9 qu&#039;ils jugent &quot;alarmant&quot; d\u2019Ousmane Sonko. Ce vendredi 17 mars, face \u00e0 la presse, Thiat et Aliou San\u00e9 ont dit qu\u2019un &quot;recul grave et honteux de notre d\u00e9mocratie doit interpeller [&hellip;]\" \/>\n<meta property=\"og:url\" content=\"https:\/\/www.nettali.com\/2023\/03\/18\/en-coulisses-aliou-sane-sindigne-et-rappelle-lepisode-wade-macky\/\" \/>\n<meta property=\"og:site_name\" content=\"Nettali.com\" \/>\n<meta property=\"article:publisher\" content=\"https:\/\/www.facebook.com\/nettalicom\" \/>\n<meta property=\"article:published_time\" content=\"2023-03-18T09:06:31+00:00\" \/>\n<meta property=\"og:image\" content=\"https:\/\/www.nettali.com\/wp-content\/uploads\/2023\/03\/ALIOU-SANE-LEADER-DE-YEN-A-MARRE.jpg\" \/>\n\t<meta property=\"og:image:width\" content=\"715\" \/>\n\t<meta property=\"og:image:height\" content=\"443\" \/>\n<meta name=\"twitter:card\" content=\"summary_large_image\" \/>\n<meta name=\"twitter:label1\" content=\"\u00c9crit par\" \/>\n\t<meta name=\"twitter:data1\" content=\"CK\" \/>\n\t<meta name=\"twitter:label2\" content=\"Dur\u00e9e de lecture estim\u00e9e\" \/>\n\t<meta name=\"twitter:data2\" content=\"2 minutes\" \/>\n<script type=\"application\/ld+json\" class=\"yoast-schema-graph\">{\"@context\":\"https:\/\/schema.org\",\"@graph\":[{\"@type\":\"WebSite\",\"@id\":\"https:\/\/www.nettali.com\/#website\",\"url\":\"https:\/\/www.nettali.com\/\",\"name\":\"Nettali.com\",\"description\":\"Le rendez-vous critique du Net\",\"potentialAction\":[{\"@type\":\"SearchAction\",\"target\":{\"@type\":\"EntryPoint\",\"urlTemplate\":\"https:\/\/www.nettali.com\/?s={search_term_string}\"},\"query-input\":\"required name=search_term_string\"}],\"inLanguage\":\"fr-FR\"},{\"@type\":\"ImageObject\",\"@id\":\"https:\/\/www.nettali.com\/2023\/03\/18\/en-coulisses-aliou-sane-sindigne-et-rappelle-lepisode-wade-macky\/#primaryimage\",\"inLanguage\":\"fr-FR\",\"url\":\"https:\/\/www.nettali.com\/wp-content\/uploads\/2023\/03\/ALIOU-SANE-LEADER-DE-YEN-A-MARRE.jpg\",\"contentUrl\":\"https:\/\/www.nettali.com\/wp-content\/uploads\/2023\/03\/ALIOU-SANE-LEADER-DE-YEN-A-MARRE.jpg\",\"width\":715,\"height\":443},{\"@type\":\"WebPage\",\"@id\":\"https:\/\/www.nettali.com\/2023\/03\/18\/en-coulisses-aliou-sane-sindigne-et-rappelle-lepisode-wade-macky\/#webpage\",\"url\":\"https:\/\/www.nettali.com\/2023\/03\/18\/en-coulisses-aliou-sane-sindigne-et-rappelle-lepisode-wade-macky\/\",\"name\":\"EN COULISSES - Aliou San\\u00e9 s'indigne et rappelle l'\\u00e9pisode Wade-Macky | Nettali.com\",\"isPartOf\":{\"@id\":\"https:\/\/www.nettali.com\/#website\"},\"primaryImageOfPage\":{\"@id\":\"https:\/\/www.nettali.com\/2023\/03\/18\/en-coulisses-aliou-sane-sindigne-et-rappelle-lepisode-wade-macky\/#primaryimage\"},\"datePublished\":\"2023-03-18T09:06:31+00:00\",\"dateModified\":\"2023-03-18T09:06:31+00:00\",\"author\":{\"@id\":\"https:\/\/www.nettali.com\/#\/schema\/person\/d8ac7b7e27ddad43f1c0d2ef090d7f71\"},\"breadcrumb\":{\"@id\":\"https:\/\/www.nettali.com\/2023\/03\/18\/en-coulisses-aliou-sane-sindigne-et-rappelle-lepisode-wade-macky\/#breadcrumb\"},\"inLanguage\":\"fr-FR\",\"potentialAction\":[{\"@type\":\"ReadAction\",\"target\":[\"https:\/\/www.nettali.com\/2023\/03\/18\/en-coulisses-aliou-sane-sindigne-et-rappelle-lepisode-wade-macky\/\"]}]},{\"@type\":\"BreadcrumbList\",\"@id\":\"https:\/\/www.nettali.com\/2023\/03\/18\/en-coulisses-aliou-sane-sindigne-et-rappelle-lepisode-wade-macky\/#breadcrumb\",\"itemListElement\":[{\"@type\":\"ListItem\",\"position\":1,\"name\":\"Accueil\",\"item\":\"https:\/\/www.nettali.com\/\"},{\"@type\":\"ListItem\",\"position\":2,\"name\":\"EN COULISSES - Aliou San\\u00e9 s'indigne et rappelle l'\\u00e9pisode Wade-Macky\"}]},{\"@type\":\"Person\",\"@id\":\"https:\/\/www.nettali.com\/#\/schema\/person\/d8ac7b7e27ddad43f1c0d2ef090d7f71\",\"name\":\"CK\",\"image\":{\"@type\":\"ImageObject\",\"@id\":\"https:\/\/www.nettali.com\/#personlogo\",\"inLanguage\":\"fr-FR\",\"url\":\"https:\/\/secure.gravatar.com\/avatar\/1d8d5118b9327d94da7cd4ce7f17fec2?s=96&d=mm&r=g\",\"contentUrl\":\"https:\/\/secure.gravatar.com\/avatar\/1d8d5118b9327d94da7cd4ce7f17fec2?s=96&d=mm&r=g\",\"caption\":\"CK\"},\"sameAs\":[\"https:\/\/www.nettali.com\"]}]}<\/script>\n<!-- \/ Yoast SEO Premium plugin. -->","yoast_head_json":{"title":"EN COULISSES - Aliou San\u00e9 s'indigne et rappelle l'\u00e9pisode Wade-Macky | Nettali.com","robots":{"index":"index","follow":"follow","max-snippet":"max-snippet:-1","max-image-preview":"max-image-preview:large","max-video-preview":"max-video-preview:-1"},"canonical":"https:\/\/www.nettali.com\/2023\/03\/18\/en-coulisses-aliou-sane-sindigne-et-rappelle-lepisode-wade-macky\/","og_locale":"fr_FR","og_type":"article","og_title":"EN COULISSES - Aliou San\u00e9 s'indigne et rappelle l'\u00e9pisode Wade-Macky","og_description":"NETTALI.COM - Apr\u00e8s avoir rendu visite au leader de Pastef, les leaders du mouvement Y en a marre se sont montr\u00e9s pr\u00e9occup\u00e9s par l'\u00e9tat de sant\u00e9 qu'ils jugent \"alarmant\" d\u2019Ousmane Sonko. Ce vendredi 17 mars, face \u00e0 la presse, Thiat et Aliou San\u00e9 ont dit qu\u2019un \"recul grave et honteux de notre d\u00e9mocratie doit interpeller [&hellip;]","og_url":"https:\/\/www.nettali.com\/2023\/03\/18\/en-coulisses-aliou-sane-sindigne-et-rappelle-lepisode-wade-macky\/","og_site_name":"Nettali.com","article_publisher":"https:\/\/www.facebook.com\/nettalicom","article_published_time":"2023-03-18T09:06:31+00:00","og_image":[{"width":715,"height":443,"url":"https:\/\/www.nettali.com\/wp-content\/uploads\/2023\/03\/ALIOU-SANE-LEADER-DE-YEN-A-MARRE.jpg","type":"image\/jpeg"}],"twitter_card":"summary_large_image","twitter_misc":{"\u00c9crit par":"CK","Dur\u00e9e de lecture estim\u00e9e":"2 minutes"},"schema":{"@context":"https:\/\/schema.org","@graph":[{"@type":"WebSite","@id":"https:\/\/www.nettali.com\/#website","url":"https:\/\/www.nettali.com\/","name":"Nettali.com","description":"Le rendez-vous critique du Net","potentialAction":[{"@type":"SearchAction","target":{"@type":"EntryPoint","urlTemplate":"https:\/\/www.nettali.com\/?s={search_term_string}"},"query-input":"required name=search_term_string"}],"inLanguage":"fr-FR"},{"@type":"ImageObject","@id":"https:\/\/www.nettali.com\/2023\/03\/18\/en-coulisses-aliou-sane-sindigne-et-rappelle-lepisode-wade-macky\/#primaryimage","inLanguage":"fr-FR","url":"https:\/\/www.nettali.com\/wp-content\/uploads\/2023\/03\/ALIOU-SANE-LEADER-DE-YEN-A-MARRE.jpg","contentUrl":"https:\/\/www.nettali.com\/wp-content\/uploads\/2023\/03\/ALIOU-SANE-LEADER-DE-YEN-A-MARRE.jpg","width":715,"height":443},{"@type":"WebPage","@id":"https:\/\/www.nettali.com\/2023\/03\/18\/en-coulisses-aliou-sane-sindigne-et-rappelle-lepisode-wade-macky\/#webpage","url":"https:\/\/www.nettali.com\/2023\/03\/18\/en-coulisses-aliou-sane-sindigne-et-rappelle-lepisode-wade-macky\/","name":"EN COULISSES - Aliou San\u00e9 s'indigne et rappelle l'\u00e9pisode Wade-Macky | Nettali.com","isPartOf":{"@id":"https:\/\/www.nettali.com\/#website"},"primaryImageOfPage":{"@id":"https:\/\/www.nettali.com\/2023\/03\/18\/en-coulisses-aliou-sane-sindigne-et-rappelle-lepisode-wade-macky\/#primaryimage"},"datePublished":"2023-03-18T09:06:31+00:00","dateModified":"2023-03-18T09:06:31+00:00","author":{"@id":"https:\/\/www.nettali.com\/#\/schema\/person\/d8ac7b7e27ddad43f1c0d2ef090d7f71"},"breadcrumb":{"@id":"https:\/\/www.nettali.com\/2023\/03\/18\/en-coulisses-aliou-sane-sindigne-et-rappelle-lepisode-wade-macky\/#breadcrumb"},"inLanguage":"fr-FR","potentialAction":[{"@type":"ReadAction","target":["https:\/\/www.nettali.com\/2023\/03\/18\/en-coulisses-aliou-sane-sindigne-et-rappelle-lepisode-wade-macky\/"]}]},{"@type":"BreadcrumbList","@id":"https:\/\/www.nettali.com\/2023\/03\/18\/en-coulisses-aliou-sane-sindigne-et-rappelle-lepisode-wade-macky\/#breadcrumb","itemListElement":[{"@type":"ListItem","position":1,"name":"Accueil","item":"https:\/\/www.nettali.com\/"},{"@type":"ListItem","position":2,"name":"EN COULISSES - Aliou San\u00e9 s'indigne et rappelle l'\u00e9pisode Wade-Macky"}]},{"@type":"Person","@id":"https:\/\/www.nettali.com\/#\/schema\/person\/d8ac7b7e27ddad43f1c0d2ef090d7f71","name":"CK","image":{"@type":"ImageObject","@id":"https:\/\/www.nettali.com\/#personlogo","inLanguage":"fr-FR","url":"https:\/\/secure.gravatar.com\/avatar\/1d8d5118b9327d94da7cd4ce7f17fec2?s=96&d=mm&r=g","contentUrl":"https:\/\/secure.gravatar.com\/avatar\/1d8d5118b9327d94da7cd4ce7f17fec2?s=96&d=mm&r=g","caption":"CK"},"sameAs":["https:\/\/www.nettali.com"]}]}},"_links":{"self":[{"href":"https:\/\/www.nettali.com\/rest\/wp\/v2\/posts\/106321"}],"collection":[{"href":"https:\/\/www.nettali.com\/rest\/wp\/v2\/posts"}],"about":[{"href":"https:\/\/www.nettali.com\/rest\/wp\/v2\/types\/post"}],"author":[{"embeddable":true,"href":"https:\/\/www.nettali.com\/rest\/wp\/v2\/users\/2"}],"replies":[{"embeddable":true,"href":"https:\/\/www.nettali.com\/rest\/wp\/v2\/comments?post=106321"}],"version-history":[{"count":1,"href":"https:\/\/www.nettali.com\/rest\/wp\/v2\/posts\/106321\/revisions"}],"predecessor-version":[{"id":106322,"href":"https:\/\/www.nettali.com\/rest\/wp\/v2\/posts\/106321\/revisions\/106322"}],"wp:featuredmedia":[{"embeddable":true,"href":"https:\/\/www.nettali.com\/rest\/wp\/v2\/media\/106330"}],"wp:attachment":[{"href":"https:\/\/www.nettali.com\/rest\/wp\/v2\/media?parent=106321"}],"wp:term":[{"taxonomy":"category","embeddable":true,"href":"https:\/\/www.nettali.com\/rest\/wp\/v2\/categories?post=106321"},{"taxonomy":"post_tag","embeddable":true,"href":"https:\/\/www.nettali.com\/rest\/wp\/v2\/tags?post=106321"}],"curies":[{"name":"wp","href":"https:\/\/api.w.org\/{rel}","templated":true}]}}