{"id":106307,"date":"2023-03-18T03:28:22","date_gmt":"2023-03-18T03:28:22","guid":{"rendered":"https:\/\/www.nettali.com\/?p=106307"},"modified":"2023-03-19T09:26:48","modified_gmt":"2023-03-19T09:26:48","slug":"urgent-me-cire-cledor-ly-evacue-en-france","status":"publish","type":"post","link":"https:\/\/www.nettali.com\/2023\/03\/18\/urgent-me-cire-cledor-ly-evacue-en-france\/","title":{"rendered":"SUITE A SON HOSPITALISATION - Me Cir\u00e9 Cl\u00e9dor Ly \u00e9vacu\u00e9 en France"},"content":{"rendered":"<p><strong>NETTALI.COM\u00a0 - Grosse inqui\u00e9tude chez les parents et proches de Me Cir\u00e9 Cl\u00e9dor Ly. Hospitalis\u00e9 depuis jeudi en m\u00eame temps qu'Ousmane Sonko, l'avocat vient d'\u00eatre \u00e9vacu\u00e9 en France \u00e0 cause de la d\u00e9gradation de son \u00e9tat de sant\u00e9.<\/strong><\/p>\n<p>C'est \u00e0 22h pass\u00e9es de cinq minutes que l'ambulance a quitt\u00e9 \"Suma assistance\" avec \u00e0 son bord Me Cir\u00e9 Cl\u00e9dor Ly. Direction : l'A\u00e9roport international Blaise Diagne de Diass. L'avocat est \u00e9vacu\u00e9 en urgence en France. D\u00e9cision prise par son m\u00e9decin en raison d'une d\u00e9gradation de son \u00e9tat de sant\u00e9.<\/p>\n<p>Me Cir\u00e9 Cl\u00e9dor Ly, t\u00e9nor du barreau de Dakar, avait fait un malaise jeudi au palais de justice lors du proc\u00e8s devant opposer Ousmane Sonko \u00e0 Mame Mbaye Niang. L'avocat se trouvait dans le m\u00eame v\u00e9hicule que le leader de Pastef lors de son interpellation par la police pour le forcer en se pr\u00e9senter au tribunal. D'apr\u00e8s divers t\u00e9moignages, Ousmane Sonko et son avocat sont victimes d'une substance que certains assimilent \u00e0 du poison. \"<em>Cir\u00e9 Cl\u00e9dor m'a dit qu'un liquide jaun\u00e2tre a \u00e9t\u00e9 vers\u00e9 dans le fourgon blind\u00e9 de la police o\u00f9 il se trouvait avec son client<\/em>\", a r\u00e9v\u00e9l\u00e9, ce vendredi sur Walf Tv, l'avocat Me Youssoupha Camara. Ce membre du pool d'avocats d'Ousmane Sonko renseigne que le m\u00e9decin a m\u00eame demand\u00e9 des pr\u00e9l\u00e8vements sur les habits de Sonko pour d\u00e9terminer de quelle substance il s'agit.<\/p>\n<p>En outre, Me Youssoupha Camara r\u00e9v\u00e8le que l'\u00e9tat du leader de Pastef s'est aussi aggrav\u00e9. \"<em>Ousmane Sonko n'a pas dormi la nuit derni\u00e8re. Il tousse beaucoup<\/em>\", dit-il. Avant d'ajouter : \"<em>L\u00e0, Me Bamba Ciss\u00e9 vient de me dire que son \u00e9tat s'est aggrav\u00e9<\/em>.\"<\/p>\n<p>R\u00e9unis devant la clinique \"Suma assistance\" o\u00f9 est hospitalis\u00e9 leur leader, des responsables, militants et sympathisants de Pastef r\u00e9clament l'\u00e9vacuation d'Ousmane Sonko \u00e0 l'\u00e9tranger.<\/p>\n<div class='share-to-whatsapp-wrapper'><div class='share-on-whsp'>PARTAGER SUR : <\/div><a data-text='SUITE A SON HOSPITALISATION - Me Cir\u00e9 Cl\u00e9dor Ly \u00e9vacu\u00e9 en France' data-link='https:\/\/www.nettali.com\/2023\/03\/18\/urgent-me-cire-cledor-ly-evacue-en-france\/' class='whatsapp-button whatsapp-share'>WhatsApp<\/a><div class='clear '><\/div><\/div>","protected":false},"excerpt":{"rendered":"<p>NETTALI.COM\u00a0 - Grosse inqui\u00e9tude chez les parents et proches de Me Cir\u00e9 Cl\u00e9dor Ly. Hospitalis\u00e9 depuis jeudi en m\u00eame temps qu'Ousmane Sonko, l'avocat vient d'\u00eatre \u00e9vacu\u00e9 en France \u00e0 cause de la d\u00e9gradation de son \u00e9tat de sant\u00e9. C'est \u00e0 22h pass\u00e9es de cinq minutes que l'ambulance a quitt\u00e9 \"Suma assistance\" avec \u00e0 son bord [&hellip;]<\/p>\n","protected":false},"author":3,"featured_media":106308,"comment_status":"open","ping_status":"open","sticky":false,"template":"","format":"standard","meta":{"_et_pb_use_builder":"","_et_pb_old_content":""},"categories":[2],"tags":[],"yoast_head":"<!-- This site is optimized with the Yoast SEO Premium plugin v17.8 (Yoast SEO v17.8) - https:\/\/yoast.com\/wordpress\/plugins\/seo\/ -->\n<title>SUITE A SON HOSPITALISATION - Me Cir\u00e9 Cl\u00e9dor Ly \u00e9vacu\u00e9 en France | Nettali.com<\/title>\n<meta name=\"robots\" content=\"index, follow, max-snippet:-1, max-image-preview:large, max-video-preview:-1\" \/>\n<link rel=\"canonical\" href=\"https:\/\/www.nettali.com\/2023\/03\/18\/urgent-me-cire-cledor-ly-evacue-en-france\/\" \/>\n<meta property=\"og:locale\" content=\"fr_FR\" \/>\n<meta property=\"og:type\" content=\"article\" \/>\n<meta property=\"og:title\" content=\"SUITE A SON HOSPITALISATION - Me Cir\u00e9 Cl\u00e9dor Ly \u00e9vacu\u00e9 en France\" \/>\n<meta property=\"og:description\" content=\"NETTALI.COM\u00a0 - Grosse inqui\u00e9tude chez les parents et proches de Me Cir\u00e9 Cl\u00e9dor Ly. Hospitalis\u00e9 depuis jeudi en m\u00eame temps qu&#039;Ousmane Sonko, l&#039;avocat vient d&#039;\u00eatre \u00e9vacu\u00e9 en France \u00e0 cause de la d\u00e9gradation de son \u00e9tat de sant\u00e9. C&#039;est \u00e0 22h pass\u00e9es de cinq minutes que l&#039;ambulance a quitt\u00e9 &quot;Suma assistance&quot; avec \u00e0 son bord [&hellip;]\" \/>\n<meta property=\"og:url\" content=\"https:\/\/www.nettali.com\/2023\/03\/18\/urgent-me-cire-cledor-ly-evacue-en-france\/\" \/>\n<meta property=\"og:site_name\" content=\"Nettali.com\" \/>\n<meta property=\"article:publisher\" content=\"https:\/\/www.facebook.com\/nettalicom\" \/>\n<meta property=\"article:published_time\" content=\"2023-03-18T03:28:22+00:00\" \/>\n<meta property=\"article:modified_time\" content=\"2023-03-19T09:26:48+00:00\" \/>\n<meta property=\"og:image\" content=\"https:\/\/www.nettali.com\/wp-content\/uploads\/2023\/03\/IMG-20230318-WA0002.jpg\" \/>\n\t<meta property=\"og:image:width\" content=\"720\" \/>\n\t<meta property=\"og:image:height\" content=\"960\" \/>\n<meta name=\"twitter:card\" content=\"summary_large_image\" \/>\n<meta name=\"twitter:label1\" content=\"\u00c9crit par\" \/>\n\t<meta name=\"twitter:data1\" content=\"Moustapha\" \/>\n\t<meta name=\"twitter:label2\" content=\"Dur\u00e9e de lecture estim\u00e9e\" \/>\n\t<meta name=\"twitter:data2\" content=\"2 minutes\" \/>\n<script type=\"application\/ld+json\" class=\"yoast-schema-graph\">{\"@context\":\"https:\/\/schema.org\",\"@graph\":[{\"@type\":\"WebSite\",\"@id\":\"https:\/\/www.nettali.com\/#website\",\"url\":\"https:\/\/www.nettali.com\/\",\"name\":\"Nettali.com\",\"description\":\"Le rendez-vous critique du Net\",\"potentialAction\":[{\"@type\":\"SearchAction\",\"target\":{\"@type\":\"EntryPoint\",\"urlTemplate\":\"https:\/\/www.nettali.com\/?s={search_term_string}\"},\"query-input\":\"required name=search_term_string\"}],\"inLanguage\":\"fr-FR\"},{\"@type\":\"ImageObject\",\"@id\":\"https:\/\/www.nettali.com\/2023\/03\/18\/urgent-me-cire-cledor-ly-evacue-en-france\/#primaryimage\",\"inLanguage\":\"fr-FR\",\"url\":\"https:\/\/www.nettali.com\/wp-content\/uploads\/2023\/03\/IMG-20230318-WA0002.jpg\",\"contentUrl\":\"https:\/\/www.nettali.com\/wp-content\/uploads\/2023\/03\/IMG-20230318-WA0002.jpg\",\"width\":720,\"height\":960},{\"@type\":\"WebPage\",\"@id\":\"https:\/\/www.nettali.com\/2023\/03\/18\/urgent-me-cire-cledor-ly-evacue-en-france\/#webpage\",\"url\":\"https:\/\/www.nettali.com\/2023\/03\/18\/urgent-me-cire-cledor-ly-evacue-en-france\/\",\"name\":\"SUITE A SON HOSPITALISATION - Me Cir\\u00e9 Cl\\u00e9dor Ly \\u00e9vacu\\u00e9 en France | Nettali.com\",\"isPartOf\":{\"@id\":\"https:\/\/www.nettali.com\/#website\"},\"primaryImageOfPage\":{\"@id\":\"https:\/\/www.nettali.com\/2023\/03\/18\/urgent-me-cire-cledor-ly-evacue-en-france\/#primaryimage\"},\"datePublished\":\"2023-03-18T03:28:22+00:00\",\"dateModified\":\"2023-03-19T09:26:48+00:00\",\"author\":{\"@id\":\"https:\/\/www.nettali.com\/#\/schema\/person\/7962a12a6e0267f88f0ffa544c36469a\"},\"breadcrumb\":{\"@id\":\"https:\/\/www.nettali.com\/2023\/03\/18\/urgent-me-cire-cledor-ly-evacue-en-france\/#breadcrumb\"},\"inLanguage\":\"fr-FR\",\"potentialAction\":[{\"@type\":\"ReadAction\",\"target\":[\"https:\/\/www.nettali.com\/2023\/03\/18\/urgent-me-cire-cledor-ly-evacue-en-france\/\"]}]},{\"@type\":\"BreadcrumbList\",\"@id\":\"https:\/\/www.nettali.com\/2023\/03\/18\/urgent-me-cire-cledor-ly-evacue-en-france\/#breadcrumb\",\"itemListElement\":[{\"@type\":\"ListItem\",\"position\":1,\"name\":\"Accueil\",\"item\":\"https:\/\/www.nettali.com\/\"},{\"@type\":\"ListItem\",\"position\":2,\"name\":\"SUITE A SON HOSPITALISATION - Me Cir\\u00e9 Cl\\u00e9dor Ly \\u00e9vacu\\u00e9 en France\"}]},{\"@type\":\"Person\",\"@id\":\"https:\/\/www.nettali.com\/#\/schema\/person\/7962a12a6e0267f88f0ffa544c36469a\",\"name\":\"Moustapha\",\"image\":{\"@type\":\"ImageObject\",\"@id\":\"https:\/\/www.nettali.com\/#personlogo\",\"inLanguage\":\"fr-FR\",\"url\":\"https:\/\/secure.gravatar.com\/avatar\/10fdf6a071cccdcf374e3dbe45159590?s=96&d=mm&r=g\",\"contentUrl\":\"https:\/\/secure.gravatar.com\/avatar\/10fdf6a071cccdcf374e3dbe45159590?s=96&d=mm&r=g\",\"caption\":\"Moustapha\"},\"sameAs\":[\"https:\/\/www.nettali.com\"]}]}<\/script>\n<!-- \/ Yoast SEO Premium plugin. -->","yoast_head_json":{"title":"SUITE A SON HOSPITALISATION - Me Cir\u00e9 Cl\u00e9dor Ly \u00e9vacu\u00e9 en France | Nettali.com","robots":{"index":"index","follow":"follow","max-snippet":"max-snippet:-1","max-image-preview":"max-image-preview:large","max-video-preview":"max-video-preview:-1"},"canonical":"https:\/\/www.nettali.com\/2023\/03\/18\/urgent-me-cire-cledor-ly-evacue-en-france\/","og_locale":"fr_FR","og_type":"article","og_title":"SUITE A SON HOSPITALISATION - Me Cir\u00e9 Cl\u00e9dor Ly \u00e9vacu\u00e9 en France","og_description":"NETTALI.COM\u00a0 - Grosse inqui\u00e9tude chez les parents et proches de Me Cir\u00e9 Cl\u00e9dor Ly. Hospitalis\u00e9 depuis jeudi en m\u00eame temps qu'Ousmane Sonko, l'avocat vient d'\u00eatre \u00e9vacu\u00e9 en France \u00e0 cause de la d\u00e9gradation de son \u00e9tat de sant\u00e9. C'est \u00e0 22h pass\u00e9es de cinq minutes que l'ambulance a quitt\u00e9 \"Suma assistance\" avec \u00e0 son bord [&hellip;]","og_url":"https:\/\/www.nettali.com\/2023\/03\/18\/urgent-me-cire-cledor-ly-evacue-en-france\/","og_site_name":"Nettali.com","article_publisher":"https:\/\/www.facebook.com\/nettalicom","article_published_time":"2023-03-18T03:28:22+00:00","article_modified_time":"2023-03-19T09:26:48+00:00","og_image":[{"width":720,"height":960,"url":"https:\/\/www.nettali.com\/wp-content\/uploads\/2023\/03\/IMG-20230318-WA0002.jpg","type":"image\/jpeg"}],"twitter_card":"summary_large_image","twitter_misc":{"\u00c9crit par":"Moustapha","Dur\u00e9e de lecture estim\u00e9e":"2 minutes"},"schema":{"@context":"https:\/\/schema.org","@graph":[{"@type":"WebSite","@id":"https:\/\/www.nettali.com\/#website","url":"https:\/\/www.nettali.com\/","name":"Nettali.com","description":"Le rendez-vous critique du Net","potentialAction":[{"@type":"SearchAction","target":{"@type":"EntryPoint","urlTemplate":"https:\/\/www.nettali.com\/?s={search_term_string}"},"query-input":"required name=search_term_string"}],"inLanguage":"fr-FR"},{"@type":"ImageObject","@id":"https:\/\/www.nettali.com\/2023\/03\/18\/urgent-me-cire-cledor-ly-evacue-en-france\/#primaryimage","inLanguage":"fr-FR","url":"https:\/\/www.nettali.com\/wp-content\/uploads\/2023\/03\/IMG-20230318-WA0002.jpg","contentUrl":"https:\/\/www.nettali.com\/wp-content\/uploads\/2023\/03\/IMG-20230318-WA0002.jpg","width":720,"height":960},{"@type":"WebPage","@id":"https:\/\/www.nettali.com\/2023\/03\/18\/urgent-me-cire-cledor-ly-evacue-en-france\/#webpage","url":"https:\/\/www.nettali.com\/2023\/03\/18\/urgent-me-cire-cledor-ly-evacue-en-france\/","name":"SUITE A SON HOSPITALISATION - Me Cir\u00e9 Cl\u00e9dor Ly \u00e9vacu\u00e9 en France | Nettali.com","isPartOf":{"@id":"https:\/\/www.nettali.com\/#website"},"primaryImageOfPage":{"@id":"https:\/\/www.nettali.com\/2023\/03\/18\/urgent-me-cire-cledor-ly-evacue-en-france\/#primaryimage"},"datePublished":"2023-03-18T03:28:22+00:00","dateModified":"2023-03-19T09:26:48+00:00","author":{"@id":"https:\/\/www.nettali.com\/#\/schema\/person\/7962a12a6e0267f88f0ffa544c36469a"},"breadcrumb":{"@id":"https:\/\/www.nettali.com\/2023\/03\/18\/urgent-me-cire-cledor-ly-evacue-en-france\/#breadcrumb"},"inLanguage":"fr-FR","potentialAction":[{"@type":"ReadAction","target":["https:\/\/www.nettali.com\/2023\/03\/18\/urgent-me-cire-cledor-ly-evacue-en-france\/"]}]},{"@type":"BreadcrumbList","@id":"https:\/\/www.nettali.com\/2023\/03\/18\/urgent-me-cire-cledor-ly-evacue-en-france\/#breadcrumb","itemListElement":[{"@type":"ListItem","position":1,"name":"Accueil","item":"https:\/\/www.nettali.com\/"},{"@type":"ListItem","position":2,"name":"SUITE A SON HOSPITALISATION - Me Cir\u00e9 Cl\u00e9dor Ly \u00e9vacu\u00e9 en France"}]},{"@type":"Person","@id":"https:\/\/www.nettali.com\/#\/schema\/person\/7962a12a6e0267f88f0ffa544c36469a","name":"Moustapha","image":{"@type":"ImageObject","@id":"https:\/\/www.nettali.com\/#personlogo","inLanguage":"fr-FR","url":"https:\/\/secure.gravatar.com\/avatar\/10fdf6a071cccdcf374e3dbe45159590?s=96&d=mm&r=g","contentUrl":"https:\/\/secure.gravatar.com\/avatar\/10fdf6a071cccdcf374e3dbe45159590?s=96&d=mm&r=g","caption":"Moustapha"},"sameAs":["https:\/\/www.nettali.com"]}]}},"_links":{"self":[{"href":"https:\/\/www.nettali.com\/rest\/wp\/v2\/posts\/106307"}],"collection":[{"href":"https:\/\/www.nettali.com\/rest\/wp\/v2\/posts"}],"about":[{"href":"https:\/\/www.nettali.com\/rest\/wp\/v2\/types\/post"}],"author":[{"embeddable":true,"href":"https:\/\/www.nettali.com\/rest\/wp\/v2\/users\/3"}],"replies":[{"embeddable":true,"href":"https:\/\/www.nettali.com\/rest\/wp\/v2\/comments?post=106307"}],"version-history":[{"count":4,"href":"https:\/\/www.nettali.com\/rest\/wp\/v2\/posts\/106307\/revisions"}],"predecessor-version":[{"id":106363,"href":"https:\/\/www.nettali.com\/rest\/wp\/v2\/posts\/106307\/revisions\/106363"}],"wp:featuredmedia":[{"embeddable":true,"href":"https:\/\/www.nettali.com\/rest\/wp\/v2\/media\/106308"}],"wp:attachment":[{"href":"https:\/\/www.nettali.com\/rest\/wp\/v2\/media?parent=106307"}],"wp:term":[{"taxonomy":"category","embeddable":true,"href":"https:\/\/www.nettali.com\/rest\/wp\/v2\/categories?post=106307"},{"taxonomy":"post_tag","embeddable":true,"href":"https:\/\/www.nettali.com\/rest\/wp\/v2\/tags?post=106307"}],"curies":[{"name":"wp","href":"https:\/\/api.w.org\/{rel}","templated":true}]}}