{"id":106299,"date":"2023-03-17T15:29:52","date_gmt":"2023-03-17T15:29:52","guid":{"rendered":"https:\/\/www.nettali.com\/?p=106299"},"modified":"2023-03-19T13:08:55","modified_gmt":"2023-03-19T13:08:55","slug":"guerre-en-ukraine-la-cpi-emet-un-mandat-darret-contre-vladimir-poutine","status":"publish","type":"post","link":"https:\/\/www.nettali.com\/2023\/03\/17\/guerre-en-ukraine-la-cpi-emet-un-mandat-darret-contre-vladimir-poutine\/","title":{"rendered":"GUERRE EN UKRAINE - La CPI \u00e9met un mandat d'arr\u00eat contre Vladimir Poutine"},"content":{"rendered":"<p class=\"article__item article__item--para  article__item--para-first\"><strong>NETTALI.COM - La Cour p\u00e9nale internationale (CPI) a d\u00e9clar\u00e9, ce vendredi 17 mars, avoir \u00e9mis un mandat d'arr\u00eat contre le pr\u00e9sident russe Vladimir Poutine\u00a0pour sa responsabilit\u00e9 dans des crimes de guerre perp\u00e9tr\u00e9s en Ukraine depuis l'invasion russe.<\/strong><\/p>\n<p class=\"article__item article__item--para  \">\"Aujourd'hui, 17 mars 2023, la Chambre pr\u00e9liminaire II de la Cour p\u00e9nale internationale a \u00e9mis des mandats d'arr\u00eat contre deux personnes dans le cadre de la situation en Ukraine : M. Vladimir Vladimirovitch Poutine et Mme Maria Alekseyevna Lvova-Belova\", commissaire pr\u00e9sidentielle aux droits de l'enfant en Russie, a d\u00e9clar\u00e9 la CPI dans un communiqu\u00e9.<\/p>\n<h2 class=\"article__item article__item--intertitre intertitre title_delta toot article__item--bold\">La Slovaquie livrera 13 Mig-29 \u00e0 l\u2019Ukraine<\/h2>\n<p class=\"article__item article__item--para  \">Bratislava livrera treize chasseurs Mig-29 de conception sovi\u00e9tique \u00e0 l\u2019Ukraine, a d\u00e9clar\u00e9 vendredi le Premier ministre, la Slovaquie devenant ainsi le deuxi\u00e8me pays de l\u2019Otan apr\u00e8s la Pologne \u00e0 prendre une telle d\u00e9cision. \"Nous remettrons 13 de nos Mig-19 \u00e0 l\u2019Ukraine\", a d\u00e9clar\u00e9 \u00e0 la presse Eduard Heger, ajoutant que son pays allait \u00e9galement livrer \u00e0 Kiev le syst\u00e8me de d\u00e9fense anti-a\u00e9rienne Koub.<\/p>\n<p class=\"article__item article__item--para  \">Quelques minutes plus tard, la Russie a r\u00e9pondu. \"La livraison de ces \u00e9quipements militaires, comme nous l\u2019avons r\u00e9p\u00e9t\u00e9 maintes fois, ne peut pas affecter l\u2019issue\" du conflit, a dit \u00e0 la presse le porte-parole du Kremlin, Dmitri Peskov. \"Bien entendu, ces \u00e9quipements seront d\u00e9truits\", a-t-il ajout\u00e9.<\/p>\n<h2 class=\"article__item article__item--intertitre intertitre title_delta toot article__item--bold\">Le pr\u00e9sident chinois en Russie<\/h2>\n<p class=\"article__item article__item--para  \">\"\u00c0 l\u2019invitation du pr\u00e9sident de la F\u00e9d\u00e9ration de Russie Vladimir Poutine, le pr\u00e9sident Xi Jinping effectuera une visite d\u2019Etat en Russie du 20 au 22 mars\", a indiqu\u00e9 le minist\u00e8re dans un communiqu\u00e9. Le but sera de discuter \"l\u2019approfondissement du partenariat exhaustif et de la coop\u00e9ration strat\u00e9gique entre la Russie et la Chine\" notamment \"sur la sc\u00e8ne internationale\" sur fond de\u00a0guerre en l\u2019Ukraine,\u00a0a confirm\u00e9 le Kremlin, ajoutant que \"des documents bilat\u00e9raux importants seraient sign\u00e9s\".<\/p>\n<p class=\"article__item article__item--para  \">La Chine se pr\u00e9sente pour l\u2019essentiel comme partie neutre dans la guerre en Ukraine mais renforce ses liens avec Moscou. Les deux dirigeants s\u2019\u00e9taient rencontr\u00e9s en septembre 2022 en marge d\u2019un sommet de l\u2019Organisation de coop\u00e9ration de Shanghai en Ouzb\u00e9kistan. Pour leur premi\u00e8re rencontre depuis l\u2019invasion russe en Ukraine en f\u00e9vrier 2022, ils avaient affich\u00e9 leur volont\u00e9 de se soutenir et de renforcer leurs liens en pleine crise avec les Occidentaux.<\/p>\n<h2 class=\"article__item article__item--intertitre intertitre title_delta toot article__item--bold\"><b>Le Royaume-Uni lance un appel \u00e0 la Chine<\/b><\/h2>\n<p class=\"article__item article__item--para  \">La Grande-Bretagne a appel\u00e9 la Chine \u00e0 profiter du voyage du pr\u00e9sident Xi Jinping \u00e0 Moscou la semaine prochaine pour encourager Vladimir Poutine \u00e0 retirer les troupes russes d\u2019Ukraine. Un porte-parole du Premier ministre britannique, Rishi Sunak, a d\u00e9clar\u00e9 devant la presse que \"si la Chine veut jouer un v\u00e9ritable r\u00f4le dans le r\u00e9tablissement de la souverainet\u00e9 de l\u2019Ukraine, nous nous en r\u00e9jouirions \u00e9videmment [\u2026]. Nous sommes clairs sur le fait que tout accord de paix qui ne repose pas sur la souverainet\u00e9 et l\u2019autod\u00e9termination de l\u2019Ukraine n\u2019est pas du tout un accord de paix. Nous continuerons donc \u00e0 demander \u00e0 la Chine, comme nous l\u2019avons fait auparavant, de se joindre \u00e0 d\u2019autres pays du monde pour demander \u00e0 Poutine de retirer ses troupes\".<\/p>\n<h2 class=\"article__item article__item--intertitre intertitre title_delta toot article__item--bold\"><b>Macron exprime son soutien \u00e0 la Moldavie<\/b><\/h2>\n<p class=\"article__item article__item--para  \">Emmanuel Macron a exprim\u00e9 son soutien vendredi \u00e0 son homologue moldave Maia Sandu face aux \"tentatives de d\u00e9stabilisation russes\" dans son pays et aux \"tensions qu\u2019elles provoquent\", a annonc\u00e9 l\u2019Elys\u00e9e. Lors d\u2019un entretien t\u00e9l\u00e9phonique, il a aussi salu\u00e9 les \"efforts\" de r\u00e9forme de la Moldavie, candidate \u00e0 l\u2019entr\u00e9e dans l\u2019Union europ\u00e9enne, notamment celle de \"la justice pour am\u00e9liorer la lutte contre la corruption\", a ajout\u00e9 la pr\u00e9sidence fran\u00e7aise.<\/p>\n<h2 class=\"article__item article__item--intertitre intertitre title_delta toot article__item--bold\">La Pologne va fournir des avions de chasse MiG-29<\/h2>\n<p class=\"article__item article__item--para  \">La Pologne va livrer un premier lot de quatre chasseurs bombardiers MiG-29 \u00e0 l\u2019Ukraine, a annonc\u00e9 jeudi 16 mars le pr\u00e9sident polonais Andrzej Duda, ce qui constituera la premi\u00e8re livraison de ce type par un membre de l\u2019OTAN. \"Dans les jours \u00e0 venir, nous allons d\u2019abord transf\u00e9rer quatre\u00a0avions\u00a0enti\u00e8rement op\u00e9rationnels \u00e0 l\u2019Ukraine\", a-t-il d\u00e9clar\u00e9 \u00e0 la presse.<\/p>\n<p class=\"article__item article__item--para  \">Kiev a demand\u00e9 \u00e0 plusieurs reprises \u00e0 ses alli\u00e9s occidentaux de lui envoyer des chasseur-bombardiers modernes, en esp\u00e9rant obtenir des F-16 am\u00e9ricains. La d\u00e9cision polonaise \"ne change rien\" toutefois au refus am\u00e9ricain d\u2019en faire autant, a assur\u00e9 peu apr\u00e8s John Kirby, un porte-parole de la Maison-Blanche. R\u00e9agissant \u00e0 l\u2019annonce de Varsovie, le porte-parole de l\u2019arm\u00e9e de l\u2019air ukrainienne, Yuriy Ignat, a d\u00e9clar\u00e9 : \"les MiG ne r\u00e9soudront pas les probl\u00e8mes, nous avons besoin de F-16. Mais les MiG contribueront \u00e0 renforcer nos capacit\u00e9s\".<\/p>\n<h2 class=\"article__item article__item--intertitre intertitre title_delta toot article__item--bold\">L\u2019Europe d\u00e9bat l\u2019envoi d\u2019autres avions<\/h2>\n<p class=\"article__item article__item--para  \">Le Danemark a \u00e9galement indiqu\u00e9 jeudi que les pays occidentaux d\u00e9battent de l\u2019opportunit\u00e9 d\u2019envoyer d\u2019autres avions de chasse en Ukraine. Vendredi 17 mars, le ministre de la D\u00e9fense danois a ajout\u00e9 que le Danemark \u00e9tait \"ouvert\" \u00e0 l\u2019id\u00e9e d\u2019envoyer des\u00a0avions de chasse\u00a0en Ukraine pour l\u2019aider dans son effort de guerre contre l\u2019invasion russe.<\/p>\n<p class=\"article__item article__item--para  \">En annon\u00e7ant l\u2019envoie de ses MiG, le gouvernement polonais a aussi d\u00e9clar\u00e9 que d\u2019autres pays avaient \u00e9galement promis des MiG \u00e0 Kiev, mais ne les a pas nomm\u00e9s. Le pays a aussi soulign\u00e9 qu\u2019il avait accept\u00e9 de livrer ses avions uniquement dans le cadre d\u2019une coalition internationale plus large faisant de m\u00eame. L\u2019Allemagne a imm\u00e9diatement temp\u00e9r\u00e9 ces propos. \"Jusqu\u2019\u00e0 pr\u00e9sent, tout le monde s\u2019accorde \u00e0 dire que ce n\u2019est pas le moment d\u2019envoyer des avions de chasse\", a d\u00e9clar\u00e9 \u00e0 la presse le ministre allemand de la D\u00e9fense.<\/p>\n<h2 class=\"article__item article__item--intertitre intertitre title_delta toot article__item--bold\">Un crime de guerre \u00e9tabli par l\u2019ONU<\/h2>\n<p class=\"article__item article__item--para  \">Les enqu\u00eateurs de l\u2019ONU missionn\u00e9s par le conseil des droits de l\u2019Homme ont publi\u00e9 jeudi 16 mars leur premier apport sur l\u2019invasion de l\u2019Ukraine par la Russie. Selon eux, les transferts par la Russie d\u2019enfants ukrainiens dans les zones sous son contr\u00f4le en Ukraine ainsi que sur son propre territoire constituent un \"crime de guerre\" et \"violent le droit international humanitaire\".<\/p>\n<p class=\"article__item article__item--para  \">Selon Kiev, 16 221 enfants ont \u00e9t\u00e9 d\u00e9port\u00e9s en Russie jusqu\u2019\u00e0 fin f\u00e9vrier, des chiffres que la Commission n\u2019a pas pu v\u00e9rifier. Mais elle pointe du doigt les mesures juridiques et politiques prises par des responsables russes concernant le transfert d\u2019enfants ukrainiens, et le d\u00e9cret pr\u00e9sidentiel en mai 2022 facilitant l\u2019octroi de la citoyennet\u00e9 russe \u00e0 certains enfants.<\/p>\n<p class=\"article__item article__item--para  \">Concernant les accusations de \"g\u00e9nocide\", \u00e0 Marioupol en particulier, le groupe d\u2019enqu\u00eateurs ne l\u2019a n\u00e9anmoins \"pas constat\u00e9\", a d\u00e9clar\u00e9 aux journalistes Erik Mose, un des trois commissaires charg\u00e9s des investigations, soulignant toutefois \"que certains aspects peuvent soulever des questions concernant ce crime\".<\/p>\n<p class=\"article__item article__item--para  \">La Commission a \u00e9galement constat\u00e9 \"que les vagues d\u2019attaques men\u00e9es par les forces arm\u00e9es russes \u00e0 partir du 10 octobre 2022 contre les infrastructures \u00e9nerg\u00e9tiques de l\u2019Ukraine et le recours \u00e0 la torture par les autorit\u00e9s russes pourraient constituer des crimes contre l\u2019humanit\u00e9\", a aussi indiqu\u00e9 l\u2019enqu\u00eateur.<\/p>\n<h2 class=\"article__item article__item--intertitre intertitre title_delta toot article__item--bold\">Envoie d\u2019artillerie par le Royaume-Uni et la Su\u00e8de<\/h2>\n<p class=\"article__item article__item--para  \">La Su\u00e8de a annonc\u00e9 jeudi 16 mars un accord avec le Royaume-Uni pour la vente de son syst\u00e8me d\u2019artillerie Archer, permettant ainsi \u00e0 Londres de faire don \u00e0 l\u2019Ukraine d\u2019un mod\u00e8le plus ancien d\u2019artillerie, l\u2019AS-90. Les deux pays vont aussi acheter des syst\u00e8mes d\u2019artillerie Archer, des canons automoteurs \u00e0 longue port\u00e9e, pour les envoyer \u00e0 l\u2019Ukraine qui en r\u00e9clame depuis des mois.<\/p>\n<p class=\"article__item article__item--para  \">Le gouvernement su\u00e9dois a pr\u00e9cis\u00e9 s\u2019\u00eatre engag\u00e9 jusqu\u2019\u00e0 pr\u00e9sent \u00e0 hauteur de 16,9 milliards de couronnes (1,51 milliard d\u2019euros) pour soutenir militairement l\u2019Ukraine. En f\u00e9vrier, la Su\u00e8de s\u2019est jointe \u00e0 une s\u00e9rie de pays occidentaux promettant des armes plus lourdes \u00e0 l\u2019Ukraine, annon\u00e7ant la livraison d\u2019une \"dizaine\" de chars Leopard 2, ainsi que des syst\u00e8mes de missiles antia\u00e9riens IRIS-T et HAWK.<\/p>\n<h2 class=\"article__item article__item--intertitre intertitre title_delta toot article__item--bold\"><b>Maintenir l\u2019accord sur les c\u00e9r\u00e9ales<\/b><\/h2>\n<p class=\"article__item article__item--para  \">Les discussions sur l\u2019accord international sur l\u2019exportation de c\u00e9r\u00e9ales d\u2019Ukraine, dont le maintien au-del\u00e0 de samedi semble incertain en raison d\u2019un d\u00e9saccord entre Moscou et Kiev sur sa dur\u00e9e, se poursuivent, a indiqu\u00e9 vendredi l'ONU. Plus t\u00f4t dans la semaine, les Nations unies avaient indiqu\u00e9 que cette Initiative c\u00e9r\u00e9ali\u00e8re de la mer Noire, qui a permis d\u2019att\u00e9nuer la crise alimentaire mondiale, devrait \u00eatre prolong\u00e9e en l\u2019\u00e9tat au-del\u00e0 du 18 mars, m\u00eame si la Russie en a divis\u00e9 la dur\u00e9e par deux \u00e0 60 jours.<\/p>\n<p class=\"article__item article__item--para  \">Moscou se plaint en fait qu\u2019un second accord parall\u00e8le pour faciliter ses propres exportations d\u2019engrais soit bien moins fructueux que l'\"Initiative\" et accuse les alli\u00e9s occidentaux de Kiev de faire blocage.<\/p>\n<div class=\"article__item\">\n<div id=\"taboola-below-article-feed\" class=\" trc_related_container trc_spotlight_widget tbl-feed-container tbl-feed-frame-NONE  render-late-effect\" data-feed-container-num=\"1\" data-feed-main-container-id=\"taboola-below-article-feed\" data-parent-placement-name=\"Below Article Feed\" data-pub-lang=\"fr\">\n<div class=\" tbl-feed-header tbl-logo-right-position tbl-header-with-text\">\n<div class=\"tbl-feed-header-text\"><\/div>\n<\/div>\n<\/div>\n<\/div>\n<div class='share-to-whatsapp-wrapper'><div class='share-on-whsp'>PARTAGER SUR : <\/div><a data-text='GUERRE EN UKRAINE - La CPI \u00e9met un mandat d'arr\u00eat contre Vladimir Poutine' data-link='https:\/\/www.nettali.com\/2023\/03\/17\/guerre-en-ukraine-la-cpi-emet-un-mandat-darret-contre-vladimir-poutine\/' class='whatsapp-button whatsapp-share'>WhatsApp<\/a><div class='clear '><\/div><\/div>","protected":false},"excerpt":{"rendered":"<p>NETTALI.COM - La Cour p\u00e9nale internationale (CPI) a d\u00e9clar\u00e9, ce vendredi 17 mars, avoir \u00e9mis un mandat d'arr\u00eat contre le pr\u00e9sident russe Vladimir Poutine\u00a0pour sa responsabilit\u00e9 dans des crimes de guerre perp\u00e9tr\u00e9s en Ukraine depuis l'invasion russe. \"Aujourd'hui, 17 mars 2023, la Chambre pr\u00e9liminaire II de la Cour p\u00e9nale internationale a \u00e9mis des mandats d'arr\u00eat [&hellip;]<\/p>\n","protected":false},"author":4,"featured_media":24443,"comment_status":"open","ping_status":"open","sticky":false,"template":"","format":"standard","meta":{"_et_pb_use_builder":"","_et_pb_old_content":""},"categories":[8],"tags":[],"yoast_head":"<!-- This site is optimized with the Yoast SEO Premium plugin v17.8 (Yoast SEO v17.8) - https:\/\/yoast.com\/wordpress\/plugins\/seo\/ -->\n<title>GUERRE EN UKRAINE - La CPI \u00e9met un mandat d&#039;arr\u00eat contre Vladimir Poutine | Nettali.com<\/title>\n<meta name=\"robots\" content=\"index, follow, max-snippet:-1, max-image-preview:large, max-video-preview:-1\" \/>\n<link rel=\"canonical\" href=\"https:\/\/www.nettali.com\/2023\/03\/17\/guerre-en-ukraine-la-cpi-emet-un-mandat-darret-contre-vladimir-poutine\/\" \/>\n<meta property=\"og:locale\" content=\"fr_FR\" \/>\n<meta property=\"og:type\" content=\"article\" \/>\n<meta property=\"og:title\" content=\"GUERRE EN UKRAINE - La CPI \u00e9met un mandat d&#039;arr\u00eat contre Vladimir Poutine\" \/>\n<meta property=\"og:description\" content=\"NETTALI.COM - La Cour p\u00e9nale internationale (CPI) a d\u00e9clar\u00e9, ce vendredi 17 mars, avoir \u00e9mis un mandat d&#039;arr\u00eat contre le pr\u00e9sident russe Vladimir Poutine\u00a0pour sa responsabilit\u00e9 dans des crimes de guerre perp\u00e9tr\u00e9s en Ukraine depuis l&#039;invasion russe. &quot;Aujourd&#039;hui, 17 mars 2023, la Chambre pr\u00e9liminaire II de la Cour p\u00e9nale internationale a \u00e9mis des mandats d&#039;arr\u00eat [&hellip;]\" \/>\n<meta property=\"og:url\" content=\"https:\/\/www.nettali.com\/2023\/03\/17\/guerre-en-ukraine-la-cpi-emet-un-mandat-darret-contre-vladimir-poutine\/\" \/>\n<meta property=\"og:site_name\" content=\"Nettali.com\" \/>\n<meta property=\"article:publisher\" content=\"https:\/\/www.facebook.com\/nettalicom\" \/>\n<meta property=\"article:published_time\" content=\"2023-03-17T15:29:52+00:00\" \/>\n<meta property=\"article:modified_time\" content=\"2023-03-19T13:08:55+00:00\" \/>\n<meta property=\"og:image\" content=\"https:\/\/www.nettali.com\/wp-content\/uploads\/2019\/12\/le-president-russe-vladimir-poutine-a-achkhabad-le-11-octobre-2019_6224632.jpg\" \/>\n\t<meta property=\"og:image:width\" content=\"480\" \/>\n\t<meta property=\"og:image:height\" content=\"270\" \/>\n<meta name=\"twitter:card\" content=\"summary_large_image\" \/>\n<meta name=\"twitter:label1\" content=\"\u00c9crit par\" \/>\n\t<meta name=\"twitter:data1\" content=\"Daouda\" \/>\n\t<meta name=\"twitter:label2\" content=\"Dur\u00e9e de lecture estim\u00e9e\" \/>\n\t<meta name=\"twitter:data2\" content=\"7 minutes\" \/>\n<script type=\"application\/ld+json\" class=\"yoast-schema-graph\">{\"@context\":\"https:\/\/schema.org\",\"@graph\":[{\"@type\":\"WebSite\",\"@id\":\"https:\/\/www.nettali.com\/#website\",\"url\":\"https:\/\/www.nettali.com\/\",\"name\":\"Nettali.com\",\"description\":\"Le rendez-vous critique du Net\",\"potentialAction\":[{\"@type\":\"SearchAction\",\"target\":{\"@type\":\"EntryPoint\",\"urlTemplate\":\"https:\/\/www.nettali.com\/?s={search_term_string}\"},\"query-input\":\"required name=search_term_string\"}],\"inLanguage\":\"fr-FR\"},{\"@type\":\"ImageObject\",\"@id\":\"https:\/\/www.nettali.com\/2023\/03\/17\/guerre-en-ukraine-la-cpi-emet-un-mandat-darret-contre-vladimir-poutine\/#primaryimage\",\"inLanguage\":\"fr-FR\",\"url\":\"https:\/\/www.nettali.com\/wp-content\/uploads\/2019\/12\/le-president-russe-vladimir-poutine-a-achkhabad-le-11-octobre-2019_6224632.jpg\",\"contentUrl\":\"https:\/\/www.nettali.com\/wp-content\/uploads\/2019\/12\/le-president-russe-vladimir-poutine-a-achkhabad-le-11-octobre-2019_6224632.jpg\",\"width\":480,\"height\":270},{\"@type\":\"WebPage\",\"@id\":\"https:\/\/www.nettali.com\/2023\/03\/17\/guerre-en-ukraine-la-cpi-emet-un-mandat-darret-contre-vladimir-poutine\/#webpage\",\"url\":\"https:\/\/www.nettali.com\/2023\/03\/17\/guerre-en-ukraine-la-cpi-emet-un-mandat-darret-contre-vladimir-poutine\/\",\"name\":\"GUERRE EN UKRAINE - La CPI \\u00e9met un mandat d'arr\\u00eat contre Vladimir Poutine | Nettali.com\",\"isPartOf\":{\"@id\":\"https:\/\/www.nettali.com\/#website\"},\"primaryImageOfPage\":{\"@id\":\"https:\/\/www.nettali.com\/2023\/03\/17\/guerre-en-ukraine-la-cpi-emet-un-mandat-darret-contre-vladimir-poutine\/#primaryimage\"},\"datePublished\":\"2023-03-17T15:29:52+00:00\",\"dateModified\":\"2023-03-19T13:08:55+00:00\",\"author\":{\"@id\":\"https:\/\/www.nettali.com\/#\/schema\/person\/3317e0bb3aa1da309fbf7b2780901bf4\"},\"breadcrumb\":{\"@id\":\"https:\/\/www.nettali.com\/2023\/03\/17\/guerre-en-ukraine-la-cpi-emet-un-mandat-darret-contre-vladimir-poutine\/#breadcrumb\"},\"inLanguage\":\"fr-FR\",\"potentialAction\":[{\"@type\":\"ReadAction\",\"target\":[\"https:\/\/www.nettali.com\/2023\/03\/17\/guerre-en-ukraine-la-cpi-emet-un-mandat-darret-contre-vladimir-poutine\/\"]}]},{\"@type\":\"BreadcrumbList\",\"@id\":\"https:\/\/www.nettali.com\/2023\/03\/17\/guerre-en-ukraine-la-cpi-emet-un-mandat-darret-contre-vladimir-poutine\/#breadcrumb\",\"itemListElement\":[{\"@type\":\"ListItem\",\"position\":1,\"name\":\"Accueil\",\"item\":\"https:\/\/www.nettali.com\/\"},{\"@type\":\"ListItem\",\"position\":2,\"name\":\"GUERRE EN UKRAINE - La CPI \\u00e9met un mandat d'arr\\u00eat contre Vladimir Poutine\"}]},{\"@type\":\"Person\",\"@id\":\"https:\/\/www.nettali.com\/#\/schema\/person\/3317e0bb3aa1da309fbf7b2780901bf4\",\"name\":\"Daouda\",\"image\":{\"@type\":\"ImageObject\",\"@id\":\"https:\/\/www.nettali.com\/#personlogo\",\"inLanguage\":\"fr-FR\",\"url\":\"https:\/\/secure.gravatar.com\/avatar\/8d143b5a49345098ddcfee1c49c2f47c?s=96&d=mm&r=g\",\"contentUrl\":\"https:\/\/secure.gravatar.com\/avatar\/8d143b5a49345098ddcfee1c49c2f47c?s=96&d=mm&r=g\",\"caption\":\"Daouda\"},\"sameAs\":[\"https:\/\/www.nettali.com\"]}]}<\/script>\n<!-- \/ Yoast SEO Premium plugin. -->","yoast_head_json":{"title":"GUERRE EN UKRAINE - La CPI \u00e9met un mandat d'arr\u00eat contre Vladimir Poutine | Nettali.com","robots":{"index":"index","follow":"follow","max-snippet":"max-snippet:-1","max-image-preview":"max-image-preview:large","max-video-preview":"max-video-preview:-1"},"canonical":"https:\/\/www.nettali.com\/2023\/03\/17\/guerre-en-ukraine-la-cpi-emet-un-mandat-darret-contre-vladimir-poutine\/","og_locale":"fr_FR","og_type":"article","og_title":"GUERRE EN UKRAINE - La CPI \u00e9met un mandat d'arr\u00eat contre Vladimir Poutine","og_description":"NETTALI.COM - La Cour p\u00e9nale internationale (CPI) a d\u00e9clar\u00e9, ce vendredi 17 mars, avoir \u00e9mis un mandat d'arr\u00eat contre le pr\u00e9sident russe Vladimir Poutine\u00a0pour sa responsabilit\u00e9 dans des crimes de guerre perp\u00e9tr\u00e9s en Ukraine depuis l'invasion russe. \"Aujourd'hui, 17 mars 2023, la Chambre pr\u00e9liminaire II de la Cour p\u00e9nale internationale a \u00e9mis des mandats d'arr\u00eat [&hellip;]","og_url":"https:\/\/www.nettali.com\/2023\/03\/17\/guerre-en-ukraine-la-cpi-emet-un-mandat-darret-contre-vladimir-poutine\/","og_site_name":"Nettali.com","article_publisher":"https:\/\/www.facebook.com\/nettalicom","article_published_time":"2023-03-17T15:29:52+00:00","article_modified_time":"2023-03-19T13:08:55+00:00","og_image":[{"width":480,"height":270,"url":"https:\/\/www.nettali.com\/wp-content\/uploads\/2019\/12\/le-president-russe-vladimir-poutine-a-achkhabad-le-11-octobre-2019_6224632.jpg","type":"image\/jpeg"}],"twitter_card":"summary_large_image","twitter_misc":{"\u00c9crit par":"Daouda","Dur\u00e9e de lecture estim\u00e9e":"7 minutes"},"schema":{"@context":"https:\/\/schema.org","@graph":[{"@type":"WebSite","@id":"https:\/\/www.nettali.com\/#website","url":"https:\/\/www.nettali.com\/","name":"Nettali.com","description":"Le rendez-vous critique du Net","potentialAction":[{"@type":"SearchAction","target":{"@type":"EntryPoint","urlTemplate":"https:\/\/www.nettali.com\/?s={search_term_string}"},"query-input":"required name=search_term_string"}],"inLanguage":"fr-FR"},{"@type":"ImageObject","@id":"https:\/\/www.nettali.com\/2023\/03\/17\/guerre-en-ukraine-la-cpi-emet-un-mandat-darret-contre-vladimir-poutine\/#primaryimage","inLanguage":"fr-FR","url":"https:\/\/www.nettali.com\/wp-content\/uploads\/2019\/12\/le-president-russe-vladimir-poutine-a-achkhabad-le-11-octobre-2019_6224632.jpg","contentUrl":"https:\/\/www.nettali.com\/wp-content\/uploads\/2019\/12\/le-president-russe-vladimir-poutine-a-achkhabad-le-11-octobre-2019_6224632.jpg","width":480,"height":270},{"@type":"WebPage","@id":"https:\/\/www.nettali.com\/2023\/03\/17\/guerre-en-ukraine-la-cpi-emet-un-mandat-darret-contre-vladimir-poutine\/#webpage","url":"https:\/\/www.nettali.com\/2023\/03\/17\/guerre-en-ukraine-la-cpi-emet-un-mandat-darret-contre-vladimir-poutine\/","name":"GUERRE EN UKRAINE - La CPI \u00e9met un mandat d'arr\u00eat contre Vladimir Poutine | Nettali.com","isPartOf":{"@id":"https:\/\/www.nettali.com\/#website"},"primaryImageOfPage":{"@id":"https:\/\/www.nettali.com\/2023\/03\/17\/guerre-en-ukraine-la-cpi-emet-un-mandat-darret-contre-vladimir-poutine\/#primaryimage"},"datePublished":"2023-03-17T15:29:52+00:00","dateModified":"2023-03-19T13:08:55+00:00","author":{"@id":"https:\/\/www.nettali.com\/#\/schema\/person\/3317e0bb3aa1da309fbf7b2780901bf4"},"breadcrumb":{"@id":"https:\/\/www.nettali.com\/2023\/03\/17\/guerre-en-ukraine-la-cpi-emet-un-mandat-darret-contre-vladimir-poutine\/#breadcrumb"},"inLanguage":"fr-FR","potentialAction":[{"@type":"ReadAction","target":["https:\/\/www.nettali.com\/2023\/03\/17\/guerre-en-ukraine-la-cpi-emet-un-mandat-darret-contre-vladimir-poutine\/"]}]},{"@type":"BreadcrumbList","@id":"https:\/\/www.nettali.com\/2023\/03\/17\/guerre-en-ukraine-la-cpi-emet-un-mandat-darret-contre-vladimir-poutine\/#breadcrumb","itemListElement":[{"@type":"ListItem","position":1,"name":"Accueil","item":"https:\/\/www.nettali.com\/"},{"@type":"ListItem","position":2,"name":"GUERRE EN UKRAINE - La CPI \u00e9met un mandat d'arr\u00eat contre Vladimir Poutine"}]},{"@type":"Person","@id":"https:\/\/www.nettali.com\/#\/schema\/person\/3317e0bb3aa1da309fbf7b2780901bf4","name":"Daouda","image":{"@type":"ImageObject","@id":"https:\/\/www.nettali.com\/#personlogo","inLanguage":"fr-FR","url":"https:\/\/secure.gravatar.com\/avatar\/8d143b5a49345098ddcfee1c49c2f47c?s=96&d=mm&r=g","contentUrl":"https:\/\/secure.gravatar.com\/avatar\/8d143b5a49345098ddcfee1c49c2f47c?s=96&d=mm&r=g","caption":"Daouda"},"sameAs":["https:\/\/www.nettali.com"]}]}},"_links":{"self":[{"href":"https:\/\/www.nettali.com\/rest\/wp\/v2\/posts\/106299"}],"collection":[{"href":"https:\/\/www.nettali.com\/rest\/wp\/v2\/posts"}],"about":[{"href":"https:\/\/www.nettali.com\/rest\/wp\/v2\/types\/post"}],"author":[{"embeddable":true,"href":"https:\/\/www.nettali.com\/rest\/wp\/v2\/users\/4"}],"replies":[{"embeddable":true,"href":"https:\/\/www.nettali.com\/rest\/wp\/v2\/comments?post=106299"}],"version-history":[{"count":2,"href":"https:\/\/www.nettali.com\/rest\/wp\/v2\/posts\/106299\/revisions"}],"predecessor-version":[{"id":106385,"href":"https:\/\/www.nettali.com\/rest\/wp\/v2\/posts\/106299\/revisions\/106385"}],"wp:featuredmedia":[{"embeddable":true,"href":"https:\/\/www.nettali.com\/rest\/wp\/v2\/media\/24443"}],"wp:attachment":[{"href":"https:\/\/www.nettali.com\/rest\/wp\/v2\/media?parent=106299"}],"wp:term":[{"taxonomy":"category","embeddable":true,"href":"https:\/\/www.nettali.com\/rest\/wp\/v2\/categories?post=106299"},{"taxonomy":"post_tag","embeddable":true,"href":"https:\/\/www.nettali.com\/rest\/wp\/v2\/tags?post=106299"}],"curies":[{"name":"wp","href":"https:\/\/api.w.org\/{rel}","templated":true}]}}