{"id":106244,"date":"2023-03-16T21:32:34","date_gmt":"2023-03-16T21:32:34","guid":{"rendered":"https:\/\/www.nettali.com\/?p=106244"},"modified":"2023-03-16T22:52:14","modified_gmt":"2023-03-16T22:52:14","slug":"keur-gorgui-ousmane-sonko-sest-rendu-a-la-clinique","status":"publish","type":"post","link":"https:\/\/www.nettali.com\/2023\/03\/16\/keur-gorgui-ousmane-sonko-sest-rendu-a-la-clinique\/","title":{"rendered":"KEUR GORGUI - Ousmane Sonko s'est rendu \u00e0 la clinique"},"content":{"rendered":"<p><strong>NETTALI.COM\u00a0 - Ouf de soulagement chez les proches d'Ousmane Sonko. Malade depuis ce matin, le leader de Pastef a enfin pu se rendre \u00e0 la clinique apr\u00e8s plusieurs heures de blocus impos\u00e9 par les forces de l'ordre.\u00a0<\/strong><\/p>\n<p>Les proches d'Ousmane Sonko disent craindre pour sa sant\u00e9. Et ils l'ont fait savoir \u00e0 plusieurs reprises notamment dans un communiqu\u00e9 rendu public par Pastef-Les Patriotes. Des craintes d'autant plusieurs s\u00e9rieuses qu'en les en croire, les forces de l'ordre ont refus\u00e9 durant toute la journ\u00e9e de le laisser se rendre \u00e0 la clinique. Pis, son propre m\u00e9decin n'a pas pu entrer dans son domicile.<\/p>\n<p>\"<em>Depuis que les FDS m'ont d\u00e9pos\u00e9 chez moi, je suis sujet \u00e0 des terribles vertiges, je souffre de douleurs au bas ventre et j'\u00e9prouve des difficult\u00e9s respiratoires<\/em>\", renseigne Ousmane Sonko, lui-m\u00eame, dans un texte post\u00e9 sur les r\u00e9seaux sociaux. Il ajoute : \"<em>Nous avons appel\u00e9 la Suma assistance. Mais depuis plus d'une heure, la police a bloqu\u00e9 leur ambulance au rond-point et leur refuse l'acc\u00e8s \u00e0 mon domicile.<\/em>\" Et Ousmane Sonko d'accuser : \"<em>Macky Sall se livre manifestement \u00e0 une \u00e9ni\u00e8me tentative d'assassinat sur ma personne<\/em>.\"<\/p>\n<p>Finalement, c'est vers 21 heures que l'ambulance de la Suma assistance a pu acc\u00e9der au domicile du leader de Pastef. Ousmane Sonko a donc finalement \u00e9t\u00e9 \u00e9vacu\u00e9 \u00e0 la clinique.<\/p>\n<p>Les partisans d'Ousmane Sonko soutiennent qu'un liquide a \u00e9t\u00e9 vers\u00e9 dans son v\u00e9hicule au moment de son interpellation par les forces de l'ordre. Ce qui sera \u00e0 l'origine de ses vertiges, mais aussi du malaise de Me Cir\u00e9 Cl\u00e9dor Ly qui \u00e9tait dans le m\u00eame v\u00e9hicule que le leader de Pastef.<\/p>\n<div class='share-to-whatsapp-wrapper'><div class='share-on-whsp'>PARTAGER SUR : <\/div><a data-text='KEUR GORGUI - Ousmane Sonko s'est rendu \u00e0 la clinique' data-link='https:\/\/www.nettali.com\/2023\/03\/16\/keur-gorgui-ousmane-sonko-sest-rendu-a-la-clinique\/' class='whatsapp-button whatsapp-share'>WhatsApp<\/a><div class='clear '><\/div><\/div>","protected":false},"excerpt":{"rendered":"<p>NETTALI.COM\u00a0 - Ouf de soulagement chez les proches d'Ousmane Sonko. Malade depuis ce matin, le leader de Pastef a enfin pu se rendre \u00e0 la clinique apr\u00e8s plusieurs heures de blocus impos\u00e9 par les forces de l'ordre.\u00a0 Les proches d'Ousmane Sonko disent craindre pour sa sant\u00e9. Et ils l'ont fait savoir \u00e0 plusieurs reprises notamment [&hellip;]<\/p>\n","protected":false},"author":3,"featured_media":106252,"comment_status":"open","ping_status":"open","sticky":false,"template":"","format":"standard","meta":{"_et_pb_use_builder":"","_et_pb_old_content":""},"categories":[2],"tags":[],"yoast_head":"<!-- This site is optimized with the Yoast SEO Premium plugin v17.8 (Yoast SEO v17.8) - https:\/\/yoast.com\/wordpress\/plugins\/seo\/ -->\n<title>KEUR GORGUI - Ousmane Sonko s&#039;est rendu \u00e0 la clinique | Nettali.com<\/title>\n<meta name=\"robots\" content=\"index, follow, max-snippet:-1, max-image-preview:large, max-video-preview:-1\" \/>\n<link rel=\"canonical\" href=\"https:\/\/www.nettali.com\/2023\/03\/16\/keur-gorgui-ousmane-sonko-sest-rendu-a-la-clinique\/\" \/>\n<meta property=\"og:locale\" content=\"fr_FR\" \/>\n<meta property=\"og:type\" content=\"article\" \/>\n<meta property=\"og:title\" content=\"KEUR GORGUI - Ousmane Sonko s&#039;est rendu \u00e0 la clinique\" \/>\n<meta property=\"og:description\" content=\"NETTALI.COM\u00a0 - Ouf de soulagement chez les proches d&#039;Ousmane Sonko. Malade depuis ce matin, le leader de Pastef a enfin pu se rendre \u00e0 la clinique apr\u00e8s plusieurs heures de blocus impos\u00e9 par les forces de l&#039;ordre.\u00a0 Les proches d&#039;Ousmane Sonko disent craindre pour sa sant\u00e9. Et ils l&#039;ont fait savoir \u00e0 plusieurs reprises notamment [&hellip;]\" \/>\n<meta property=\"og:url\" content=\"https:\/\/www.nettali.com\/2023\/03\/16\/keur-gorgui-ousmane-sonko-sest-rendu-a-la-clinique\/\" \/>\n<meta property=\"og:site_name\" content=\"Nettali.com\" \/>\n<meta property=\"article:publisher\" content=\"https:\/\/www.facebook.com\/nettalicom\" \/>\n<meta property=\"article:published_time\" content=\"2023-03-16T21:32:34+00:00\" \/>\n<meta property=\"article:modified_time\" content=\"2023-03-16T22:52:14+00:00\" \/>\n<meta property=\"og:image\" content=\"https:\/\/www.nettali.com\/wp-content\/uploads\/2023\/03\/FB_IMG_1679007088352.jpg\" \/>\n\t<meta property=\"og:image:width\" content=\"720\" \/>\n\t<meta property=\"og:image:height\" content=\"960\" \/>\n<meta name=\"twitter:card\" content=\"summary_large_image\" \/>\n<meta name=\"twitter:label1\" content=\"\u00c9crit par\" \/>\n\t<meta name=\"twitter:data1\" content=\"Moustapha\" \/>\n\t<meta name=\"twitter:label2\" content=\"Dur\u00e9e de lecture estim\u00e9e\" \/>\n\t<meta name=\"twitter:data2\" content=\"2 minutes\" \/>\n<script type=\"application\/ld+json\" class=\"yoast-schema-graph\">{\"@context\":\"https:\/\/schema.org\",\"@graph\":[{\"@type\":\"WebSite\",\"@id\":\"https:\/\/www.nettali.com\/#website\",\"url\":\"https:\/\/www.nettali.com\/\",\"name\":\"Nettali.com\",\"description\":\"Le rendez-vous critique du Net\",\"potentialAction\":[{\"@type\":\"SearchAction\",\"target\":{\"@type\":\"EntryPoint\",\"urlTemplate\":\"https:\/\/www.nettali.com\/?s={search_term_string}\"},\"query-input\":\"required name=search_term_string\"}],\"inLanguage\":\"fr-FR\"},{\"@type\":\"ImageObject\",\"@id\":\"https:\/\/www.nettali.com\/2023\/03\/16\/keur-gorgui-ousmane-sonko-sest-rendu-a-la-clinique\/#primaryimage\",\"inLanguage\":\"fr-FR\",\"url\":\"https:\/\/www.nettali.com\/wp-content\/uploads\/2023\/03\/FB_IMG_1679007088352.jpg\",\"contentUrl\":\"https:\/\/www.nettali.com\/wp-content\/uploads\/2023\/03\/FB_IMG_1679007088352.jpg\",\"width\":720,\"height\":960},{\"@type\":\"WebPage\",\"@id\":\"https:\/\/www.nettali.com\/2023\/03\/16\/keur-gorgui-ousmane-sonko-sest-rendu-a-la-clinique\/#webpage\",\"url\":\"https:\/\/www.nettali.com\/2023\/03\/16\/keur-gorgui-ousmane-sonko-sest-rendu-a-la-clinique\/\",\"name\":\"KEUR GORGUI - Ousmane Sonko s'est rendu \\u00e0 la clinique | Nettali.com\",\"isPartOf\":{\"@id\":\"https:\/\/www.nettali.com\/#website\"},\"primaryImageOfPage\":{\"@id\":\"https:\/\/www.nettali.com\/2023\/03\/16\/keur-gorgui-ousmane-sonko-sest-rendu-a-la-clinique\/#primaryimage\"},\"datePublished\":\"2023-03-16T21:32:34+00:00\",\"dateModified\":\"2023-03-16T22:52:14+00:00\",\"author\":{\"@id\":\"https:\/\/www.nettali.com\/#\/schema\/person\/7962a12a6e0267f88f0ffa544c36469a\"},\"breadcrumb\":{\"@id\":\"https:\/\/www.nettali.com\/2023\/03\/16\/keur-gorgui-ousmane-sonko-sest-rendu-a-la-clinique\/#breadcrumb\"},\"inLanguage\":\"fr-FR\",\"potentialAction\":[{\"@type\":\"ReadAction\",\"target\":[\"https:\/\/www.nettali.com\/2023\/03\/16\/keur-gorgui-ousmane-sonko-sest-rendu-a-la-clinique\/\"]}]},{\"@type\":\"BreadcrumbList\",\"@id\":\"https:\/\/www.nettali.com\/2023\/03\/16\/keur-gorgui-ousmane-sonko-sest-rendu-a-la-clinique\/#breadcrumb\",\"itemListElement\":[{\"@type\":\"ListItem\",\"position\":1,\"name\":\"Accueil\",\"item\":\"https:\/\/www.nettali.com\/\"},{\"@type\":\"ListItem\",\"position\":2,\"name\":\"KEUR GORGUI - Ousmane Sonko s'est rendu \\u00e0 la clinique\"}]},{\"@type\":\"Person\",\"@id\":\"https:\/\/www.nettali.com\/#\/schema\/person\/7962a12a6e0267f88f0ffa544c36469a\",\"name\":\"Moustapha\",\"image\":{\"@type\":\"ImageObject\",\"@id\":\"https:\/\/www.nettali.com\/#personlogo\",\"inLanguage\":\"fr-FR\",\"url\":\"https:\/\/secure.gravatar.com\/avatar\/10fdf6a071cccdcf374e3dbe45159590?s=96&d=mm&r=g\",\"contentUrl\":\"https:\/\/secure.gravatar.com\/avatar\/10fdf6a071cccdcf374e3dbe45159590?s=96&d=mm&r=g\",\"caption\":\"Moustapha\"},\"sameAs\":[\"https:\/\/www.nettali.com\"]}]}<\/script>\n<!-- \/ Yoast SEO Premium plugin. -->","yoast_head_json":{"title":"KEUR GORGUI - Ousmane Sonko s'est rendu \u00e0 la clinique | Nettali.com","robots":{"index":"index","follow":"follow","max-snippet":"max-snippet:-1","max-image-preview":"max-image-preview:large","max-video-preview":"max-video-preview:-1"},"canonical":"https:\/\/www.nettali.com\/2023\/03\/16\/keur-gorgui-ousmane-sonko-sest-rendu-a-la-clinique\/","og_locale":"fr_FR","og_type":"article","og_title":"KEUR GORGUI - Ousmane Sonko s'est rendu \u00e0 la clinique","og_description":"NETTALI.COM\u00a0 - Ouf de soulagement chez les proches d'Ousmane Sonko. Malade depuis ce matin, le leader de Pastef a enfin pu se rendre \u00e0 la clinique apr\u00e8s plusieurs heures de blocus impos\u00e9 par les forces de l'ordre.\u00a0 Les proches d'Ousmane Sonko disent craindre pour sa sant\u00e9. Et ils l'ont fait savoir \u00e0 plusieurs reprises notamment [&hellip;]","og_url":"https:\/\/www.nettali.com\/2023\/03\/16\/keur-gorgui-ousmane-sonko-sest-rendu-a-la-clinique\/","og_site_name":"Nettali.com","article_publisher":"https:\/\/www.facebook.com\/nettalicom","article_published_time":"2023-03-16T21:32:34+00:00","article_modified_time":"2023-03-16T22:52:14+00:00","og_image":[{"width":720,"height":960,"url":"https:\/\/www.nettali.com\/wp-content\/uploads\/2023\/03\/FB_IMG_1679007088352.jpg","type":"image\/jpeg"}],"twitter_card":"summary_large_image","twitter_misc":{"\u00c9crit par":"Moustapha","Dur\u00e9e de lecture estim\u00e9e":"2 minutes"},"schema":{"@context":"https:\/\/schema.org","@graph":[{"@type":"WebSite","@id":"https:\/\/www.nettali.com\/#website","url":"https:\/\/www.nettali.com\/","name":"Nettali.com","description":"Le rendez-vous critique du Net","potentialAction":[{"@type":"SearchAction","target":{"@type":"EntryPoint","urlTemplate":"https:\/\/www.nettali.com\/?s={search_term_string}"},"query-input":"required name=search_term_string"}],"inLanguage":"fr-FR"},{"@type":"ImageObject","@id":"https:\/\/www.nettali.com\/2023\/03\/16\/keur-gorgui-ousmane-sonko-sest-rendu-a-la-clinique\/#primaryimage","inLanguage":"fr-FR","url":"https:\/\/www.nettali.com\/wp-content\/uploads\/2023\/03\/FB_IMG_1679007088352.jpg","contentUrl":"https:\/\/www.nettali.com\/wp-content\/uploads\/2023\/03\/FB_IMG_1679007088352.jpg","width":720,"height":960},{"@type":"WebPage","@id":"https:\/\/www.nettali.com\/2023\/03\/16\/keur-gorgui-ousmane-sonko-sest-rendu-a-la-clinique\/#webpage","url":"https:\/\/www.nettali.com\/2023\/03\/16\/keur-gorgui-ousmane-sonko-sest-rendu-a-la-clinique\/","name":"KEUR GORGUI - Ousmane Sonko s'est rendu \u00e0 la clinique | Nettali.com","isPartOf":{"@id":"https:\/\/www.nettali.com\/#website"},"primaryImageOfPage":{"@id":"https:\/\/www.nettali.com\/2023\/03\/16\/keur-gorgui-ousmane-sonko-sest-rendu-a-la-clinique\/#primaryimage"},"datePublished":"2023-03-16T21:32:34+00:00","dateModified":"2023-03-16T22:52:14+00:00","author":{"@id":"https:\/\/www.nettali.com\/#\/schema\/person\/7962a12a6e0267f88f0ffa544c36469a"},"breadcrumb":{"@id":"https:\/\/www.nettali.com\/2023\/03\/16\/keur-gorgui-ousmane-sonko-sest-rendu-a-la-clinique\/#breadcrumb"},"inLanguage":"fr-FR","potentialAction":[{"@type":"ReadAction","target":["https:\/\/www.nettali.com\/2023\/03\/16\/keur-gorgui-ousmane-sonko-sest-rendu-a-la-clinique\/"]}]},{"@type":"BreadcrumbList","@id":"https:\/\/www.nettali.com\/2023\/03\/16\/keur-gorgui-ousmane-sonko-sest-rendu-a-la-clinique\/#breadcrumb","itemListElement":[{"@type":"ListItem","position":1,"name":"Accueil","item":"https:\/\/www.nettali.com\/"},{"@type":"ListItem","position":2,"name":"KEUR GORGUI - Ousmane Sonko s'est rendu \u00e0 la clinique"}]},{"@type":"Person","@id":"https:\/\/www.nettali.com\/#\/schema\/person\/7962a12a6e0267f88f0ffa544c36469a","name":"Moustapha","image":{"@type":"ImageObject","@id":"https:\/\/www.nettali.com\/#personlogo","inLanguage":"fr-FR","url":"https:\/\/secure.gravatar.com\/avatar\/10fdf6a071cccdcf374e3dbe45159590?s=96&d=mm&r=g","contentUrl":"https:\/\/secure.gravatar.com\/avatar\/10fdf6a071cccdcf374e3dbe45159590?s=96&d=mm&r=g","caption":"Moustapha"},"sameAs":["https:\/\/www.nettali.com"]}]}},"_links":{"self":[{"href":"https:\/\/www.nettali.com\/rest\/wp\/v2\/posts\/106244"}],"collection":[{"href":"https:\/\/www.nettali.com\/rest\/wp\/v2\/posts"}],"about":[{"href":"https:\/\/www.nettali.com\/rest\/wp\/v2\/types\/post"}],"author":[{"embeddable":true,"href":"https:\/\/www.nettali.com\/rest\/wp\/v2\/users\/3"}],"replies":[{"embeddable":true,"href":"https:\/\/www.nettali.com\/rest\/wp\/v2\/comments?post=106244"}],"version-history":[{"count":3,"href":"https:\/\/www.nettali.com\/rest\/wp\/v2\/posts\/106244\/revisions"}],"predecessor-version":[{"id":106248,"href":"https:\/\/www.nettali.com\/rest\/wp\/v2\/posts\/106244\/revisions\/106248"}],"wp:featuredmedia":[{"embeddable":true,"href":"https:\/\/www.nettali.com\/rest\/wp\/v2\/media\/106252"}],"wp:attachment":[{"href":"https:\/\/www.nettali.com\/rest\/wp\/v2\/media?parent=106244"}],"wp:term":[{"taxonomy":"category","embeddable":true,"href":"https:\/\/www.nettali.com\/rest\/wp\/v2\/categories?post=106244"},{"taxonomy":"post_tag","embeddable":true,"href":"https:\/\/www.nettali.com\/rest\/wp\/v2\/tags?post=106244"}],"curies":[{"name":"wp","href":"https:\/\/api.w.org\/{rel}","templated":true}]}}