{"id":106203,"date":"2023-03-16T12:10:07","date_gmt":"2023-03-16T12:10:07","guid":{"rendered":"https:\/\/www.nettali.com\/?p=106203"},"modified":"2023-03-16T12:10:07","modified_gmt":"2023-03-16T12:10:07","slug":"ousmane-sonko-conduit-de-force-au-tribunal-laudience-suspendue","status":"publish","type":"post","link":"https:\/\/www.nettali.com\/2023\/03\/16\/ousmane-sonko-conduit-de-force-au-tribunal-laudience-suspendue\/","title":{"rendered":"Ousmane Sonko conduit de force au tribunal, l\u2019audience suspendue"},"content":{"rendered":"<p><strong>NETTALI.COM - Ousmane a \u00e9t\u00e9 extrait de son v\u00e9hicule par des \u00e9l\u00e9ments de la Brigade d\u2019intervention polyvalentes (Bip) en ex\u00e9cution d\u2019un mandat d\u2019amener puis conduit au Tribunal de Dakar. Pour l'instant, l'audience a \u00e9t\u00e9 suspendue au niveau du palais de Justice.<\/strong><\/p>\n<p>Ousmane Sonko est sorti de chez lui vers 9 heures, ce jeudi, pour se rendre au proc\u00e8s qui l\u2019oppose \u00e0 Mame Mbaye Niang. Mais, la situation a \u00e9t\u00e9 extr\u00eamement tendue \u00e0 hauteur de Mermoz. \u00a0Les forces de l\u2019ordre l\u2019ont finalement extrait de son v\u00e9hicule pour l\u2019acheminer au Tribunal de Dakar en ex\u00e9cution d\u2019un mandat d\u2019amener d\u00e9livr\u00e9 par le juge.<\/p>\n<p>Me Cir\u00e9 Cl\u00e9dor Ly et son client Ousmane Sonko sont arriv\u00e9s au palais de Justice, o\u00f9 l\u2019audience a \u00e9t\u00e9 suspenduE vers 11H 17 minutes.<\/p>\n<p>L\u2019avocat a demand\u00e9 au Juge le renvoi du proc\u00e8s. Puisque, dit-il, son client a \u00e9t\u00e9 brutalis\u00e9, gaz\u00e9 et extrait de son v\u00e9hicule. Il a demand\u00e9 au Juge de faire examiner Ousmane Sonko pour se rendre compte de ce qu\u2019il a subi.<\/p>\n<p>Me Ly a aussi ajout\u00e9 que lui et son client ne sont pas dans l\u2019\u00e9tat de pouvoir r\u00e9pondre aux questions. \u00abJ\u2019ai \u00e9t\u00e9 brutalis\u00e9\u00bb, a d\u00e9clar\u00e9 Ousmane Sonko qui est rentr\u00e9e dans la salle vers 10h 45 minutes.<\/p>\n<p>De l\u2019autre C\u00f4t\u00e9, Me El Hadj Diouf s\u2019est constitu\u00e9 pour Mame Mbaye Niang.<\/p>\n<p>&nbsp;<\/p>\n<p>&nbsp;<\/p>\n<div class='share-to-whatsapp-wrapper'><div class='share-on-whsp'>PARTAGER SUR : <\/div><a data-text='Ousmane Sonko conduit de force au tribunal, l\u2019audience suspendue' data-link='https:\/\/www.nettali.com\/2023\/03\/16\/ousmane-sonko-conduit-de-force-au-tribunal-laudience-suspendue\/' class='whatsapp-button whatsapp-share'>WhatsApp<\/a><div class='clear '><\/div><\/div>","protected":false},"excerpt":{"rendered":"<p>NETTALI.COM - Ousmane a \u00e9t\u00e9 extrait de son v\u00e9hicule par des \u00e9l\u00e9ments de la Brigade d\u2019intervention polyvalentes (Bip) en ex\u00e9cution d\u2019un mandat d\u2019amener puis conduit au Tribunal de Dakar. Pour l'instant, l'audience a \u00e9t\u00e9 suspendue au niveau du palais de Justice. Ousmane Sonko est sorti de chez lui vers 9 heures, ce jeudi, pour se [&hellip;]<\/p>\n","protected":false},"author":4,"featured_media":106204,"comment_status":"open","ping_status":"open","sticky":false,"template":"","format":"standard","meta":{"_et_pb_use_builder":"","_et_pb_old_content":""},"categories":[3],"tags":[],"yoast_head":"<!-- This site is optimized with the Yoast SEO Premium plugin v17.8 (Yoast SEO v17.8) - https:\/\/yoast.com\/wordpress\/plugins\/seo\/ -->\n<title>Ousmane Sonko conduit de force au tribunal, l\u2019audience suspendue | Nettali.com<\/title>\n<meta name=\"robots\" content=\"index, follow, max-snippet:-1, max-image-preview:large, max-video-preview:-1\" \/>\n<link rel=\"canonical\" href=\"https:\/\/www.nettali.com\/2023\/03\/16\/ousmane-sonko-conduit-de-force-au-tribunal-laudience-suspendue\/\" \/>\n<meta property=\"og:locale\" content=\"fr_FR\" \/>\n<meta property=\"og:type\" content=\"article\" \/>\n<meta property=\"og:title\" content=\"Ousmane Sonko conduit de force au tribunal, l\u2019audience suspendue\" \/>\n<meta property=\"og:description\" content=\"NETTALI.COM - Ousmane a \u00e9t\u00e9 extrait de son v\u00e9hicule par des \u00e9l\u00e9ments de la Brigade d\u2019intervention polyvalentes (Bip) en ex\u00e9cution d\u2019un mandat d\u2019amener puis conduit au Tribunal de Dakar. Pour l&#039;instant, l&#039;audience a \u00e9t\u00e9 suspendue au niveau du palais de Justice. Ousmane Sonko est sorti de chez lui vers 9 heures, ce jeudi, pour se [&hellip;]\" \/>\n<meta property=\"og:url\" content=\"https:\/\/www.nettali.com\/2023\/03\/16\/ousmane-sonko-conduit-de-force-au-tribunal-laudience-suspendue\/\" \/>\n<meta property=\"og:site_name\" content=\"Nettali.com\" \/>\n<meta property=\"article:publisher\" content=\"https:\/\/www.facebook.com\/nettalicom\" \/>\n<meta property=\"article:published_time\" content=\"2023-03-16T12:10:07+00:00\" \/>\n<meta property=\"og:image\" content=\"https:\/\/www.nettali.com\/wp-content\/uploads\/2023\/03\/cledor_7753.png\" \/>\n\t<meta property=\"og:image:width\" content=\"1600\" \/>\n\t<meta property=\"og:image:height\" content=\"755\" \/>\n<meta name=\"twitter:card\" content=\"summary_large_image\" \/>\n<meta name=\"twitter:label1\" content=\"\u00c9crit par\" \/>\n\t<meta name=\"twitter:data1\" content=\"Daouda\" \/>\n\t<meta name=\"twitter:label2\" content=\"Dur\u00e9e de lecture estim\u00e9e\" \/>\n\t<meta name=\"twitter:data2\" content=\"2 minutes\" \/>\n<script type=\"application\/ld+json\" class=\"yoast-schema-graph\">{\"@context\":\"https:\/\/schema.org\",\"@graph\":[{\"@type\":\"WebSite\",\"@id\":\"https:\/\/www.nettali.com\/#website\",\"url\":\"https:\/\/www.nettali.com\/\",\"name\":\"Nettali.com\",\"description\":\"Le rendez-vous critique du Net\",\"potentialAction\":[{\"@type\":\"SearchAction\",\"target\":{\"@type\":\"EntryPoint\",\"urlTemplate\":\"https:\/\/www.nettali.com\/?s={search_term_string}\"},\"query-input\":\"required name=search_term_string\"}],\"inLanguage\":\"fr-FR\"},{\"@type\":\"ImageObject\",\"@id\":\"https:\/\/www.nettali.com\/2023\/03\/16\/ousmane-sonko-conduit-de-force-au-tribunal-laudience-suspendue\/#primaryimage\",\"inLanguage\":\"fr-FR\",\"url\":\"https:\/\/www.nettali.com\/wp-content\/uploads\/2023\/03\/cledor_7753.png\",\"contentUrl\":\"https:\/\/www.nettali.com\/wp-content\/uploads\/2023\/03\/cledor_7753.png\",\"width\":1600,\"height\":755},{\"@type\":\"WebPage\",\"@id\":\"https:\/\/www.nettali.com\/2023\/03\/16\/ousmane-sonko-conduit-de-force-au-tribunal-laudience-suspendue\/#webpage\",\"url\":\"https:\/\/www.nettali.com\/2023\/03\/16\/ousmane-sonko-conduit-de-force-au-tribunal-laudience-suspendue\/\",\"name\":\"Ousmane Sonko conduit de force au tribunal, l\\u2019audience suspendue | Nettali.com\",\"isPartOf\":{\"@id\":\"https:\/\/www.nettali.com\/#website\"},\"primaryImageOfPage\":{\"@id\":\"https:\/\/www.nettali.com\/2023\/03\/16\/ousmane-sonko-conduit-de-force-au-tribunal-laudience-suspendue\/#primaryimage\"},\"datePublished\":\"2023-03-16T12:10:07+00:00\",\"dateModified\":\"2023-03-16T12:10:07+00:00\",\"author\":{\"@id\":\"https:\/\/www.nettali.com\/#\/schema\/person\/3317e0bb3aa1da309fbf7b2780901bf4\"},\"breadcrumb\":{\"@id\":\"https:\/\/www.nettali.com\/2023\/03\/16\/ousmane-sonko-conduit-de-force-au-tribunal-laudience-suspendue\/#breadcrumb\"},\"inLanguage\":\"fr-FR\",\"potentialAction\":[{\"@type\":\"ReadAction\",\"target\":[\"https:\/\/www.nettali.com\/2023\/03\/16\/ousmane-sonko-conduit-de-force-au-tribunal-laudience-suspendue\/\"]}]},{\"@type\":\"BreadcrumbList\",\"@id\":\"https:\/\/www.nettali.com\/2023\/03\/16\/ousmane-sonko-conduit-de-force-au-tribunal-laudience-suspendue\/#breadcrumb\",\"itemListElement\":[{\"@type\":\"ListItem\",\"position\":1,\"name\":\"Accueil\",\"item\":\"https:\/\/www.nettali.com\/\"},{\"@type\":\"ListItem\",\"position\":2,\"name\":\"Ousmane Sonko conduit de force au tribunal, l\\u2019audience suspendue\"}]},{\"@type\":\"Person\",\"@id\":\"https:\/\/www.nettali.com\/#\/schema\/person\/3317e0bb3aa1da309fbf7b2780901bf4\",\"name\":\"Daouda\",\"image\":{\"@type\":\"ImageObject\",\"@id\":\"https:\/\/www.nettali.com\/#personlogo\",\"inLanguage\":\"fr-FR\",\"url\":\"https:\/\/secure.gravatar.com\/avatar\/8d143b5a49345098ddcfee1c49c2f47c?s=96&d=mm&r=g\",\"contentUrl\":\"https:\/\/secure.gravatar.com\/avatar\/8d143b5a49345098ddcfee1c49c2f47c?s=96&d=mm&r=g\",\"caption\":\"Daouda\"},\"sameAs\":[\"https:\/\/www.nettali.com\"]}]}<\/script>\n<!-- \/ Yoast SEO Premium plugin. -->","yoast_head_json":{"title":"Ousmane Sonko conduit de force au tribunal, l\u2019audience suspendue | Nettali.com","robots":{"index":"index","follow":"follow","max-snippet":"max-snippet:-1","max-image-preview":"max-image-preview:large","max-video-preview":"max-video-preview:-1"},"canonical":"https:\/\/www.nettali.com\/2023\/03\/16\/ousmane-sonko-conduit-de-force-au-tribunal-laudience-suspendue\/","og_locale":"fr_FR","og_type":"article","og_title":"Ousmane Sonko conduit de force au tribunal, l\u2019audience suspendue","og_description":"NETTALI.COM - Ousmane a \u00e9t\u00e9 extrait de son v\u00e9hicule par des \u00e9l\u00e9ments de la Brigade d\u2019intervention polyvalentes (Bip) en ex\u00e9cution d\u2019un mandat d\u2019amener puis conduit au Tribunal de Dakar. Pour l'instant, l'audience a \u00e9t\u00e9 suspendue au niveau du palais de Justice. Ousmane Sonko est sorti de chez lui vers 9 heures, ce jeudi, pour se [&hellip;]","og_url":"https:\/\/www.nettali.com\/2023\/03\/16\/ousmane-sonko-conduit-de-force-au-tribunal-laudience-suspendue\/","og_site_name":"Nettali.com","article_publisher":"https:\/\/www.facebook.com\/nettalicom","article_published_time":"2023-03-16T12:10:07+00:00","og_image":[{"width":1600,"height":755,"url":"https:\/\/www.nettali.com\/wp-content\/uploads\/2023\/03\/cledor_7753.png","type":"image\/png"}],"twitter_card":"summary_large_image","twitter_misc":{"\u00c9crit par":"Daouda","Dur\u00e9e de lecture estim\u00e9e":"2 minutes"},"schema":{"@context":"https:\/\/schema.org","@graph":[{"@type":"WebSite","@id":"https:\/\/www.nettali.com\/#website","url":"https:\/\/www.nettali.com\/","name":"Nettali.com","description":"Le rendez-vous critique du Net","potentialAction":[{"@type":"SearchAction","target":{"@type":"EntryPoint","urlTemplate":"https:\/\/www.nettali.com\/?s={search_term_string}"},"query-input":"required name=search_term_string"}],"inLanguage":"fr-FR"},{"@type":"ImageObject","@id":"https:\/\/www.nettali.com\/2023\/03\/16\/ousmane-sonko-conduit-de-force-au-tribunal-laudience-suspendue\/#primaryimage","inLanguage":"fr-FR","url":"https:\/\/www.nettali.com\/wp-content\/uploads\/2023\/03\/cledor_7753.png","contentUrl":"https:\/\/www.nettali.com\/wp-content\/uploads\/2023\/03\/cledor_7753.png","width":1600,"height":755},{"@type":"WebPage","@id":"https:\/\/www.nettali.com\/2023\/03\/16\/ousmane-sonko-conduit-de-force-au-tribunal-laudience-suspendue\/#webpage","url":"https:\/\/www.nettali.com\/2023\/03\/16\/ousmane-sonko-conduit-de-force-au-tribunal-laudience-suspendue\/","name":"Ousmane Sonko conduit de force au tribunal, l\u2019audience suspendue | Nettali.com","isPartOf":{"@id":"https:\/\/www.nettali.com\/#website"},"primaryImageOfPage":{"@id":"https:\/\/www.nettali.com\/2023\/03\/16\/ousmane-sonko-conduit-de-force-au-tribunal-laudience-suspendue\/#primaryimage"},"datePublished":"2023-03-16T12:10:07+00:00","dateModified":"2023-03-16T12:10:07+00:00","author":{"@id":"https:\/\/www.nettali.com\/#\/schema\/person\/3317e0bb3aa1da309fbf7b2780901bf4"},"breadcrumb":{"@id":"https:\/\/www.nettali.com\/2023\/03\/16\/ousmane-sonko-conduit-de-force-au-tribunal-laudience-suspendue\/#breadcrumb"},"inLanguage":"fr-FR","potentialAction":[{"@type":"ReadAction","target":["https:\/\/www.nettali.com\/2023\/03\/16\/ousmane-sonko-conduit-de-force-au-tribunal-laudience-suspendue\/"]}]},{"@type":"BreadcrumbList","@id":"https:\/\/www.nettali.com\/2023\/03\/16\/ousmane-sonko-conduit-de-force-au-tribunal-laudience-suspendue\/#breadcrumb","itemListElement":[{"@type":"ListItem","position":1,"name":"Accueil","item":"https:\/\/www.nettali.com\/"},{"@type":"ListItem","position":2,"name":"Ousmane Sonko conduit de force au tribunal, l\u2019audience suspendue"}]},{"@type":"Person","@id":"https:\/\/www.nettali.com\/#\/schema\/person\/3317e0bb3aa1da309fbf7b2780901bf4","name":"Daouda","image":{"@type":"ImageObject","@id":"https:\/\/www.nettali.com\/#personlogo","inLanguage":"fr-FR","url":"https:\/\/secure.gravatar.com\/avatar\/8d143b5a49345098ddcfee1c49c2f47c?s=96&d=mm&r=g","contentUrl":"https:\/\/secure.gravatar.com\/avatar\/8d143b5a49345098ddcfee1c49c2f47c?s=96&d=mm&r=g","caption":"Daouda"},"sameAs":["https:\/\/www.nettali.com"]}]}},"_links":{"self":[{"href":"https:\/\/www.nettali.com\/rest\/wp\/v2\/posts\/106203"}],"collection":[{"href":"https:\/\/www.nettali.com\/rest\/wp\/v2\/posts"}],"about":[{"href":"https:\/\/www.nettali.com\/rest\/wp\/v2\/types\/post"}],"author":[{"embeddable":true,"href":"https:\/\/www.nettali.com\/rest\/wp\/v2\/users\/4"}],"replies":[{"embeddable":true,"href":"https:\/\/www.nettali.com\/rest\/wp\/v2\/comments?post=106203"}],"version-history":[{"count":1,"href":"https:\/\/www.nettali.com\/rest\/wp\/v2\/posts\/106203\/revisions"}],"predecessor-version":[{"id":106205,"href":"https:\/\/www.nettali.com\/rest\/wp\/v2\/posts\/106203\/revisions\/106205"}],"wp:featuredmedia":[{"embeddable":true,"href":"https:\/\/www.nettali.com\/rest\/wp\/v2\/media\/106204"}],"wp:attachment":[{"href":"https:\/\/www.nettali.com\/rest\/wp\/v2\/media?parent=106203"}],"wp:term":[{"taxonomy":"category","embeddable":true,"href":"https:\/\/www.nettali.com\/rest\/wp\/v2\/categories?post=106203"},{"taxonomy":"post_tag","embeddable":true,"href":"https:\/\/www.nettali.com\/rest\/wp\/v2\/tags?post=106203"}],"curies":[{"name":"wp","href":"https:\/\/api.w.org\/{rel}","templated":true}]}}