{"id":106106,"date":"2023-03-15T00:04:36","date_gmt":"2023-03-15T00:04:36","guid":{"rendered":"https:\/\/www.nettali.com\/?p=106106"},"modified":"2023-03-15T00:04:36","modified_gmt":"2023-03-15T00:04:36","slug":"ligue-des-champions-une-premiere-pour-milan-depuis-2006","status":"publish","type":"post","link":"https:\/\/www.nettali.com\/2023\/03\/15\/ligue-des-champions-une-premiere-pour-milan-depuis-2006\/","title":{"rendered":"LIGUE DES CHAMPIONS - Une premi\u00e8re pour Milan depuis 2006"},"content":{"rendered":"<p><strong>NETTALI.COM - Une semaine apr\u00e8s son voisin et rival, l\u2019AC Milan, tombeur de Tottenham (1-0, 0-0), l\u2019Inter Milan a valid\u00e9 \u00e0 son tour son billet pour les quarts de finale de la Ligue des Champions en \u00e9cartant le FC Porto (1-0, 0-0) ce mardi. Comme leur meilleur ennemi, cela faisait un sacr\u00e9 bout de temps que les Nerazzurri n\u2019avaient pas atteint ce stade de la comp\u00e9tition, tr\u00e8s exactement 12 ans.<\/strong><\/p>\n<p>Alors, forc\u00e9ment, pour trouver trace d\u2019une \u00e9dition de LdC o\u00f9 les deux \u00e9curies milanaises \u00e9taient pr\u00e9sentes simultan\u00e9ment en quarts de finale, il faut remonter loin en arri\u00e8re, tr\u00e8s exactement 17 ans lors de la saison 2005-2006 ! Il ne reste plus qu\u2019\u00e0 esp\u00e9rer un clin d\u2019\u0153il suppl\u00e9mentaire avec pourquoi pas un derby de la Madonnina \u00e0 l\u2019issue du tirage au sort des quarts pr\u00e9vu vendredi ?<\/p>\n<div class='share-to-whatsapp-wrapper'><div class='share-on-whsp'>PARTAGER SUR : <\/div><a data-text='LIGUE DES CHAMPIONS - Une premi\u00e8re pour Milan depuis 2006' data-link='https:\/\/www.nettali.com\/2023\/03\/15\/ligue-des-champions-une-premiere-pour-milan-depuis-2006\/' class='whatsapp-button whatsapp-share'>WhatsApp<\/a><div class='clear '><\/div><\/div>","protected":false},"excerpt":{"rendered":"<p>NETTALI.COM - Une semaine apr\u00e8s son voisin et rival, l\u2019AC Milan, tombeur de Tottenham (1-0, 0-0), l\u2019Inter Milan a valid\u00e9 \u00e0 son tour son billet pour les quarts de finale de la Ligue des Champions en \u00e9cartant le FC Porto (1-0, 0-0) ce mardi. Comme leur meilleur ennemi, cela faisait un sacr\u00e9 bout de temps [&hellip;]<\/p>\n","protected":false},"author":5,"featured_media":106107,"comment_status":"open","ping_status":"open","sticky":false,"template":"","format":"standard","meta":{"_et_pb_use_builder":"","_et_pb_old_content":""},"categories":[6],"tags":[],"yoast_head":"<!-- This site is optimized with the Yoast SEO Premium plugin v17.8 (Yoast SEO v17.8) - https:\/\/yoast.com\/wordpress\/plugins\/seo\/ -->\n<title>LIGUE DES CHAMPIONS - Une premi\u00e8re pour Milan depuis 2006 | Nettali.com<\/title>\n<meta name=\"robots\" content=\"index, follow, max-snippet:-1, max-image-preview:large, max-video-preview:-1\" \/>\n<link rel=\"canonical\" href=\"https:\/\/www.nettali.com\/2023\/03\/15\/ligue-des-champions-une-premiere-pour-milan-depuis-2006\/\" \/>\n<meta property=\"og:locale\" content=\"fr_FR\" \/>\n<meta property=\"og:type\" content=\"article\" \/>\n<meta property=\"og:title\" content=\"LIGUE DES CHAMPIONS - Une premi\u00e8re pour Milan depuis 2006\" \/>\n<meta property=\"og:description\" content=\"NETTALI.COM - Une semaine apr\u00e8s son voisin et rival, l\u2019AC Milan, tombeur de Tottenham (1-0, 0-0), l\u2019Inter Milan a valid\u00e9 \u00e0 son tour son billet pour les quarts de finale de la Ligue des Champions en \u00e9cartant le FC Porto (1-0, 0-0) ce mardi. Comme leur meilleur ennemi, cela faisait un sacr\u00e9 bout de temps [&hellip;]\" \/>\n<meta property=\"og:url\" content=\"https:\/\/www.nettali.com\/2023\/03\/15\/ligue-des-champions-une-premiere-pour-milan-depuis-2006\/\" \/>\n<meta property=\"og:site_name\" content=\"Nettali.com\" \/>\n<meta property=\"article:publisher\" content=\"https:\/\/www.facebook.com\/nettalicom\" \/>\n<meta property=\"article:published_time\" content=\"2023-03-15T00:04:36+00:00\" \/>\n<meta property=\"og:image\" content=\"https:\/\/www.nettali.com\/wp-content\/uploads\/2023\/03\/Inter-Milan.jpeg\" \/>\n\t<meta property=\"og:image:width\" content=\"2000\" \/>\n\t<meta property=\"og:image:height\" content=\"1125\" \/>\n<meta name=\"twitter:card\" content=\"summary_large_image\" \/>\n<meta name=\"twitter:label1\" content=\"\u00c9crit par\" \/>\n\t<meta name=\"twitter:data1\" content=\"Ibrahima\" \/>\n\t<meta name=\"twitter:label2\" content=\"Dur\u00e9e de lecture estim\u00e9e\" \/>\n\t<meta name=\"twitter:data2\" content=\"1 minute\" \/>\n<script type=\"application\/ld+json\" class=\"yoast-schema-graph\">{\"@context\":\"https:\/\/schema.org\",\"@graph\":[{\"@type\":\"WebSite\",\"@id\":\"https:\/\/www.nettali.com\/#website\",\"url\":\"https:\/\/www.nettali.com\/\",\"name\":\"Nettali.com\",\"description\":\"Le rendez-vous critique du Net\",\"potentialAction\":[{\"@type\":\"SearchAction\",\"target\":{\"@type\":\"EntryPoint\",\"urlTemplate\":\"https:\/\/www.nettali.com\/?s={search_term_string}\"},\"query-input\":\"required name=search_term_string\"}],\"inLanguage\":\"fr-FR\"},{\"@type\":\"ImageObject\",\"@id\":\"https:\/\/www.nettali.com\/2023\/03\/15\/ligue-des-champions-une-premiere-pour-milan-depuis-2006\/#primaryimage\",\"inLanguage\":\"fr-FR\",\"url\":\"https:\/\/www.nettali.com\/wp-content\/uploads\/2023\/03\/Inter-Milan.jpeg\",\"contentUrl\":\"https:\/\/www.nettali.com\/wp-content\/uploads\/2023\/03\/Inter-Milan.jpeg\",\"width\":2000,\"height\":1125},{\"@type\":\"WebPage\",\"@id\":\"https:\/\/www.nettali.com\/2023\/03\/15\/ligue-des-champions-une-premiere-pour-milan-depuis-2006\/#webpage\",\"url\":\"https:\/\/www.nettali.com\/2023\/03\/15\/ligue-des-champions-une-premiere-pour-milan-depuis-2006\/\",\"name\":\"LIGUE DES CHAMPIONS - Une premi\\u00e8re pour Milan depuis 2006 | Nettali.com\",\"isPartOf\":{\"@id\":\"https:\/\/www.nettali.com\/#website\"},\"primaryImageOfPage\":{\"@id\":\"https:\/\/www.nettali.com\/2023\/03\/15\/ligue-des-champions-une-premiere-pour-milan-depuis-2006\/#primaryimage\"},\"datePublished\":\"2023-03-15T00:04:36+00:00\",\"dateModified\":\"2023-03-15T00:04:36+00:00\",\"author\":{\"@id\":\"https:\/\/www.nettali.com\/#\/schema\/person\/bb147657c2986240405a608162b9bb23\"},\"breadcrumb\":{\"@id\":\"https:\/\/www.nettali.com\/2023\/03\/15\/ligue-des-champions-une-premiere-pour-milan-depuis-2006\/#breadcrumb\"},\"inLanguage\":\"fr-FR\",\"potentialAction\":[{\"@type\":\"ReadAction\",\"target\":[\"https:\/\/www.nettali.com\/2023\/03\/15\/ligue-des-champions-une-premiere-pour-milan-depuis-2006\/\"]}]},{\"@type\":\"BreadcrumbList\",\"@id\":\"https:\/\/www.nettali.com\/2023\/03\/15\/ligue-des-champions-une-premiere-pour-milan-depuis-2006\/#breadcrumb\",\"itemListElement\":[{\"@type\":\"ListItem\",\"position\":1,\"name\":\"Accueil\",\"item\":\"https:\/\/www.nettali.com\/\"},{\"@type\":\"ListItem\",\"position\":2,\"name\":\"LIGUE DES CHAMPIONS - Une premi\\u00e8re pour Milan depuis 2006\"}]},{\"@type\":\"Person\",\"@id\":\"https:\/\/www.nettali.com\/#\/schema\/person\/bb147657c2986240405a608162b9bb23\",\"name\":\"Ibrahima\",\"image\":{\"@type\":\"ImageObject\",\"@id\":\"https:\/\/www.nettali.com\/#personlogo\",\"inLanguage\":\"fr-FR\",\"url\":\"https:\/\/secure.gravatar.com\/avatar\/26a8a81f09f0dd7624c9d5c36c9ba3a2?s=96&d=mm&r=g\",\"contentUrl\":\"https:\/\/secure.gravatar.com\/avatar\/26a8a81f09f0dd7624c9d5c36c9ba3a2?s=96&d=mm&r=g\",\"caption\":\"Ibrahima\"},\"sameAs\":[\"https:\/\/www.nettali.com\"]}]}<\/script>\n<!-- \/ Yoast SEO Premium plugin. -->","yoast_head_json":{"title":"LIGUE DES CHAMPIONS - Une premi\u00e8re pour Milan depuis 2006 | Nettali.com","robots":{"index":"index","follow":"follow","max-snippet":"max-snippet:-1","max-image-preview":"max-image-preview:large","max-video-preview":"max-video-preview:-1"},"canonical":"https:\/\/www.nettali.com\/2023\/03\/15\/ligue-des-champions-une-premiere-pour-milan-depuis-2006\/","og_locale":"fr_FR","og_type":"article","og_title":"LIGUE DES CHAMPIONS - Une premi\u00e8re pour Milan depuis 2006","og_description":"NETTALI.COM - Une semaine apr\u00e8s son voisin et rival, l\u2019AC Milan, tombeur de Tottenham (1-0, 0-0), l\u2019Inter Milan a valid\u00e9 \u00e0 son tour son billet pour les quarts de finale de la Ligue des Champions en \u00e9cartant le FC Porto (1-0, 0-0) ce mardi. Comme leur meilleur ennemi, cela faisait un sacr\u00e9 bout de temps [&hellip;]","og_url":"https:\/\/www.nettali.com\/2023\/03\/15\/ligue-des-champions-une-premiere-pour-milan-depuis-2006\/","og_site_name":"Nettali.com","article_publisher":"https:\/\/www.facebook.com\/nettalicom","article_published_time":"2023-03-15T00:04:36+00:00","og_image":[{"width":2000,"height":1125,"url":"https:\/\/www.nettali.com\/wp-content\/uploads\/2023\/03\/Inter-Milan.jpeg","type":"image\/jpeg"}],"twitter_card":"summary_large_image","twitter_misc":{"\u00c9crit par":"Ibrahima","Dur\u00e9e de lecture estim\u00e9e":"1 minute"},"schema":{"@context":"https:\/\/schema.org","@graph":[{"@type":"WebSite","@id":"https:\/\/www.nettali.com\/#website","url":"https:\/\/www.nettali.com\/","name":"Nettali.com","description":"Le rendez-vous critique du Net","potentialAction":[{"@type":"SearchAction","target":{"@type":"EntryPoint","urlTemplate":"https:\/\/www.nettali.com\/?s={search_term_string}"},"query-input":"required name=search_term_string"}],"inLanguage":"fr-FR"},{"@type":"ImageObject","@id":"https:\/\/www.nettali.com\/2023\/03\/15\/ligue-des-champions-une-premiere-pour-milan-depuis-2006\/#primaryimage","inLanguage":"fr-FR","url":"https:\/\/www.nettali.com\/wp-content\/uploads\/2023\/03\/Inter-Milan.jpeg","contentUrl":"https:\/\/www.nettali.com\/wp-content\/uploads\/2023\/03\/Inter-Milan.jpeg","width":2000,"height":1125},{"@type":"WebPage","@id":"https:\/\/www.nettali.com\/2023\/03\/15\/ligue-des-champions-une-premiere-pour-milan-depuis-2006\/#webpage","url":"https:\/\/www.nettali.com\/2023\/03\/15\/ligue-des-champions-une-premiere-pour-milan-depuis-2006\/","name":"LIGUE DES CHAMPIONS - Une premi\u00e8re pour Milan depuis 2006 | Nettali.com","isPartOf":{"@id":"https:\/\/www.nettali.com\/#website"},"primaryImageOfPage":{"@id":"https:\/\/www.nettali.com\/2023\/03\/15\/ligue-des-champions-une-premiere-pour-milan-depuis-2006\/#primaryimage"},"datePublished":"2023-03-15T00:04:36+00:00","dateModified":"2023-03-15T00:04:36+00:00","author":{"@id":"https:\/\/www.nettali.com\/#\/schema\/person\/bb147657c2986240405a608162b9bb23"},"breadcrumb":{"@id":"https:\/\/www.nettali.com\/2023\/03\/15\/ligue-des-champions-une-premiere-pour-milan-depuis-2006\/#breadcrumb"},"inLanguage":"fr-FR","potentialAction":[{"@type":"ReadAction","target":["https:\/\/www.nettali.com\/2023\/03\/15\/ligue-des-champions-une-premiere-pour-milan-depuis-2006\/"]}]},{"@type":"BreadcrumbList","@id":"https:\/\/www.nettali.com\/2023\/03\/15\/ligue-des-champions-une-premiere-pour-milan-depuis-2006\/#breadcrumb","itemListElement":[{"@type":"ListItem","position":1,"name":"Accueil","item":"https:\/\/www.nettali.com\/"},{"@type":"ListItem","position":2,"name":"LIGUE DES CHAMPIONS - Une premi\u00e8re pour Milan depuis 2006"}]},{"@type":"Person","@id":"https:\/\/www.nettali.com\/#\/schema\/person\/bb147657c2986240405a608162b9bb23","name":"Ibrahima","image":{"@type":"ImageObject","@id":"https:\/\/www.nettali.com\/#personlogo","inLanguage":"fr-FR","url":"https:\/\/secure.gravatar.com\/avatar\/26a8a81f09f0dd7624c9d5c36c9ba3a2?s=96&d=mm&r=g","contentUrl":"https:\/\/secure.gravatar.com\/avatar\/26a8a81f09f0dd7624c9d5c36c9ba3a2?s=96&d=mm&r=g","caption":"Ibrahima"},"sameAs":["https:\/\/www.nettali.com"]}]}},"_links":{"self":[{"href":"https:\/\/www.nettali.com\/rest\/wp\/v2\/posts\/106106"}],"collection":[{"href":"https:\/\/www.nettali.com\/rest\/wp\/v2\/posts"}],"about":[{"href":"https:\/\/www.nettali.com\/rest\/wp\/v2\/types\/post"}],"author":[{"embeddable":true,"href":"https:\/\/www.nettali.com\/rest\/wp\/v2\/users\/5"}],"replies":[{"embeddable":true,"href":"https:\/\/www.nettali.com\/rest\/wp\/v2\/comments?post=106106"}],"version-history":[{"count":1,"href":"https:\/\/www.nettali.com\/rest\/wp\/v2\/posts\/106106\/revisions"}],"predecessor-version":[{"id":106108,"href":"https:\/\/www.nettali.com\/rest\/wp\/v2\/posts\/106106\/revisions\/106108"}],"wp:featuredmedia":[{"embeddable":true,"href":"https:\/\/www.nettali.com\/rest\/wp\/v2\/media\/106107"}],"wp:attachment":[{"href":"https:\/\/www.nettali.com\/rest\/wp\/v2\/media?parent=106106"}],"wp:term":[{"taxonomy":"category","embeddable":true,"href":"https:\/\/www.nettali.com\/rest\/wp\/v2\/categories?post=106106"},{"taxonomy":"post_tag","embeddable":true,"href":"https:\/\/www.nettali.com\/rest\/wp\/v2\/tags?post=106106"}],"curies":[{"name":"wp","href":"https:\/\/api.w.org\/{rel}","templated":true}]}}