{"id":106017,"date":"2023-03-14T08:06:04","date_gmt":"2023-03-14T08:06:04","guid":{"rendered":"https:\/\/www.nettali.com\/?p=106017"},"modified":"2023-03-14T08:06:04","modified_gmt":"2023-03-14T08:06:04","slug":"malick-daf-aller-a-la-coupe-du-monde-avec-beaucoup-dambitions","status":"publish","type":"post","link":"https:\/\/www.nettali.com\/2023\/03\/14\/malick-daf-aller-a-la-coupe-du-monde-avec-beaucoup-dambitions\/","title":{"rendered":"MALICK DAF - \"Aller \u00e0 la coupe du monde avec beaucoup d'ambitions\""},"content":{"rendered":"<p><strong>NETTALI.COM - Apr\u00e8s avoir remport\u00e9, samedi dernier, le troph\u00e9e de la Coupe d\u2019Afrique des nations (CAN) U20, le s\u00e9lectionneur national Malick Daf et ses poulains ont \u00e9t\u00e9 re\u00e7us par le chef de l\u2019\u00c9tat Macky Sall.<\/strong><\/p>\n<p>Lors de cette audience, le s\u00e9lectionneur des Lionceaux a, lors de sa prise de parole est revenu sur la bonne marche sur les bons r\u00e9sultats des \u00e9quipes nationales.<\/p>\n<p>\"<em>Le football s\u00e9n\u00e9galais est en marche depuis 13 mois. Il y a l\u2019\u00e9quipe A qui a gagn\u00e9, on a gagn\u00e9 le CHAN de m\u00eame que l\u2019\u00e9quipe nationale de Beach Soccer. Donc, tout le monde s\u2019attendait \u00e0 ce que la petite cat\u00e9gorie fasse la m\u00eame chose. \u00c7a n\u2019a pas \u00e9t\u00e9 facile, parce que c\u2019\u00e9tait en \u00c9gypte. Pour qui conna\u00eet l\u2019\u00c9gypte, c\u2019est un pays de football, mais on l\u2019a fait de la plus belle des fa\u00e7ons<\/em>\", a d\u00e9clar\u00e9 Malick Daf.<\/p>\n<p>\"<em>Je pense que l\u2019on a fait un parcours exceptionnel, on a eu en 6 matchs 6 victoires et marqu\u00e9 14 buts sans en encaisser le moindre but<\/em>\", a-t-il d\u00e9taill\u00e9. Avant d'ajouter : \"<em>La vie, pour moi, ce sont les objectifs. Depuis que je suis dans ces s\u00e9lections, je ne pense qu\u2019\u00e0 gagner. Parce que pour moi, aller dans une comp\u00e9tition et jouer les trouble-f\u00eates ou aller pour y aller n\u2019est pas important. Cette ann\u00e9e a \u00e9t\u00e9 la bonne. Il y a une continuit\u00e9 d\u2019un travail que je suis en train de faire depuis quelques ann\u00e9es, parce que la plupart des joueurs qui ont jou\u00e9 ce tournoi \u00e9taient avec moi en U17. Donc, c\u2019est un travail de longue haleine<\/em>\".<\/p>\n<p>Poursuivant son discours, le champion d'Afrique fait cap sur la Coupe du monde.<br \/>\n\"<em>On sait qu\u2019on va aller en Coupe du monde et que l\u2019on va repr\u00e9senter le S\u00e9n\u00e9gal, mais aussi l\u2019Afrique. On n\u2019a plus droit \u00e0 l\u2019erreur. Tout le monde sait qu\u2019on a une tr\u00e8s belle \u00e9quipe. On y va pas pour y aller, mais on y va avec beaucoup d\u2019ambitions, mais avec humilit\u00e9 et pour gagner quelque chose. On a failli le faire en Nouvelle-Z\u00e9lande. On a \u00e9t\u00e9 demi-finaliste avec les jeunes au Br\u00e9sil<\/em>\", a-t-il conclu.<\/p>\n<div class='share-to-whatsapp-wrapper'><div class='share-on-whsp'>PARTAGER SUR : <\/div><a data-text='MALICK DAF - \"Aller \u00e0 la coupe du monde avec beaucoup d'ambitions\"' data-link='https:\/\/www.nettali.com\/2023\/03\/14\/malick-daf-aller-a-la-coupe-du-monde-avec-beaucoup-dambitions\/' class='whatsapp-button whatsapp-share'>WhatsApp<\/a><div class='clear '><\/div><\/div>","protected":false},"excerpt":{"rendered":"<p>NETTALI.COM - Apr\u00e8s avoir remport\u00e9, samedi dernier, le troph\u00e9e de la Coupe d\u2019Afrique des nations (CAN) U20, le s\u00e9lectionneur national Malick Daf et ses poulains ont \u00e9t\u00e9 re\u00e7us par le chef de l\u2019\u00c9tat Macky Sall. Lors de cette audience, le s\u00e9lectionneur des Lionceaux a, lors de sa prise de parole est revenu sur la bonne [&hellip;]<\/p>\n","protected":false},"author":5,"featured_media":106018,"comment_status":"open","ping_status":"open","sticky":false,"template":"","format":"standard","meta":{"_et_pb_use_builder":"","_et_pb_old_content":""},"categories":[6],"tags":[],"yoast_head":"<!-- This site is optimized with the Yoast SEO Premium plugin v17.8 (Yoast SEO v17.8) - https:\/\/yoast.com\/wordpress\/plugins\/seo\/ -->\n<title>MALICK DAF - &quot;Aller \u00e0 la coupe du monde avec beaucoup d&#039;ambitions&quot; | Nettali.com<\/title>\n<meta name=\"robots\" content=\"index, follow, max-snippet:-1, max-image-preview:large, max-video-preview:-1\" \/>\n<link rel=\"canonical\" href=\"https:\/\/www.nettali.com\/2023\/03\/14\/malick-daf-aller-a-la-coupe-du-monde-avec-beaucoup-dambitions\/\" \/>\n<meta property=\"og:locale\" content=\"fr_FR\" \/>\n<meta property=\"og:type\" content=\"article\" \/>\n<meta property=\"og:title\" content=\"MALICK DAF - &quot;Aller \u00e0 la coupe du monde avec beaucoup d&#039;ambitions&quot;\" \/>\n<meta property=\"og:description\" content=\"NETTALI.COM - Apr\u00e8s avoir remport\u00e9, samedi dernier, le troph\u00e9e de la Coupe d\u2019Afrique des nations (CAN) U20, le s\u00e9lectionneur national Malick Daf et ses poulains ont \u00e9t\u00e9 re\u00e7us par le chef de l\u2019\u00c9tat Macky Sall. Lors de cette audience, le s\u00e9lectionneur des Lionceaux a, lors de sa prise de parole est revenu sur la bonne [&hellip;]\" \/>\n<meta property=\"og:url\" content=\"https:\/\/www.nettali.com\/2023\/03\/14\/malick-daf-aller-a-la-coupe-du-monde-avec-beaucoup-dambitions\/\" \/>\n<meta property=\"og:site_name\" content=\"Nettali.com\" \/>\n<meta property=\"article:publisher\" content=\"https:\/\/www.facebook.com\/nettalicom\" \/>\n<meta property=\"article:published_time\" content=\"2023-03-14T08:06:04+00:00\" \/>\n<meta property=\"og:image\" content=\"https:\/\/www.nettali.com\/wp-content\/uploads\/2023\/03\/Malick-Daf.jpg\" \/>\n\t<meta property=\"og:image:width\" content=\"600\" \/>\n\t<meta property=\"og:image:height\" content=\"394\" \/>\n<meta name=\"twitter:card\" content=\"summary_large_image\" \/>\n<meta name=\"twitter:label1\" content=\"\u00c9crit par\" \/>\n\t<meta name=\"twitter:data1\" content=\"Ibrahima\" \/>\n\t<meta name=\"twitter:label2\" content=\"Dur\u00e9e de lecture estim\u00e9e\" \/>\n\t<meta name=\"twitter:data2\" content=\"2 minutes\" \/>\n<script type=\"application\/ld+json\" class=\"yoast-schema-graph\">{\"@context\":\"https:\/\/schema.org\",\"@graph\":[{\"@type\":\"WebSite\",\"@id\":\"https:\/\/www.nettali.com\/#website\",\"url\":\"https:\/\/www.nettali.com\/\",\"name\":\"Nettali.com\",\"description\":\"Le rendez-vous critique du Net\",\"potentialAction\":[{\"@type\":\"SearchAction\",\"target\":{\"@type\":\"EntryPoint\",\"urlTemplate\":\"https:\/\/www.nettali.com\/?s={search_term_string}\"},\"query-input\":\"required name=search_term_string\"}],\"inLanguage\":\"fr-FR\"},{\"@type\":\"ImageObject\",\"@id\":\"https:\/\/www.nettali.com\/2023\/03\/14\/malick-daf-aller-a-la-coupe-du-monde-avec-beaucoup-dambitions\/#primaryimage\",\"inLanguage\":\"fr-FR\",\"url\":\"https:\/\/www.nettali.com\/wp-content\/uploads\/2023\/03\/Malick-Daf.jpg\",\"contentUrl\":\"https:\/\/www.nettali.com\/wp-content\/uploads\/2023\/03\/Malick-Daf.jpg\",\"width\":600,\"height\":394},{\"@type\":\"WebPage\",\"@id\":\"https:\/\/www.nettali.com\/2023\/03\/14\/malick-daf-aller-a-la-coupe-du-monde-avec-beaucoup-dambitions\/#webpage\",\"url\":\"https:\/\/www.nettali.com\/2023\/03\/14\/malick-daf-aller-a-la-coupe-du-monde-avec-beaucoup-dambitions\/\",\"name\":\"MALICK DAF - \\\"Aller \\u00e0 la coupe du monde avec beaucoup d'ambitions\\\" | Nettali.com\",\"isPartOf\":{\"@id\":\"https:\/\/www.nettali.com\/#website\"},\"primaryImageOfPage\":{\"@id\":\"https:\/\/www.nettali.com\/2023\/03\/14\/malick-daf-aller-a-la-coupe-du-monde-avec-beaucoup-dambitions\/#primaryimage\"},\"datePublished\":\"2023-03-14T08:06:04+00:00\",\"dateModified\":\"2023-03-14T08:06:04+00:00\",\"author\":{\"@id\":\"https:\/\/www.nettali.com\/#\/schema\/person\/bb147657c2986240405a608162b9bb23\"},\"breadcrumb\":{\"@id\":\"https:\/\/www.nettali.com\/2023\/03\/14\/malick-daf-aller-a-la-coupe-du-monde-avec-beaucoup-dambitions\/#breadcrumb\"},\"inLanguage\":\"fr-FR\",\"potentialAction\":[{\"@type\":\"ReadAction\",\"target\":[\"https:\/\/www.nettali.com\/2023\/03\/14\/malick-daf-aller-a-la-coupe-du-monde-avec-beaucoup-dambitions\/\"]}]},{\"@type\":\"BreadcrumbList\",\"@id\":\"https:\/\/www.nettali.com\/2023\/03\/14\/malick-daf-aller-a-la-coupe-du-monde-avec-beaucoup-dambitions\/#breadcrumb\",\"itemListElement\":[{\"@type\":\"ListItem\",\"position\":1,\"name\":\"Accueil\",\"item\":\"https:\/\/www.nettali.com\/\"},{\"@type\":\"ListItem\",\"position\":2,\"name\":\"MALICK DAF - \\\"Aller \\u00e0 la coupe du monde avec beaucoup d'ambitions\\\"\"}]},{\"@type\":\"Person\",\"@id\":\"https:\/\/www.nettali.com\/#\/schema\/person\/bb147657c2986240405a608162b9bb23\",\"name\":\"Ibrahima\",\"image\":{\"@type\":\"ImageObject\",\"@id\":\"https:\/\/www.nettali.com\/#personlogo\",\"inLanguage\":\"fr-FR\",\"url\":\"https:\/\/secure.gravatar.com\/avatar\/26a8a81f09f0dd7624c9d5c36c9ba3a2?s=96&d=mm&r=g\",\"contentUrl\":\"https:\/\/secure.gravatar.com\/avatar\/26a8a81f09f0dd7624c9d5c36c9ba3a2?s=96&d=mm&r=g\",\"caption\":\"Ibrahima\"},\"sameAs\":[\"https:\/\/www.nettali.com\"]}]}<\/script>\n<!-- \/ Yoast SEO Premium plugin. -->","yoast_head_json":{"title":"MALICK DAF - \"Aller \u00e0 la coupe du monde avec beaucoup d'ambitions\" | Nettali.com","robots":{"index":"index","follow":"follow","max-snippet":"max-snippet:-1","max-image-preview":"max-image-preview:large","max-video-preview":"max-video-preview:-1"},"canonical":"https:\/\/www.nettali.com\/2023\/03\/14\/malick-daf-aller-a-la-coupe-du-monde-avec-beaucoup-dambitions\/","og_locale":"fr_FR","og_type":"article","og_title":"MALICK DAF - \"Aller \u00e0 la coupe du monde avec beaucoup d'ambitions\"","og_description":"NETTALI.COM - Apr\u00e8s avoir remport\u00e9, samedi dernier, le troph\u00e9e de la Coupe d\u2019Afrique des nations (CAN) U20, le s\u00e9lectionneur national Malick Daf et ses poulains ont \u00e9t\u00e9 re\u00e7us par le chef de l\u2019\u00c9tat Macky Sall. Lors de cette audience, le s\u00e9lectionneur des Lionceaux a, lors de sa prise de parole est revenu sur la bonne [&hellip;]","og_url":"https:\/\/www.nettali.com\/2023\/03\/14\/malick-daf-aller-a-la-coupe-du-monde-avec-beaucoup-dambitions\/","og_site_name":"Nettali.com","article_publisher":"https:\/\/www.facebook.com\/nettalicom","article_published_time":"2023-03-14T08:06:04+00:00","og_image":[{"width":600,"height":394,"url":"https:\/\/www.nettali.com\/wp-content\/uploads\/2023\/03\/Malick-Daf.jpg","type":"image\/jpeg"}],"twitter_card":"summary_large_image","twitter_misc":{"\u00c9crit par":"Ibrahima","Dur\u00e9e de lecture estim\u00e9e":"2 minutes"},"schema":{"@context":"https:\/\/schema.org","@graph":[{"@type":"WebSite","@id":"https:\/\/www.nettali.com\/#website","url":"https:\/\/www.nettali.com\/","name":"Nettali.com","description":"Le rendez-vous critique du Net","potentialAction":[{"@type":"SearchAction","target":{"@type":"EntryPoint","urlTemplate":"https:\/\/www.nettali.com\/?s={search_term_string}"},"query-input":"required name=search_term_string"}],"inLanguage":"fr-FR"},{"@type":"ImageObject","@id":"https:\/\/www.nettali.com\/2023\/03\/14\/malick-daf-aller-a-la-coupe-du-monde-avec-beaucoup-dambitions\/#primaryimage","inLanguage":"fr-FR","url":"https:\/\/www.nettali.com\/wp-content\/uploads\/2023\/03\/Malick-Daf.jpg","contentUrl":"https:\/\/www.nettali.com\/wp-content\/uploads\/2023\/03\/Malick-Daf.jpg","width":600,"height":394},{"@type":"WebPage","@id":"https:\/\/www.nettali.com\/2023\/03\/14\/malick-daf-aller-a-la-coupe-du-monde-avec-beaucoup-dambitions\/#webpage","url":"https:\/\/www.nettali.com\/2023\/03\/14\/malick-daf-aller-a-la-coupe-du-monde-avec-beaucoup-dambitions\/","name":"MALICK DAF - \"Aller \u00e0 la coupe du monde avec beaucoup d'ambitions\" | Nettali.com","isPartOf":{"@id":"https:\/\/www.nettali.com\/#website"},"primaryImageOfPage":{"@id":"https:\/\/www.nettali.com\/2023\/03\/14\/malick-daf-aller-a-la-coupe-du-monde-avec-beaucoup-dambitions\/#primaryimage"},"datePublished":"2023-03-14T08:06:04+00:00","dateModified":"2023-03-14T08:06:04+00:00","author":{"@id":"https:\/\/www.nettali.com\/#\/schema\/person\/bb147657c2986240405a608162b9bb23"},"breadcrumb":{"@id":"https:\/\/www.nettali.com\/2023\/03\/14\/malick-daf-aller-a-la-coupe-du-monde-avec-beaucoup-dambitions\/#breadcrumb"},"inLanguage":"fr-FR","potentialAction":[{"@type":"ReadAction","target":["https:\/\/www.nettali.com\/2023\/03\/14\/malick-daf-aller-a-la-coupe-du-monde-avec-beaucoup-dambitions\/"]}]},{"@type":"BreadcrumbList","@id":"https:\/\/www.nettali.com\/2023\/03\/14\/malick-daf-aller-a-la-coupe-du-monde-avec-beaucoup-dambitions\/#breadcrumb","itemListElement":[{"@type":"ListItem","position":1,"name":"Accueil","item":"https:\/\/www.nettali.com\/"},{"@type":"ListItem","position":2,"name":"MALICK DAF - \"Aller \u00e0 la coupe du monde avec beaucoup d'ambitions\""}]},{"@type":"Person","@id":"https:\/\/www.nettali.com\/#\/schema\/person\/bb147657c2986240405a608162b9bb23","name":"Ibrahima","image":{"@type":"ImageObject","@id":"https:\/\/www.nettali.com\/#personlogo","inLanguage":"fr-FR","url":"https:\/\/secure.gravatar.com\/avatar\/26a8a81f09f0dd7624c9d5c36c9ba3a2?s=96&d=mm&r=g","contentUrl":"https:\/\/secure.gravatar.com\/avatar\/26a8a81f09f0dd7624c9d5c36c9ba3a2?s=96&d=mm&r=g","caption":"Ibrahima"},"sameAs":["https:\/\/www.nettali.com"]}]}},"_links":{"self":[{"href":"https:\/\/www.nettali.com\/rest\/wp\/v2\/posts\/106017"}],"collection":[{"href":"https:\/\/www.nettali.com\/rest\/wp\/v2\/posts"}],"about":[{"href":"https:\/\/www.nettali.com\/rest\/wp\/v2\/types\/post"}],"author":[{"embeddable":true,"href":"https:\/\/www.nettali.com\/rest\/wp\/v2\/users\/5"}],"replies":[{"embeddable":true,"href":"https:\/\/www.nettali.com\/rest\/wp\/v2\/comments?post=106017"}],"version-history":[{"count":1,"href":"https:\/\/www.nettali.com\/rest\/wp\/v2\/posts\/106017\/revisions"}],"predecessor-version":[{"id":106019,"href":"https:\/\/www.nettali.com\/rest\/wp\/v2\/posts\/106017\/revisions\/106019"}],"wp:featuredmedia":[{"embeddable":true,"href":"https:\/\/www.nettali.com\/rest\/wp\/v2\/media\/106018"}],"wp:attachment":[{"href":"https:\/\/www.nettali.com\/rest\/wp\/v2\/media?parent=106017"}],"wp:term":[{"taxonomy":"category","embeddable":true,"href":"https:\/\/www.nettali.com\/rest\/wp\/v2\/categories?post=106017"},{"taxonomy":"post_tag","embeddable":true,"href":"https:\/\/www.nettali.com\/rest\/wp\/v2\/tags?post=106017"}],"curies":[{"name":"wp","href":"https:\/\/api.w.org\/{rel}","templated":true}]}}