{"id":105987,"date":"2023-03-13T17:22:13","date_gmt":"2023-03-13T17:22:13","guid":{"rendered":"https:\/\/www.nettali.com\/?p=105987"},"modified":"2023-03-13T17:25:25","modified_gmt":"2023-03-13T17:25:25","slug":"foot-africain-le-grand-chelem-historique-du-senegal","status":"publish","type":"post","link":"https:\/\/www.nettali.com\/2023\/03\/13\/foot-africain-le-grand-chelem-historique-du-senegal\/","title":{"rendered":"FOOT AFRICAIN - Le Grand Chelem  historique du S\u00e9n\u00e9gal"},"content":{"rendered":"<p><strong>NETTALI.COM - La bonne \u00e9toile des s\u00e9lections s\u00e9n\u00e9galaises continuent de briller. Apr\u00e8s la CAN des Malentendants en septembre 2021, la CAN des S\u00e9niors, le Beach soccer, le CHAN, c\u2019est maintenant au tour des moins de 20 ans de triompher sur le toit du continent. Annonc\u00e9 comme favori de la CAN U20, les Lionceaux ont assum\u00e9 leur rang en remportant de mani\u00e8re exceptionnelle le dernier d\u00e9fi ce samedi.<\/strong><\/p>\n<p>Les prot\u00e9g\u00e9s du s\u00e9lectionneur national, Malick Daf ont mis un point d\u2019honneur dans le football s\u00e9n\u00e9galais qui tr\u00f4ne en Afrique depuis septembre 2021, avec notamment la Coupe d\u2019Afrique des nations (CAN) 2022 que la bande \u00e0 Sadio Man\u00e9 a remport\u00e9, le 6 f\u00e9vrier 2022, face \u00e0 l\u2019\u00c9gypte, au Cameroun.<\/p>\n<p>Non sans compter la CAN de Beach Soccer 2022 lors de laquelle les co\u00e9quipiers d'Alseyni Ndiaye sont venus \u00e0 bout de l\u2019\u00c9gypte (2-2 ; tab : 6-5). Ce n\u2019est pas tout puisque le 4 f\u00e9vrier dernier, les Lions du football local ont eux aussi fait triompher le football s\u00e9n\u00e9galais. Lds co\u00e9quipiers de Mountarou Bald\u00e9 se sont impos\u00e9s devant les Fennecs d\u2019Alg\u00e9rie (0-0, 5-4 t.a.b.). Les Lions de la Teranga ont ainsi remport\u00e9 leur premier titre dans cette comp\u00e9tition r\u00e9serv\u00e9e aux joueurs locaux, au terme d\u2019une rencontre ferm\u00e9e mais o\u00f9 ils ont finalement su faire la diff\u00e9rence aux tirs au but dans un stade acquis \u00e0 la cause de leurs adversaires en finale.<\/p>\n<p>Mais avant tous ces sacres, le S\u00e9n\u00e9gal a d\u00e9but\u00e9 sa razzia en remportant le 25 septembre 2021 la premi\u00e8re \u00e9dition de la Coupe d\u2019Afri\u00adque des Nations de football des Sourds-muets contre le Mali, \u00e0 Nairobi (Kenya). Les Lions se sont impos\u00e9s (1-0) gr\u00e2ce \u00e0 un penalty transform\u00e9 par Khadim Marro \u00e0 la 25e minute de jeu. Un succ\u00e8s qui avait permis au S\u00e9n\u00e9gal de repr\u00e9senter l\u2019Afrique \u00e0 la Coupe du monde des Sourds qui aura lieu en 2022 au Br\u00e9sil.<\/p>\n<p>Ainsi, le S\u00e9n\u00e9gal devient la premi\u00e8re Nation africaine de l\u2019histoire \u00e0 remporter cinq comp\u00e9titions continentales officielles de la CAF en moins de deux ans, un an et demi plus pr\u00e9cis\u00e9ment. Un incroyable Grand Chelem qui restera grav\u00e9 \u00e0 jamais dans les annales du football africain.<\/p>\n<div class='share-to-whatsapp-wrapper'><div class='share-on-whsp'>PARTAGER SUR : <\/div><a data-text='FOOT AFRICAIN - Le Grand Chelem  historique du S\u00e9n\u00e9gal' data-link='https:\/\/www.nettali.com\/2023\/03\/13\/foot-africain-le-grand-chelem-historique-du-senegal\/' class='whatsapp-button whatsapp-share'>WhatsApp<\/a><div class='clear '><\/div><\/div>","protected":false},"excerpt":{"rendered":"<p>NETTALI.COM - La bonne \u00e9toile des s\u00e9lections s\u00e9n\u00e9galaises continuent de briller. Apr\u00e8s la CAN des Malentendants en septembre 2021, la CAN des S\u00e9niors, le Beach soccer, le CHAN, c\u2019est maintenant au tour des moins de 20 ans de triompher sur le toit du continent. Annonc\u00e9 comme favori de la CAN U20, les Lionceaux ont assum\u00e9 [&hellip;]<\/p>\n","protected":false},"author":5,"featured_media":105986,"comment_status":"open","ping_status":"open","sticky":false,"template":"","format":"standard","meta":{"_et_pb_use_builder":"","_et_pb_old_content":""},"categories":[6],"tags":[],"yoast_head":"<!-- This site is optimized with the Yoast SEO Premium plugin v17.8 (Yoast SEO v17.8) - https:\/\/yoast.com\/wordpress\/plugins\/seo\/ -->\n<title>FOOT AFRICAIN - Le Grand Chelem historique du S\u00e9n\u00e9gal | Nettali.com<\/title>\n<meta name=\"robots\" content=\"index, follow, max-snippet:-1, max-image-preview:large, max-video-preview:-1\" \/>\n<link rel=\"canonical\" href=\"https:\/\/www.nettali.com\/2023\/03\/13\/foot-africain-le-grand-chelem-historique-du-senegal\/\" \/>\n<meta property=\"og:locale\" content=\"fr_FR\" \/>\n<meta property=\"og:type\" content=\"article\" \/>\n<meta property=\"og:title\" content=\"FOOT AFRICAIN - Le Grand Chelem historique du S\u00e9n\u00e9gal\" \/>\n<meta property=\"og:description\" content=\"NETTALI.COM - La bonne \u00e9toile des s\u00e9lections s\u00e9n\u00e9galaises continuent de briller. Apr\u00e8s la CAN des Malentendants en septembre 2021, la CAN des S\u00e9niors, le Beach soccer, le CHAN, c\u2019est maintenant au tour des moins de 20 ans de triompher sur le toit du continent. Annonc\u00e9 comme favori de la CAN U20, les Lionceaux ont assum\u00e9 [&hellip;]\" \/>\n<meta property=\"og:url\" content=\"https:\/\/www.nettali.com\/2023\/03\/13\/foot-africain-le-grand-chelem-historique-du-senegal\/\" \/>\n<meta property=\"og:site_name\" content=\"Nettali.com\" \/>\n<meta property=\"article:publisher\" content=\"https:\/\/www.facebook.com\/nettalicom\" \/>\n<meta property=\"article:published_time\" content=\"2023-03-13T17:22:13+00:00\" \/>\n<meta property=\"article:modified_time\" content=\"2023-03-13T17:25:25+00:00\" \/>\n<meta property=\"og:image\" content=\"https:\/\/www.nettali.com\/wp-content\/uploads\/2023\/03\/Screenshot_20230313-170501_1.jpg\" \/>\n\t<meta property=\"og:image:width\" content=\"1080\" \/>\n\t<meta property=\"og:image:height\" content=\"767\" \/>\n<meta name=\"twitter:card\" content=\"summary_large_image\" \/>\n<meta name=\"twitter:label1\" content=\"\u00c9crit par\" \/>\n\t<meta name=\"twitter:data1\" content=\"Ibrahima\" \/>\n\t<meta name=\"twitter:label2\" content=\"Dur\u00e9e de lecture estim\u00e9e\" \/>\n\t<meta name=\"twitter:data2\" content=\"2 minutes\" \/>\n<script type=\"application\/ld+json\" class=\"yoast-schema-graph\">{\"@context\":\"https:\/\/schema.org\",\"@graph\":[{\"@type\":\"WebSite\",\"@id\":\"https:\/\/www.nettali.com\/#website\",\"url\":\"https:\/\/www.nettali.com\/\",\"name\":\"Nettali.com\",\"description\":\"Le rendez-vous critique du Net\",\"potentialAction\":[{\"@type\":\"SearchAction\",\"target\":{\"@type\":\"EntryPoint\",\"urlTemplate\":\"https:\/\/www.nettali.com\/?s={search_term_string}\"},\"query-input\":\"required name=search_term_string\"}],\"inLanguage\":\"fr-FR\"},{\"@type\":\"ImageObject\",\"@id\":\"https:\/\/www.nettali.com\/2023\/03\/13\/foot-africain-le-grand-chelem-historique-du-senegal\/#primaryimage\",\"inLanguage\":\"fr-FR\",\"url\":\"https:\/\/www.nettali.com\/wp-content\/uploads\/2023\/03\/Screenshot_20230313-170501_1.jpg\",\"contentUrl\":\"https:\/\/www.nettali.com\/wp-content\/uploads\/2023\/03\/Screenshot_20230313-170501_1.jpg\",\"width\":1080,\"height\":767},{\"@type\":\"WebPage\",\"@id\":\"https:\/\/www.nettali.com\/2023\/03\/13\/foot-africain-le-grand-chelem-historique-du-senegal\/#webpage\",\"url\":\"https:\/\/www.nettali.com\/2023\/03\/13\/foot-africain-le-grand-chelem-historique-du-senegal\/\",\"name\":\"FOOT AFRICAIN - Le Grand Chelem historique du S\\u00e9n\\u00e9gal | Nettali.com\",\"isPartOf\":{\"@id\":\"https:\/\/www.nettali.com\/#website\"},\"primaryImageOfPage\":{\"@id\":\"https:\/\/www.nettali.com\/2023\/03\/13\/foot-africain-le-grand-chelem-historique-du-senegal\/#primaryimage\"},\"datePublished\":\"2023-03-13T17:22:13+00:00\",\"dateModified\":\"2023-03-13T17:25:25+00:00\",\"author\":{\"@id\":\"https:\/\/www.nettali.com\/#\/schema\/person\/bb147657c2986240405a608162b9bb23\"},\"breadcrumb\":{\"@id\":\"https:\/\/www.nettali.com\/2023\/03\/13\/foot-africain-le-grand-chelem-historique-du-senegal\/#breadcrumb\"},\"inLanguage\":\"fr-FR\",\"potentialAction\":[{\"@type\":\"ReadAction\",\"target\":[\"https:\/\/www.nettali.com\/2023\/03\/13\/foot-africain-le-grand-chelem-historique-du-senegal\/\"]}]},{\"@type\":\"BreadcrumbList\",\"@id\":\"https:\/\/www.nettali.com\/2023\/03\/13\/foot-africain-le-grand-chelem-historique-du-senegal\/#breadcrumb\",\"itemListElement\":[{\"@type\":\"ListItem\",\"position\":1,\"name\":\"Accueil\",\"item\":\"https:\/\/www.nettali.com\/\"},{\"@type\":\"ListItem\",\"position\":2,\"name\":\"FOOT AFRICAIN - Le Grand Chelem historique du S\\u00e9n\\u00e9gal\"}]},{\"@type\":\"Person\",\"@id\":\"https:\/\/www.nettali.com\/#\/schema\/person\/bb147657c2986240405a608162b9bb23\",\"name\":\"Ibrahima\",\"image\":{\"@type\":\"ImageObject\",\"@id\":\"https:\/\/www.nettali.com\/#personlogo\",\"inLanguage\":\"fr-FR\",\"url\":\"https:\/\/secure.gravatar.com\/avatar\/26a8a81f09f0dd7624c9d5c36c9ba3a2?s=96&d=mm&r=g\",\"contentUrl\":\"https:\/\/secure.gravatar.com\/avatar\/26a8a81f09f0dd7624c9d5c36c9ba3a2?s=96&d=mm&r=g\",\"caption\":\"Ibrahima\"},\"sameAs\":[\"https:\/\/www.nettali.com\"]}]}<\/script>\n<!-- \/ Yoast SEO Premium plugin. -->","yoast_head_json":{"title":"FOOT AFRICAIN - Le Grand Chelem historique du S\u00e9n\u00e9gal | Nettali.com","robots":{"index":"index","follow":"follow","max-snippet":"max-snippet:-1","max-image-preview":"max-image-preview:large","max-video-preview":"max-video-preview:-1"},"canonical":"https:\/\/www.nettali.com\/2023\/03\/13\/foot-africain-le-grand-chelem-historique-du-senegal\/","og_locale":"fr_FR","og_type":"article","og_title":"FOOT AFRICAIN - Le Grand Chelem historique du S\u00e9n\u00e9gal","og_description":"NETTALI.COM - La bonne \u00e9toile des s\u00e9lections s\u00e9n\u00e9galaises continuent de briller. Apr\u00e8s la CAN des Malentendants en septembre 2021, la CAN des S\u00e9niors, le Beach soccer, le CHAN, c\u2019est maintenant au tour des moins de 20 ans de triompher sur le toit du continent. Annonc\u00e9 comme favori de la CAN U20, les Lionceaux ont assum\u00e9 [&hellip;]","og_url":"https:\/\/www.nettali.com\/2023\/03\/13\/foot-africain-le-grand-chelem-historique-du-senegal\/","og_site_name":"Nettali.com","article_publisher":"https:\/\/www.facebook.com\/nettalicom","article_published_time":"2023-03-13T17:22:13+00:00","article_modified_time":"2023-03-13T17:25:25+00:00","og_image":[{"width":1080,"height":767,"url":"https:\/\/www.nettali.com\/wp-content\/uploads\/2023\/03\/Screenshot_20230313-170501_1.jpg","type":"image\/jpeg"}],"twitter_card":"summary_large_image","twitter_misc":{"\u00c9crit par":"Ibrahima","Dur\u00e9e de lecture estim\u00e9e":"2 minutes"},"schema":{"@context":"https:\/\/schema.org","@graph":[{"@type":"WebSite","@id":"https:\/\/www.nettali.com\/#website","url":"https:\/\/www.nettali.com\/","name":"Nettali.com","description":"Le rendez-vous critique du Net","potentialAction":[{"@type":"SearchAction","target":{"@type":"EntryPoint","urlTemplate":"https:\/\/www.nettali.com\/?s={search_term_string}"},"query-input":"required name=search_term_string"}],"inLanguage":"fr-FR"},{"@type":"ImageObject","@id":"https:\/\/www.nettali.com\/2023\/03\/13\/foot-africain-le-grand-chelem-historique-du-senegal\/#primaryimage","inLanguage":"fr-FR","url":"https:\/\/www.nettali.com\/wp-content\/uploads\/2023\/03\/Screenshot_20230313-170501_1.jpg","contentUrl":"https:\/\/www.nettali.com\/wp-content\/uploads\/2023\/03\/Screenshot_20230313-170501_1.jpg","width":1080,"height":767},{"@type":"WebPage","@id":"https:\/\/www.nettali.com\/2023\/03\/13\/foot-africain-le-grand-chelem-historique-du-senegal\/#webpage","url":"https:\/\/www.nettali.com\/2023\/03\/13\/foot-africain-le-grand-chelem-historique-du-senegal\/","name":"FOOT AFRICAIN - Le Grand Chelem historique du S\u00e9n\u00e9gal | Nettali.com","isPartOf":{"@id":"https:\/\/www.nettali.com\/#website"},"primaryImageOfPage":{"@id":"https:\/\/www.nettali.com\/2023\/03\/13\/foot-africain-le-grand-chelem-historique-du-senegal\/#primaryimage"},"datePublished":"2023-03-13T17:22:13+00:00","dateModified":"2023-03-13T17:25:25+00:00","author":{"@id":"https:\/\/www.nettali.com\/#\/schema\/person\/bb147657c2986240405a608162b9bb23"},"breadcrumb":{"@id":"https:\/\/www.nettali.com\/2023\/03\/13\/foot-africain-le-grand-chelem-historique-du-senegal\/#breadcrumb"},"inLanguage":"fr-FR","potentialAction":[{"@type":"ReadAction","target":["https:\/\/www.nettali.com\/2023\/03\/13\/foot-africain-le-grand-chelem-historique-du-senegal\/"]}]},{"@type":"BreadcrumbList","@id":"https:\/\/www.nettali.com\/2023\/03\/13\/foot-africain-le-grand-chelem-historique-du-senegal\/#breadcrumb","itemListElement":[{"@type":"ListItem","position":1,"name":"Accueil","item":"https:\/\/www.nettali.com\/"},{"@type":"ListItem","position":2,"name":"FOOT AFRICAIN - Le Grand Chelem historique du S\u00e9n\u00e9gal"}]},{"@type":"Person","@id":"https:\/\/www.nettali.com\/#\/schema\/person\/bb147657c2986240405a608162b9bb23","name":"Ibrahima","image":{"@type":"ImageObject","@id":"https:\/\/www.nettali.com\/#personlogo","inLanguage":"fr-FR","url":"https:\/\/secure.gravatar.com\/avatar\/26a8a81f09f0dd7624c9d5c36c9ba3a2?s=96&d=mm&r=g","contentUrl":"https:\/\/secure.gravatar.com\/avatar\/26a8a81f09f0dd7624c9d5c36c9ba3a2?s=96&d=mm&r=g","caption":"Ibrahima"},"sameAs":["https:\/\/www.nettali.com"]}]}},"_links":{"self":[{"href":"https:\/\/www.nettali.com\/rest\/wp\/v2\/posts\/105987"}],"collection":[{"href":"https:\/\/www.nettali.com\/rest\/wp\/v2\/posts"}],"about":[{"href":"https:\/\/www.nettali.com\/rest\/wp\/v2\/types\/post"}],"author":[{"embeddable":true,"href":"https:\/\/www.nettali.com\/rest\/wp\/v2\/users\/5"}],"replies":[{"embeddable":true,"href":"https:\/\/www.nettali.com\/rest\/wp\/v2\/comments?post=105987"}],"version-history":[{"count":2,"href":"https:\/\/www.nettali.com\/rest\/wp\/v2\/posts\/105987\/revisions"}],"predecessor-version":[{"id":105989,"href":"https:\/\/www.nettali.com\/rest\/wp\/v2\/posts\/105987\/revisions\/105989"}],"wp:featuredmedia":[{"embeddable":true,"href":"https:\/\/www.nettali.com\/rest\/wp\/v2\/media\/105986"}],"wp:attachment":[{"href":"https:\/\/www.nettali.com\/rest\/wp\/v2\/media?parent=105987"}],"wp:term":[{"taxonomy":"category","embeddable":true,"href":"https:\/\/www.nettali.com\/rest\/wp\/v2\/categories?post=105987"},{"taxonomy":"post_tag","embeddable":true,"href":"https:\/\/www.nettali.com\/rest\/wp\/v2\/tags?post=105987"}],"curies":[{"name":"wp","href":"https:\/\/api.w.org\/{rel}","templated":true}]}}