{"id":105966,"date":"2023-03-13T14:33:08","date_gmt":"2023-03-13T14:33:08","guid":{"rendered":"https:\/\/www.nettali.com\/?p=105966"},"modified":"2023-03-14T09:09:41","modified_gmt":"2023-03-14T09:09:41","slug":"serie-de-manifestations-benno-tacle-yewwi","status":"publish","type":"post","link":"https:\/\/www.nettali.com\/2023\/03\/13\/serie-de-manifestations-benno-tacle-yewwi\/","title":{"rendered":"SERIE DE MANIFESTATIONS - Benno tacle Yewwi"},"content":{"rendered":"<p><strong>NETTALI.COM-<\/strong> <strong>La coalition Yewwi Askan wi a annonc\u00e9 une s\u00e9rie de manifestations cette semaine. Face \u00e0 cette menace, la coalition pr\u00e9sidentielle, Benno Bokk Yaakar a fait une sortie pour fustiger la d\u00e9marche de l'opposition non sans revendiquer\u00a0<\/strong><\/p>\n<p>Face aux menaces de manifestations brandies par l'opposition, notamment la coalition Yewwi Askan Wi, Benno Bokk Yaakaar a fait face \u00e0 la presse ce lundi 13 f\u00e9vrier 2023.\u00a0 \" <em>Nous sommes confiants car notre coalition, majoritaire, reste combative, occupant le terrain et pr\u00e9parant la prochaine \u00e9ch\u00e9ance \u00e9lectorale dans la seule perspective d\u2019en sortir victorieuse<\/em>\", a soutenu Me Amadou Sall.<\/p>\n<p>Apr\u00e8s avoir galvanis\u00e9 leur coalition, Me Sall et ses camarades de la majorit\u00e9 pr\u00e9sidentielle ont fortement critiqu\u00e9 \"<em>une certaine opposition, emp\u00eatr\u00e9e dans ses d\u00e9m\u00eal\u00e9s avec la justice, craignant de ne pouvoir faire face \u00e0 la machine des partis, mouvements et personnalit\u00e9s de la majorit\u00e9 pr\u00e9sidentielle<\/em>.\"<\/p>\n<p>\" <em>Cette opposition irresponsable et d\u00e9sesp\u00e9r\u00e9ment immature n\u2019esp\u00e8re trouver son salut que dans l\u2019invective, les injures, la fuite en avant et la manipulation. Aux yeux de cette opposition inconsciente, tout est pr\u00e9texte pour amener le d\u00e9bat sur le terrain des querelles vaines et dresser, par des discours irresponsables, les uns contre les autres, les p\u00e8res et m\u00e8res contre leurs enfants, les \u00e9l\u00e8ves et \u00e9tudiants contre leurs enseignants, les chefs religieux contre leurs disciples. Incapable de proposer une alternative claire et cr\u00e9dible, l\u2019opposition antir\u00e9publicaine croit na\u00efvement r\u00e9gler sa soif du pouvoir par la rue, la manipulation, la m\u00e9galomanie, le mensonge \u00e9hont\u00e9, la fureur et la furie ! Cette opposition n\u2019a aucun respect pour la nation, la R\u00e9publique et l\u2019Etat de droit<\/em>\", fulmine Me Sall.<\/p>\n<p>Poursuivant sa critique contre Yewwi qu'il s'est gard\u00e9 de citer, il d\u00e9clare : \" <em>depuis son \u00e9mergence sur la sc\u00e8ne publique, elle a comme projet majeur la d\u00e9structuration et l\u2019an\u00e9antissement de nos institutions traditionnelles, religieuses, politiques et r\u00e9publicaines.<\/em>\"<\/p>\n<p>Cependant, pr\u00e9vient l'ancien ministre de la Justice sous Wade : \" <em>en d\u00e9pit des fanfaronnades de cette curieuse opposition, le syst\u00e8me d\u00e9mocratique s\u00e9n\u00e9galais reste debout, vigoureux et robuste. Il continuera de faire \u00e9chec aux tentatives d\u2019affaiblissement de ses bases. Nous r\u00e9affirmons, dans ce cadre, et sans ambages, que tous les S\u00e9n\u00e9galais sont \u00e9gaux devant la loi. La dignit\u00e9 des uns n\u2019est pas sup\u00e9rieure \u00e0 celle des autres.<\/em>\"<\/p>\n<p>Il poursuit dans la m\u00eame veine en s'adressant \u00e0\u00a0 Ousmane Sonko m\u00eame s'il ne l'a pas cit\u00e9\u00a0 nomm\u00e9ment: \"\u00a0 <em>tous ceux qui sont attraits devant la justice de notre pays doivent r\u00e9pondre \u00e0 celle-ci, libres ou contraints. Il n\u2019y a jamais eu de libert\u00e9 sans cette r\u00e8gle non n\u00e9gociable du respect d\u00fb aux institutions. Il n\u2019y a d\u00e8s lors pas d\u2019exception et nul ne peut se pr\u00e9valoir de quelque pr\u00e9texte pour entraver le cours normal de la justice en tentant de transf\u00e9rer le d\u00e9bat judiciaire dans la rue<\/em>.\"<\/p>\n<p>Tout en rappelant que la \" <em>Constitution de la R\u00e9publique permet \u00e0 ceux qui le d\u00e9sirent de manifester leurs opinions par la marche pacifique ou autres actions autoris\u00e9es par la loi\",<\/em> Me Sall pr\u00e9cise que \" <em>ce droit constitutionnel s\u2019exerce dans les conditions et limites fix\u00e9es par la loi et nul ne saurait y d\u00e9roger<\/em>.\"<\/p>\n<p>Au regard de cet dispositif l\u00e9gal, Bennoo Bokk Yaakaar d\u00e9nonce \" <em>avec la derni\u00e8re \u00e9nergie tous ceux qui sont tent\u00e9s de semer le d\u00e9sordre dans l\u2019espace public.\"<\/em><\/p>\n<p><em>\" Il est de l\u2019int\u00e9r\u00eat de toute la soci\u00e9t\u00e9 de prot\u00e9ger nos institutions car elles sont les garants de nos libert\u00e9s collectives et individuelles\", <\/em>conclut Me Sall<\/p>\n<div class='share-to-whatsapp-wrapper'><div class='share-on-whsp'>PARTAGER SUR : <\/div><a data-text='SERIE DE MANIFESTATIONS - Benno tacle Yewwi' data-link='https:\/\/www.nettali.com\/2023\/03\/13\/serie-de-manifestations-benno-tacle-yewwi\/' class='whatsapp-button whatsapp-share'>WhatsApp<\/a><div class='clear '><\/div><\/div>","protected":false},"excerpt":{"rendered":"<p>NETTALI.COM- La coalition Yewwi Askan wi a annonc\u00e9 une s\u00e9rie de manifestations cette semaine. Face \u00e0 cette menace, la coalition pr\u00e9sidentielle, Benno Bokk Yaakar a fait une sortie pour fustiger la d\u00e9marche de l'opposition non sans revendiquer\u00a0 Face aux menaces de manifestations brandies par l'opposition, notamment la coalition Yewwi Askan Wi, Benno Bokk Yaakaar a [&hellip;]<\/p>\n","protected":false},"author":6,"featured_media":106040,"comment_status":"open","ping_status":"open","sticky":false,"template":"","format":"standard","meta":{"_et_pb_use_builder":"","_et_pb_old_content":""},"categories":[2],"tags":[],"yoast_head":"<!-- This site is optimized with the Yoast SEO Premium plugin v17.8 (Yoast SEO v17.8) - https:\/\/yoast.com\/wordpress\/plugins\/seo\/ -->\n<title>SERIE DE MANIFESTATIONS - Benno tacle Yewwi | Nettali.com<\/title>\n<meta name=\"robots\" content=\"index, follow, max-snippet:-1, max-image-preview:large, max-video-preview:-1\" \/>\n<link rel=\"canonical\" href=\"https:\/\/www.nettali.com\/2023\/03\/13\/serie-de-manifestations-benno-tacle-yewwi\/\" \/>\n<meta property=\"og:locale\" content=\"fr_FR\" \/>\n<meta property=\"og:type\" content=\"article\" \/>\n<meta property=\"og:title\" content=\"SERIE DE MANIFESTATIONS - Benno tacle Yewwi\" \/>\n<meta property=\"og:description\" content=\"NETTALI.COM- La coalition Yewwi Askan wi a annonc\u00e9 une s\u00e9rie de manifestations cette semaine. Face \u00e0 cette menace, la coalition pr\u00e9sidentielle, Benno Bokk Yaakar a fait une sortie pour fustiger la d\u00e9marche de l&#039;opposition non sans revendiquer\u00a0 Face aux menaces de manifestations brandies par l&#039;opposition, notamment la coalition Yewwi Askan Wi, Benno Bokk Yaakaar a [&hellip;]\" \/>\n<meta property=\"og:url\" content=\"https:\/\/www.nettali.com\/2023\/03\/13\/serie-de-manifestations-benno-tacle-yewwi\/\" \/>\n<meta property=\"og:site_name\" content=\"Nettali.com\" \/>\n<meta property=\"article:publisher\" content=\"https:\/\/www.facebook.com\/nettalicom\" \/>\n<meta property=\"article:published_time\" content=\"2023-03-13T14:33:08+00:00\" \/>\n<meta property=\"article:modified_time\" content=\"2023-03-14T09:09:41+00:00\" \/>\n<meta property=\"og:image\" content=\"https:\/\/www.nettali.com\/wp-content\/uploads\/2023\/03\/eladji_amadou_sall-01-06-2014_02.06.52_0-1.jpg\" \/>\n\t<meta property=\"og:image:width\" content=\"800\" \/>\n\t<meta property=\"og:image:height\" content=\"561\" \/>\n<meta name=\"twitter:card\" content=\"summary_large_image\" \/>\n<meta name=\"twitter:label1\" content=\"\u00c9crit par\" \/>\n\t<meta name=\"twitter:data1\" content=\"Fatou\" \/>\n\t<meta name=\"twitter:label2\" content=\"Dur\u00e9e de lecture estim\u00e9e\" \/>\n\t<meta name=\"twitter:data2\" content=\"3 minutes\" \/>\n<script type=\"application\/ld+json\" class=\"yoast-schema-graph\">{\"@context\":\"https:\/\/schema.org\",\"@graph\":[{\"@type\":\"WebSite\",\"@id\":\"https:\/\/www.nettali.com\/#website\",\"url\":\"https:\/\/www.nettali.com\/\",\"name\":\"Nettali.com\",\"description\":\"Le rendez-vous critique du Net\",\"potentialAction\":[{\"@type\":\"SearchAction\",\"target\":{\"@type\":\"EntryPoint\",\"urlTemplate\":\"https:\/\/www.nettali.com\/?s={search_term_string}\"},\"query-input\":\"required name=search_term_string\"}],\"inLanguage\":\"fr-FR\"},{\"@type\":\"ImageObject\",\"@id\":\"https:\/\/www.nettali.com\/2023\/03\/13\/serie-de-manifestations-benno-tacle-yewwi\/#primaryimage\",\"inLanguage\":\"fr-FR\",\"url\":\"https:\/\/www.nettali.com\/wp-content\/uploads\/2023\/03\/eladji_amadou_sall-01-06-2014_02.06.52_0-1.jpg\",\"contentUrl\":\"https:\/\/www.nettali.com\/wp-content\/uploads\/2023\/03\/eladji_amadou_sall-01-06-2014_02.06.52_0-1.jpg\",\"width\":800,\"height\":561},{\"@type\":\"WebPage\",\"@id\":\"https:\/\/www.nettali.com\/2023\/03\/13\/serie-de-manifestations-benno-tacle-yewwi\/#webpage\",\"url\":\"https:\/\/www.nettali.com\/2023\/03\/13\/serie-de-manifestations-benno-tacle-yewwi\/\",\"name\":\"SERIE DE MANIFESTATIONS - Benno tacle Yewwi | Nettali.com\",\"isPartOf\":{\"@id\":\"https:\/\/www.nettali.com\/#website\"},\"primaryImageOfPage\":{\"@id\":\"https:\/\/www.nettali.com\/2023\/03\/13\/serie-de-manifestations-benno-tacle-yewwi\/#primaryimage\"},\"datePublished\":\"2023-03-13T14:33:08+00:00\",\"dateModified\":\"2023-03-14T09:09:41+00:00\",\"author\":{\"@id\":\"https:\/\/www.nettali.com\/#\/schema\/person\/418274a86bdf87caff7a3ef476bd0bbf\"},\"breadcrumb\":{\"@id\":\"https:\/\/www.nettali.com\/2023\/03\/13\/serie-de-manifestations-benno-tacle-yewwi\/#breadcrumb\"},\"inLanguage\":\"fr-FR\",\"potentialAction\":[{\"@type\":\"ReadAction\",\"target\":[\"https:\/\/www.nettali.com\/2023\/03\/13\/serie-de-manifestations-benno-tacle-yewwi\/\"]}]},{\"@type\":\"BreadcrumbList\",\"@id\":\"https:\/\/www.nettali.com\/2023\/03\/13\/serie-de-manifestations-benno-tacle-yewwi\/#breadcrumb\",\"itemListElement\":[{\"@type\":\"ListItem\",\"position\":1,\"name\":\"Accueil\",\"item\":\"https:\/\/www.nettali.com\/\"},{\"@type\":\"ListItem\",\"position\":2,\"name\":\"SERIE DE MANIFESTATIONS - Benno tacle Yewwi\"}]},{\"@type\":\"Person\",\"@id\":\"https:\/\/www.nettali.com\/#\/schema\/person\/418274a86bdf87caff7a3ef476bd0bbf\",\"name\":\"Fatou\",\"image\":{\"@type\":\"ImageObject\",\"@id\":\"https:\/\/www.nettali.com\/#personlogo\",\"inLanguage\":\"fr-FR\",\"url\":\"https:\/\/secure.gravatar.com\/avatar\/5a9442a2bee7b4dcf167cab035858e9a?s=96&d=mm&r=g\",\"contentUrl\":\"https:\/\/secure.gravatar.com\/avatar\/5a9442a2bee7b4dcf167cab035858e9a?s=96&d=mm&r=g\",\"caption\":\"Fatou\"},\"sameAs\":[\"https:\/\/www.nettali.com\"]}]}<\/script>\n<!-- \/ Yoast SEO Premium plugin. -->","yoast_head_json":{"title":"SERIE DE MANIFESTATIONS - Benno tacle Yewwi | Nettali.com","robots":{"index":"index","follow":"follow","max-snippet":"max-snippet:-1","max-image-preview":"max-image-preview:large","max-video-preview":"max-video-preview:-1"},"canonical":"https:\/\/www.nettali.com\/2023\/03\/13\/serie-de-manifestations-benno-tacle-yewwi\/","og_locale":"fr_FR","og_type":"article","og_title":"SERIE DE MANIFESTATIONS - Benno tacle Yewwi","og_description":"NETTALI.COM- La coalition Yewwi Askan wi a annonc\u00e9 une s\u00e9rie de manifestations cette semaine. Face \u00e0 cette menace, la coalition pr\u00e9sidentielle, Benno Bokk Yaakar a fait une sortie pour fustiger la d\u00e9marche de l'opposition non sans revendiquer\u00a0 Face aux menaces de manifestations brandies par l'opposition, notamment la coalition Yewwi Askan Wi, Benno Bokk Yaakaar a [&hellip;]","og_url":"https:\/\/www.nettali.com\/2023\/03\/13\/serie-de-manifestations-benno-tacle-yewwi\/","og_site_name":"Nettali.com","article_publisher":"https:\/\/www.facebook.com\/nettalicom","article_published_time":"2023-03-13T14:33:08+00:00","article_modified_time":"2023-03-14T09:09:41+00:00","og_image":[{"width":800,"height":561,"url":"https:\/\/www.nettali.com\/wp-content\/uploads\/2023\/03\/eladji_amadou_sall-01-06-2014_02.06.52_0-1.jpg","type":"image\/jpeg"}],"twitter_card":"summary_large_image","twitter_misc":{"\u00c9crit par":"Fatou","Dur\u00e9e de lecture estim\u00e9e":"3 minutes"},"schema":{"@context":"https:\/\/schema.org","@graph":[{"@type":"WebSite","@id":"https:\/\/www.nettali.com\/#website","url":"https:\/\/www.nettali.com\/","name":"Nettali.com","description":"Le rendez-vous critique du Net","potentialAction":[{"@type":"SearchAction","target":{"@type":"EntryPoint","urlTemplate":"https:\/\/www.nettali.com\/?s={search_term_string}"},"query-input":"required name=search_term_string"}],"inLanguage":"fr-FR"},{"@type":"ImageObject","@id":"https:\/\/www.nettali.com\/2023\/03\/13\/serie-de-manifestations-benno-tacle-yewwi\/#primaryimage","inLanguage":"fr-FR","url":"https:\/\/www.nettali.com\/wp-content\/uploads\/2023\/03\/eladji_amadou_sall-01-06-2014_02.06.52_0-1.jpg","contentUrl":"https:\/\/www.nettali.com\/wp-content\/uploads\/2023\/03\/eladji_amadou_sall-01-06-2014_02.06.52_0-1.jpg","width":800,"height":561},{"@type":"WebPage","@id":"https:\/\/www.nettali.com\/2023\/03\/13\/serie-de-manifestations-benno-tacle-yewwi\/#webpage","url":"https:\/\/www.nettali.com\/2023\/03\/13\/serie-de-manifestations-benno-tacle-yewwi\/","name":"SERIE DE MANIFESTATIONS - Benno tacle Yewwi | Nettali.com","isPartOf":{"@id":"https:\/\/www.nettali.com\/#website"},"primaryImageOfPage":{"@id":"https:\/\/www.nettali.com\/2023\/03\/13\/serie-de-manifestations-benno-tacle-yewwi\/#primaryimage"},"datePublished":"2023-03-13T14:33:08+00:00","dateModified":"2023-03-14T09:09:41+00:00","author":{"@id":"https:\/\/www.nettali.com\/#\/schema\/person\/418274a86bdf87caff7a3ef476bd0bbf"},"breadcrumb":{"@id":"https:\/\/www.nettali.com\/2023\/03\/13\/serie-de-manifestations-benno-tacle-yewwi\/#breadcrumb"},"inLanguage":"fr-FR","potentialAction":[{"@type":"ReadAction","target":["https:\/\/www.nettali.com\/2023\/03\/13\/serie-de-manifestations-benno-tacle-yewwi\/"]}]},{"@type":"BreadcrumbList","@id":"https:\/\/www.nettali.com\/2023\/03\/13\/serie-de-manifestations-benno-tacle-yewwi\/#breadcrumb","itemListElement":[{"@type":"ListItem","position":1,"name":"Accueil","item":"https:\/\/www.nettali.com\/"},{"@type":"ListItem","position":2,"name":"SERIE DE MANIFESTATIONS - Benno tacle Yewwi"}]},{"@type":"Person","@id":"https:\/\/www.nettali.com\/#\/schema\/person\/418274a86bdf87caff7a3ef476bd0bbf","name":"Fatou","image":{"@type":"ImageObject","@id":"https:\/\/www.nettali.com\/#personlogo","inLanguage":"fr-FR","url":"https:\/\/secure.gravatar.com\/avatar\/5a9442a2bee7b4dcf167cab035858e9a?s=96&d=mm&r=g","contentUrl":"https:\/\/secure.gravatar.com\/avatar\/5a9442a2bee7b4dcf167cab035858e9a?s=96&d=mm&r=g","caption":"Fatou"},"sameAs":["https:\/\/www.nettali.com"]}]}},"_links":{"self":[{"href":"https:\/\/www.nettali.com\/rest\/wp\/v2\/posts\/105966"}],"collection":[{"href":"https:\/\/www.nettali.com\/rest\/wp\/v2\/posts"}],"about":[{"href":"https:\/\/www.nettali.com\/rest\/wp\/v2\/types\/post"}],"author":[{"embeddable":true,"href":"https:\/\/www.nettali.com\/rest\/wp\/v2\/users\/6"}],"replies":[{"embeddable":true,"href":"https:\/\/www.nettali.com\/rest\/wp\/v2\/comments?post=105966"}],"version-history":[{"count":3,"href":"https:\/\/www.nettali.com\/rest\/wp\/v2\/posts\/105966\/revisions"}],"predecessor-version":[{"id":105977,"href":"https:\/\/www.nettali.com\/rest\/wp\/v2\/posts\/105966\/revisions\/105977"}],"wp:featuredmedia":[{"embeddable":true,"href":"https:\/\/www.nettali.com\/rest\/wp\/v2\/media\/106040"}],"wp:attachment":[{"href":"https:\/\/www.nettali.com\/rest\/wp\/v2\/media?parent=105966"}],"wp:term":[{"taxonomy":"category","embeddable":true,"href":"https:\/\/www.nettali.com\/rest\/wp\/v2\/categories?post=105966"},{"taxonomy":"post_tag","embeddable":true,"href":"https:\/\/www.nettali.com\/rest\/wp\/v2\/tags?post=105966"}],"curies":[{"name":"wp","href":"https:\/\/api.w.org\/{rel}","templated":true}]}}