{"id":105865,"date":"2023-03-11T09:24:09","date_gmt":"2023-03-11T09:24:09","guid":{"rendered":"https:\/\/www.nettali.com\/?p=105865"},"modified":"2023-03-11T09:24:09","modified_gmt":"2023-03-11T09:24:09","slug":"tivaouane-pourquoi-le-responsable-de-pastef-madiaw-diop-a-ete-arrete","status":"publish","type":"post","link":"https:\/\/www.nettali.com\/2023\/03\/11\/tivaouane-pourquoi-le-responsable-de-pastef-madiaw-diop-a-ete-arrete\/","title":{"rendered":"TIVAOUANE - Pourquoi le responsable de Pastef, Madiaw Diop, a \u00e9t\u00e9 arr\u00eat\u00e9"},"content":{"rendered":"<p><strong>NETTALI.COM - On en sait un peu plus sur les raisons de l\u2019arrestation de Madiaw Diop, plus connu sous le nom de \u201cSeugne Joop Taysiir\u201d, son pseudo Facebook, hier en d\u00e9but de journ\u00e9e. <\/strong><\/p>\n<p>Selon nos informations, c\u2019est le procureur pr\u00e8s du Tribunal de grande instance de Thi\u00e8s qui a charg\u00e9 les enqu\u00eateurs de la Section de recherche de la gendarmerie de Thi\u00e8s d\u2019arr\u00eater ce membre du parti Pastef tr\u00e8s actif sur les r\u00e9seaux sociaux. Ceci fait suite \u00e0 des d\u00e9clarations qu\u2019il avait tenues lors d\u2019un face \u00e0 face avec la presse, \u00e0 l'issue d\u2019une manifestation politique.<\/p>\n<p>Selon nos informations, lors dudit point de presse, l\u2019ing\u00e9nieur informaticien et par ailleurs leader de la Jeunesse patriotique du S\u00e9n\u00e9gal (JPS) de la ville sainte de Tivaouane avait demand\u00e9 \u00e0 ses camarades de parti de raser le pays, parce que la r\u00e9volution avait commenc\u00e9. D\u2019apr\u00e8s nos interlocuteurs M. Diop a dit qu\u2019il faut br\u00fbler vifs les nervis et a prof\u00e9r\u00e9 des menaces \u00e0 l\u2019endroit des responsables de la mouvance pr\u00e9sidentielle.<\/p>\n<p>Selon toujours nos interlocuteurs qui n\u2019ont pas voulu entrer dans les d\u00e9tails arguant que l\u2019enqu\u00eate est en cours, Madiaw Diop sera d\u00e9f\u00e9r\u00e9 au parquet de Thi\u00e8s au terme de sa p\u00e9riode de garde \u00e0 vue. Ce sera probablement en d\u00e9but de semaine, sauf changement. Les hommes en bleu, selon nos informations, lui reprochent \u00e0 ce stade de l\u2019enqu\u00eate les faits d\u2019appel \u00e0 l\u2019insurrection, voie de fait, entre autres.<\/p>\n<div class='share-to-whatsapp-wrapper'><div class='share-on-whsp'>PARTAGER SUR : <\/div><a data-text='TIVAOUANE - Pourquoi le responsable de Pastef, Madiaw Diop, a \u00e9t\u00e9 arr\u00eat\u00e9' data-link='https:\/\/www.nettali.com\/2023\/03\/11\/tivaouane-pourquoi-le-responsable-de-pastef-madiaw-diop-a-ete-arrete\/' class='whatsapp-button whatsapp-share'>WhatsApp<\/a><div class='clear '><\/div><\/div>","protected":false},"excerpt":{"rendered":"<p>NETTALI.COM - On en sait un peu plus sur les raisons de l\u2019arrestation de Madiaw Diop, plus connu sous le nom de \u201cSeugne Joop Taysiir\u201d, son pseudo Facebook, hier en d\u00e9but de journ\u00e9e. Selon nos informations, c\u2019est le procureur pr\u00e8s du Tribunal de grande instance de Thi\u00e8s qui a charg\u00e9 les enqu\u00eateurs de la Section [&hellip;]<\/p>\n","protected":false},"author":4,"featured_media":105868,"comment_status":"open","ping_status":"open","sticky":false,"template":"","format":"standard","meta":{"_et_pb_use_builder":"","_et_pb_old_content":""},"categories":[3],"tags":[],"yoast_head":"<!-- This site is optimized with the Yoast SEO Premium plugin v17.8 (Yoast SEO v17.8) - https:\/\/yoast.com\/wordpress\/plugins\/seo\/ -->\n<title>TIVAOUANE - Pourquoi le responsable de Pastef, Madiaw Diop, a \u00e9t\u00e9 arr\u00eat\u00e9 | Nettali.com<\/title>\n<meta name=\"robots\" content=\"index, follow, max-snippet:-1, max-image-preview:large, max-video-preview:-1\" \/>\n<link rel=\"canonical\" href=\"https:\/\/www.nettali.com\/2023\/03\/11\/tivaouane-pourquoi-le-responsable-de-pastef-madiaw-diop-a-ete-arrete\/\" \/>\n<meta property=\"og:locale\" content=\"fr_FR\" \/>\n<meta property=\"og:type\" content=\"article\" \/>\n<meta property=\"og:title\" content=\"TIVAOUANE - Pourquoi le responsable de Pastef, Madiaw Diop, a \u00e9t\u00e9 arr\u00eat\u00e9\" \/>\n<meta property=\"og:description\" content=\"NETTALI.COM - On en sait un peu plus sur les raisons de l\u2019arrestation de Madiaw Diop, plus connu sous le nom de \u201cSeugne Joop Taysiir\u201d, son pseudo Facebook, hier en d\u00e9but de journ\u00e9e. Selon nos informations, c\u2019est le procureur pr\u00e8s du Tribunal de grande instance de Thi\u00e8s qui a charg\u00e9 les enqu\u00eateurs de la Section [&hellip;]\" \/>\n<meta property=\"og:url\" content=\"https:\/\/www.nettali.com\/2023\/03\/11\/tivaouane-pourquoi-le-responsable-de-pastef-madiaw-diop-a-ete-arrete\/\" \/>\n<meta property=\"og:site_name\" content=\"Nettali.com\" \/>\n<meta property=\"article:publisher\" content=\"https:\/\/www.facebook.com\/nettalicom\" \/>\n<meta property=\"article:published_time\" content=\"2023-03-11T09:24:09+00:00\" \/>\n<meta property=\"og:image\" content=\"https:\/\/www.nettali.com\/wp-content\/uploads\/2023\/03\/Madiaw-Diop.jpeg\" \/>\n\t<meta property=\"og:image:width\" content=\"1284\" \/>\n\t<meta property=\"og:image:height\" content=\"735\" \/>\n<meta name=\"twitter:card\" content=\"summary_large_image\" \/>\n<meta name=\"twitter:label1\" content=\"\u00c9crit par\" \/>\n\t<meta name=\"twitter:data1\" content=\"Daouda\" \/>\n\t<meta name=\"twitter:label2\" content=\"Dur\u00e9e de lecture estim\u00e9e\" \/>\n\t<meta name=\"twitter:data2\" content=\"2 minutes\" \/>\n<script type=\"application\/ld+json\" class=\"yoast-schema-graph\">{\"@context\":\"https:\/\/schema.org\",\"@graph\":[{\"@type\":\"WebSite\",\"@id\":\"https:\/\/www.nettali.com\/#website\",\"url\":\"https:\/\/www.nettali.com\/\",\"name\":\"Nettali.com\",\"description\":\"Le rendez-vous critique du Net\",\"potentialAction\":[{\"@type\":\"SearchAction\",\"target\":{\"@type\":\"EntryPoint\",\"urlTemplate\":\"https:\/\/www.nettali.com\/?s={search_term_string}\"},\"query-input\":\"required name=search_term_string\"}],\"inLanguage\":\"fr-FR\"},{\"@type\":\"ImageObject\",\"@id\":\"https:\/\/www.nettali.com\/2023\/03\/11\/tivaouane-pourquoi-le-responsable-de-pastef-madiaw-diop-a-ete-arrete\/#primaryimage\",\"inLanguage\":\"fr-FR\",\"url\":\"https:\/\/www.nettali.com\/wp-content\/uploads\/2023\/03\/Madiaw-Diop.jpeg\",\"contentUrl\":\"https:\/\/www.nettali.com\/wp-content\/uploads\/2023\/03\/Madiaw-Diop.jpeg\",\"width\":1284,\"height\":735},{\"@type\":\"WebPage\",\"@id\":\"https:\/\/www.nettali.com\/2023\/03\/11\/tivaouane-pourquoi-le-responsable-de-pastef-madiaw-diop-a-ete-arrete\/#webpage\",\"url\":\"https:\/\/www.nettali.com\/2023\/03\/11\/tivaouane-pourquoi-le-responsable-de-pastef-madiaw-diop-a-ete-arrete\/\",\"name\":\"TIVAOUANE - Pourquoi le responsable de Pastef, Madiaw Diop, a \\u00e9t\\u00e9 arr\\u00eat\\u00e9 | Nettali.com\",\"isPartOf\":{\"@id\":\"https:\/\/www.nettali.com\/#website\"},\"primaryImageOfPage\":{\"@id\":\"https:\/\/www.nettali.com\/2023\/03\/11\/tivaouane-pourquoi-le-responsable-de-pastef-madiaw-diop-a-ete-arrete\/#primaryimage\"},\"datePublished\":\"2023-03-11T09:24:09+00:00\",\"dateModified\":\"2023-03-11T09:24:09+00:00\",\"author\":{\"@id\":\"https:\/\/www.nettali.com\/#\/schema\/person\/3317e0bb3aa1da309fbf7b2780901bf4\"},\"breadcrumb\":{\"@id\":\"https:\/\/www.nettali.com\/2023\/03\/11\/tivaouane-pourquoi-le-responsable-de-pastef-madiaw-diop-a-ete-arrete\/#breadcrumb\"},\"inLanguage\":\"fr-FR\",\"potentialAction\":[{\"@type\":\"ReadAction\",\"target\":[\"https:\/\/www.nettali.com\/2023\/03\/11\/tivaouane-pourquoi-le-responsable-de-pastef-madiaw-diop-a-ete-arrete\/\"]}]},{\"@type\":\"BreadcrumbList\",\"@id\":\"https:\/\/www.nettali.com\/2023\/03\/11\/tivaouane-pourquoi-le-responsable-de-pastef-madiaw-diop-a-ete-arrete\/#breadcrumb\",\"itemListElement\":[{\"@type\":\"ListItem\",\"position\":1,\"name\":\"Accueil\",\"item\":\"https:\/\/www.nettali.com\/\"},{\"@type\":\"ListItem\",\"position\":2,\"name\":\"TIVAOUANE - Pourquoi le responsable de Pastef, Madiaw Diop, a \\u00e9t\\u00e9 arr\\u00eat\\u00e9\"}]},{\"@type\":\"Person\",\"@id\":\"https:\/\/www.nettali.com\/#\/schema\/person\/3317e0bb3aa1da309fbf7b2780901bf4\",\"name\":\"Daouda\",\"image\":{\"@type\":\"ImageObject\",\"@id\":\"https:\/\/www.nettali.com\/#personlogo\",\"inLanguage\":\"fr-FR\",\"url\":\"https:\/\/secure.gravatar.com\/avatar\/8d143b5a49345098ddcfee1c49c2f47c?s=96&d=mm&r=g\",\"contentUrl\":\"https:\/\/secure.gravatar.com\/avatar\/8d143b5a49345098ddcfee1c49c2f47c?s=96&d=mm&r=g\",\"caption\":\"Daouda\"},\"sameAs\":[\"https:\/\/www.nettali.com\"]}]}<\/script>\n<!-- \/ Yoast SEO Premium plugin. -->","yoast_head_json":{"title":"TIVAOUANE - Pourquoi le responsable de Pastef, Madiaw Diop, a \u00e9t\u00e9 arr\u00eat\u00e9 | Nettali.com","robots":{"index":"index","follow":"follow","max-snippet":"max-snippet:-1","max-image-preview":"max-image-preview:large","max-video-preview":"max-video-preview:-1"},"canonical":"https:\/\/www.nettali.com\/2023\/03\/11\/tivaouane-pourquoi-le-responsable-de-pastef-madiaw-diop-a-ete-arrete\/","og_locale":"fr_FR","og_type":"article","og_title":"TIVAOUANE - Pourquoi le responsable de Pastef, Madiaw Diop, a \u00e9t\u00e9 arr\u00eat\u00e9","og_description":"NETTALI.COM - On en sait un peu plus sur les raisons de l\u2019arrestation de Madiaw Diop, plus connu sous le nom de \u201cSeugne Joop Taysiir\u201d, son pseudo Facebook, hier en d\u00e9but de journ\u00e9e. Selon nos informations, c\u2019est le procureur pr\u00e8s du Tribunal de grande instance de Thi\u00e8s qui a charg\u00e9 les enqu\u00eateurs de la Section [&hellip;]","og_url":"https:\/\/www.nettali.com\/2023\/03\/11\/tivaouane-pourquoi-le-responsable-de-pastef-madiaw-diop-a-ete-arrete\/","og_site_name":"Nettali.com","article_publisher":"https:\/\/www.facebook.com\/nettalicom","article_published_time":"2023-03-11T09:24:09+00:00","og_image":[{"width":1284,"height":735,"url":"https:\/\/www.nettali.com\/wp-content\/uploads\/2023\/03\/Madiaw-Diop.jpeg","type":"image\/jpeg"}],"twitter_card":"summary_large_image","twitter_misc":{"\u00c9crit par":"Daouda","Dur\u00e9e de lecture estim\u00e9e":"2 minutes"},"schema":{"@context":"https:\/\/schema.org","@graph":[{"@type":"WebSite","@id":"https:\/\/www.nettali.com\/#website","url":"https:\/\/www.nettali.com\/","name":"Nettali.com","description":"Le rendez-vous critique du Net","potentialAction":[{"@type":"SearchAction","target":{"@type":"EntryPoint","urlTemplate":"https:\/\/www.nettali.com\/?s={search_term_string}"},"query-input":"required name=search_term_string"}],"inLanguage":"fr-FR"},{"@type":"ImageObject","@id":"https:\/\/www.nettali.com\/2023\/03\/11\/tivaouane-pourquoi-le-responsable-de-pastef-madiaw-diop-a-ete-arrete\/#primaryimage","inLanguage":"fr-FR","url":"https:\/\/www.nettali.com\/wp-content\/uploads\/2023\/03\/Madiaw-Diop.jpeg","contentUrl":"https:\/\/www.nettali.com\/wp-content\/uploads\/2023\/03\/Madiaw-Diop.jpeg","width":1284,"height":735},{"@type":"WebPage","@id":"https:\/\/www.nettali.com\/2023\/03\/11\/tivaouane-pourquoi-le-responsable-de-pastef-madiaw-diop-a-ete-arrete\/#webpage","url":"https:\/\/www.nettali.com\/2023\/03\/11\/tivaouane-pourquoi-le-responsable-de-pastef-madiaw-diop-a-ete-arrete\/","name":"TIVAOUANE - Pourquoi le responsable de Pastef, Madiaw Diop, a \u00e9t\u00e9 arr\u00eat\u00e9 | Nettali.com","isPartOf":{"@id":"https:\/\/www.nettali.com\/#website"},"primaryImageOfPage":{"@id":"https:\/\/www.nettali.com\/2023\/03\/11\/tivaouane-pourquoi-le-responsable-de-pastef-madiaw-diop-a-ete-arrete\/#primaryimage"},"datePublished":"2023-03-11T09:24:09+00:00","dateModified":"2023-03-11T09:24:09+00:00","author":{"@id":"https:\/\/www.nettali.com\/#\/schema\/person\/3317e0bb3aa1da309fbf7b2780901bf4"},"breadcrumb":{"@id":"https:\/\/www.nettali.com\/2023\/03\/11\/tivaouane-pourquoi-le-responsable-de-pastef-madiaw-diop-a-ete-arrete\/#breadcrumb"},"inLanguage":"fr-FR","potentialAction":[{"@type":"ReadAction","target":["https:\/\/www.nettali.com\/2023\/03\/11\/tivaouane-pourquoi-le-responsable-de-pastef-madiaw-diop-a-ete-arrete\/"]}]},{"@type":"BreadcrumbList","@id":"https:\/\/www.nettali.com\/2023\/03\/11\/tivaouane-pourquoi-le-responsable-de-pastef-madiaw-diop-a-ete-arrete\/#breadcrumb","itemListElement":[{"@type":"ListItem","position":1,"name":"Accueil","item":"https:\/\/www.nettali.com\/"},{"@type":"ListItem","position":2,"name":"TIVAOUANE - Pourquoi le responsable de Pastef, Madiaw Diop, a \u00e9t\u00e9 arr\u00eat\u00e9"}]},{"@type":"Person","@id":"https:\/\/www.nettali.com\/#\/schema\/person\/3317e0bb3aa1da309fbf7b2780901bf4","name":"Daouda","image":{"@type":"ImageObject","@id":"https:\/\/www.nettali.com\/#personlogo","inLanguage":"fr-FR","url":"https:\/\/secure.gravatar.com\/avatar\/8d143b5a49345098ddcfee1c49c2f47c?s=96&d=mm&r=g","contentUrl":"https:\/\/secure.gravatar.com\/avatar\/8d143b5a49345098ddcfee1c49c2f47c?s=96&d=mm&r=g","caption":"Daouda"},"sameAs":["https:\/\/www.nettali.com"]}]}},"_links":{"self":[{"href":"https:\/\/www.nettali.com\/rest\/wp\/v2\/posts\/105865"}],"collection":[{"href":"https:\/\/www.nettali.com\/rest\/wp\/v2\/posts"}],"about":[{"href":"https:\/\/www.nettali.com\/rest\/wp\/v2\/types\/post"}],"author":[{"embeddable":true,"href":"https:\/\/www.nettali.com\/rest\/wp\/v2\/users\/4"}],"replies":[{"embeddable":true,"href":"https:\/\/www.nettali.com\/rest\/wp\/v2\/comments?post=105865"}],"version-history":[{"count":1,"href":"https:\/\/www.nettali.com\/rest\/wp\/v2\/posts\/105865\/revisions"}],"predecessor-version":[{"id":105869,"href":"https:\/\/www.nettali.com\/rest\/wp\/v2\/posts\/105865\/revisions\/105869"}],"wp:featuredmedia":[{"embeddable":true,"href":"https:\/\/www.nettali.com\/rest\/wp\/v2\/media\/105868"}],"wp:attachment":[{"href":"https:\/\/www.nettali.com\/rest\/wp\/v2\/media?parent=105865"}],"wp:term":[{"taxonomy":"category","embeddable":true,"href":"https:\/\/www.nettali.com\/rest\/wp\/v2\/categories?post=105865"},{"taxonomy":"post_tag","embeddable":true,"href":"https:\/\/www.nettali.com\/rest\/wp\/v2\/tags?post=105865"}],"curies":[{"name":"wp","href":"https:\/\/api.w.org\/{rel}","templated":true}]}}