{"id":105860,"date":"2023-03-11T09:15:37","date_gmt":"2023-03-11T09:15:37","guid":{"rendered":"https:\/\/www.nettali.com\/?p=105860"},"modified":"2023-03-11T10:19:25","modified_gmt":"2023-03-11T10:19:25","slug":"en-coulisses-le-stade-abdoulaye-wade-de-diamniadio-se-meurt","status":"publish","type":"post","link":"https:\/\/www.nettali.com\/2023\/03\/11\/en-coulisses-le-stade-abdoulaye-wade-de-diamniadio-se-meurt\/","title":{"rendered":"EN COULISSES - Le stade Abdoulaye Wade de Diamniadio se meurt"},"content":{"rendered":"<p><strong>NETTALI.COM -<\/strong> Le S\u00e9n\u00e9gal p\u00eache vraiment dans la prise en charge de ses infrastructures. En effet, le Stade \u00ab<em>Abdoulaye Wade<\/em>\u00bb situ\u00e9 \u00e0 Diamniadio, est dans un \u00e9tat indescriptible. La poussi\u00e8re risque tout simplement de d\u00e9truire cette infrastructure de derni\u00e8re g\u00e9n\u00e9ration, inaugur\u00e9e en grande pompe.<\/p>\n<p>Pr\u00e9vu pour accueillir les\u00a0Jeux olympiques de la jeunesse de 2026, il dispose d'une capacit\u00e9 de 50\u00a0000 places.<\/p>\n<p>La premi\u00e8re pierre de l'\u00e9difice avait \u00e9t\u00e9 pos\u00e9e le\u00a020 f\u00e9vrier 2020, en pr\u00e9sence du pr\u00e9sident\u00a0Macky Sall.<\/p>\n<p>La travaux, dont la dur\u00e9e a \u00e9t\u00e9 de 18 mois, ont \u00e9t\u00e9 effectu\u00e9s pour un montant de 150 milliards de FCFA par l'entreprise turque Summa qui a d\u00e9j\u00e0 eu \u00e0 r\u00e9aliser \"Dakar Arena\". En janvier 2020, l'Etat du S\u00e9n\u00e9gal avait obtenu un financement de 238 millions d'euros (155 milliards de FCFA) de la Standard Chartered Bank afin de financer l'op\u00e9ration.<\/p>\n<p>Le stade est inaugur\u00e9 le 22 f\u00e9vrier 2022, en pr\u00e9sence du pr\u00e9sident\u00a0Macky Sall, de chefs d'\u00c9tat \u00e9trangers dont\u00a0Adama Barrow,\u00a0Umaro Sissoco Embal\u00f3,\u00a0Recep Tayyip Erdo\u011fan,\u00a0Paul Kagame,\u00a0Frank-Walter Steinmeier\u00a0et\u00a0Georges Weah, et les dirigeants de la\u00a0FIFA\u00a0et de la\u00a0CAF\u00a0Gianni Infantino\u00a0et\u00a0Patrice Motsepe.<\/p>\n<p>Un match de gala avait d'ailleurs \u00e9t\u00e9 organis\u00e9 entre d'anciens internationaux s\u00e9n\u00e9galais (Diouf, Fadiga, Diatta) et d'anciennes gloires africaines (Drogba, Eto'o, Okocha, Tour\u00e9, etc.).<\/p>\n<p>Quelques jours avant l'inauguration, il avait \u00e9t\u00e9 annonc\u00e9 que le stade porterait le nom d'Abdoulaye Wade, ancien pr\u00e9sident du S\u00e9n\u00e9gal.<\/p>\n<p>&nbsp;<\/p>\n<div class='share-to-whatsapp-wrapper'><div class='share-on-whsp'>PARTAGER SUR : <\/div><a data-text='EN COULISSES - Le stade Abdoulaye Wade de Diamniadio se meurt' data-link='https:\/\/www.nettali.com\/2023\/03\/11\/en-coulisses-le-stade-abdoulaye-wade-de-diamniadio-se-meurt\/' class='whatsapp-button whatsapp-share'>WhatsApp<\/a><div class='clear '><\/div><\/div>","protected":false},"excerpt":{"rendered":"<p>NETTALI.COM - Le S\u00e9n\u00e9gal p\u00eache vraiment dans la prise en charge de ses infrastructures. En effet, le Stade \u00abAbdoulaye Wade\u00bb situ\u00e9 \u00e0 Diamniadio, est dans un \u00e9tat indescriptible. La poussi\u00e8re risque tout simplement de d\u00e9truire cette infrastructure de derni\u00e8re g\u00e9n\u00e9ration, inaugur\u00e9e en grande pompe. Pr\u00e9vu pour accueillir les\u00a0Jeux olympiques de la jeunesse de 2026, il [&hellip;]<\/p>\n","protected":false},"author":4,"featured_media":105863,"comment_status":"open","ping_status":"open","sticky":false,"template":"","format":"standard","meta":{"_et_pb_use_builder":"","_et_pb_old_content":""},"categories":[34945],"tags":[],"yoast_head":"<!-- This site is optimized with the Yoast SEO Premium plugin v17.8 (Yoast SEO v17.8) - https:\/\/yoast.com\/wordpress\/plugins\/seo\/ -->\n<title>EN COULISSES - Le stade Abdoulaye Wade de Diamniadio se meurt | Nettali.com<\/title>\n<meta name=\"robots\" content=\"index, follow, max-snippet:-1, max-image-preview:large, max-video-preview:-1\" \/>\n<link rel=\"canonical\" href=\"https:\/\/www.nettali.com\/2023\/03\/11\/en-coulisses-le-stade-abdoulaye-wade-de-diamniadio-se-meurt\/\" \/>\n<meta property=\"og:locale\" content=\"fr_FR\" \/>\n<meta property=\"og:type\" content=\"article\" \/>\n<meta property=\"og:title\" content=\"EN COULISSES - Le stade Abdoulaye Wade de Diamniadio se meurt\" \/>\n<meta property=\"og:description\" content=\"NETTALI.COM - Le S\u00e9n\u00e9gal p\u00eache vraiment dans la prise en charge de ses infrastructures. En effet, le Stade \u00abAbdoulaye Wade\u00bb situ\u00e9 \u00e0 Diamniadio, est dans un \u00e9tat indescriptible. La poussi\u00e8re risque tout simplement de d\u00e9truire cette infrastructure de derni\u00e8re g\u00e9n\u00e9ration, inaugur\u00e9e en grande pompe. Pr\u00e9vu pour accueillir les\u00a0Jeux olympiques de la jeunesse de 2026, il [&hellip;]\" \/>\n<meta property=\"og:url\" content=\"https:\/\/www.nettali.com\/2023\/03\/11\/en-coulisses-le-stade-abdoulaye-wade-de-diamniadio-se-meurt\/\" \/>\n<meta property=\"og:site_name\" content=\"Nettali.com\" \/>\n<meta property=\"article:publisher\" content=\"https:\/\/www.facebook.com\/nettalicom\" \/>\n<meta property=\"article:published_time\" content=\"2023-03-11T09:15:37+00:00\" \/>\n<meta property=\"article:modified_time\" content=\"2023-03-11T10:19:25+00:00\" \/>\n<meta property=\"og:image\" content=\"https:\/\/www.nettali.com\/wp-content\/uploads\/2023\/03\/stade-Me-Abdoulaye-Wade.jpeg\" \/>\n\t<meta property=\"og:image:width\" content=\"600\" \/>\n\t<meta property=\"og:image:height\" content=\"450\" \/>\n<meta name=\"twitter:card\" content=\"summary_large_image\" \/>\n<meta name=\"twitter:label1\" content=\"\u00c9crit par\" \/>\n\t<meta name=\"twitter:data1\" content=\"Daouda\" \/>\n\t<meta name=\"twitter:label2\" content=\"Dur\u00e9e de lecture estim\u00e9e\" \/>\n\t<meta name=\"twitter:data2\" content=\"2 minutes\" \/>\n<script type=\"application\/ld+json\" class=\"yoast-schema-graph\">{\"@context\":\"https:\/\/schema.org\",\"@graph\":[{\"@type\":\"WebSite\",\"@id\":\"https:\/\/www.nettali.com\/#website\",\"url\":\"https:\/\/www.nettali.com\/\",\"name\":\"Nettali.com\",\"description\":\"Le rendez-vous critique du Net\",\"potentialAction\":[{\"@type\":\"SearchAction\",\"target\":{\"@type\":\"EntryPoint\",\"urlTemplate\":\"https:\/\/www.nettali.com\/?s={search_term_string}\"},\"query-input\":\"required name=search_term_string\"}],\"inLanguage\":\"fr-FR\"},{\"@type\":\"ImageObject\",\"@id\":\"https:\/\/www.nettali.com\/2023\/03\/11\/en-coulisses-le-stade-abdoulaye-wade-de-diamniadio-se-meurt\/#primaryimage\",\"inLanguage\":\"fr-FR\",\"url\":\"https:\/\/www.nettali.com\/wp-content\/uploads\/2023\/03\/stade-Me-Abdoulaye-Wade.jpeg\",\"contentUrl\":\"https:\/\/www.nettali.com\/wp-content\/uploads\/2023\/03\/stade-Me-Abdoulaye-Wade.jpeg\",\"width\":600,\"height\":450},{\"@type\":\"WebPage\",\"@id\":\"https:\/\/www.nettali.com\/2023\/03\/11\/en-coulisses-le-stade-abdoulaye-wade-de-diamniadio-se-meurt\/#webpage\",\"url\":\"https:\/\/www.nettali.com\/2023\/03\/11\/en-coulisses-le-stade-abdoulaye-wade-de-diamniadio-se-meurt\/\",\"name\":\"EN COULISSES - Le stade Abdoulaye Wade de Diamniadio se meurt | Nettali.com\",\"isPartOf\":{\"@id\":\"https:\/\/www.nettali.com\/#website\"},\"primaryImageOfPage\":{\"@id\":\"https:\/\/www.nettali.com\/2023\/03\/11\/en-coulisses-le-stade-abdoulaye-wade-de-diamniadio-se-meurt\/#primaryimage\"},\"datePublished\":\"2023-03-11T09:15:37+00:00\",\"dateModified\":\"2023-03-11T10:19:25+00:00\",\"author\":{\"@id\":\"https:\/\/www.nettali.com\/#\/schema\/person\/3317e0bb3aa1da309fbf7b2780901bf4\"},\"breadcrumb\":{\"@id\":\"https:\/\/www.nettali.com\/2023\/03\/11\/en-coulisses-le-stade-abdoulaye-wade-de-diamniadio-se-meurt\/#breadcrumb\"},\"inLanguage\":\"fr-FR\",\"potentialAction\":[{\"@type\":\"ReadAction\",\"target\":[\"https:\/\/www.nettali.com\/2023\/03\/11\/en-coulisses-le-stade-abdoulaye-wade-de-diamniadio-se-meurt\/\"]}]},{\"@type\":\"BreadcrumbList\",\"@id\":\"https:\/\/www.nettali.com\/2023\/03\/11\/en-coulisses-le-stade-abdoulaye-wade-de-diamniadio-se-meurt\/#breadcrumb\",\"itemListElement\":[{\"@type\":\"ListItem\",\"position\":1,\"name\":\"Accueil\",\"item\":\"https:\/\/www.nettali.com\/\"},{\"@type\":\"ListItem\",\"position\":2,\"name\":\"EN COULISSES - Le stade Abdoulaye Wade de Diamniadio se meurt\"}]},{\"@type\":\"Person\",\"@id\":\"https:\/\/www.nettali.com\/#\/schema\/person\/3317e0bb3aa1da309fbf7b2780901bf4\",\"name\":\"Daouda\",\"image\":{\"@type\":\"ImageObject\",\"@id\":\"https:\/\/www.nettali.com\/#personlogo\",\"inLanguage\":\"fr-FR\",\"url\":\"https:\/\/secure.gravatar.com\/avatar\/8d143b5a49345098ddcfee1c49c2f47c?s=96&d=mm&r=g\",\"contentUrl\":\"https:\/\/secure.gravatar.com\/avatar\/8d143b5a49345098ddcfee1c49c2f47c?s=96&d=mm&r=g\",\"caption\":\"Daouda\"},\"sameAs\":[\"https:\/\/www.nettali.com\"]}]}<\/script>\n<!-- \/ Yoast SEO Premium plugin. -->","yoast_head_json":{"title":"EN COULISSES - Le stade Abdoulaye Wade de Diamniadio se meurt | Nettali.com","robots":{"index":"index","follow":"follow","max-snippet":"max-snippet:-1","max-image-preview":"max-image-preview:large","max-video-preview":"max-video-preview:-1"},"canonical":"https:\/\/www.nettali.com\/2023\/03\/11\/en-coulisses-le-stade-abdoulaye-wade-de-diamniadio-se-meurt\/","og_locale":"fr_FR","og_type":"article","og_title":"EN COULISSES - Le stade Abdoulaye Wade de Diamniadio se meurt","og_description":"NETTALI.COM - Le S\u00e9n\u00e9gal p\u00eache vraiment dans la prise en charge de ses infrastructures. En effet, le Stade \u00abAbdoulaye Wade\u00bb situ\u00e9 \u00e0 Diamniadio, est dans un \u00e9tat indescriptible. La poussi\u00e8re risque tout simplement de d\u00e9truire cette infrastructure de derni\u00e8re g\u00e9n\u00e9ration, inaugur\u00e9e en grande pompe. Pr\u00e9vu pour accueillir les\u00a0Jeux olympiques de la jeunesse de 2026, il [&hellip;]","og_url":"https:\/\/www.nettali.com\/2023\/03\/11\/en-coulisses-le-stade-abdoulaye-wade-de-diamniadio-se-meurt\/","og_site_name":"Nettali.com","article_publisher":"https:\/\/www.facebook.com\/nettalicom","article_published_time":"2023-03-11T09:15:37+00:00","article_modified_time":"2023-03-11T10:19:25+00:00","og_image":[{"width":600,"height":450,"url":"https:\/\/www.nettali.com\/wp-content\/uploads\/2023\/03\/stade-Me-Abdoulaye-Wade.jpeg","type":"image\/jpeg"}],"twitter_card":"summary_large_image","twitter_misc":{"\u00c9crit par":"Daouda","Dur\u00e9e de lecture estim\u00e9e":"2 minutes"},"schema":{"@context":"https:\/\/schema.org","@graph":[{"@type":"WebSite","@id":"https:\/\/www.nettali.com\/#website","url":"https:\/\/www.nettali.com\/","name":"Nettali.com","description":"Le rendez-vous critique du Net","potentialAction":[{"@type":"SearchAction","target":{"@type":"EntryPoint","urlTemplate":"https:\/\/www.nettali.com\/?s={search_term_string}"},"query-input":"required name=search_term_string"}],"inLanguage":"fr-FR"},{"@type":"ImageObject","@id":"https:\/\/www.nettali.com\/2023\/03\/11\/en-coulisses-le-stade-abdoulaye-wade-de-diamniadio-se-meurt\/#primaryimage","inLanguage":"fr-FR","url":"https:\/\/www.nettali.com\/wp-content\/uploads\/2023\/03\/stade-Me-Abdoulaye-Wade.jpeg","contentUrl":"https:\/\/www.nettali.com\/wp-content\/uploads\/2023\/03\/stade-Me-Abdoulaye-Wade.jpeg","width":600,"height":450},{"@type":"WebPage","@id":"https:\/\/www.nettali.com\/2023\/03\/11\/en-coulisses-le-stade-abdoulaye-wade-de-diamniadio-se-meurt\/#webpage","url":"https:\/\/www.nettali.com\/2023\/03\/11\/en-coulisses-le-stade-abdoulaye-wade-de-diamniadio-se-meurt\/","name":"EN COULISSES - Le stade Abdoulaye Wade de Diamniadio se meurt | Nettali.com","isPartOf":{"@id":"https:\/\/www.nettali.com\/#website"},"primaryImageOfPage":{"@id":"https:\/\/www.nettali.com\/2023\/03\/11\/en-coulisses-le-stade-abdoulaye-wade-de-diamniadio-se-meurt\/#primaryimage"},"datePublished":"2023-03-11T09:15:37+00:00","dateModified":"2023-03-11T10:19:25+00:00","author":{"@id":"https:\/\/www.nettali.com\/#\/schema\/person\/3317e0bb3aa1da309fbf7b2780901bf4"},"breadcrumb":{"@id":"https:\/\/www.nettali.com\/2023\/03\/11\/en-coulisses-le-stade-abdoulaye-wade-de-diamniadio-se-meurt\/#breadcrumb"},"inLanguage":"fr-FR","potentialAction":[{"@type":"ReadAction","target":["https:\/\/www.nettali.com\/2023\/03\/11\/en-coulisses-le-stade-abdoulaye-wade-de-diamniadio-se-meurt\/"]}]},{"@type":"BreadcrumbList","@id":"https:\/\/www.nettali.com\/2023\/03\/11\/en-coulisses-le-stade-abdoulaye-wade-de-diamniadio-se-meurt\/#breadcrumb","itemListElement":[{"@type":"ListItem","position":1,"name":"Accueil","item":"https:\/\/www.nettali.com\/"},{"@type":"ListItem","position":2,"name":"EN COULISSES - Le stade Abdoulaye Wade de Diamniadio se meurt"}]},{"@type":"Person","@id":"https:\/\/www.nettali.com\/#\/schema\/person\/3317e0bb3aa1da309fbf7b2780901bf4","name":"Daouda","image":{"@type":"ImageObject","@id":"https:\/\/www.nettali.com\/#personlogo","inLanguage":"fr-FR","url":"https:\/\/secure.gravatar.com\/avatar\/8d143b5a49345098ddcfee1c49c2f47c?s=96&d=mm&r=g","contentUrl":"https:\/\/secure.gravatar.com\/avatar\/8d143b5a49345098ddcfee1c49c2f47c?s=96&d=mm&r=g","caption":"Daouda"},"sameAs":["https:\/\/www.nettali.com"]}]}},"_links":{"self":[{"href":"https:\/\/www.nettali.com\/rest\/wp\/v2\/posts\/105860"}],"collection":[{"href":"https:\/\/www.nettali.com\/rest\/wp\/v2\/posts"}],"about":[{"href":"https:\/\/www.nettali.com\/rest\/wp\/v2\/types\/post"}],"author":[{"embeddable":true,"href":"https:\/\/www.nettali.com\/rest\/wp\/v2\/users\/4"}],"replies":[{"embeddable":true,"href":"https:\/\/www.nettali.com\/rest\/wp\/v2\/comments?post=105860"}],"version-history":[{"count":3,"href":"https:\/\/www.nettali.com\/rest\/wp\/v2\/posts\/105860\/revisions"}],"predecessor-version":[{"id":105879,"href":"https:\/\/www.nettali.com\/rest\/wp\/v2\/posts\/105860\/revisions\/105879"}],"wp:featuredmedia":[{"embeddable":true,"href":"https:\/\/www.nettali.com\/rest\/wp\/v2\/media\/105863"}],"wp:attachment":[{"href":"https:\/\/www.nettali.com\/rest\/wp\/v2\/media?parent=105860"}],"wp:term":[{"taxonomy":"category","embeddable":true,"href":"https:\/\/www.nettali.com\/rest\/wp\/v2\/categories?post=105860"},{"taxonomy":"post_tag","embeddable":true,"href":"https:\/\/www.nettali.com\/rest\/wp\/v2\/tags?post=105860"}],"curies":[{"name":"wp","href":"https:\/\/api.w.org\/{rel}","templated":true}]}}