{"id":105757,"date":"2023-03-10T08:27:17","date_gmt":"2023-03-10T08:27:17","guid":{"rendered":"https:\/\/www.nettali.com\/?p=105757"},"modified":"2023-03-10T11:38:24","modified_gmt":"2023-03-10T11:38:24","slug":"mois-dont-1-mois-ferme-elle-avait-bouscule-sa-grand-mere-de-90-ans-et-lui-avait-fracture-la-hanche","status":"publish","type":"post","link":"https:\/\/www.nettali.com\/2023\/03\/10\/mois-dont-1-mois-ferme-elle-avait-bouscule-sa-grand-mere-de-90-ans-et-lui-avait-fracture-la-hanche\/","title":{"rendered":"6 MOIS DONT 1 MOIS FERME - Elle avait bouscul\u00e9 sa grand-m\u00e8re de 90 ans et lui avait fractur\u00e9 la hanche"},"content":{"rendered":"<p>NETTALI.COM-\u00a0<strong>Aminata Ciss\u00e9, \u00e2g\u00e9e de 2O hivernages a \u00e9t\u00e9 jug\u00e9e et condamn\u00e9e par le tribunal des flagrants d\u00e9lits de Dakar \u00e0 une peine de 6 mois dont 1 mois ferme pour coups et blessures volontaires. La demoiselle a bouscul\u00e9 sa grand-m\u00e8re de 90 ans et lui a fractur\u00e9 la hanche.<\/strong><\/p>\n<p>La vingtaine consomm\u00e9e, A Ciss\u00e9 n\u2019aura pas la b\u00e9n\u00e9diction de sa grand-m\u00e8re. Entre les deux, c\u2019est \u00ab je t\u2019aime, moi non plus \u00bb. Une rivalit\u00e9 qui a failli virer au drame. Pour cause, la demoiselle a fractur\u00e9 la hanche de sa grand-m\u00e8re de 90 ans en la bousculant.\u00a0 C\u2019est d\u2019ailleurs ce qui a valu \u00e0 la demoiselle sa comparution devant le tribunal des flagrants d\u00e9lits de Dakar pour coups et blessures volontaires ayant entra\u00een\u00e9 une incapacit\u00e9 temporaire de travail de 90 jours. Invit\u00e9e \u00e0 s\u2019expliquer sur les faits qui sont reproch\u00e9s, la jeune fille ne les a pas reconnus int\u00e9gralement. Elle a sembl\u00e9 jet\u00e9 la responsabilit\u00e9 sur la nonag\u00e9naire qui, d\u2019apr\u00e8s ses dires, voue une haine visc\u00e9rale \u00e0 sa m\u00e8re et ne cesse de la provoquer.\u00a0 A l\u2019en croire, sa grand-m\u00e8re menace m\u00eame de tuer cette derni\u00e8re. \u00ab <em>Chaque jour, elle la provoque en lan\u00e7ant des pierres dans sa chambre. Elle l'injurie copieusement<\/em> \u00bb, a confi\u00e9 la pr\u00e9venue pour d\u00e9noncer l\u2019attitude provocatrice de sa grand-m\u00e8re.<\/p>\n<p>Avant d\u2019ajouter : \u00ab <em>j\u2019ai tout fait pour l\u2019\u00e9viter. Mais tenace qu\u2019elle est, elle s\u2019est introduite dans la chambre avec un gourdin et a voulu me frapper. Je l\u2019ai repouss\u00e9e et elle est tomb\u00e9e. Apr\u00e8s sa chute, elle s\u2019est lev\u00e9e avant de rejoindre sa chambre toute seule. Je ne pense pas \u00eatre \u00e0 l\u2019origine de sa fracture<\/em> \u00bb.<\/p>\n<p>A la question du juge de savoir si elle trouve normal son acte, la pr\u00e9venue campe sur sa position en r\u00e9it\u00e9rant que la plaignante ne cesse d\u2019attaquer sa m\u00e8re et a m\u00eame menac\u00e9 de la tuer. \u00a0\u00ab <em>Ce n\u2019est pas \u00e0 vous de r\u00e9gler le diff\u00e9rend qui oppose votre m\u00e8re \u00e0 votre grand-m\u00e8re<\/em> \u00bb, lui recadre le juge tout en lui rappelant qu\u2019elle est d\u00e9crite dans la proc\u00e9dure comme une personne belliqueuse qui ne s\u2019entend avec personne chez elle.<\/p>\n<p>Le conseil de la partie civile a r\u00e9clam\u00e9 la somme de 5.000.000F CFA pour d\u00e9dommager la vieille dame qui est intern\u00e9e \u00e0 l\u2019h\u00f4pital r\u00e9gional de Thi\u00e8s depuis lors.<\/p>\n<p>Le parquet a requis l\u2019application de la loi p\u00e9nale. Mais, le tribunal a reconnu Aminata Ciss coupable. Il l'a condamn\u00e9e \u00e0 six mois dont un mois ferme. La jeune fille est contrainte d\u2019allouer \u00e0 sa grand-m\u00e8re la somme de 1.000.000 F CFA au titre de dommages et int\u00e9r\u00eats.<\/p>\n<div class='share-to-whatsapp-wrapper'><div class='share-on-whsp'>PARTAGER SUR : <\/div><a data-text='6 MOIS DONT 1 MOIS FERME - Elle avait bouscul\u00e9 sa grand-m\u00e8re de 90 ans et lui avait fractur\u00e9 la hanche' data-link='https:\/\/www.nettali.com\/2023\/03\/10\/mois-dont-1-mois-ferme-elle-avait-bouscule-sa-grand-mere-de-90-ans-et-lui-avait-fracture-la-hanche\/' class='whatsapp-button whatsapp-share'>WhatsApp<\/a><div class='clear '><\/div><\/div>","protected":false},"excerpt":{"rendered":"<p>NETTALI.COM-\u00a0Aminata Ciss\u00e9, \u00e2g\u00e9e de 2O hivernages a \u00e9t\u00e9 jug\u00e9e et condamn\u00e9e par le tribunal des flagrants d\u00e9lits de Dakar \u00e0 une peine de 6 mois dont 1 mois ferme pour coups et blessures volontaires. La demoiselle a bouscul\u00e9 sa grand-m\u00e8re de 90 ans et lui a fractur\u00e9 la hanche. La vingtaine consomm\u00e9e, A Ciss\u00e9 n\u2019aura [&hellip;]<\/p>\n","protected":false},"author":6,"featured_media":95498,"comment_status":"open","ping_status":"open","sticky":false,"template":"","format":"standard","meta":{"_et_pb_use_builder":"","_et_pb_old_content":""},"categories":[3],"tags":[],"yoast_head":"<!-- This site is optimized with the Yoast SEO Premium plugin v17.8 (Yoast SEO v17.8) - https:\/\/yoast.com\/wordpress\/plugins\/seo\/ -->\n<title>6 MOIS DONT 1 MOIS FERME - Elle avait bouscul\u00e9 sa grand-m\u00e8re de 90 ans et lui avait fractur\u00e9 la hanche | Nettali.com<\/title>\n<meta name=\"robots\" content=\"index, follow, max-snippet:-1, max-image-preview:large, max-video-preview:-1\" \/>\n<link rel=\"canonical\" href=\"https:\/\/www.nettali.com\/2023\/03\/10\/mois-dont-1-mois-ferme-elle-avait-bouscule-sa-grand-mere-de-90-ans-et-lui-avait-fracture-la-hanche\/\" \/>\n<meta property=\"og:locale\" content=\"fr_FR\" \/>\n<meta property=\"og:type\" content=\"article\" \/>\n<meta property=\"og:title\" content=\"6 MOIS DONT 1 MOIS FERME - Elle avait bouscul\u00e9 sa grand-m\u00e8re de 90 ans et lui avait fractur\u00e9 la hanche\" \/>\n<meta property=\"og:description\" content=\"NETTALI.COM-\u00a0Aminata Ciss\u00e9, \u00e2g\u00e9e de 2O hivernages a \u00e9t\u00e9 jug\u00e9e et condamn\u00e9e par le tribunal des flagrants d\u00e9lits de Dakar \u00e0 une peine de 6 mois dont 1 mois ferme pour coups et blessures volontaires. La demoiselle a bouscul\u00e9 sa grand-m\u00e8re de 90 ans et lui a fractur\u00e9 la hanche. La vingtaine consomm\u00e9e, A Ciss\u00e9 n\u2019aura [&hellip;]\" \/>\n<meta property=\"og:url\" content=\"https:\/\/www.nettali.com\/2023\/03\/10\/mois-dont-1-mois-ferme-elle-avait-bouscule-sa-grand-mere-de-90-ans-et-lui-avait-fracture-la-hanche\/\" \/>\n<meta property=\"og:site_name\" content=\"Nettali.com\" \/>\n<meta property=\"article:publisher\" content=\"https:\/\/www.facebook.com\/nettalicom\" \/>\n<meta property=\"article:published_time\" content=\"2023-03-10T08:27:17+00:00\" \/>\n<meta property=\"article:modified_time\" content=\"2023-03-10T11:38:24+00:00\" \/>\n<meta property=\"og:image\" content=\"https:\/\/www.nettali.com\/wp-content\/uploads\/2022\/10\/palais-de-justice_1.jpg\" \/>\n\t<meta property=\"og:image:width\" content=\"640\" \/>\n\t<meta property=\"og:image:height\" content=\"427\" \/>\n<meta name=\"twitter:card\" content=\"summary_large_image\" \/>\n<meta name=\"twitter:label1\" content=\"\u00c9crit par\" \/>\n\t<meta name=\"twitter:data1\" content=\"Fatou\" \/>\n\t<meta name=\"twitter:label2\" content=\"Dur\u00e9e de lecture estim\u00e9e\" \/>\n\t<meta name=\"twitter:data2\" content=\"3 minutes\" \/>\n<script type=\"application\/ld+json\" class=\"yoast-schema-graph\">{\"@context\":\"https:\/\/schema.org\",\"@graph\":[{\"@type\":\"WebSite\",\"@id\":\"https:\/\/www.nettali.com\/#website\",\"url\":\"https:\/\/www.nettali.com\/\",\"name\":\"Nettali.com\",\"description\":\"Le rendez-vous critique du Net\",\"potentialAction\":[{\"@type\":\"SearchAction\",\"target\":{\"@type\":\"EntryPoint\",\"urlTemplate\":\"https:\/\/www.nettali.com\/?s={search_term_string}\"},\"query-input\":\"required name=search_term_string\"}],\"inLanguage\":\"fr-FR\"},{\"@type\":\"ImageObject\",\"@id\":\"https:\/\/www.nettali.com\/2023\/03\/10\/mois-dont-1-mois-ferme-elle-avait-bouscule-sa-grand-mere-de-90-ans-et-lui-avait-fracture-la-hanche\/#primaryimage\",\"inLanguage\":\"fr-FR\",\"url\":\"https:\/\/www.nettali.com\/wp-content\/uploads\/2022\/10\/palais-de-justice_1.jpg\",\"contentUrl\":\"https:\/\/www.nettali.com\/wp-content\/uploads\/2022\/10\/palais-de-justice_1.jpg\",\"width\":640,\"height\":427},{\"@type\":\"WebPage\",\"@id\":\"https:\/\/www.nettali.com\/2023\/03\/10\/mois-dont-1-mois-ferme-elle-avait-bouscule-sa-grand-mere-de-90-ans-et-lui-avait-fracture-la-hanche\/#webpage\",\"url\":\"https:\/\/www.nettali.com\/2023\/03\/10\/mois-dont-1-mois-ferme-elle-avait-bouscule-sa-grand-mere-de-90-ans-et-lui-avait-fracture-la-hanche\/\",\"name\":\"6 MOIS DONT 1 MOIS FERME - Elle avait bouscul\\u00e9 sa grand-m\\u00e8re de 90 ans et lui avait fractur\\u00e9 la hanche | Nettali.com\",\"isPartOf\":{\"@id\":\"https:\/\/www.nettali.com\/#website\"},\"primaryImageOfPage\":{\"@id\":\"https:\/\/www.nettali.com\/2023\/03\/10\/mois-dont-1-mois-ferme-elle-avait-bouscule-sa-grand-mere-de-90-ans-et-lui-avait-fracture-la-hanche\/#primaryimage\"},\"datePublished\":\"2023-03-10T08:27:17+00:00\",\"dateModified\":\"2023-03-10T11:38:24+00:00\",\"author\":{\"@id\":\"https:\/\/www.nettali.com\/#\/schema\/person\/418274a86bdf87caff7a3ef476bd0bbf\"},\"breadcrumb\":{\"@id\":\"https:\/\/www.nettali.com\/2023\/03\/10\/mois-dont-1-mois-ferme-elle-avait-bouscule-sa-grand-mere-de-90-ans-et-lui-avait-fracture-la-hanche\/#breadcrumb\"},\"inLanguage\":\"fr-FR\",\"potentialAction\":[{\"@type\":\"ReadAction\",\"target\":[\"https:\/\/www.nettali.com\/2023\/03\/10\/mois-dont-1-mois-ferme-elle-avait-bouscule-sa-grand-mere-de-90-ans-et-lui-avait-fracture-la-hanche\/\"]}]},{\"@type\":\"BreadcrumbList\",\"@id\":\"https:\/\/www.nettali.com\/2023\/03\/10\/mois-dont-1-mois-ferme-elle-avait-bouscule-sa-grand-mere-de-90-ans-et-lui-avait-fracture-la-hanche\/#breadcrumb\",\"itemListElement\":[{\"@type\":\"ListItem\",\"position\":1,\"name\":\"Accueil\",\"item\":\"https:\/\/www.nettali.com\/\"},{\"@type\":\"ListItem\",\"position\":2,\"name\":\"6 MOIS DONT 1 MOIS FERME - Elle avait bouscul\\u00e9 sa grand-m\\u00e8re de 90 ans et lui avait fractur\\u00e9 la hanche\"}]},{\"@type\":\"Person\",\"@id\":\"https:\/\/www.nettali.com\/#\/schema\/person\/418274a86bdf87caff7a3ef476bd0bbf\",\"name\":\"Fatou\",\"image\":{\"@type\":\"ImageObject\",\"@id\":\"https:\/\/www.nettali.com\/#personlogo\",\"inLanguage\":\"fr-FR\",\"url\":\"https:\/\/secure.gravatar.com\/avatar\/5a9442a2bee7b4dcf167cab035858e9a?s=96&d=mm&r=g\",\"contentUrl\":\"https:\/\/secure.gravatar.com\/avatar\/5a9442a2bee7b4dcf167cab035858e9a?s=96&d=mm&r=g\",\"caption\":\"Fatou\"},\"sameAs\":[\"https:\/\/www.nettali.com\"]}]}<\/script>\n<!-- \/ Yoast SEO Premium plugin. -->","yoast_head_json":{"title":"6 MOIS DONT 1 MOIS FERME - Elle avait bouscul\u00e9 sa grand-m\u00e8re de 90 ans et lui avait fractur\u00e9 la hanche | Nettali.com","robots":{"index":"index","follow":"follow","max-snippet":"max-snippet:-1","max-image-preview":"max-image-preview:large","max-video-preview":"max-video-preview:-1"},"canonical":"https:\/\/www.nettali.com\/2023\/03\/10\/mois-dont-1-mois-ferme-elle-avait-bouscule-sa-grand-mere-de-90-ans-et-lui-avait-fracture-la-hanche\/","og_locale":"fr_FR","og_type":"article","og_title":"6 MOIS DONT 1 MOIS FERME - Elle avait bouscul\u00e9 sa grand-m\u00e8re de 90 ans et lui avait fractur\u00e9 la hanche","og_description":"NETTALI.COM-\u00a0Aminata Ciss\u00e9, \u00e2g\u00e9e de 2O hivernages a \u00e9t\u00e9 jug\u00e9e et condamn\u00e9e par le tribunal des flagrants d\u00e9lits de Dakar \u00e0 une peine de 6 mois dont 1 mois ferme pour coups et blessures volontaires. La demoiselle a bouscul\u00e9 sa grand-m\u00e8re de 90 ans et lui a fractur\u00e9 la hanche. La vingtaine consomm\u00e9e, A Ciss\u00e9 n\u2019aura [&hellip;]","og_url":"https:\/\/www.nettali.com\/2023\/03\/10\/mois-dont-1-mois-ferme-elle-avait-bouscule-sa-grand-mere-de-90-ans-et-lui-avait-fracture-la-hanche\/","og_site_name":"Nettali.com","article_publisher":"https:\/\/www.facebook.com\/nettalicom","article_published_time":"2023-03-10T08:27:17+00:00","article_modified_time":"2023-03-10T11:38:24+00:00","og_image":[{"width":640,"height":427,"url":"https:\/\/www.nettali.com\/wp-content\/uploads\/2022\/10\/palais-de-justice_1.jpg","type":"image\/jpeg"}],"twitter_card":"summary_large_image","twitter_misc":{"\u00c9crit par":"Fatou","Dur\u00e9e de lecture estim\u00e9e":"3 minutes"},"schema":{"@context":"https:\/\/schema.org","@graph":[{"@type":"WebSite","@id":"https:\/\/www.nettali.com\/#website","url":"https:\/\/www.nettali.com\/","name":"Nettali.com","description":"Le rendez-vous critique du Net","potentialAction":[{"@type":"SearchAction","target":{"@type":"EntryPoint","urlTemplate":"https:\/\/www.nettali.com\/?s={search_term_string}"},"query-input":"required name=search_term_string"}],"inLanguage":"fr-FR"},{"@type":"ImageObject","@id":"https:\/\/www.nettali.com\/2023\/03\/10\/mois-dont-1-mois-ferme-elle-avait-bouscule-sa-grand-mere-de-90-ans-et-lui-avait-fracture-la-hanche\/#primaryimage","inLanguage":"fr-FR","url":"https:\/\/www.nettali.com\/wp-content\/uploads\/2022\/10\/palais-de-justice_1.jpg","contentUrl":"https:\/\/www.nettali.com\/wp-content\/uploads\/2022\/10\/palais-de-justice_1.jpg","width":640,"height":427},{"@type":"WebPage","@id":"https:\/\/www.nettali.com\/2023\/03\/10\/mois-dont-1-mois-ferme-elle-avait-bouscule-sa-grand-mere-de-90-ans-et-lui-avait-fracture-la-hanche\/#webpage","url":"https:\/\/www.nettali.com\/2023\/03\/10\/mois-dont-1-mois-ferme-elle-avait-bouscule-sa-grand-mere-de-90-ans-et-lui-avait-fracture-la-hanche\/","name":"6 MOIS DONT 1 MOIS FERME - Elle avait bouscul\u00e9 sa grand-m\u00e8re de 90 ans et lui avait fractur\u00e9 la hanche | Nettali.com","isPartOf":{"@id":"https:\/\/www.nettali.com\/#website"},"primaryImageOfPage":{"@id":"https:\/\/www.nettali.com\/2023\/03\/10\/mois-dont-1-mois-ferme-elle-avait-bouscule-sa-grand-mere-de-90-ans-et-lui-avait-fracture-la-hanche\/#primaryimage"},"datePublished":"2023-03-10T08:27:17+00:00","dateModified":"2023-03-10T11:38:24+00:00","author":{"@id":"https:\/\/www.nettali.com\/#\/schema\/person\/418274a86bdf87caff7a3ef476bd0bbf"},"breadcrumb":{"@id":"https:\/\/www.nettali.com\/2023\/03\/10\/mois-dont-1-mois-ferme-elle-avait-bouscule-sa-grand-mere-de-90-ans-et-lui-avait-fracture-la-hanche\/#breadcrumb"},"inLanguage":"fr-FR","potentialAction":[{"@type":"ReadAction","target":["https:\/\/www.nettali.com\/2023\/03\/10\/mois-dont-1-mois-ferme-elle-avait-bouscule-sa-grand-mere-de-90-ans-et-lui-avait-fracture-la-hanche\/"]}]},{"@type":"BreadcrumbList","@id":"https:\/\/www.nettali.com\/2023\/03\/10\/mois-dont-1-mois-ferme-elle-avait-bouscule-sa-grand-mere-de-90-ans-et-lui-avait-fracture-la-hanche\/#breadcrumb","itemListElement":[{"@type":"ListItem","position":1,"name":"Accueil","item":"https:\/\/www.nettali.com\/"},{"@type":"ListItem","position":2,"name":"6 MOIS DONT 1 MOIS FERME - Elle avait bouscul\u00e9 sa grand-m\u00e8re de 90 ans et lui avait fractur\u00e9 la hanche"}]},{"@type":"Person","@id":"https:\/\/www.nettali.com\/#\/schema\/person\/418274a86bdf87caff7a3ef476bd0bbf","name":"Fatou","image":{"@type":"ImageObject","@id":"https:\/\/www.nettali.com\/#personlogo","inLanguage":"fr-FR","url":"https:\/\/secure.gravatar.com\/avatar\/5a9442a2bee7b4dcf167cab035858e9a?s=96&d=mm&r=g","contentUrl":"https:\/\/secure.gravatar.com\/avatar\/5a9442a2bee7b4dcf167cab035858e9a?s=96&d=mm&r=g","caption":"Fatou"},"sameAs":["https:\/\/www.nettali.com"]}]}},"_links":{"self":[{"href":"https:\/\/www.nettali.com\/rest\/wp\/v2\/posts\/105757"}],"collection":[{"href":"https:\/\/www.nettali.com\/rest\/wp\/v2\/posts"}],"about":[{"href":"https:\/\/www.nettali.com\/rest\/wp\/v2\/types\/post"}],"author":[{"embeddable":true,"href":"https:\/\/www.nettali.com\/rest\/wp\/v2\/users\/6"}],"replies":[{"embeddable":true,"href":"https:\/\/www.nettali.com\/rest\/wp\/v2\/comments?post=105757"}],"version-history":[{"count":4,"href":"https:\/\/www.nettali.com\/rest\/wp\/v2\/posts\/105757\/revisions"}],"predecessor-version":[{"id":105812,"href":"https:\/\/www.nettali.com\/rest\/wp\/v2\/posts\/105757\/revisions\/105812"}],"wp:featuredmedia":[{"embeddable":true,"href":"https:\/\/www.nettali.com\/rest\/wp\/v2\/media\/95498"}],"wp:attachment":[{"href":"https:\/\/www.nettali.com\/rest\/wp\/v2\/media?parent=105757"}],"wp:term":[{"taxonomy":"category","embeddable":true,"href":"https:\/\/www.nettali.com\/rest\/wp\/v2\/categories?post=105757"},{"taxonomy":"post_tag","embeddable":true,"href":"https:\/\/www.nettali.com\/rest\/wp\/v2\/tags?post=105757"}],"curies":[{"name":"wp","href":"https:\/\/api.w.org\/{rel}","templated":true}]}}