{"id":105697,"date":"2023-03-09T08:38:41","date_gmt":"2023-03-09T08:38:41","guid":{"rendered":"https:\/\/www.nettali.com\/?p=105697"},"modified":"2023-03-09T09:01:06","modified_gmt":"2023-03-09T09:01:06","slug":"en-coulisses-la-liberation-de-papis-diaw-de-la-tfm-fait-jaser","status":"publish","type":"post","link":"https:\/\/www.nettali.com\/2023\/03\/09\/en-coulisses-la-liberation-de-papis-diaw-de-la-tfm-fait-jaser\/","title":{"rendered":"EN COULISSES - La lib\u00e9ration de Papis Diaw de la TFM fait jaser"},"content":{"rendered":"<div class=\"x11i5rnm xat24cr x1mh8g0r x1vvkbs xdj266r x126k92a\">\n<div dir=\"auto\"><strong>NETTALI.COM -<\/strong> Ils sont nombreux \u00e0 crier \u00e0 une justice \u00e0 deux vitesses sur les r\u00e9seaux, apr\u00e8s le placement sous mandat de d\u00e9p\u00f4t de Pape Ndiaye, journaliste de Walfadji, inculp\u00e9 pour 6 chefs d'accusation, au moment o\u00f9 son confr\u00e8re de la Tfm, Mouhammadou Papis Diaw, a b\u00e9n\u00e9fici\u00e9 d'une libert\u00e9 provisoire.<\/div>\n<div dir=\"auto\"><\/div>\n<div dir=\"auto\">Arr\u00eat\u00e9 par la police de \"Jaxaay\" puis plac\u00e9 en garde \u00e0 vue pour conduite en \u00e9tat d'\u00e9bri\u00e9t\u00e9, blessures involontaires et mise en danger de la vie d'autrui, Papis Diaw a \u00e9t\u00e9 lib\u00e9r\u00e9 apr\u00e8s sa conduite au parquet.<\/div>\n<div dir=\"auto\"><\/div>\n<div dir=\"auto\">Ce qui sonne mal aux oreilles de certains qui n'ont pas tard\u00e9 \u00e0 faire la comparaison pour d\u00e9noncer une justice \u00e0 double vitesse.<\/div>\n<\/div>\n<div class=\"x11i5rnm xat24cr x1mh8g0r x1vvkbs xtlvy1s x126k92a\">\n<div dir=\"auto\">Pape Ndiaye, \"<em>journaliste d'un m\u00e9dia ind\u00e9pendant\" [Walfadjri], est en prison pour avoir critiqu\u00e9 une d\u00e9cision de justice au nom de la libert\u00e9 d'expression\"<\/em>.<\/div>\n<div dir=\"auto\"><\/div>\n<div dir=\"auto\">Alors que Papis Diaw, \"<em>journaliste d'un m\u00e9dia partisan<\/em>\" [TFM], coupable de conduite en \u00e9tat d'\u00e9bri\u00e9t\u00e9 et d'un accident grave, a \u00e9t\u00e9 lib\u00e9r\u00e9, laisse-t-on entendre.<\/div>\n<div dir=\"auto\"><\/div>\n<div dir=\"auto\">Des types de d\u00e9cisions, si l'on en croit certains qui poussent les population \u00e0 avoir la perception selon laquelle la justice est rendue en fonction des accointances avec le pouvoir ou non.<\/div>\n<\/div>\n<div class='share-to-whatsapp-wrapper'><div class='share-on-whsp'>PARTAGER SUR : <\/div><a data-text='EN COULISSES - La lib\u00e9ration de Papis Diaw de la TFM fait jaser' data-link='https:\/\/www.nettali.com\/2023\/03\/09\/en-coulisses-la-liberation-de-papis-diaw-de-la-tfm-fait-jaser\/' class='whatsapp-button whatsapp-share'>WhatsApp<\/a><div class='clear '><\/div><\/div>","protected":false},"excerpt":{"rendered":"<p>NETTALI.COM - Ils sont nombreux \u00e0 crier \u00e0 une justice \u00e0 deux vitesses sur les r\u00e9seaux, apr\u00e8s le placement sous mandat de d\u00e9p\u00f4t de Pape Ndiaye, journaliste de Walfadji, inculp\u00e9 pour 6 chefs d'accusation, au moment o\u00f9 son confr\u00e8re de la Tfm, Mouhammadou Papis Diaw, a b\u00e9n\u00e9fici\u00e9 d'une libert\u00e9 provisoire. Arr\u00eat\u00e9 par la police de [&hellip;]<\/p>\n","protected":false},"author":4,"featured_media":105706,"comment_status":"open","ping_status":"open","sticky":false,"template":"","format":"standard","meta":{"_et_pb_use_builder":"","_et_pb_old_content":""},"categories":[34945],"tags":[],"yoast_head":"<!-- This site is optimized with the Yoast SEO Premium plugin v17.8 (Yoast SEO v17.8) - https:\/\/yoast.com\/wordpress\/plugins\/seo\/ -->\n<title>EN COULISSES - La lib\u00e9ration de Papis Diaw de la TFM fait jaser | Nettali.com<\/title>\n<meta name=\"robots\" content=\"index, follow, max-snippet:-1, max-image-preview:large, max-video-preview:-1\" \/>\n<link rel=\"canonical\" href=\"https:\/\/www.nettali.com\/2023\/03\/09\/en-coulisses-la-liberation-de-papis-diaw-de-la-tfm-fait-jaser\/\" \/>\n<meta property=\"og:locale\" content=\"fr_FR\" \/>\n<meta property=\"og:type\" content=\"article\" \/>\n<meta property=\"og:title\" content=\"EN COULISSES - La lib\u00e9ration de Papis Diaw de la TFM fait jaser\" \/>\n<meta property=\"og:description\" content=\"NETTALI.COM - Ils sont nombreux \u00e0 crier \u00e0 une justice \u00e0 deux vitesses sur les r\u00e9seaux, apr\u00e8s le placement sous mandat de d\u00e9p\u00f4t de Pape Ndiaye, journaliste de Walfadji, inculp\u00e9 pour 6 chefs d&#039;accusation, au moment o\u00f9 son confr\u00e8re de la Tfm, Mouhammadou Papis Diaw, a b\u00e9n\u00e9fici\u00e9 d&#039;une libert\u00e9 provisoire. Arr\u00eat\u00e9 par la police de [&hellip;]\" \/>\n<meta property=\"og:url\" content=\"https:\/\/www.nettali.com\/2023\/03\/09\/en-coulisses-la-liberation-de-papis-diaw-de-la-tfm-fait-jaser\/\" \/>\n<meta property=\"og:site_name\" content=\"Nettali.com\" \/>\n<meta property=\"article:publisher\" content=\"https:\/\/www.facebook.com\/nettalicom\" \/>\n<meta property=\"article:published_time\" content=\"2023-03-09T08:38:41+00:00\" \/>\n<meta property=\"article:modified_time\" content=\"2023-03-09T09:01:06+00:00\" \/>\n<meta property=\"og:image\" content=\"https:\/\/www.nettali.com\/wp-content\/uploads\/2023\/03\/papis-pape.jpeg\" \/>\n\t<meta property=\"og:image:width\" content=\"618\" \/>\n\t<meta property=\"og:image:height\" content=\"518\" \/>\n<meta name=\"twitter:card\" content=\"summary_large_image\" \/>\n<meta name=\"twitter:label1\" content=\"\u00c9crit par\" \/>\n\t<meta name=\"twitter:data1\" content=\"Daouda\" \/>\n\t<meta name=\"twitter:label2\" content=\"Dur\u00e9e de lecture estim\u00e9e\" \/>\n\t<meta name=\"twitter:data2\" content=\"1 minute\" \/>\n<script type=\"application\/ld+json\" class=\"yoast-schema-graph\">{\"@context\":\"https:\/\/schema.org\",\"@graph\":[{\"@type\":\"WebSite\",\"@id\":\"https:\/\/www.nettali.com\/#website\",\"url\":\"https:\/\/www.nettali.com\/\",\"name\":\"Nettali.com\",\"description\":\"Le rendez-vous critique du Net\",\"potentialAction\":[{\"@type\":\"SearchAction\",\"target\":{\"@type\":\"EntryPoint\",\"urlTemplate\":\"https:\/\/www.nettali.com\/?s={search_term_string}\"},\"query-input\":\"required name=search_term_string\"}],\"inLanguage\":\"fr-FR\"},{\"@type\":\"ImageObject\",\"@id\":\"https:\/\/www.nettali.com\/2023\/03\/09\/en-coulisses-la-liberation-de-papis-diaw-de-la-tfm-fait-jaser\/#primaryimage\",\"inLanguage\":\"fr-FR\",\"url\":\"https:\/\/www.nettali.com\/wp-content\/uploads\/2023\/03\/papis-pape.jpeg\",\"contentUrl\":\"https:\/\/www.nettali.com\/wp-content\/uploads\/2023\/03\/papis-pape.jpeg\",\"width\":618,\"height\":518},{\"@type\":\"WebPage\",\"@id\":\"https:\/\/www.nettali.com\/2023\/03\/09\/en-coulisses-la-liberation-de-papis-diaw-de-la-tfm-fait-jaser\/#webpage\",\"url\":\"https:\/\/www.nettali.com\/2023\/03\/09\/en-coulisses-la-liberation-de-papis-diaw-de-la-tfm-fait-jaser\/\",\"name\":\"EN COULISSES - La lib\\u00e9ration de Papis Diaw de la TFM fait jaser | Nettali.com\",\"isPartOf\":{\"@id\":\"https:\/\/www.nettali.com\/#website\"},\"primaryImageOfPage\":{\"@id\":\"https:\/\/www.nettali.com\/2023\/03\/09\/en-coulisses-la-liberation-de-papis-diaw-de-la-tfm-fait-jaser\/#primaryimage\"},\"datePublished\":\"2023-03-09T08:38:41+00:00\",\"dateModified\":\"2023-03-09T09:01:06+00:00\",\"author\":{\"@id\":\"https:\/\/www.nettali.com\/#\/schema\/person\/3317e0bb3aa1da309fbf7b2780901bf4\"},\"breadcrumb\":{\"@id\":\"https:\/\/www.nettali.com\/2023\/03\/09\/en-coulisses-la-liberation-de-papis-diaw-de-la-tfm-fait-jaser\/#breadcrumb\"},\"inLanguage\":\"fr-FR\",\"potentialAction\":[{\"@type\":\"ReadAction\",\"target\":[\"https:\/\/www.nettali.com\/2023\/03\/09\/en-coulisses-la-liberation-de-papis-diaw-de-la-tfm-fait-jaser\/\"]}]},{\"@type\":\"BreadcrumbList\",\"@id\":\"https:\/\/www.nettali.com\/2023\/03\/09\/en-coulisses-la-liberation-de-papis-diaw-de-la-tfm-fait-jaser\/#breadcrumb\",\"itemListElement\":[{\"@type\":\"ListItem\",\"position\":1,\"name\":\"Accueil\",\"item\":\"https:\/\/www.nettali.com\/\"},{\"@type\":\"ListItem\",\"position\":2,\"name\":\"EN COULISSES - La lib\\u00e9ration de Papis Diaw de la TFM fait jaser\"}]},{\"@type\":\"Person\",\"@id\":\"https:\/\/www.nettali.com\/#\/schema\/person\/3317e0bb3aa1da309fbf7b2780901bf4\",\"name\":\"Daouda\",\"image\":{\"@type\":\"ImageObject\",\"@id\":\"https:\/\/www.nettali.com\/#personlogo\",\"inLanguage\":\"fr-FR\",\"url\":\"https:\/\/secure.gravatar.com\/avatar\/8d143b5a49345098ddcfee1c49c2f47c?s=96&d=mm&r=g\",\"contentUrl\":\"https:\/\/secure.gravatar.com\/avatar\/8d143b5a49345098ddcfee1c49c2f47c?s=96&d=mm&r=g\",\"caption\":\"Daouda\"},\"sameAs\":[\"https:\/\/www.nettali.com\"]}]}<\/script>\n<!-- \/ Yoast SEO Premium plugin. -->","yoast_head_json":{"title":"EN COULISSES - La lib\u00e9ration de Papis Diaw de la TFM fait jaser | Nettali.com","robots":{"index":"index","follow":"follow","max-snippet":"max-snippet:-1","max-image-preview":"max-image-preview:large","max-video-preview":"max-video-preview:-1"},"canonical":"https:\/\/www.nettali.com\/2023\/03\/09\/en-coulisses-la-liberation-de-papis-diaw-de-la-tfm-fait-jaser\/","og_locale":"fr_FR","og_type":"article","og_title":"EN COULISSES - La lib\u00e9ration de Papis Diaw de la TFM fait jaser","og_description":"NETTALI.COM - Ils sont nombreux \u00e0 crier \u00e0 une justice \u00e0 deux vitesses sur les r\u00e9seaux, apr\u00e8s le placement sous mandat de d\u00e9p\u00f4t de Pape Ndiaye, journaliste de Walfadji, inculp\u00e9 pour 6 chefs d'accusation, au moment o\u00f9 son confr\u00e8re de la Tfm, Mouhammadou Papis Diaw, a b\u00e9n\u00e9fici\u00e9 d'une libert\u00e9 provisoire. Arr\u00eat\u00e9 par la police de [&hellip;]","og_url":"https:\/\/www.nettali.com\/2023\/03\/09\/en-coulisses-la-liberation-de-papis-diaw-de-la-tfm-fait-jaser\/","og_site_name":"Nettali.com","article_publisher":"https:\/\/www.facebook.com\/nettalicom","article_published_time":"2023-03-09T08:38:41+00:00","article_modified_time":"2023-03-09T09:01:06+00:00","og_image":[{"width":618,"height":518,"url":"https:\/\/www.nettali.com\/wp-content\/uploads\/2023\/03\/papis-pape.jpeg","type":"image\/jpeg"}],"twitter_card":"summary_large_image","twitter_misc":{"\u00c9crit par":"Daouda","Dur\u00e9e de lecture estim\u00e9e":"1 minute"},"schema":{"@context":"https:\/\/schema.org","@graph":[{"@type":"WebSite","@id":"https:\/\/www.nettali.com\/#website","url":"https:\/\/www.nettali.com\/","name":"Nettali.com","description":"Le rendez-vous critique du Net","potentialAction":[{"@type":"SearchAction","target":{"@type":"EntryPoint","urlTemplate":"https:\/\/www.nettali.com\/?s={search_term_string}"},"query-input":"required name=search_term_string"}],"inLanguage":"fr-FR"},{"@type":"ImageObject","@id":"https:\/\/www.nettali.com\/2023\/03\/09\/en-coulisses-la-liberation-de-papis-diaw-de-la-tfm-fait-jaser\/#primaryimage","inLanguage":"fr-FR","url":"https:\/\/www.nettali.com\/wp-content\/uploads\/2023\/03\/papis-pape.jpeg","contentUrl":"https:\/\/www.nettali.com\/wp-content\/uploads\/2023\/03\/papis-pape.jpeg","width":618,"height":518},{"@type":"WebPage","@id":"https:\/\/www.nettali.com\/2023\/03\/09\/en-coulisses-la-liberation-de-papis-diaw-de-la-tfm-fait-jaser\/#webpage","url":"https:\/\/www.nettali.com\/2023\/03\/09\/en-coulisses-la-liberation-de-papis-diaw-de-la-tfm-fait-jaser\/","name":"EN COULISSES - La lib\u00e9ration de Papis Diaw de la TFM fait jaser | Nettali.com","isPartOf":{"@id":"https:\/\/www.nettali.com\/#website"},"primaryImageOfPage":{"@id":"https:\/\/www.nettali.com\/2023\/03\/09\/en-coulisses-la-liberation-de-papis-diaw-de-la-tfm-fait-jaser\/#primaryimage"},"datePublished":"2023-03-09T08:38:41+00:00","dateModified":"2023-03-09T09:01:06+00:00","author":{"@id":"https:\/\/www.nettali.com\/#\/schema\/person\/3317e0bb3aa1da309fbf7b2780901bf4"},"breadcrumb":{"@id":"https:\/\/www.nettali.com\/2023\/03\/09\/en-coulisses-la-liberation-de-papis-diaw-de-la-tfm-fait-jaser\/#breadcrumb"},"inLanguage":"fr-FR","potentialAction":[{"@type":"ReadAction","target":["https:\/\/www.nettali.com\/2023\/03\/09\/en-coulisses-la-liberation-de-papis-diaw-de-la-tfm-fait-jaser\/"]}]},{"@type":"BreadcrumbList","@id":"https:\/\/www.nettali.com\/2023\/03\/09\/en-coulisses-la-liberation-de-papis-diaw-de-la-tfm-fait-jaser\/#breadcrumb","itemListElement":[{"@type":"ListItem","position":1,"name":"Accueil","item":"https:\/\/www.nettali.com\/"},{"@type":"ListItem","position":2,"name":"EN COULISSES - La lib\u00e9ration de Papis Diaw de la TFM fait jaser"}]},{"@type":"Person","@id":"https:\/\/www.nettali.com\/#\/schema\/person\/3317e0bb3aa1da309fbf7b2780901bf4","name":"Daouda","image":{"@type":"ImageObject","@id":"https:\/\/www.nettali.com\/#personlogo","inLanguage":"fr-FR","url":"https:\/\/secure.gravatar.com\/avatar\/8d143b5a49345098ddcfee1c49c2f47c?s=96&d=mm&r=g","contentUrl":"https:\/\/secure.gravatar.com\/avatar\/8d143b5a49345098ddcfee1c49c2f47c?s=96&d=mm&r=g","caption":"Daouda"},"sameAs":["https:\/\/www.nettali.com"]}]}},"_links":{"self":[{"href":"https:\/\/www.nettali.com\/rest\/wp\/v2\/posts\/105697"}],"collection":[{"href":"https:\/\/www.nettali.com\/rest\/wp\/v2\/posts"}],"about":[{"href":"https:\/\/www.nettali.com\/rest\/wp\/v2\/types\/post"}],"author":[{"embeddable":true,"href":"https:\/\/www.nettali.com\/rest\/wp\/v2\/users\/4"}],"replies":[{"embeddable":true,"href":"https:\/\/www.nettali.com\/rest\/wp\/v2\/comments?post=105697"}],"version-history":[{"count":4,"href":"https:\/\/www.nettali.com\/rest\/wp\/v2\/posts\/105697\/revisions"}],"predecessor-version":[{"id":105710,"href":"https:\/\/www.nettali.com\/rest\/wp\/v2\/posts\/105697\/revisions\/105710"}],"wp:featuredmedia":[{"embeddable":true,"href":"https:\/\/www.nettali.com\/rest\/wp\/v2\/media\/105706"}],"wp:attachment":[{"href":"https:\/\/www.nettali.com\/rest\/wp\/v2\/media?parent=105697"}],"wp:term":[{"taxonomy":"category","embeddable":true,"href":"https:\/\/www.nettali.com\/rest\/wp\/v2\/categories?post=105697"},{"taxonomy":"post_tag","embeddable":true,"href":"https:\/\/www.nettali.com\/rest\/wp\/v2\/tags?post=105697"}],"curies":[{"name":"wp","href":"https:\/\/api.w.org\/{rel}","templated":true}]}}