{"id":105681,"date":"2023-03-09T07:49:01","date_gmt":"2023-03-09T07:49:01","guid":{"rendered":"https:\/\/www.nettali.com\/?p=105681"},"modified":"2023-03-09T07:49:01","modified_gmt":"2023-03-09T07:49:01","slug":"en-coulisses-les-nominations-en-conseil-des-ministres-2","status":"publish","type":"post","link":"https:\/\/www.nettali.com\/2023\/03\/09\/en-coulisses-les-nominations-en-conseil-des-ministres-2\/","title":{"rendered":"EN COULISSES - Les nominations en conseil des ministres"},"content":{"rendered":"<p><strong>NETTALI.COM -<\/strong> A l'issue du conseil des ministres de ce mercredi 8 mars, le Pr\u00e9sident de la R\u00e9publique a pris les d\u00e9cisions suivantes :<\/p>\n<p><strong>Mame Diarra DIOUF,<\/strong> Sp\u00e9cialiste en Marketing et gestion commerciale, est nomm\u00e9e Directeur des Loisirs, en remplacement de Madame Astou BEYE, appel\u00e9e \u00e0 d\u2019autres fonctions ;<\/p>\n<p><strong>Nicole Olga Edith MANSIS<\/strong>, Ing\u00e9nieur, pr\u00e9c\u00e9demment Conseiller technique au Cabinet du Ministre de la Microfinance et de l\u2019Economie sociale et solidaire, est nomm\u00e9e Directeur g\u00e9n\u00e9ral du Fonds National de la Microfinance, en remplacement de Monsieur Amadou Boudia GUEYE, appel\u00e9 \u00e0 d\u2019autres fonctions ;<\/p>\n<p><strong>Mohamet DIOP,<\/strong> Docteur en Economie, est nomm\u00e9 Directeur des Strat\u00e9gies et de la Prospective au Minist\u00e8re de la Microfinance et de l\u2019Economie sociale et solidaire ;<\/p>\n<p><strong>Amadou Aliou SARR,<\/strong> Expert en Microfinance, est nomm\u00e9 Directeur de la Microfinance et de l\u2019Inclusion financi\u00e8re ;<\/p>\n<p><strong>Ousmane SALL,<\/strong> Enseignant Chercheur, est nomm\u00e9 Professeur titulaire, sp\u00e9cialit\u00e9 informatique : option Web s\u00e9mantique \u00e0 l\u2019Universit\u00e9 num\u00e9rique Cheikh Hamidou KANE.<\/p>\n<p>&nbsp;<\/p>\n<div class='share-to-whatsapp-wrapper'><div class='share-on-whsp'>PARTAGER SUR : <\/div><a data-text='EN COULISSES - Les nominations en conseil des ministres' data-link='https:\/\/www.nettali.com\/2023\/03\/09\/en-coulisses-les-nominations-en-conseil-des-ministres-2\/' class='whatsapp-button whatsapp-share'>WhatsApp<\/a><div class='clear '><\/div><\/div>","protected":false},"excerpt":{"rendered":"<p>NETTALI.COM - A l'issue du conseil des ministres de ce mercredi 8 mars, le Pr\u00e9sident de la R\u00e9publique a pris les d\u00e9cisions suivantes : Mame Diarra DIOUF, Sp\u00e9cialiste en Marketing et gestion commerciale, est nomm\u00e9e Directeur des Loisirs, en remplacement de Madame Astou BEYE, appel\u00e9e \u00e0 d\u2019autres fonctions ; Nicole Olga Edith MANSIS, Ing\u00e9nieur, pr\u00e9c\u00e9demment [&hellip;]<\/p>\n","protected":false},"author":2,"featured_media":105684,"comment_status":"open","ping_status":"open","sticky":false,"template":"","format":"standard","meta":{"_et_pb_use_builder":"","_et_pb_old_content":""},"categories":[34945],"tags":[],"yoast_head":"<!-- This site is optimized with the Yoast SEO Premium plugin v17.8 (Yoast SEO v17.8) - https:\/\/yoast.com\/wordpress\/plugins\/seo\/ -->\n<title>EN COULISSES - Les nominations en conseil des ministres | Nettali.com<\/title>\n<meta name=\"robots\" content=\"index, follow, max-snippet:-1, max-image-preview:large, max-video-preview:-1\" \/>\n<link rel=\"canonical\" href=\"https:\/\/www.nettali.com\/2023\/03\/09\/en-coulisses-les-nominations-en-conseil-des-ministres-2\/\" \/>\n<meta property=\"og:locale\" content=\"fr_FR\" \/>\n<meta property=\"og:type\" content=\"article\" \/>\n<meta property=\"og:title\" content=\"EN COULISSES - Les nominations en conseil des ministres\" \/>\n<meta property=\"og:description\" content=\"NETTALI.COM - A l&#039;issue du conseil des ministres de ce mercredi 8 mars, le Pr\u00e9sident de la R\u00e9publique a pris les d\u00e9cisions suivantes : Mame Diarra DIOUF, Sp\u00e9cialiste en Marketing et gestion commerciale, est nomm\u00e9e Directeur des Loisirs, en remplacement de Madame Astou BEYE, appel\u00e9e \u00e0 d\u2019autres fonctions ; Nicole Olga Edith MANSIS, Ing\u00e9nieur, pr\u00e9c\u00e9demment [&hellip;]\" \/>\n<meta property=\"og:url\" content=\"https:\/\/www.nettali.com\/2023\/03\/09\/en-coulisses-les-nominations-en-conseil-des-ministres-2\/\" \/>\n<meta property=\"og:site_name\" content=\"Nettali.com\" \/>\n<meta property=\"article:publisher\" content=\"https:\/\/www.facebook.com\/nettalicom\" \/>\n<meta property=\"article:published_time\" content=\"2023-03-09T07:49:01+00:00\" \/>\n<meta property=\"og:image\" content=\"https:\/\/www.nettali.com\/wp-content\/uploads\/2023\/03\/Conseil-des-ministres-Senegal1.jpg\" \/>\n\t<meta property=\"og:image:width\" content=\"1200\" \/>\n\t<meta property=\"og:image:height\" content=\"574\" \/>\n<meta name=\"twitter:card\" content=\"summary_large_image\" \/>\n<meta name=\"twitter:label1\" content=\"\u00c9crit par\" \/>\n\t<meta name=\"twitter:data1\" content=\"CK\" \/>\n\t<meta name=\"twitter:label2\" content=\"Dur\u00e9e de lecture estim\u00e9e\" \/>\n\t<meta name=\"twitter:data2\" content=\"1 minute\" \/>\n<script type=\"application\/ld+json\" class=\"yoast-schema-graph\">{\"@context\":\"https:\/\/schema.org\",\"@graph\":[{\"@type\":\"WebSite\",\"@id\":\"https:\/\/www.nettali.com\/#website\",\"url\":\"https:\/\/www.nettali.com\/\",\"name\":\"Nettali.com\",\"description\":\"Le rendez-vous critique du Net\",\"potentialAction\":[{\"@type\":\"SearchAction\",\"target\":{\"@type\":\"EntryPoint\",\"urlTemplate\":\"https:\/\/www.nettali.com\/?s={search_term_string}\"},\"query-input\":\"required name=search_term_string\"}],\"inLanguage\":\"fr-FR\"},{\"@type\":\"ImageObject\",\"@id\":\"https:\/\/www.nettali.com\/2023\/03\/09\/en-coulisses-les-nominations-en-conseil-des-ministres-2\/#primaryimage\",\"inLanguage\":\"fr-FR\",\"url\":\"https:\/\/www.nettali.com\/wp-content\/uploads\/2023\/03\/Conseil-des-ministres-Senegal1.jpg\",\"contentUrl\":\"https:\/\/www.nettali.com\/wp-content\/uploads\/2023\/03\/Conseil-des-ministres-Senegal1.jpg\",\"width\":1200,\"height\":574},{\"@type\":\"WebPage\",\"@id\":\"https:\/\/www.nettali.com\/2023\/03\/09\/en-coulisses-les-nominations-en-conseil-des-ministres-2\/#webpage\",\"url\":\"https:\/\/www.nettali.com\/2023\/03\/09\/en-coulisses-les-nominations-en-conseil-des-ministres-2\/\",\"name\":\"EN COULISSES - Les nominations en conseil des ministres | Nettali.com\",\"isPartOf\":{\"@id\":\"https:\/\/www.nettali.com\/#website\"},\"primaryImageOfPage\":{\"@id\":\"https:\/\/www.nettali.com\/2023\/03\/09\/en-coulisses-les-nominations-en-conseil-des-ministres-2\/#primaryimage\"},\"datePublished\":\"2023-03-09T07:49:01+00:00\",\"dateModified\":\"2023-03-09T07:49:01+00:00\",\"author\":{\"@id\":\"https:\/\/www.nettali.com\/#\/schema\/person\/d8ac7b7e27ddad43f1c0d2ef090d7f71\"},\"breadcrumb\":{\"@id\":\"https:\/\/www.nettali.com\/2023\/03\/09\/en-coulisses-les-nominations-en-conseil-des-ministres-2\/#breadcrumb\"},\"inLanguage\":\"fr-FR\",\"potentialAction\":[{\"@type\":\"ReadAction\",\"target\":[\"https:\/\/www.nettali.com\/2023\/03\/09\/en-coulisses-les-nominations-en-conseil-des-ministres-2\/\"]}]},{\"@type\":\"BreadcrumbList\",\"@id\":\"https:\/\/www.nettali.com\/2023\/03\/09\/en-coulisses-les-nominations-en-conseil-des-ministres-2\/#breadcrumb\",\"itemListElement\":[{\"@type\":\"ListItem\",\"position\":1,\"name\":\"Accueil\",\"item\":\"https:\/\/www.nettali.com\/\"},{\"@type\":\"ListItem\",\"position\":2,\"name\":\"EN COULISSES - Les nominations en conseil des ministres\"}]},{\"@type\":\"Person\",\"@id\":\"https:\/\/www.nettali.com\/#\/schema\/person\/d8ac7b7e27ddad43f1c0d2ef090d7f71\",\"name\":\"CK\",\"image\":{\"@type\":\"ImageObject\",\"@id\":\"https:\/\/www.nettali.com\/#personlogo\",\"inLanguage\":\"fr-FR\",\"url\":\"https:\/\/secure.gravatar.com\/avatar\/1d8d5118b9327d94da7cd4ce7f17fec2?s=96&d=mm&r=g\",\"contentUrl\":\"https:\/\/secure.gravatar.com\/avatar\/1d8d5118b9327d94da7cd4ce7f17fec2?s=96&d=mm&r=g\",\"caption\":\"CK\"},\"sameAs\":[\"https:\/\/www.nettali.com\"]}]}<\/script>\n<!-- \/ Yoast SEO Premium plugin. -->","yoast_head_json":{"title":"EN COULISSES - Les nominations en conseil des ministres | Nettali.com","robots":{"index":"index","follow":"follow","max-snippet":"max-snippet:-1","max-image-preview":"max-image-preview:large","max-video-preview":"max-video-preview:-1"},"canonical":"https:\/\/www.nettali.com\/2023\/03\/09\/en-coulisses-les-nominations-en-conseil-des-ministres-2\/","og_locale":"fr_FR","og_type":"article","og_title":"EN COULISSES - Les nominations en conseil des ministres","og_description":"NETTALI.COM - A l'issue du conseil des ministres de ce mercredi 8 mars, le Pr\u00e9sident de la R\u00e9publique a pris les d\u00e9cisions suivantes : Mame Diarra DIOUF, Sp\u00e9cialiste en Marketing et gestion commerciale, est nomm\u00e9e Directeur des Loisirs, en remplacement de Madame Astou BEYE, appel\u00e9e \u00e0 d\u2019autres fonctions ; Nicole Olga Edith MANSIS, Ing\u00e9nieur, pr\u00e9c\u00e9demment [&hellip;]","og_url":"https:\/\/www.nettali.com\/2023\/03\/09\/en-coulisses-les-nominations-en-conseil-des-ministres-2\/","og_site_name":"Nettali.com","article_publisher":"https:\/\/www.facebook.com\/nettalicom","article_published_time":"2023-03-09T07:49:01+00:00","og_image":[{"width":1200,"height":574,"url":"https:\/\/www.nettali.com\/wp-content\/uploads\/2023\/03\/Conseil-des-ministres-Senegal1.jpg","type":"image\/jpeg"}],"twitter_card":"summary_large_image","twitter_misc":{"\u00c9crit par":"CK","Dur\u00e9e de lecture estim\u00e9e":"1 minute"},"schema":{"@context":"https:\/\/schema.org","@graph":[{"@type":"WebSite","@id":"https:\/\/www.nettali.com\/#website","url":"https:\/\/www.nettali.com\/","name":"Nettali.com","description":"Le rendez-vous critique du Net","potentialAction":[{"@type":"SearchAction","target":{"@type":"EntryPoint","urlTemplate":"https:\/\/www.nettali.com\/?s={search_term_string}"},"query-input":"required name=search_term_string"}],"inLanguage":"fr-FR"},{"@type":"ImageObject","@id":"https:\/\/www.nettali.com\/2023\/03\/09\/en-coulisses-les-nominations-en-conseil-des-ministres-2\/#primaryimage","inLanguage":"fr-FR","url":"https:\/\/www.nettali.com\/wp-content\/uploads\/2023\/03\/Conseil-des-ministres-Senegal1.jpg","contentUrl":"https:\/\/www.nettali.com\/wp-content\/uploads\/2023\/03\/Conseil-des-ministres-Senegal1.jpg","width":1200,"height":574},{"@type":"WebPage","@id":"https:\/\/www.nettali.com\/2023\/03\/09\/en-coulisses-les-nominations-en-conseil-des-ministres-2\/#webpage","url":"https:\/\/www.nettali.com\/2023\/03\/09\/en-coulisses-les-nominations-en-conseil-des-ministres-2\/","name":"EN COULISSES - Les nominations en conseil des ministres | Nettali.com","isPartOf":{"@id":"https:\/\/www.nettali.com\/#website"},"primaryImageOfPage":{"@id":"https:\/\/www.nettali.com\/2023\/03\/09\/en-coulisses-les-nominations-en-conseil-des-ministres-2\/#primaryimage"},"datePublished":"2023-03-09T07:49:01+00:00","dateModified":"2023-03-09T07:49:01+00:00","author":{"@id":"https:\/\/www.nettali.com\/#\/schema\/person\/d8ac7b7e27ddad43f1c0d2ef090d7f71"},"breadcrumb":{"@id":"https:\/\/www.nettali.com\/2023\/03\/09\/en-coulisses-les-nominations-en-conseil-des-ministres-2\/#breadcrumb"},"inLanguage":"fr-FR","potentialAction":[{"@type":"ReadAction","target":["https:\/\/www.nettali.com\/2023\/03\/09\/en-coulisses-les-nominations-en-conseil-des-ministres-2\/"]}]},{"@type":"BreadcrumbList","@id":"https:\/\/www.nettali.com\/2023\/03\/09\/en-coulisses-les-nominations-en-conseil-des-ministres-2\/#breadcrumb","itemListElement":[{"@type":"ListItem","position":1,"name":"Accueil","item":"https:\/\/www.nettali.com\/"},{"@type":"ListItem","position":2,"name":"EN COULISSES - Les nominations en conseil des ministres"}]},{"@type":"Person","@id":"https:\/\/www.nettali.com\/#\/schema\/person\/d8ac7b7e27ddad43f1c0d2ef090d7f71","name":"CK","image":{"@type":"ImageObject","@id":"https:\/\/www.nettali.com\/#personlogo","inLanguage":"fr-FR","url":"https:\/\/secure.gravatar.com\/avatar\/1d8d5118b9327d94da7cd4ce7f17fec2?s=96&d=mm&r=g","contentUrl":"https:\/\/secure.gravatar.com\/avatar\/1d8d5118b9327d94da7cd4ce7f17fec2?s=96&d=mm&r=g","caption":"CK"},"sameAs":["https:\/\/www.nettali.com"]}]}},"_links":{"self":[{"href":"https:\/\/www.nettali.com\/rest\/wp\/v2\/posts\/105681"}],"collection":[{"href":"https:\/\/www.nettali.com\/rest\/wp\/v2\/posts"}],"about":[{"href":"https:\/\/www.nettali.com\/rest\/wp\/v2\/types\/post"}],"author":[{"embeddable":true,"href":"https:\/\/www.nettali.com\/rest\/wp\/v2\/users\/2"}],"replies":[{"embeddable":true,"href":"https:\/\/www.nettali.com\/rest\/wp\/v2\/comments?post=105681"}],"version-history":[{"count":2,"href":"https:\/\/www.nettali.com\/rest\/wp\/v2\/posts\/105681\/revisions"}],"predecessor-version":[{"id":105683,"href":"https:\/\/www.nettali.com\/rest\/wp\/v2\/posts\/105681\/revisions\/105683"}],"wp:featuredmedia":[{"embeddable":true,"href":"https:\/\/www.nettali.com\/rest\/wp\/v2\/media\/105684"}],"wp:attachment":[{"href":"https:\/\/www.nettali.com\/rest\/wp\/v2\/media?parent=105681"}],"wp:term":[{"taxonomy":"category","embeddable":true,"href":"https:\/\/www.nettali.com\/rest\/wp\/v2\/categories?post=105681"},{"taxonomy":"post_tag","embeddable":true,"href":"https:\/\/www.nettali.com\/rest\/wp\/v2\/tags?post=105681"}],"curies":[{"name":"wp","href":"https:\/\/api.w.org\/{rel}","templated":true}]}}