{"id":105663,"date":"2023-03-08T20:41:54","date_gmt":"2023-03-08T20:41:54","guid":{"rendered":"https:\/\/www.nettali.com\/?p=105663"},"modified":"2023-03-08T20:41:54","modified_gmt":"2023-03-08T20:41:54","slug":"conseil-des-ministres-les-nominations-9","status":"publish","type":"post","link":"https:\/\/www.nettali.com\/2023\/03\/08\/conseil-des-ministres-les-nominations-9\/","title":{"rendered":"CONSEIL DES MINISTRES - Les nominations"},"content":{"rendered":"<p><strong>NETTALI.COM - Le pr\u00e9sident de la R\u00e9publique, Macky Sall, a pr\u00e9sid\u00e9 ce mercredi la traditionnelle r\u00e9union hebdomadaire du conseil des ministres. A l'issue de la rencontre, plusieurs d\u00e9cisions individuelles ont \u00e9t\u00e9 prises. Le Pr\u00e9sident de la R\u00e9publique a pris les d\u00e9cisions suivantes :<\/strong><\/p>\n<ul>\n<li><strong>Madame Mame Diarra DIOUF, <\/strong>Sp\u00e9cialiste en Marketing et gestion commerciale, est nomm\u00e9e Directeur des Loisirs, en remplacement de Madame Astou BEYE, appel\u00e9e \u00e0 d\u2019autres fonctions\u00a0;<\/li>\n<li><strong>Madame Nicole Olga Edith MANSIS, <\/strong>Ing\u00e9nieur, pr\u00e9c\u00e9demment Conseiller technique au Cabinet du Ministre de la Microfinance et de l\u2019Economie sociale et solidaire, est nomm\u00e9e Directeur g\u00e9n\u00e9ral du Fonds National de la Microfinance, en remplacement de Monsieur Amadou Boudia GUEYE, appel\u00e9 \u00e0 d\u2019autres fonctions\u00a0;<\/li>\n<li><strong>Monsieur Mohamet DIOP, <\/strong>Docteur en Economie, est nomm\u00e9 Directeur des Strat\u00e9gies et de la Prospective au Minist\u00e8re de la Microfinance et de l\u2019Economie sociale et solidaire <strong>\u00a0<\/strong>;<\/li>\n<li><strong>Monsieur Amadou Aliou SARR<\/strong>, Expert en Microfinance, est nomm\u00e9 Directeur de la Microfinance et de l\u2019Inclusion financi\u00e8re\u00a0;<\/li>\n<li><strong>Monsieur Ousmane SALL<\/strong>, Enseignant Chercheur, est nomm\u00e9 Professeur titulaire, sp\u00e9cialit\u00e9 informatique\u00a0: option Web s\u00e9mantique \u00e0 l\u2019Universit\u00e9 num\u00e9rique Cheikh Hamidou KANE.<\/li>\n<\/ul>\n<div class='share-to-whatsapp-wrapper'><div class='share-on-whsp'>PARTAGER SUR : <\/div><a data-text='CONSEIL DES MINISTRES - Les nominations' data-link='https:\/\/www.nettali.com\/2023\/03\/08\/conseil-des-ministres-les-nominations-9\/' class='whatsapp-button whatsapp-share'>WhatsApp<\/a><div class='clear '><\/div><\/div>","protected":false},"excerpt":{"rendered":"<p>NETTALI.COM - Le pr\u00e9sident de la R\u00e9publique, Macky Sall, a pr\u00e9sid\u00e9 ce mercredi la traditionnelle r\u00e9union hebdomadaire du conseil des ministres. A l'issue de la rencontre, plusieurs d\u00e9cisions individuelles ont \u00e9t\u00e9 prises. Le Pr\u00e9sident de la R\u00e9publique a pris les d\u00e9cisions suivantes : Madame Mame Diarra DIOUF, Sp\u00e9cialiste en Marketing et gestion commerciale, est nomm\u00e9e [&hellip;]<\/p>\n","protected":false},"author":4,"featured_media":96395,"comment_status":"open","ping_status":"open","sticky":false,"template":"","format":"standard","meta":{"_et_pb_use_builder":"","_et_pb_old_content":""},"categories":[2],"tags":[],"yoast_head":"<!-- This site is optimized with the Yoast SEO Premium plugin v17.8 (Yoast SEO v17.8) - https:\/\/yoast.com\/wordpress\/plugins\/seo\/ -->\n<title>CONSEIL DES MINISTRES - Les nominations | Nettali.com<\/title>\n<meta name=\"robots\" content=\"index, follow, max-snippet:-1, max-image-preview:large, max-video-preview:-1\" \/>\n<link rel=\"canonical\" href=\"https:\/\/www.nettali.com\/2023\/03\/08\/conseil-des-ministres-les-nominations-9\/\" \/>\n<meta property=\"og:locale\" content=\"fr_FR\" \/>\n<meta property=\"og:type\" content=\"article\" \/>\n<meta property=\"og:title\" content=\"CONSEIL DES MINISTRES - Les nominations\" \/>\n<meta property=\"og:description\" content=\"NETTALI.COM - Le pr\u00e9sident de la R\u00e9publique, Macky Sall, a pr\u00e9sid\u00e9 ce mercredi la traditionnelle r\u00e9union hebdomadaire du conseil des ministres. A l&#039;issue de la rencontre, plusieurs d\u00e9cisions individuelles ont \u00e9t\u00e9 prises. Le Pr\u00e9sident de la R\u00e9publique a pris les d\u00e9cisions suivantes : Madame Mame Diarra DIOUF, Sp\u00e9cialiste en Marketing et gestion commerciale, est nomm\u00e9e [&hellip;]\" \/>\n<meta property=\"og:url\" content=\"https:\/\/www.nettali.com\/2023\/03\/08\/conseil-des-ministres-les-nominations-9\/\" \/>\n<meta property=\"og:site_name\" content=\"Nettali.com\" \/>\n<meta property=\"article:publisher\" content=\"https:\/\/www.facebook.com\/nettalicom\" \/>\n<meta property=\"article:published_time\" content=\"2023-03-08T20:41:54+00:00\" \/>\n<meta property=\"og:image\" content=\"https:\/\/www.nettali.com\/wp-content\/uploads\/2022\/10\/Macky-Sall-e1666620637697.jpeg\" \/>\n\t<meta property=\"og:image:width\" content=\"1225\" \/>\n\t<meta property=\"og:image:height\" content=\"684\" \/>\n<meta name=\"twitter:card\" content=\"summary_large_image\" \/>\n<meta name=\"twitter:label1\" content=\"\u00c9crit par\" \/>\n\t<meta name=\"twitter:data1\" content=\"Daouda\" \/>\n\t<meta name=\"twitter:label2\" content=\"Dur\u00e9e de lecture estim\u00e9e\" \/>\n\t<meta name=\"twitter:data2\" content=\"1 minute\" \/>\n<script type=\"application\/ld+json\" class=\"yoast-schema-graph\">{\"@context\":\"https:\/\/schema.org\",\"@graph\":[{\"@type\":\"WebSite\",\"@id\":\"https:\/\/www.nettali.com\/#website\",\"url\":\"https:\/\/www.nettali.com\/\",\"name\":\"Nettali.com\",\"description\":\"Le rendez-vous critique du Net\",\"potentialAction\":[{\"@type\":\"SearchAction\",\"target\":{\"@type\":\"EntryPoint\",\"urlTemplate\":\"https:\/\/www.nettali.com\/?s={search_term_string}\"},\"query-input\":\"required name=search_term_string\"}],\"inLanguage\":\"fr-FR\"},{\"@type\":\"ImageObject\",\"@id\":\"https:\/\/www.nettali.com\/2023\/03\/08\/conseil-des-ministres-les-nominations-9\/#primaryimage\",\"inLanguage\":\"fr-FR\",\"url\":\"https:\/\/www.nettali.com\/wp-content\/uploads\/2022\/10\/Macky-Sall-e1666620637697.jpeg\",\"contentUrl\":\"https:\/\/www.nettali.com\/wp-content\/uploads\/2022\/10\/Macky-Sall-e1666620637697.jpeg\",\"width\":1225,\"height\":684},{\"@type\":\"WebPage\",\"@id\":\"https:\/\/www.nettali.com\/2023\/03\/08\/conseil-des-ministres-les-nominations-9\/#webpage\",\"url\":\"https:\/\/www.nettali.com\/2023\/03\/08\/conseil-des-ministres-les-nominations-9\/\",\"name\":\"CONSEIL DES MINISTRES - Les nominations | Nettali.com\",\"isPartOf\":{\"@id\":\"https:\/\/www.nettali.com\/#website\"},\"primaryImageOfPage\":{\"@id\":\"https:\/\/www.nettali.com\/2023\/03\/08\/conseil-des-ministres-les-nominations-9\/#primaryimage\"},\"datePublished\":\"2023-03-08T20:41:54+00:00\",\"dateModified\":\"2023-03-08T20:41:54+00:00\",\"author\":{\"@id\":\"https:\/\/www.nettali.com\/#\/schema\/person\/3317e0bb3aa1da309fbf7b2780901bf4\"},\"breadcrumb\":{\"@id\":\"https:\/\/www.nettali.com\/2023\/03\/08\/conseil-des-ministres-les-nominations-9\/#breadcrumb\"},\"inLanguage\":\"fr-FR\",\"potentialAction\":[{\"@type\":\"ReadAction\",\"target\":[\"https:\/\/www.nettali.com\/2023\/03\/08\/conseil-des-ministres-les-nominations-9\/\"]}]},{\"@type\":\"BreadcrumbList\",\"@id\":\"https:\/\/www.nettali.com\/2023\/03\/08\/conseil-des-ministres-les-nominations-9\/#breadcrumb\",\"itemListElement\":[{\"@type\":\"ListItem\",\"position\":1,\"name\":\"Accueil\",\"item\":\"https:\/\/www.nettali.com\/\"},{\"@type\":\"ListItem\",\"position\":2,\"name\":\"CONSEIL DES MINISTRES - Les nominations\"}]},{\"@type\":\"Person\",\"@id\":\"https:\/\/www.nettali.com\/#\/schema\/person\/3317e0bb3aa1da309fbf7b2780901bf4\",\"name\":\"Daouda\",\"image\":{\"@type\":\"ImageObject\",\"@id\":\"https:\/\/www.nettali.com\/#personlogo\",\"inLanguage\":\"fr-FR\",\"url\":\"https:\/\/secure.gravatar.com\/avatar\/8d143b5a49345098ddcfee1c49c2f47c?s=96&d=mm&r=g\",\"contentUrl\":\"https:\/\/secure.gravatar.com\/avatar\/8d143b5a49345098ddcfee1c49c2f47c?s=96&d=mm&r=g\",\"caption\":\"Daouda\"},\"sameAs\":[\"https:\/\/www.nettali.com\"]}]}<\/script>\n<!-- \/ Yoast SEO Premium plugin. -->","yoast_head_json":{"title":"CONSEIL DES MINISTRES - Les nominations | Nettali.com","robots":{"index":"index","follow":"follow","max-snippet":"max-snippet:-1","max-image-preview":"max-image-preview:large","max-video-preview":"max-video-preview:-1"},"canonical":"https:\/\/www.nettali.com\/2023\/03\/08\/conseil-des-ministres-les-nominations-9\/","og_locale":"fr_FR","og_type":"article","og_title":"CONSEIL DES MINISTRES - Les nominations","og_description":"NETTALI.COM - Le pr\u00e9sident de la R\u00e9publique, Macky Sall, a pr\u00e9sid\u00e9 ce mercredi la traditionnelle r\u00e9union hebdomadaire du conseil des ministres. A l'issue de la rencontre, plusieurs d\u00e9cisions individuelles ont \u00e9t\u00e9 prises. Le Pr\u00e9sident de la R\u00e9publique a pris les d\u00e9cisions suivantes : Madame Mame Diarra DIOUF, Sp\u00e9cialiste en Marketing et gestion commerciale, est nomm\u00e9e [&hellip;]","og_url":"https:\/\/www.nettali.com\/2023\/03\/08\/conseil-des-ministres-les-nominations-9\/","og_site_name":"Nettali.com","article_publisher":"https:\/\/www.facebook.com\/nettalicom","article_published_time":"2023-03-08T20:41:54+00:00","og_image":[{"width":1225,"height":684,"url":"https:\/\/www.nettali.com\/wp-content\/uploads\/2022\/10\/Macky-Sall-e1666620637697.jpeg","type":"image\/jpeg"}],"twitter_card":"summary_large_image","twitter_misc":{"\u00c9crit par":"Daouda","Dur\u00e9e de lecture estim\u00e9e":"1 minute"},"schema":{"@context":"https:\/\/schema.org","@graph":[{"@type":"WebSite","@id":"https:\/\/www.nettali.com\/#website","url":"https:\/\/www.nettali.com\/","name":"Nettali.com","description":"Le rendez-vous critique du Net","potentialAction":[{"@type":"SearchAction","target":{"@type":"EntryPoint","urlTemplate":"https:\/\/www.nettali.com\/?s={search_term_string}"},"query-input":"required name=search_term_string"}],"inLanguage":"fr-FR"},{"@type":"ImageObject","@id":"https:\/\/www.nettali.com\/2023\/03\/08\/conseil-des-ministres-les-nominations-9\/#primaryimage","inLanguage":"fr-FR","url":"https:\/\/www.nettali.com\/wp-content\/uploads\/2022\/10\/Macky-Sall-e1666620637697.jpeg","contentUrl":"https:\/\/www.nettali.com\/wp-content\/uploads\/2022\/10\/Macky-Sall-e1666620637697.jpeg","width":1225,"height":684},{"@type":"WebPage","@id":"https:\/\/www.nettali.com\/2023\/03\/08\/conseil-des-ministres-les-nominations-9\/#webpage","url":"https:\/\/www.nettali.com\/2023\/03\/08\/conseil-des-ministres-les-nominations-9\/","name":"CONSEIL DES MINISTRES - Les nominations | Nettali.com","isPartOf":{"@id":"https:\/\/www.nettali.com\/#website"},"primaryImageOfPage":{"@id":"https:\/\/www.nettali.com\/2023\/03\/08\/conseil-des-ministres-les-nominations-9\/#primaryimage"},"datePublished":"2023-03-08T20:41:54+00:00","dateModified":"2023-03-08T20:41:54+00:00","author":{"@id":"https:\/\/www.nettali.com\/#\/schema\/person\/3317e0bb3aa1da309fbf7b2780901bf4"},"breadcrumb":{"@id":"https:\/\/www.nettali.com\/2023\/03\/08\/conseil-des-ministres-les-nominations-9\/#breadcrumb"},"inLanguage":"fr-FR","potentialAction":[{"@type":"ReadAction","target":["https:\/\/www.nettali.com\/2023\/03\/08\/conseil-des-ministres-les-nominations-9\/"]}]},{"@type":"BreadcrumbList","@id":"https:\/\/www.nettali.com\/2023\/03\/08\/conseil-des-ministres-les-nominations-9\/#breadcrumb","itemListElement":[{"@type":"ListItem","position":1,"name":"Accueil","item":"https:\/\/www.nettali.com\/"},{"@type":"ListItem","position":2,"name":"CONSEIL DES MINISTRES - Les nominations"}]},{"@type":"Person","@id":"https:\/\/www.nettali.com\/#\/schema\/person\/3317e0bb3aa1da309fbf7b2780901bf4","name":"Daouda","image":{"@type":"ImageObject","@id":"https:\/\/www.nettali.com\/#personlogo","inLanguage":"fr-FR","url":"https:\/\/secure.gravatar.com\/avatar\/8d143b5a49345098ddcfee1c49c2f47c?s=96&d=mm&r=g","contentUrl":"https:\/\/secure.gravatar.com\/avatar\/8d143b5a49345098ddcfee1c49c2f47c?s=96&d=mm&r=g","caption":"Daouda"},"sameAs":["https:\/\/www.nettali.com"]}]}},"_links":{"self":[{"href":"https:\/\/www.nettali.com\/rest\/wp\/v2\/posts\/105663"}],"collection":[{"href":"https:\/\/www.nettali.com\/rest\/wp\/v2\/posts"}],"about":[{"href":"https:\/\/www.nettali.com\/rest\/wp\/v2\/types\/post"}],"author":[{"embeddable":true,"href":"https:\/\/www.nettali.com\/rest\/wp\/v2\/users\/4"}],"replies":[{"embeddable":true,"href":"https:\/\/www.nettali.com\/rest\/wp\/v2\/comments?post=105663"}],"version-history":[{"count":1,"href":"https:\/\/www.nettali.com\/rest\/wp\/v2\/posts\/105663\/revisions"}],"predecessor-version":[{"id":105664,"href":"https:\/\/www.nettali.com\/rest\/wp\/v2\/posts\/105663\/revisions\/105664"}],"wp:featuredmedia":[{"embeddable":true,"href":"https:\/\/www.nettali.com\/rest\/wp\/v2\/media\/96395"}],"wp:attachment":[{"href":"https:\/\/www.nettali.com\/rest\/wp\/v2\/media?parent=105663"}],"wp:term":[{"taxonomy":"category","embeddable":true,"href":"https:\/\/www.nettali.com\/rest\/wp\/v2\/categories?post=105663"},{"taxonomy":"post_tag","embeddable":true,"href":"https:\/\/www.nettali.com\/rest\/wp\/v2\/tags?post=105663"}],"curies":[{"name":"wp","href":"https:\/\/api.w.org\/{rel}","templated":true}]}}