{"id":105657,"date":"2023-03-08T17:38:42","date_gmt":"2023-03-08T17:38:42","guid":{"rendered":"https:\/\/www.nettali.com\/?p=105657"},"modified":"2023-03-08T17:38:42","modified_gmt":"2023-03-08T17:38:42","slug":"mac-de-mbour-un-detenu-mineur-sevade","status":"publish","type":"post","link":"https:\/\/www.nettali.com\/2023\/03\/08\/mac-de-mbour-un-detenu-mineur-sevade\/","title":{"rendered":"MAC DE MBOUR - Un d\u00e9tenu mineur s'\u00e9vade!"},"content":{"rendered":"<p><strong>NETTALI.COM - Les d\u00e9tenus de la Maison d'arr\u00eat de correction (Mac) de Mbour (ouest) font encore parler d'eux. Apr\u00e8s les prisonniers de la \"<em>grande Cour<\/em>\" et de la \"<em>cit\u00e9 Malaw<\/em>\" qui rivalisent d'\u00e9vasions, c'est au tour des d\u00e9tenus mineurs d'escalader le mur de la prison. Un parmi ces derniers, poursuivi pour \"<em>vol<\/em>\", a profit\u00e9 du manque d'attention des gardes p\u00e9nitentiaires pour s'\u00e9vader.<\/strong><\/p>\n<p>Les faits ont eu lieu samedi dernier. Au moment o\u00f9 tous les d\u00e9tenus de la prison de Mbour observent leur temps de d\u00e9tente dans les cours respectives, il a profit\u00e9 de l'absence des gardes p\u00e9nitentiaires pour vider les lieux, informe la Rfm.<\/p>\n<p>Son absence a \u00e9t\u00e9 remarqu\u00e9e qu'en d\u00e9but de soir\u00e9e, lors du rappel des troupes \u00e0 18 heures, ajoute la m\u00eame source.<\/p>\n<div class='share-to-whatsapp-wrapper'><div class='share-on-whsp'>PARTAGER SUR : <\/div><a data-text='MAC DE MBOUR - Un d\u00e9tenu mineur s'\u00e9vade!' data-link='https:\/\/www.nettali.com\/2023\/03\/08\/mac-de-mbour-un-detenu-mineur-sevade\/' class='whatsapp-button whatsapp-share'>WhatsApp<\/a><div class='clear '><\/div><\/div>","protected":false},"excerpt":{"rendered":"<p>NETTALI.COM - Les d\u00e9tenus de la Maison d'arr\u00eat de correction (Mac) de Mbour (ouest) font encore parler d'eux. Apr\u00e8s les prisonniers de la \"grande Cour\" et de la \"cit\u00e9 Malaw\" qui rivalisent d'\u00e9vasions, c'est au tour des d\u00e9tenus mineurs d'escalader le mur de la prison. Un parmi ces derniers, poursuivi pour \"vol\", a profit\u00e9 du [&hellip;]<\/p>\n","protected":false},"author":5,"featured_media":105658,"comment_status":"open","ping_status":"open","sticky":false,"template":"","format":"standard","meta":{"_et_pb_use_builder":"","_et_pb_old_content":""},"categories":[3],"tags":[],"yoast_head":"<!-- This site is optimized with the Yoast SEO Premium plugin v17.8 (Yoast SEO v17.8) - https:\/\/yoast.com\/wordpress\/plugins\/seo\/ -->\n<title>MAC DE MBOUR - Un d\u00e9tenu mineur s&#039;\u00e9vade! | Nettali.com<\/title>\n<meta name=\"robots\" content=\"index, follow, max-snippet:-1, max-image-preview:large, max-video-preview:-1\" \/>\n<link rel=\"canonical\" href=\"https:\/\/www.nettali.com\/2023\/03\/08\/mac-de-mbour-un-detenu-mineur-sevade\/\" \/>\n<meta property=\"og:locale\" content=\"fr_FR\" \/>\n<meta property=\"og:type\" content=\"article\" \/>\n<meta property=\"og:title\" content=\"MAC DE MBOUR - Un d\u00e9tenu mineur s&#039;\u00e9vade!\" \/>\n<meta property=\"og:description\" content=\"NETTALI.COM - Les d\u00e9tenus de la Maison d&#039;arr\u00eat de correction (Mac) de Mbour (ouest) font encore parler d&#039;eux. Apr\u00e8s les prisonniers de la &quot;grande Cour&quot; et de la &quot;cit\u00e9 Malaw&quot; qui rivalisent d&#039;\u00e9vasions, c&#039;est au tour des d\u00e9tenus mineurs d&#039;escalader le mur de la prison. Un parmi ces derniers, poursuivi pour &quot;vol&quot;, a profit\u00e9 du [&hellip;]\" \/>\n<meta property=\"og:url\" content=\"https:\/\/www.nettali.com\/2023\/03\/08\/mac-de-mbour-un-detenu-mineur-sevade\/\" \/>\n<meta property=\"og:site_name\" content=\"Nettali.com\" \/>\n<meta property=\"article:publisher\" content=\"https:\/\/www.facebook.com\/nettalicom\" \/>\n<meta property=\"article:published_time\" content=\"2023-03-08T17:38:42+00:00\" \/>\n<meta property=\"og:image\" content=\"https:\/\/www.nettali.com\/wp-content\/uploads\/2023\/03\/mac-MBOUR.jpg\" \/>\n\t<meta property=\"og:image:width\" content=\"600\" \/>\n\t<meta property=\"og:image:height\" content=\"292\" \/>\n<meta name=\"twitter:card\" content=\"summary_large_image\" \/>\n<meta name=\"twitter:label1\" content=\"\u00c9crit par\" \/>\n\t<meta name=\"twitter:data1\" content=\"Ibrahima\" \/>\n\t<meta name=\"twitter:label2\" content=\"Dur\u00e9e de lecture estim\u00e9e\" \/>\n\t<meta name=\"twitter:data2\" content=\"1 minute\" \/>\n<script type=\"application\/ld+json\" class=\"yoast-schema-graph\">{\"@context\":\"https:\/\/schema.org\",\"@graph\":[{\"@type\":\"WebSite\",\"@id\":\"https:\/\/www.nettali.com\/#website\",\"url\":\"https:\/\/www.nettali.com\/\",\"name\":\"Nettali.com\",\"description\":\"Le rendez-vous critique du Net\",\"potentialAction\":[{\"@type\":\"SearchAction\",\"target\":{\"@type\":\"EntryPoint\",\"urlTemplate\":\"https:\/\/www.nettali.com\/?s={search_term_string}\"},\"query-input\":\"required name=search_term_string\"}],\"inLanguage\":\"fr-FR\"},{\"@type\":\"ImageObject\",\"@id\":\"https:\/\/www.nettali.com\/2023\/03\/08\/mac-de-mbour-un-detenu-mineur-sevade\/#primaryimage\",\"inLanguage\":\"fr-FR\",\"url\":\"https:\/\/www.nettali.com\/wp-content\/uploads\/2023\/03\/mac-MBOUR.jpg\",\"contentUrl\":\"https:\/\/www.nettali.com\/wp-content\/uploads\/2023\/03\/mac-MBOUR.jpg\",\"width\":600,\"height\":292},{\"@type\":\"WebPage\",\"@id\":\"https:\/\/www.nettali.com\/2023\/03\/08\/mac-de-mbour-un-detenu-mineur-sevade\/#webpage\",\"url\":\"https:\/\/www.nettali.com\/2023\/03\/08\/mac-de-mbour-un-detenu-mineur-sevade\/\",\"name\":\"MAC DE MBOUR - Un d\\u00e9tenu mineur s'\\u00e9vade! | Nettali.com\",\"isPartOf\":{\"@id\":\"https:\/\/www.nettali.com\/#website\"},\"primaryImageOfPage\":{\"@id\":\"https:\/\/www.nettali.com\/2023\/03\/08\/mac-de-mbour-un-detenu-mineur-sevade\/#primaryimage\"},\"datePublished\":\"2023-03-08T17:38:42+00:00\",\"dateModified\":\"2023-03-08T17:38:42+00:00\",\"author\":{\"@id\":\"https:\/\/www.nettali.com\/#\/schema\/person\/bb147657c2986240405a608162b9bb23\"},\"breadcrumb\":{\"@id\":\"https:\/\/www.nettali.com\/2023\/03\/08\/mac-de-mbour-un-detenu-mineur-sevade\/#breadcrumb\"},\"inLanguage\":\"fr-FR\",\"potentialAction\":[{\"@type\":\"ReadAction\",\"target\":[\"https:\/\/www.nettali.com\/2023\/03\/08\/mac-de-mbour-un-detenu-mineur-sevade\/\"]}]},{\"@type\":\"BreadcrumbList\",\"@id\":\"https:\/\/www.nettali.com\/2023\/03\/08\/mac-de-mbour-un-detenu-mineur-sevade\/#breadcrumb\",\"itemListElement\":[{\"@type\":\"ListItem\",\"position\":1,\"name\":\"Accueil\",\"item\":\"https:\/\/www.nettali.com\/\"},{\"@type\":\"ListItem\",\"position\":2,\"name\":\"MAC DE MBOUR - Un d\\u00e9tenu mineur s'\\u00e9vade!\"}]},{\"@type\":\"Person\",\"@id\":\"https:\/\/www.nettali.com\/#\/schema\/person\/bb147657c2986240405a608162b9bb23\",\"name\":\"Ibrahima\",\"image\":{\"@type\":\"ImageObject\",\"@id\":\"https:\/\/www.nettali.com\/#personlogo\",\"inLanguage\":\"fr-FR\",\"url\":\"https:\/\/secure.gravatar.com\/avatar\/26a8a81f09f0dd7624c9d5c36c9ba3a2?s=96&d=mm&r=g\",\"contentUrl\":\"https:\/\/secure.gravatar.com\/avatar\/26a8a81f09f0dd7624c9d5c36c9ba3a2?s=96&d=mm&r=g\",\"caption\":\"Ibrahima\"},\"sameAs\":[\"https:\/\/www.nettali.com\"]}]}<\/script>\n<!-- \/ Yoast SEO Premium plugin. -->","yoast_head_json":{"title":"MAC DE MBOUR - Un d\u00e9tenu mineur s'\u00e9vade! | Nettali.com","robots":{"index":"index","follow":"follow","max-snippet":"max-snippet:-1","max-image-preview":"max-image-preview:large","max-video-preview":"max-video-preview:-1"},"canonical":"https:\/\/www.nettali.com\/2023\/03\/08\/mac-de-mbour-un-detenu-mineur-sevade\/","og_locale":"fr_FR","og_type":"article","og_title":"MAC DE MBOUR - Un d\u00e9tenu mineur s'\u00e9vade!","og_description":"NETTALI.COM - Les d\u00e9tenus de la Maison d'arr\u00eat de correction (Mac) de Mbour (ouest) font encore parler d'eux. Apr\u00e8s les prisonniers de la \"grande Cour\" et de la \"cit\u00e9 Malaw\" qui rivalisent d'\u00e9vasions, c'est au tour des d\u00e9tenus mineurs d'escalader le mur de la prison. Un parmi ces derniers, poursuivi pour \"vol\", a profit\u00e9 du [&hellip;]","og_url":"https:\/\/www.nettali.com\/2023\/03\/08\/mac-de-mbour-un-detenu-mineur-sevade\/","og_site_name":"Nettali.com","article_publisher":"https:\/\/www.facebook.com\/nettalicom","article_published_time":"2023-03-08T17:38:42+00:00","og_image":[{"width":600,"height":292,"url":"https:\/\/www.nettali.com\/wp-content\/uploads\/2023\/03\/mac-MBOUR.jpg","type":"image\/jpeg"}],"twitter_card":"summary_large_image","twitter_misc":{"\u00c9crit par":"Ibrahima","Dur\u00e9e de lecture estim\u00e9e":"1 minute"},"schema":{"@context":"https:\/\/schema.org","@graph":[{"@type":"WebSite","@id":"https:\/\/www.nettali.com\/#website","url":"https:\/\/www.nettali.com\/","name":"Nettali.com","description":"Le rendez-vous critique du Net","potentialAction":[{"@type":"SearchAction","target":{"@type":"EntryPoint","urlTemplate":"https:\/\/www.nettali.com\/?s={search_term_string}"},"query-input":"required name=search_term_string"}],"inLanguage":"fr-FR"},{"@type":"ImageObject","@id":"https:\/\/www.nettali.com\/2023\/03\/08\/mac-de-mbour-un-detenu-mineur-sevade\/#primaryimage","inLanguage":"fr-FR","url":"https:\/\/www.nettali.com\/wp-content\/uploads\/2023\/03\/mac-MBOUR.jpg","contentUrl":"https:\/\/www.nettali.com\/wp-content\/uploads\/2023\/03\/mac-MBOUR.jpg","width":600,"height":292},{"@type":"WebPage","@id":"https:\/\/www.nettali.com\/2023\/03\/08\/mac-de-mbour-un-detenu-mineur-sevade\/#webpage","url":"https:\/\/www.nettali.com\/2023\/03\/08\/mac-de-mbour-un-detenu-mineur-sevade\/","name":"MAC DE MBOUR - Un d\u00e9tenu mineur s'\u00e9vade! | Nettali.com","isPartOf":{"@id":"https:\/\/www.nettali.com\/#website"},"primaryImageOfPage":{"@id":"https:\/\/www.nettali.com\/2023\/03\/08\/mac-de-mbour-un-detenu-mineur-sevade\/#primaryimage"},"datePublished":"2023-03-08T17:38:42+00:00","dateModified":"2023-03-08T17:38:42+00:00","author":{"@id":"https:\/\/www.nettali.com\/#\/schema\/person\/bb147657c2986240405a608162b9bb23"},"breadcrumb":{"@id":"https:\/\/www.nettali.com\/2023\/03\/08\/mac-de-mbour-un-detenu-mineur-sevade\/#breadcrumb"},"inLanguage":"fr-FR","potentialAction":[{"@type":"ReadAction","target":["https:\/\/www.nettali.com\/2023\/03\/08\/mac-de-mbour-un-detenu-mineur-sevade\/"]}]},{"@type":"BreadcrumbList","@id":"https:\/\/www.nettali.com\/2023\/03\/08\/mac-de-mbour-un-detenu-mineur-sevade\/#breadcrumb","itemListElement":[{"@type":"ListItem","position":1,"name":"Accueil","item":"https:\/\/www.nettali.com\/"},{"@type":"ListItem","position":2,"name":"MAC DE MBOUR - Un d\u00e9tenu mineur s'\u00e9vade!"}]},{"@type":"Person","@id":"https:\/\/www.nettali.com\/#\/schema\/person\/bb147657c2986240405a608162b9bb23","name":"Ibrahima","image":{"@type":"ImageObject","@id":"https:\/\/www.nettali.com\/#personlogo","inLanguage":"fr-FR","url":"https:\/\/secure.gravatar.com\/avatar\/26a8a81f09f0dd7624c9d5c36c9ba3a2?s=96&d=mm&r=g","contentUrl":"https:\/\/secure.gravatar.com\/avatar\/26a8a81f09f0dd7624c9d5c36c9ba3a2?s=96&d=mm&r=g","caption":"Ibrahima"},"sameAs":["https:\/\/www.nettali.com"]}]}},"_links":{"self":[{"href":"https:\/\/www.nettali.com\/rest\/wp\/v2\/posts\/105657"}],"collection":[{"href":"https:\/\/www.nettali.com\/rest\/wp\/v2\/posts"}],"about":[{"href":"https:\/\/www.nettali.com\/rest\/wp\/v2\/types\/post"}],"author":[{"embeddable":true,"href":"https:\/\/www.nettali.com\/rest\/wp\/v2\/users\/5"}],"replies":[{"embeddable":true,"href":"https:\/\/www.nettali.com\/rest\/wp\/v2\/comments?post=105657"}],"version-history":[{"count":1,"href":"https:\/\/www.nettali.com\/rest\/wp\/v2\/posts\/105657\/revisions"}],"predecessor-version":[{"id":105659,"href":"https:\/\/www.nettali.com\/rest\/wp\/v2\/posts\/105657\/revisions\/105659"}],"wp:featuredmedia":[{"embeddable":true,"href":"https:\/\/www.nettali.com\/rest\/wp\/v2\/media\/105658"}],"wp:attachment":[{"href":"https:\/\/www.nettali.com\/rest\/wp\/v2\/media?parent=105657"}],"wp:term":[{"taxonomy":"category","embeddable":true,"href":"https:\/\/www.nettali.com\/rest\/wp\/v2\/categories?post=105657"},{"taxonomy":"post_tag","embeddable":true,"href":"https:\/\/www.nettali.com\/rest\/wp\/v2\/tags?post=105657"}],"curies":[{"name":"wp","href":"https:\/\/api.w.org\/{rel}","templated":true}]}}