{"id":105652,"date":"2023-03-08T17:04:01","date_gmt":"2023-03-08T17:04:01","guid":{"rendered":"https:\/\/www.nettali.com\/?p=105652"},"modified":"2023-03-08T17:04:01","modified_gmt":"2023-03-08T17:04:01","slug":"sa-thies-il-faut-instaurer-la-var","status":"publish","type":"post","link":"https:\/\/www.nettali.com\/2023\/03\/08\/sa-thies-il-faut-instaurer-la-var\/","title":{"rendered":"SA THI\u00c8S - \"Il faut instaurer la Var\""},"content":{"rendered":"<p><strong>NETTALI.COM - Apr\u00e8s sa victoire valid\u00e9e sur recours par le CNG ce mercredi, Sa Thi\u00e8s a tenu sa premi\u00e8re d\u00e9claration. Pour le bourreau de Reug Reug, l'heure de l'utilisation de la Var a sonn\u00e9. Un pilier, selon lui, incontournable pour la non violence.<\/strong><\/p>\n<p>\"<em>On m\u2019a rendu ma victoire, c\u2019est une bonne chose. Tout le monde a vu que j\u2019ai terrass\u00e9 mon adversaire. Il n\u2019ya\u00a0rien \u00e0 ajouter<\/em>\", a r\u00e9agit bri\u00e8vement Sa Thi\u00e8s apr\u00e8s la d\u00e9cision du CNG de lui accord\u00e9 la victoire.<\/p>\n<p>Par ailleurs le lutteur n\u2019a pas appr\u00e9ci\u00e9 les incidents not\u00e9s \u00e0 l\u2019ar\u00e8ne nationale en marge du combat. N\u00e9anmoins, le fr\u00e8re de Balla Gaye 2 souligne que l\u2019erreur d\u2019arbitrage a \u00e9t\u00e9 la cause de ces d\u00e9bordements.<br \/>\n\"<em>Personne ne cautionne ce qui s\u2019est pass\u00e9 dimanche. Mais il faut dire aussi que si l\u2019arbitrage avait \u00e9t\u00e9 irr\u00e9prochable, on aurait pas assister \u00e0 ces\u00a0sc\u00e8nes\u00a0de violences. Toutefois, nous savons que l\u2019erreur est humaine et nous avons accept\u00e9 de continuer le combat m\u00eame si on savait qu\u2019on avait gagn\u00e9. Apr\u00e8s on a suivi la proc\u00e9dure de recours et la victoire nous a \u00e9t\u00e9 rendu<\/em>\",\u00a0s'est r\u00e9joui le fils de Double Less.<\/p>\n<p>Sa Thi\u00e8s d\u2019appeler les lutteurs et les reporters \u00e0 la lucidit\u00e9 et au fair play pour aider \u00e0 \u00e9clairer la lanterne des amateurs en cas de litige dans certains combats.<br \/>\n\"<em>Je pense qu\u2019il faut qu\u2019on apprenne \u00e0 dire les choses telles qu\u2019elles sont. Si on voit qu\u2019il y\u2019a une chute d\u2019un lutteur, il faut oser le dire. Mais il y\u2019a certains qui n\u2019osent pas dire la v\u00e9rit\u00e9 de peur qu\u2019on leur reproche une impartialit\u00e9. Sur ce, j\u2019interpelle la presse (\u2026) D\u2019un autre cot\u00e9, le CNG doit pouvoir mettre des cam\u00e9ras dans l\u2019enceinte pour arbitrer les diff\u00e9rends sur place. Il faut faire instaurer la VAR parce que \u00e7a participe \u00e0 lutter contre la violence dans\u00a0l\u2019ar\u00e8ne<\/em>\", a-t-il recommand\u00e9.<\/p>\n<div class='share-to-whatsapp-wrapper'><div class='share-on-whsp'>PARTAGER SUR : <\/div><a data-text='SA THI\u00c8S - \"Il faut instaurer la Var\"' data-link='https:\/\/www.nettali.com\/2023\/03\/08\/sa-thies-il-faut-instaurer-la-var\/' class='whatsapp-button whatsapp-share'>WhatsApp<\/a><div class='clear '><\/div><\/div>","protected":false},"excerpt":{"rendered":"<p>NETTALI.COM - Apr\u00e8s sa victoire valid\u00e9e sur recours par le CNG ce mercredi, Sa Thi\u00e8s a tenu sa premi\u00e8re d\u00e9claration. Pour le bourreau de Reug Reug, l'heure de l'utilisation de la Var a sonn\u00e9. Un pilier, selon lui, incontournable pour la non violence. \"On m\u2019a rendu ma victoire, c\u2019est une bonne chose. Tout le monde [&hellip;]<\/p>\n","protected":false},"author":5,"featured_media":0,"comment_status":"open","ping_status":"open","sticky":false,"template":"","format":"standard","meta":{"_et_pb_use_builder":"","_et_pb_old_content":""},"categories":[6],"tags":[],"yoast_head":"<!-- This site is optimized with the Yoast SEO Premium plugin v17.8 (Yoast SEO v17.8) - https:\/\/yoast.com\/wordpress\/plugins\/seo\/ -->\n<title>SA THI\u00c8S - &quot;Il faut instaurer la Var&quot; | Nettali.com<\/title>\n<meta name=\"robots\" content=\"index, follow, max-snippet:-1, max-image-preview:large, max-video-preview:-1\" \/>\n<link rel=\"canonical\" href=\"https:\/\/www.nettali.com\/2023\/03\/08\/sa-thies-il-faut-instaurer-la-var\/\" \/>\n<meta property=\"og:locale\" content=\"fr_FR\" \/>\n<meta property=\"og:type\" content=\"article\" \/>\n<meta property=\"og:title\" content=\"SA THI\u00c8S - &quot;Il faut instaurer la Var&quot;\" \/>\n<meta property=\"og:description\" content=\"NETTALI.COM - Apr\u00e8s sa victoire valid\u00e9e sur recours par le CNG ce mercredi, Sa Thi\u00e8s a tenu sa premi\u00e8re d\u00e9claration. Pour le bourreau de Reug Reug, l&#039;heure de l&#039;utilisation de la Var a sonn\u00e9. Un pilier, selon lui, incontournable pour la non violence. &quot;On m\u2019a rendu ma victoire, c\u2019est une bonne chose. Tout le monde [&hellip;]\" \/>\n<meta property=\"og:url\" content=\"https:\/\/www.nettali.com\/2023\/03\/08\/sa-thies-il-faut-instaurer-la-var\/\" \/>\n<meta property=\"og:site_name\" content=\"Nettali.com\" \/>\n<meta property=\"article:publisher\" content=\"https:\/\/www.facebook.com\/nettalicom\" \/>\n<meta property=\"article:published_time\" content=\"2023-03-08T17:04:01+00:00\" \/>\n<meta property=\"og:image\" content=\"https:\/\/www.nettali.com\/wp-content\/uploads\/2019\/03\/nettali-placeholder-post.jpg\" \/>\n\t<meta property=\"og:image:width\" content=\"1200\" \/>\n\t<meta property=\"og:image:height\" content=\"1200\" \/>\n<meta name=\"twitter:card\" content=\"summary_large_image\" \/>\n<meta name=\"twitter:label1\" content=\"\u00c9crit par\" \/>\n\t<meta name=\"twitter:data1\" content=\"Ibrahima\" \/>\n\t<meta name=\"twitter:label2\" content=\"Dur\u00e9e de lecture estim\u00e9e\" \/>\n\t<meta name=\"twitter:data2\" content=\"2 minutes\" \/>\n<script type=\"application\/ld+json\" class=\"yoast-schema-graph\">{\"@context\":\"https:\/\/schema.org\",\"@graph\":[{\"@type\":\"WebSite\",\"@id\":\"https:\/\/www.nettali.com\/#website\",\"url\":\"https:\/\/www.nettali.com\/\",\"name\":\"Nettali.com\",\"description\":\"Le rendez-vous critique du Net\",\"potentialAction\":[{\"@type\":\"SearchAction\",\"target\":{\"@type\":\"EntryPoint\",\"urlTemplate\":\"https:\/\/www.nettali.com\/?s={search_term_string}\"},\"query-input\":\"required name=search_term_string\"}],\"inLanguage\":\"fr-FR\"},{\"@type\":\"WebPage\",\"@id\":\"https:\/\/www.nettali.com\/2023\/03\/08\/sa-thies-il-faut-instaurer-la-var\/#webpage\",\"url\":\"https:\/\/www.nettali.com\/2023\/03\/08\/sa-thies-il-faut-instaurer-la-var\/\",\"name\":\"SA THI\\u00c8S - \\\"Il faut instaurer la Var\\\" | Nettali.com\",\"isPartOf\":{\"@id\":\"https:\/\/www.nettali.com\/#website\"},\"datePublished\":\"2023-03-08T17:04:01+00:00\",\"dateModified\":\"2023-03-08T17:04:01+00:00\",\"author\":{\"@id\":\"https:\/\/www.nettali.com\/#\/schema\/person\/bb147657c2986240405a608162b9bb23\"},\"breadcrumb\":{\"@id\":\"https:\/\/www.nettali.com\/2023\/03\/08\/sa-thies-il-faut-instaurer-la-var\/#breadcrumb\"},\"inLanguage\":\"fr-FR\",\"potentialAction\":[{\"@type\":\"ReadAction\",\"target\":[\"https:\/\/www.nettali.com\/2023\/03\/08\/sa-thies-il-faut-instaurer-la-var\/\"]}]},{\"@type\":\"BreadcrumbList\",\"@id\":\"https:\/\/www.nettali.com\/2023\/03\/08\/sa-thies-il-faut-instaurer-la-var\/#breadcrumb\",\"itemListElement\":[{\"@type\":\"ListItem\",\"position\":1,\"name\":\"Accueil\",\"item\":\"https:\/\/www.nettali.com\/\"},{\"@type\":\"ListItem\",\"position\":2,\"name\":\"SA THI\\u00c8S - \\\"Il faut instaurer la Var\\\"\"}]},{\"@type\":\"Person\",\"@id\":\"https:\/\/www.nettali.com\/#\/schema\/person\/bb147657c2986240405a608162b9bb23\",\"name\":\"Ibrahima\",\"image\":{\"@type\":\"ImageObject\",\"@id\":\"https:\/\/www.nettali.com\/#personlogo\",\"inLanguage\":\"fr-FR\",\"url\":\"https:\/\/secure.gravatar.com\/avatar\/26a8a81f09f0dd7624c9d5c36c9ba3a2?s=96&d=mm&r=g\",\"contentUrl\":\"https:\/\/secure.gravatar.com\/avatar\/26a8a81f09f0dd7624c9d5c36c9ba3a2?s=96&d=mm&r=g\",\"caption\":\"Ibrahima\"},\"sameAs\":[\"https:\/\/www.nettali.com\"]}]}<\/script>\n<!-- \/ Yoast SEO Premium plugin. -->","yoast_head_json":{"title":"SA THI\u00c8S - \"Il faut instaurer la Var\" | Nettali.com","robots":{"index":"index","follow":"follow","max-snippet":"max-snippet:-1","max-image-preview":"max-image-preview:large","max-video-preview":"max-video-preview:-1"},"canonical":"https:\/\/www.nettali.com\/2023\/03\/08\/sa-thies-il-faut-instaurer-la-var\/","og_locale":"fr_FR","og_type":"article","og_title":"SA THI\u00c8S - \"Il faut instaurer la Var\"","og_description":"NETTALI.COM - Apr\u00e8s sa victoire valid\u00e9e sur recours par le CNG ce mercredi, Sa Thi\u00e8s a tenu sa premi\u00e8re d\u00e9claration. Pour le bourreau de Reug Reug, l'heure de l'utilisation de la Var a sonn\u00e9. Un pilier, selon lui, incontournable pour la non violence. \"On m\u2019a rendu ma victoire, c\u2019est une bonne chose. Tout le monde [&hellip;]","og_url":"https:\/\/www.nettali.com\/2023\/03\/08\/sa-thies-il-faut-instaurer-la-var\/","og_site_name":"Nettali.com","article_publisher":"https:\/\/www.facebook.com\/nettalicom","article_published_time":"2023-03-08T17:04:01+00:00","og_image":[{"width":1200,"height":1200,"url":"https:\/\/www.nettali.com\/wp-content\/uploads\/2019\/03\/nettali-placeholder-post.jpg","type":"image\/jpeg"}],"twitter_card":"summary_large_image","twitter_misc":{"\u00c9crit par":"Ibrahima","Dur\u00e9e de lecture estim\u00e9e":"2 minutes"},"schema":{"@context":"https:\/\/schema.org","@graph":[{"@type":"WebSite","@id":"https:\/\/www.nettali.com\/#website","url":"https:\/\/www.nettali.com\/","name":"Nettali.com","description":"Le rendez-vous critique du Net","potentialAction":[{"@type":"SearchAction","target":{"@type":"EntryPoint","urlTemplate":"https:\/\/www.nettali.com\/?s={search_term_string}"},"query-input":"required name=search_term_string"}],"inLanguage":"fr-FR"},{"@type":"WebPage","@id":"https:\/\/www.nettali.com\/2023\/03\/08\/sa-thies-il-faut-instaurer-la-var\/#webpage","url":"https:\/\/www.nettali.com\/2023\/03\/08\/sa-thies-il-faut-instaurer-la-var\/","name":"SA THI\u00c8S - \"Il faut instaurer la Var\" | Nettali.com","isPartOf":{"@id":"https:\/\/www.nettali.com\/#website"},"datePublished":"2023-03-08T17:04:01+00:00","dateModified":"2023-03-08T17:04:01+00:00","author":{"@id":"https:\/\/www.nettali.com\/#\/schema\/person\/bb147657c2986240405a608162b9bb23"},"breadcrumb":{"@id":"https:\/\/www.nettali.com\/2023\/03\/08\/sa-thies-il-faut-instaurer-la-var\/#breadcrumb"},"inLanguage":"fr-FR","potentialAction":[{"@type":"ReadAction","target":["https:\/\/www.nettali.com\/2023\/03\/08\/sa-thies-il-faut-instaurer-la-var\/"]}]},{"@type":"BreadcrumbList","@id":"https:\/\/www.nettali.com\/2023\/03\/08\/sa-thies-il-faut-instaurer-la-var\/#breadcrumb","itemListElement":[{"@type":"ListItem","position":1,"name":"Accueil","item":"https:\/\/www.nettali.com\/"},{"@type":"ListItem","position":2,"name":"SA THI\u00c8S - \"Il faut instaurer la Var\""}]},{"@type":"Person","@id":"https:\/\/www.nettali.com\/#\/schema\/person\/bb147657c2986240405a608162b9bb23","name":"Ibrahima","image":{"@type":"ImageObject","@id":"https:\/\/www.nettali.com\/#personlogo","inLanguage":"fr-FR","url":"https:\/\/secure.gravatar.com\/avatar\/26a8a81f09f0dd7624c9d5c36c9ba3a2?s=96&d=mm&r=g","contentUrl":"https:\/\/secure.gravatar.com\/avatar\/26a8a81f09f0dd7624c9d5c36c9ba3a2?s=96&d=mm&r=g","caption":"Ibrahima"},"sameAs":["https:\/\/www.nettali.com"]}]}},"_links":{"self":[{"href":"https:\/\/www.nettali.com\/rest\/wp\/v2\/posts\/105652"}],"collection":[{"href":"https:\/\/www.nettali.com\/rest\/wp\/v2\/posts"}],"about":[{"href":"https:\/\/www.nettali.com\/rest\/wp\/v2\/types\/post"}],"author":[{"embeddable":true,"href":"https:\/\/www.nettali.com\/rest\/wp\/v2\/users\/5"}],"replies":[{"embeddable":true,"href":"https:\/\/www.nettali.com\/rest\/wp\/v2\/comments?post=105652"}],"version-history":[{"count":1,"href":"https:\/\/www.nettali.com\/rest\/wp\/v2\/posts\/105652\/revisions"}],"predecessor-version":[{"id":105655,"href":"https:\/\/www.nettali.com\/rest\/wp\/v2\/posts\/105652\/revisions\/105655"}],"wp:attachment":[{"href":"https:\/\/www.nettali.com\/rest\/wp\/v2\/media?parent=105652"}],"wp:term":[{"taxonomy":"category","embeddable":true,"href":"https:\/\/www.nettali.com\/rest\/wp\/v2\/categories?post=105652"},{"taxonomy":"post_tag","embeddable":true,"href":"https:\/\/www.nettali.com\/rest\/wp\/v2\/tags?post=105652"}],"curies":[{"name":"wp","href":"https:\/\/api.w.org\/{rel}","templated":true}]}}