{"id":105639,"date":"2023-03-08T09:06:01","date_gmt":"2023-03-08T09:06:01","guid":{"rendered":"https:\/\/www.nettali.com\/?p=105639"},"modified":"2023-03-08T09:06:01","modified_gmt":"2023-03-08T09:06:01","slug":"arrestation-de-guy-marius-sagna-devant-lambassade-de-tunisie-une-plainte-deposee-contre-le-commissaire-de-police-de-dakar-plateau","status":"publish","type":"post","link":"https:\/\/www.nettali.com\/2023\/03\/08\/arrestation-de-guy-marius-sagna-devant-lambassade-de-tunisie-une-plainte-deposee-contre-le-commissaire-de-police-de-dakar-plateau\/","title":{"rendered":"ARRESTATION DE GUY MARIUS SAGNA DEVANT L\u2019AMBASSADE DE TUNISIE - \u00a0Une plainte d\u00e9pos\u00e9e contre le commissaire de police de Dakar-Plateau"},"content":{"rendered":"<p><strong>NETTALI.COM - D\u2019une histoire de racisme hors de nos fronti\u00e8res, le scandale de latraque des Noirs en Tunisie pourrait prendre une autre tournure au S\u00e9n\u00e9gal.<\/strong><\/p>\n<p>Guy Marius Sagna ne compte pas croiser les doigts, apr\u00e8s avoir pass\u00e9 une journ\u00e9e dans les liens de la d\u00e9tention, samedi dernier. Le d\u00e9put\u00e9 a annonc\u00e9, ce mardi, avoir d\u00e9pos\u00e9 une plainte aupr\u00e8s du procureur de la R\u00e9publique <em>\u201cpour enl\u00e8vement, s\u00e9questration, d\u00e9tention arbitraire et violation de l\u2019immunit\u00e9 parlementaire de d\u00e9put\u00e9 en session\u201d<\/em> contre Khady Fall, Commissaire de police \u00e0 Dakar-Plateau, et X, en application de l\u2019article 112 du Code p\u00e9nal.<\/p>\n<p>Le d\u00e9put\u00e9 de la coalition Yewwi Askan Wi (opposition) a \u00e9t\u00e9 arr\u00eat\u00e9 en compagnie de 13 autres personnes appartenant \u00e0 diverses organisations <em>\u201cpour participation \u00e0 une manifestation interdite. Ils \u00e9taient partis d\u00e9poser individuellement des lettres de protestation \u00e0 l'ambassade de Tunisie\u201d,<\/em> selon leur avocat, Me Moussa Sarr.<\/p>\n<p><em>\u201cNous (...) venons, par cette pr\u00e9sente lettre, protester contre la chasse aux Africains noirs en cours en Tunisie, apr\u00e8s les propos racistes et haineux du pr\u00e9sident tunisien\u201d, <\/em>indique l'une des lettres d'un militant. S'exprimant lors d'une r\u00e9union du Conseil de s\u00e9curit\u00e9 nationale <em>\u201cconsacr\u00e9e aux mesures urgentes qui doivent \u00eatre prises pour faire face \u00e0 l'arriv\u00e9e en Tunisie d'un grand nombre de migrants clandestins en provenance d'Afrique subsaharienne\u201d,<\/em> le pr\u00e9sident tunisien Ka\u00efs Sa\u00efed a pr\u00f4n\u00e9, le 21 f\u00e9vrier 2023, des \u201cmesures urgentes\u201d contre l'immigration clandestine de ressortissants de pays d'Afrique subsaharienne, affirmant que leur pr\u00e9sence en Tunisie \u00e9tait source de <em>\u201cviolence, de crimes et d'actes inacceptables<\/em>\u201d visant \u00e0 <em>\u201cchanger la composition d\u00e9mographique\u201d<\/em> du pays. Des propos qui ont suscit\u00e9 une vague d\u2019indignations en Afrique et \u00e0 travers le monde.<\/p>\n<p><strong>Violation de l\u2019immunit\u00e9 parlementaire <\/strong><\/p>\n<p>Revenant sur la journ\u00e9e du samedi, Guy Marius Sagna affirme s\u2019\u00eatre rendu \u00e0 l'ambassade de Tunisie \u00e0 Dakar pour d\u00e9poser une lettre de protestation en sa qualit\u00e9 de d\u00e9put\u00e9. Une fois sur place, <em>\u201cle commissaire du Plateau et ses hommes ont barricad\u00e9 l'acc\u00e8s \u00e0 l'ambassade. Elle a ordonn\u00e9 de nous charger par des grenades lacrymog\u00e8nes, puis notre arrestation. C'est ainsi que j'ai \u00e9t\u00e9 achemin\u00e9 dans les locaux du commissariat du Plateau avant d'\u00eatre s\u00e9questr\u00e9 en violation flagrante des r\u00e8gles constitutionnelles \u00e9l\u00e9mentaires qui garantissent mon immunit\u00e9 parlementaire et aussi au m\u00e9pris des dispositions de l'article 112 du Code p\u00e9nal\u201d<\/em>. Ce point pr\u00e9cis de la loi invoqu\u00e9e par l\u2019honorable d\u00e9put\u00e9 dispose : <em>\u201cSeront coupables de forfaiture et punis de la d\u00e9gradation civique, tous officiers de police judiciaire, tous procureurs g\u00e9n\u00e9raux ou procureurs de la R\u00e9publique, tous substituts, tous juges qui auront provoqu\u00e9, donn\u00e9 ou sign\u00e9 un jugement, une ordonnance ou un mandat tendant \u00e0 la poursuite personnelle ou accusation, soit d'un ministre, soit d'un membre de l'Assembl\u00e9e nationale sans les autorisations prescrites par les lois de l'\u00c9tat, ou qui, hors les cas de flagrant d\u00e9lit, auront, sans les m\u00eames autorisations, donn\u00e9 ou sign\u00e9 l'ordre ou le mandat de saisir ou arr\u00eater un ou plusieurs ministres ou membres de l'Assembl\u00e9e nationale. Sans aucune forme de proc\u00e9dure, j'ai \u00e9t\u00e9 lib\u00e9r\u00e9 \u00e0 5 h du matin, apr\u00e8s une longue journ\u00e9e de s\u00e9questration et de d\u00e9tention arbitraire\u201d<\/em>.<\/p>\n<p><strong>\u201cMon arrestation ainsi que la garde \u00e0 vue dont j'ai \u00e9t\u00e9 victime sont totalement arbitraires\u201d <\/strong><\/p>\n<p>Se basant sur ce texte, l\u2019activiste rappelle que le d\u00e9put\u00e9, \u00e9lu du peuple, <em>\u201cest un repr\u00e9sentant qualifi\u00e9 de la Nation. L'autorit\u00e9 de l'Assembl\u00e9e nationale, incarn\u00e9e par les d\u00e9put\u00e9s, est garantie par des normes constitutionnelles et l\u00e9gislatives\u201d<\/em>. De ce fait, estime-t-il, <em>\u201cmon arrestation ainsi que la garde \u00e0 vue dont j'ai \u00e9t\u00e9 victime sont totalement arbitraires. Mes droits, en tant que d\u00e9put\u00e9 couvert par son immunit\u00e9, n'ont pas \u00e9t\u00e9 respect\u00e9s\u201d<\/em>. Plus au fait, constate-t-il, <em>\u201cla forfaiture dont s'est rendu coupable le commissaire\u201d, \u201cil n'existe aucune r\u00e8gle de droit national ou international qui interdit la transmission ou le d\u00e9p\u00f4t d'une lettre de protestation dans une ambassade. D'ailleurs, c'est la r\u00e9action inappropri\u00e9e et disproportionn\u00e9e du commissaire qui a troubl\u00e9 la paix de la mission diplomatique tunisienne \u00e0 Dakar\u201d<\/em>.<\/p>\n<p><strong>S\u00e9paration des pouvoirs <\/strong><\/p>\n<p>S\u2019agrippant sur l'exercice du mandat parlementaire et sur sa <em>\u201clibert\u00e9 constitutionnelle de mouvement\u201d<\/em>, le d\u00e9put\u00e9 indique avoir simplement voulu apporter <em>\u201cune assistance morale \u00e0 nos concitoyens vivant en Tunisie\u201d<\/em>. <em>C\u2019est pourquoi, ajoute-t-il, j'invite le pouvoir Judiciaire \u00e0 s\u00e9vir pour le respect scrupuleux des droits des d\u00e9put\u00e9s, de la s\u00e9paration des pouvoirs et surtout de l'immunit\u00e9 parlementaire. J'invite la justice, dans le respect scrupuleux de la s\u00e9paration des pouvoirs, de mettre en \u0153uvre tous les moyens n\u00e9cessaires et l\u00e9gaux pour garantir le respect d\u00fb aux d\u00e9put\u00e9s, et ce, afin d'\u00e9viter qu'une telle situation ne se reproduise\u201d.<\/em><\/p>\n<p>Depuis les propos du pr\u00e9sident tunisien, les Africains noirs pr\u00e9sents en Tunisie d\u00e9noncent des violences, des arrestations arbitraires, des licenciements abusifs. Si aucun S\u00e9n\u00e9galais n\u2019est officiellement r\u00e9pertori\u00e9 parmi les victimes de ces abus, des centaines de ressortissants guin\u00e9ens, maliens et ivoiriens ont \u00e9t\u00e9 rapatri\u00e9s de Tunisie dans des avions envoy\u00e9s par leurs gouvernements respectifs. Le gouvernement s\u00e9n\u00e9galais \u00e0, quant \u00e0 lui, annonc\u00e9 la mise en place d\u2019une cellule de crise pour ses ressortissants au pays du Jasmin.<\/p>\n<p><strong>R\u00e9trop\u00e9dalage des autorit\u00e9s tunisiennes <\/strong><\/p>\n<p>Face aux condamnations, le minist\u00e8re tunisien des Affaires \u00e9trang\u00e8res a publi\u00e9, le samedi 4 mars, un communiqu\u00e9 dans lequel il renouvelle l\u2019engagement de la Tunisie \u00e0 prot\u00e9ger les communaut\u00e9s africaines r\u00e9sidant dans le pays, tout en appelant le Comit\u00e9 des sages d\u2019Afrique \u00e0 <em>\u201cfaire passer des messages d\u2019apaisement et de solidarit\u00e9 entre les diff\u00e9rents pays du continent\u201d.<\/em> Partant de la profondeur des relations qui lient la Tunisie et l\u2019Afrique, et dans le but de faciliter les proc\u00e9dures pour les \u00e9trangers r\u00e9sidant en Tunisie et de prot\u00e9ger autant que possible les diff\u00e9rentes communaut\u00e9s, les autorit\u00e9s tunisiennes ont d\u00e9cid\u00e9, entre autres, de d\u00e9livrer des cartes de s\u00e9jour d\u2019un an pour les \u00e9tudiants des pays africains, de mettre en place un num\u00e9ro vert \u00e0 la disposition des r\u00e9sidents de diff\u00e9rents pays africains pour signaler tout abus \u00e0 leur encontre.<\/p>\n<p>&nbsp;<\/p>\n<div class='share-to-whatsapp-wrapper'><div class='share-on-whsp'>PARTAGER SUR : <\/div><a data-text='ARRESTATION DE GUY MARIUS SAGNA DEVANT L\u2019AMBASSADE DE TUNISIE - \u00a0Une plainte d\u00e9pos\u00e9e contre le commissaire de police de Dakar-Plateau' data-link='https:\/\/www.nettali.com\/2023\/03\/08\/arrestation-de-guy-marius-sagna-devant-lambassade-de-tunisie-une-plainte-deposee-contre-le-commissaire-de-police-de-dakar-plateau\/' class='whatsapp-button whatsapp-share'>WhatsApp<\/a><div class='clear '><\/div><\/div>","protected":false},"excerpt":{"rendered":"<p>NETTALI.COM - D\u2019une histoire de racisme hors de nos fronti\u00e8res, le scandale de latraque des Noirs en Tunisie pourrait prendre une autre tournure au S\u00e9n\u00e9gal. Guy Marius Sagna ne compte pas croiser les doigts, apr\u00e8s avoir pass\u00e9 une journ\u00e9e dans les liens de la d\u00e9tention, samedi dernier. Le d\u00e9put\u00e9 a annonc\u00e9, ce mardi, avoir d\u00e9pos\u00e9 [&hellip;]<\/p>\n","protected":false},"author":4,"featured_media":105421,"comment_status":"open","ping_status":"open","sticky":false,"template":"","format":"standard","meta":{"_et_pb_use_builder":"","_et_pb_old_content":""},"categories":[3],"tags":[],"yoast_head":"<!-- This site is optimized with the Yoast SEO Premium plugin v17.8 (Yoast SEO v17.8) - https:\/\/yoast.com\/wordpress\/plugins\/seo\/ -->\n<title>ARRESTATION DE GUY MARIUS SAGNA DEVANT L\u2019AMBASSADE DE TUNISIE - \u00a0Une plainte d\u00e9pos\u00e9e contre le commissaire de police de Dakar-Plateau | Nettali.com<\/title>\n<meta name=\"robots\" content=\"index, follow, max-snippet:-1, max-image-preview:large, max-video-preview:-1\" \/>\n<link rel=\"canonical\" href=\"https:\/\/www.nettali.com\/2023\/03\/08\/arrestation-de-guy-marius-sagna-devant-lambassade-de-tunisie-une-plainte-deposee-contre-le-commissaire-de-police-de-dakar-plateau\/\" \/>\n<meta property=\"og:locale\" content=\"fr_FR\" \/>\n<meta property=\"og:type\" content=\"article\" \/>\n<meta property=\"og:title\" content=\"ARRESTATION DE GUY MARIUS SAGNA DEVANT L\u2019AMBASSADE DE TUNISIE - \u00a0Une plainte d\u00e9pos\u00e9e contre le commissaire de police de Dakar-Plateau\" \/>\n<meta property=\"og:description\" content=\"NETTALI.COM - D\u2019une histoire de racisme hors de nos fronti\u00e8res, le scandale de latraque des Noirs en Tunisie pourrait prendre une autre tournure au S\u00e9n\u00e9gal. Guy Marius Sagna ne compte pas croiser les doigts, apr\u00e8s avoir pass\u00e9 une journ\u00e9e dans les liens de la d\u00e9tention, samedi dernier. Le d\u00e9put\u00e9 a annonc\u00e9, ce mardi, avoir d\u00e9pos\u00e9 [&hellip;]\" \/>\n<meta property=\"og:url\" content=\"https:\/\/www.nettali.com\/2023\/03\/08\/arrestation-de-guy-marius-sagna-devant-lambassade-de-tunisie-une-plainte-deposee-contre-le-commissaire-de-police-de-dakar-plateau\/\" \/>\n<meta property=\"og:site_name\" content=\"Nettali.com\" \/>\n<meta property=\"article:publisher\" content=\"https:\/\/www.facebook.com\/nettalicom\" \/>\n<meta property=\"article:published_time\" content=\"2023-03-08T09:06:01+00:00\" \/>\n<meta property=\"og:image\" content=\"https:\/\/www.nettali.com\/wp-content\/uploads\/2023\/03\/guy-arrete-e1677931009381-350x250-1.jpg\" \/>\n\t<meta property=\"og:image:width\" content=\"350\" \/>\n\t<meta property=\"og:image:height\" content=\"250\" \/>\n<meta name=\"twitter:card\" content=\"summary_large_image\" \/>\n<meta name=\"twitter:label1\" content=\"\u00c9crit par\" \/>\n\t<meta name=\"twitter:data1\" content=\"Daouda\" \/>\n\t<meta name=\"twitter:label2\" content=\"Dur\u00e9e de lecture estim\u00e9e\" \/>\n\t<meta name=\"twitter:data2\" content=\"5 minutes\" \/>\n<script type=\"application\/ld+json\" class=\"yoast-schema-graph\">{\"@context\":\"https:\/\/schema.org\",\"@graph\":[{\"@type\":\"WebSite\",\"@id\":\"https:\/\/www.nettali.com\/#website\",\"url\":\"https:\/\/www.nettali.com\/\",\"name\":\"Nettali.com\",\"description\":\"Le rendez-vous critique du Net\",\"potentialAction\":[{\"@type\":\"SearchAction\",\"target\":{\"@type\":\"EntryPoint\",\"urlTemplate\":\"https:\/\/www.nettali.com\/?s={search_term_string}\"},\"query-input\":\"required name=search_term_string\"}],\"inLanguage\":\"fr-FR\"},{\"@type\":\"ImageObject\",\"@id\":\"https:\/\/www.nettali.com\/2023\/03\/08\/arrestation-de-guy-marius-sagna-devant-lambassade-de-tunisie-une-plainte-deposee-contre-le-commissaire-de-police-de-dakar-plateau\/#primaryimage\",\"inLanguage\":\"fr-FR\",\"url\":\"https:\/\/www.nettali.com\/wp-content\/uploads\/2023\/03\/guy-arrete-e1677931009381-350x250-1.jpg\",\"contentUrl\":\"https:\/\/www.nettali.com\/wp-content\/uploads\/2023\/03\/guy-arrete-e1677931009381-350x250-1.jpg\",\"width\":350,\"height\":250},{\"@type\":\"WebPage\",\"@id\":\"https:\/\/www.nettali.com\/2023\/03\/08\/arrestation-de-guy-marius-sagna-devant-lambassade-de-tunisie-une-plainte-deposee-contre-le-commissaire-de-police-de-dakar-plateau\/#webpage\",\"url\":\"https:\/\/www.nettali.com\/2023\/03\/08\/arrestation-de-guy-marius-sagna-devant-lambassade-de-tunisie-une-plainte-deposee-contre-le-commissaire-de-police-de-dakar-plateau\/\",\"name\":\"ARRESTATION DE GUY MARIUS SAGNA DEVANT L\\u2019AMBASSADE DE TUNISIE - \\u00a0Une plainte d\\u00e9pos\\u00e9e contre le commissaire de police de Dakar-Plateau | Nettali.com\",\"isPartOf\":{\"@id\":\"https:\/\/www.nettali.com\/#website\"},\"primaryImageOfPage\":{\"@id\":\"https:\/\/www.nettali.com\/2023\/03\/08\/arrestation-de-guy-marius-sagna-devant-lambassade-de-tunisie-une-plainte-deposee-contre-le-commissaire-de-police-de-dakar-plateau\/#primaryimage\"},\"datePublished\":\"2023-03-08T09:06:01+00:00\",\"dateModified\":\"2023-03-08T09:06:01+00:00\",\"author\":{\"@id\":\"https:\/\/www.nettali.com\/#\/schema\/person\/3317e0bb3aa1da309fbf7b2780901bf4\"},\"breadcrumb\":{\"@id\":\"https:\/\/www.nettali.com\/2023\/03\/08\/arrestation-de-guy-marius-sagna-devant-lambassade-de-tunisie-une-plainte-deposee-contre-le-commissaire-de-police-de-dakar-plateau\/#breadcrumb\"},\"inLanguage\":\"fr-FR\",\"potentialAction\":[{\"@type\":\"ReadAction\",\"target\":[\"https:\/\/www.nettali.com\/2023\/03\/08\/arrestation-de-guy-marius-sagna-devant-lambassade-de-tunisie-une-plainte-deposee-contre-le-commissaire-de-police-de-dakar-plateau\/\"]}]},{\"@type\":\"BreadcrumbList\",\"@id\":\"https:\/\/www.nettali.com\/2023\/03\/08\/arrestation-de-guy-marius-sagna-devant-lambassade-de-tunisie-une-plainte-deposee-contre-le-commissaire-de-police-de-dakar-plateau\/#breadcrumb\",\"itemListElement\":[{\"@type\":\"ListItem\",\"position\":1,\"name\":\"Accueil\",\"item\":\"https:\/\/www.nettali.com\/\"},{\"@type\":\"ListItem\",\"position\":2,\"name\":\"ARRESTATION DE GUY MARIUS SAGNA DEVANT L\\u2019AMBASSADE DE TUNISIE - \\u00a0Une plainte d\\u00e9pos\\u00e9e contre le commissaire de police de Dakar-Plateau\"}]},{\"@type\":\"Person\",\"@id\":\"https:\/\/www.nettali.com\/#\/schema\/person\/3317e0bb3aa1da309fbf7b2780901bf4\",\"name\":\"Daouda\",\"image\":{\"@type\":\"ImageObject\",\"@id\":\"https:\/\/www.nettali.com\/#personlogo\",\"inLanguage\":\"fr-FR\",\"url\":\"https:\/\/secure.gravatar.com\/avatar\/8d143b5a49345098ddcfee1c49c2f47c?s=96&d=mm&r=g\",\"contentUrl\":\"https:\/\/secure.gravatar.com\/avatar\/8d143b5a49345098ddcfee1c49c2f47c?s=96&d=mm&r=g\",\"caption\":\"Daouda\"},\"sameAs\":[\"https:\/\/www.nettali.com\"]}]}<\/script>\n<!-- \/ Yoast SEO Premium plugin. -->","yoast_head_json":{"title":"ARRESTATION DE GUY MARIUS SAGNA DEVANT L\u2019AMBASSADE DE TUNISIE - \u00a0Une plainte d\u00e9pos\u00e9e contre le commissaire de police de Dakar-Plateau | Nettali.com","robots":{"index":"index","follow":"follow","max-snippet":"max-snippet:-1","max-image-preview":"max-image-preview:large","max-video-preview":"max-video-preview:-1"},"canonical":"https:\/\/www.nettali.com\/2023\/03\/08\/arrestation-de-guy-marius-sagna-devant-lambassade-de-tunisie-une-plainte-deposee-contre-le-commissaire-de-police-de-dakar-plateau\/","og_locale":"fr_FR","og_type":"article","og_title":"ARRESTATION DE GUY MARIUS SAGNA DEVANT L\u2019AMBASSADE DE TUNISIE - \u00a0Une plainte d\u00e9pos\u00e9e contre le commissaire de police de Dakar-Plateau","og_description":"NETTALI.COM - D\u2019une histoire de racisme hors de nos fronti\u00e8res, le scandale de latraque des Noirs en Tunisie pourrait prendre une autre tournure au S\u00e9n\u00e9gal. Guy Marius Sagna ne compte pas croiser les doigts, apr\u00e8s avoir pass\u00e9 une journ\u00e9e dans les liens de la d\u00e9tention, samedi dernier. Le d\u00e9put\u00e9 a annonc\u00e9, ce mardi, avoir d\u00e9pos\u00e9 [&hellip;]","og_url":"https:\/\/www.nettali.com\/2023\/03\/08\/arrestation-de-guy-marius-sagna-devant-lambassade-de-tunisie-une-plainte-deposee-contre-le-commissaire-de-police-de-dakar-plateau\/","og_site_name":"Nettali.com","article_publisher":"https:\/\/www.facebook.com\/nettalicom","article_published_time":"2023-03-08T09:06:01+00:00","og_image":[{"width":350,"height":250,"url":"https:\/\/www.nettali.com\/wp-content\/uploads\/2023\/03\/guy-arrete-e1677931009381-350x250-1.jpg","type":"image\/jpeg"}],"twitter_card":"summary_large_image","twitter_misc":{"\u00c9crit par":"Daouda","Dur\u00e9e de lecture estim\u00e9e":"5 minutes"},"schema":{"@context":"https:\/\/schema.org","@graph":[{"@type":"WebSite","@id":"https:\/\/www.nettali.com\/#website","url":"https:\/\/www.nettali.com\/","name":"Nettali.com","description":"Le rendez-vous critique du Net","potentialAction":[{"@type":"SearchAction","target":{"@type":"EntryPoint","urlTemplate":"https:\/\/www.nettali.com\/?s={search_term_string}"},"query-input":"required name=search_term_string"}],"inLanguage":"fr-FR"},{"@type":"ImageObject","@id":"https:\/\/www.nettali.com\/2023\/03\/08\/arrestation-de-guy-marius-sagna-devant-lambassade-de-tunisie-une-plainte-deposee-contre-le-commissaire-de-police-de-dakar-plateau\/#primaryimage","inLanguage":"fr-FR","url":"https:\/\/www.nettali.com\/wp-content\/uploads\/2023\/03\/guy-arrete-e1677931009381-350x250-1.jpg","contentUrl":"https:\/\/www.nettali.com\/wp-content\/uploads\/2023\/03\/guy-arrete-e1677931009381-350x250-1.jpg","width":350,"height":250},{"@type":"WebPage","@id":"https:\/\/www.nettali.com\/2023\/03\/08\/arrestation-de-guy-marius-sagna-devant-lambassade-de-tunisie-une-plainte-deposee-contre-le-commissaire-de-police-de-dakar-plateau\/#webpage","url":"https:\/\/www.nettali.com\/2023\/03\/08\/arrestation-de-guy-marius-sagna-devant-lambassade-de-tunisie-une-plainte-deposee-contre-le-commissaire-de-police-de-dakar-plateau\/","name":"ARRESTATION DE GUY MARIUS SAGNA DEVANT L\u2019AMBASSADE DE TUNISIE - \u00a0Une plainte d\u00e9pos\u00e9e contre le commissaire de police de Dakar-Plateau | Nettali.com","isPartOf":{"@id":"https:\/\/www.nettali.com\/#website"},"primaryImageOfPage":{"@id":"https:\/\/www.nettali.com\/2023\/03\/08\/arrestation-de-guy-marius-sagna-devant-lambassade-de-tunisie-une-plainte-deposee-contre-le-commissaire-de-police-de-dakar-plateau\/#primaryimage"},"datePublished":"2023-03-08T09:06:01+00:00","dateModified":"2023-03-08T09:06:01+00:00","author":{"@id":"https:\/\/www.nettali.com\/#\/schema\/person\/3317e0bb3aa1da309fbf7b2780901bf4"},"breadcrumb":{"@id":"https:\/\/www.nettali.com\/2023\/03\/08\/arrestation-de-guy-marius-sagna-devant-lambassade-de-tunisie-une-plainte-deposee-contre-le-commissaire-de-police-de-dakar-plateau\/#breadcrumb"},"inLanguage":"fr-FR","potentialAction":[{"@type":"ReadAction","target":["https:\/\/www.nettali.com\/2023\/03\/08\/arrestation-de-guy-marius-sagna-devant-lambassade-de-tunisie-une-plainte-deposee-contre-le-commissaire-de-police-de-dakar-plateau\/"]}]},{"@type":"BreadcrumbList","@id":"https:\/\/www.nettali.com\/2023\/03\/08\/arrestation-de-guy-marius-sagna-devant-lambassade-de-tunisie-une-plainte-deposee-contre-le-commissaire-de-police-de-dakar-plateau\/#breadcrumb","itemListElement":[{"@type":"ListItem","position":1,"name":"Accueil","item":"https:\/\/www.nettali.com\/"},{"@type":"ListItem","position":2,"name":"ARRESTATION DE GUY MARIUS SAGNA DEVANT L\u2019AMBASSADE DE TUNISIE - \u00a0Une plainte d\u00e9pos\u00e9e contre le commissaire de police de Dakar-Plateau"}]},{"@type":"Person","@id":"https:\/\/www.nettali.com\/#\/schema\/person\/3317e0bb3aa1da309fbf7b2780901bf4","name":"Daouda","image":{"@type":"ImageObject","@id":"https:\/\/www.nettali.com\/#personlogo","inLanguage":"fr-FR","url":"https:\/\/secure.gravatar.com\/avatar\/8d143b5a49345098ddcfee1c49c2f47c?s=96&d=mm&r=g","contentUrl":"https:\/\/secure.gravatar.com\/avatar\/8d143b5a49345098ddcfee1c49c2f47c?s=96&d=mm&r=g","caption":"Daouda"},"sameAs":["https:\/\/www.nettali.com"]}]}},"_links":{"self":[{"href":"https:\/\/www.nettali.com\/rest\/wp\/v2\/posts\/105639"}],"collection":[{"href":"https:\/\/www.nettali.com\/rest\/wp\/v2\/posts"}],"about":[{"href":"https:\/\/www.nettali.com\/rest\/wp\/v2\/types\/post"}],"author":[{"embeddable":true,"href":"https:\/\/www.nettali.com\/rest\/wp\/v2\/users\/4"}],"replies":[{"embeddable":true,"href":"https:\/\/www.nettali.com\/rest\/wp\/v2\/comments?post=105639"}],"version-history":[{"count":1,"href":"https:\/\/www.nettali.com\/rest\/wp\/v2\/posts\/105639\/revisions"}],"predecessor-version":[{"id":105640,"href":"https:\/\/www.nettali.com\/rest\/wp\/v2\/posts\/105639\/revisions\/105640"}],"wp:featuredmedia":[{"embeddable":true,"href":"https:\/\/www.nettali.com\/rest\/wp\/v2\/media\/105421"}],"wp:attachment":[{"href":"https:\/\/www.nettali.com\/rest\/wp\/v2\/media?parent=105639"}],"wp:term":[{"taxonomy":"category","embeddable":true,"href":"https:\/\/www.nettali.com\/rest\/wp\/v2\/categories?post=105639"},{"taxonomy":"post_tag","embeddable":true,"href":"https:\/\/www.nettali.com\/rest\/wp\/v2\/tags?post=105639"}],"curies":[{"name":"wp","href":"https:\/\/api.w.org\/{rel}","templated":true}]}}