{"id":105548,"date":"2023-03-06T21:00:03","date_gmt":"2023-03-06T21:00:03","guid":{"rendered":"https:\/\/www.nettali.com\/?p=105548"},"modified":"2023-03-06T21:00:03","modified_gmt":"2023-03-06T21:00:03","slug":"m-le-president-macky-sall-vous-navez-pas-ce-droit","status":"publish","type":"post","link":"https:\/\/www.nettali.com\/2023\/03\/06\/m-le-president-macky-sall-vous-navez-pas-ce-droit\/","title":{"rendered":"M. le Pr\u00e9sident Macky Sall vous n\u2019avez pas ce droit !"},"content":{"rendered":"<p>CONTRIBUTION - \u00abLa transparence, simple filtre pour honorer votre conscience !\u00bb Cette phrase pouvait suffire pour rappeler au Pr\u00e9sident Macky Sall les r\u00e8gles \u00e9l\u00e9mentaires pour mener le bateau S\u00e9n\u00e9gal au port de la transparence, de la bonne gouvernance. Mais aussi et surtout de l\u2019\u00e9thique et du respect des engagements, qui au-del\u00e0 d\u2019\u00eatre personnels, engagent toute une nation. Monsieur le Pr\u00e9sident de la R\u00e9publique, rappelez-vous vos prises de position lorsque vous cherchiez le pouvoir.<\/p>\n<p>Monsieur le Pr\u00e9sident de la R\u00e9publique, rappelez-vous vos appels, vos cris de d\u00e9tresse lorsque vous pensiez que le Pr\u00e9sident Abdoulaye Wade allait vous mettre en prison. Monsieur le Pr\u00e9sident de la R\u00e9publique, rappelez-vous vos sueurs, votre fatigue \u00e0 combattre l\u2019injustice. Monsieur le Pr\u00e9sident de la R\u00e9publique, rappelez-vous vos moments d\u2019intense combat pour vouloir redonner aux S\u00e9n\u00e9galais l\u2019espoir d\u2019une d\u00e9mocratie debout !<\/p>\n<p>Monsieur le Pr\u00e9sident de la R\u00e9publique, rappelez-vous du soutien constant du peuple s\u00e9n\u00e9galais dans votre descente en enfer. Monsieur le Pr\u00e9sident, rappelez-vous de vos propos lorsque vous disiez que vous alliez d\u00e9loger du Palais le Pr\u00e9sident Wade. Monsieur le Pr\u00e9sident, rappelez-vous lorsque vous appeliez les jeunes \u00e0 mener le combat au nom de la r\u00e9volution d\u00e9mocratique. Monsieur le Pr\u00e9sident, l\u2019histoire est r\u00e9cente pour l\u2019oublier.<\/p>\n<p>Tout cela s\u2019est pass\u00e9 entre 2007 et 2011. Malgr\u00e9 le fait d\u2019avoir \u00e9t\u00e9 le principal bras arm\u00e9 du r\u00e9gime lib\u00e9ral dans plusieurs dossiers, les S\u00e9n\u00e9galais vous ont pourtant pardonn\u00e9 en vous mettant au plus haut sommet de la pyramide. Malheureusement, l\u2019ivresse du pouvoir semble vous avoir d\u00e9tourn\u00e9 du pacte constitutionnel. Aucune r\u00e8gle de transparence n\u2019est respect\u00e9e depuis votre accession \u00e0 la magistrature supr\u00eame. Toutes les r\u00e8gles sont bafou\u00e9es et l\u2019impunit\u00e9 dans vos rangs est devenue la r\u00e8gle. C\u2019est v\u00e9ritablement le parti avant la patrie !<\/p>\n<p>Comment dans un pays normal, les services de votre beau-fr\u00e8re peuvent-ils emprunter 98 milliards de francs CFA, au nom du S\u00e9n\u00e9gal sans validation du minist\u00e8re des finances, pire le tr\u00e9sor public n'a jusqu'ici pas vu la couleur de cet argent log\u00e9 pourtant en toute ill\u00e9galit\u00e9 dans le compte bancaire d'une soci\u00e9t\u00e9 priv\u00e9e \u00e0 Dakar, et que vous ne r\u00e9agissiez point ! C\u2019est grave monsieur le Pr\u00e9sident.<\/p>\n<p>Comment pouvez-vous recevoir la cheffe de l\u2019opposition de votre homologue fran\u00e7ais en catimini. Marine Le Pen pour la nommer, qui insulte l\u2019Afrique et son histoire, qui travaille \u00e0 rapatrier les noirs vivant en France, qui voue une haine visc\u00e9rale \u00e0 notre race a \u00e9t\u00e9 honor\u00e9e par vous. Pire, l\u2019ancien Premier ministre du S\u00e9n\u00e9gal, ancien pr\u00e9sident de la Commission de l\u2019Union \u00e9conomique mon\u00e9taire ouest africaine (UEMOA), Cheikh Hadjibou Soumar\u00e9 vous interpelle sur un cadeau que cette dame aurait re\u00e7u. Et l\u2019on parle de plus de 8 milliards francs CFA que vous lui aurait gracieusement offerts. Pourquoi ? La renforcer dans son opposition contre Emmanuel Macron ? La renforcer dans son combat contre l\u2019\u00e9migration de nos compatriotes en France et des africains en g\u00e9n\u00e9ral ?<\/p>\n<p>C\u2019est grave ! Et, monsieur le Pr\u00e9sident, vous n\u2019avez pas ce droit. Vous n\u2019avez pas le droit de fouler au pied les r\u00e8gles en mati\u00e8re de gouvernance \u00e9conomique. Vous n\u2019avez pas le droit de violer le droit. D\u2019ailleurs, vous vous pr\u00e9parez \u00e0 le faire avec cette troisi\u00e8me candidature anticonstitutionnelle. Mais, retenez qu\u2019elle ne passera pas. A vrai dire, vous n\u2019en avez pas le droit. Vous n\u2019avez \u00e9galement le droit de manipuler la justice.<\/p>\n<p>Actuellement, des dizaines de jeunes opposants croupissent en prison. D\u2019ailleurs, que leur reproche-t-on, si l\u2019on sait que dans votre camp, quelques-uns de vos lieutenants ne cessent de remettre en cause notre commune volont\u00e9 de vivre ensemble. Qui a appel\u00e9 \u00e0 tuer un opposant ? Qui a accus\u00e9 des opposants d\u2019avoir attent\u00e9 \u00e0 la vie de deux \u00e9l\u00e9ments de nos forces de d\u00e9fense et de s\u00e9curit\u00e9 ? Qui a d\u00e9fendu qu\u2019il mobilisera cinq\u00a0 milles jeunes pour ligoter un opposant et le mener au tribunal ? Monsieur le Pr\u00e9sident vous n\u2019avez pas le droit d\u2019orienter la justice. Vous n\u2019avez ce droit, comme vous n\u2019avez pas le droit d\u2019essayer de museler des journalistes. \u00c7a suffit ! \u00catre Pr\u00e9sident, ne vous donne pas tous ces droits. Vous n\u2019avez pas le droit !<\/p>\n<p><strong>Bougane Gu\u00e8ye Dani \u00a0<\/strong><br \/>\n<strong>Pr\u00e9sident du mouvement Gueum Sa Bopp<\/strong><\/p>\n<div class='share-to-whatsapp-wrapper'><div class='share-on-whsp'>PARTAGER SUR : <\/div><a data-text='M. le Pr\u00e9sident Macky Sall vous n\u2019avez pas ce droit !' data-link='https:\/\/www.nettali.com\/2023\/03\/06\/m-le-president-macky-sall-vous-navez-pas-ce-droit\/' class='whatsapp-button whatsapp-share'>WhatsApp<\/a><div class='clear '><\/div><\/div>","protected":false},"excerpt":{"rendered":"<p>CONTRIBUTION - \u00abLa transparence, simple filtre pour honorer votre conscience !\u00bb Cette phrase pouvait suffire pour rappeler au Pr\u00e9sident Macky Sall les r\u00e8gles \u00e9l\u00e9mentaires pour mener le bateau S\u00e9n\u00e9gal au port de la transparence, de la bonne gouvernance. Mais aussi et surtout de l\u2019\u00e9thique et du respect des engagements, qui au-del\u00e0 d\u2019\u00eatre personnels, engagent toute [&hellip;]<\/p>\n","protected":false},"author":4,"featured_media":83986,"comment_status":"open","ping_status":"open","sticky":false,"template":"","format":"standard","meta":{"_et_pb_use_builder":"","_et_pb_old_content":""},"categories":[34933],"tags":[],"yoast_head":"<!-- This site is optimized with the Yoast SEO Premium plugin v17.8 (Yoast SEO v17.8) - https:\/\/yoast.com\/wordpress\/plugins\/seo\/ -->\n<title>M. le Pr\u00e9sident Macky Sall vous n\u2019avez pas ce droit ! | Nettali.com<\/title>\n<meta name=\"robots\" content=\"index, follow, max-snippet:-1, max-image-preview:large, max-video-preview:-1\" \/>\n<link rel=\"canonical\" href=\"https:\/\/www.nettali.com\/2023\/03\/06\/m-le-president-macky-sall-vous-navez-pas-ce-droit\/\" \/>\n<meta property=\"og:locale\" content=\"fr_FR\" \/>\n<meta property=\"og:type\" content=\"article\" \/>\n<meta property=\"og:title\" content=\"M. le Pr\u00e9sident Macky Sall vous n\u2019avez pas ce droit !\" \/>\n<meta property=\"og:description\" content=\"CONTRIBUTION - \u00abLa transparence, simple filtre pour honorer votre conscience !\u00bb Cette phrase pouvait suffire pour rappeler au Pr\u00e9sident Macky Sall les r\u00e8gles \u00e9l\u00e9mentaires pour mener le bateau S\u00e9n\u00e9gal au port de la transparence, de la bonne gouvernance. Mais aussi et surtout de l\u2019\u00e9thique et du respect des engagements, qui au-del\u00e0 d\u2019\u00eatre personnels, engagent toute [&hellip;]\" \/>\n<meta property=\"og:url\" content=\"https:\/\/www.nettali.com\/2023\/03\/06\/m-le-president-macky-sall-vous-navez-pas-ce-droit\/\" \/>\n<meta property=\"og:site_name\" content=\"Nettali.com\" \/>\n<meta property=\"article:publisher\" content=\"https:\/\/www.facebook.com\/nettalicom\" \/>\n<meta property=\"article:published_time\" content=\"2023-03-06T21:00:03+00:00\" \/>\n<meta property=\"og:image\" content=\"https:\/\/www.nettali.com\/wp-content\/uploads\/2022\/03\/bougane.jpg\" \/>\n\t<meta property=\"og:image:width\" content=\"719\" \/>\n\t<meta property=\"og:image:height\" content=\"950\" \/>\n<meta name=\"twitter:card\" content=\"summary_large_image\" \/>\n<meta name=\"twitter:label1\" content=\"\u00c9crit par\" \/>\n\t<meta name=\"twitter:data1\" content=\"Daouda\" \/>\n\t<meta name=\"twitter:label2\" content=\"Dur\u00e9e de lecture estim\u00e9e\" \/>\n\t<meta name=\"twitter:data2\" content=\"4 minutes\" \/>\n<script type=\"application\/ld+json\" class=\"yoast-schema-graph\">{\"@context\":\"https:\/\/schema.org\",\"@graph\":[{\"@type\":\"WebSite\",\"@id\":\"https:\/\/www.nettali.com\/#website\",\"url\":\"https:\/\/www.nettali.com\/\",\"name\":\"Nettali.com\",\"description\":\"Le rendez-vous critique du Net\",\"potentialAction\":[{\"@type\":\"SearchAction\",\"target\":{\"@type\":\"EntryPoint\",\"urlTemplate\":\"https:\/\/www.nettali.com\/?s={search_term_string}\"},\"query-input\":\"required name=search_term_string\"}],\"inLanguage\":\"fr-FR\"},{\"@type\":\"ImageObject\",\"@id\":\"https:\/\/www.nettali.com\/2023\/03\/06\/m-le-president-macky-sall-vous-navez-pas-ce-droit\/#primaryimage\",\"inLanguage\":\"fr-FR\",\"url\":\"https:\/\/www.nettali.com\/wp-content\/uploads\/2022\/03\/bougane.jpg\",\"contentUrl\":\"https:\/\/www.nettali.com\/wp-content\/uploads\/2022\/03\/bougane.jpg\",\"width\":719,\"height\":950},{\"@type\":\"WebPage\",\"@id\":\"https:\/\/www.nettali.com\/2023\/03\/06\/m-le-president-macky-sall-vous-navez-pas-ce-droit\/#webpage\",\"url\":\"https:\/\/www.nettali.com\/2023\/03\/06\/m-le-president-macky-sall-vous-navez-pas-ce-droit\/\",\"name\":\"M. le Pr\\u00e9sident Macky Sall vous n\\u2019avez pas ce droit ! | Nettali.com\",\"isPartOf\":{\"@id\":\"https:\/\/www.nettali.com\/#website\"},\"primaryImageOfPage\":{\"@id\":\"https:\/\/www.nettali.com\/2023\/03\/06\/m-le-president-macky-sall-vous-navez-pas-ce-droit\/#primaryimage\"},\"datePublished\":\"2023-03-06T21:00:03+00:00\",\"dateModified\":\"2023-03-06T21:00:03+00:00\",\"author\":{\"@id\":\"https:\/\/www.nettali.com\/#\/schema\/person\/3317e0bb3aa1da309fbf7b2780901bf4\"},\"breadcrumb\":{\"@id\":\"https:\/\/www.nettali.com\/2023\/03\/06\/m-le-president-macky-sall-vous-navez-pas-ce-droit\/#breadcrumb\"},\"inLanguage\":\"fr-FR\",\"potentialAction\":[{\"@type\":\"ReadAction\",\"target\":[\"https:\/\/www.nettali.com\/2023\/03\/06\/m-le-president-macky-sall-vous-navez-pas-ce-droit\/\"]}]},{\"@type\":\"BreadcrumbList\",\"@id\":\"https:\/\/www.nettali.com\/2023\/03\/06\/m-le-president-macky-sall-vous-navez-pas-ce-droit\/#breadcrumb\",\"itemListElement\":[{\"@type\":\"ListItem\",\"position\":1,\"name\":\"Accueil\",\"item\":\"https:\/\/www.nettali.com\/\"},{\"@type\":\"ListItem\",\"position\":2,\"name\":\"M. le Pr\\u00e9sident Macky Sall vous n\\u2019avez pas ce droit !\"}]},{\"@type\":\"Person\",\"@id\":\"https:\/\/www.nettali.com\/#\/schema\/person\/3317e0bb3aa1da309fbf7b2780901bf4\",\"name\":\"Daouda\",\"image\":{\"@type\":\"ImageObject\",\"@id\":\"https:\/\/www.nettali.com\/#personlogo\",\"inLanguage\":\"fr-FR\",\"url\":\"https:\/\/secure.gravatar.com\/avatar\/8d143b5a49345098ddcfee1c49c2f47c?s=96&d=mm&r=g\",\"contentUrl\":\"https:\/\/secure.gravatar.com\/avatar\/8d143b5a49345098ddcfee1c49c2f47c?s=96&d=mm&r=g\",\"caption\":\"Daouda\"},\"sameAs\":[\"https:\/\/www.nettali.com\"]}]}<\/script>\n<!-- \/ Yoast SEO Premium plugin. -->","yoast_head_json":{"title":"M. le Pr\u00e9sident Macky Sall vous n\u2019avez pas ce droit ! | Nettali.com","robots":{"index":"index","follow":"follow","max-snippet":"max-snippet:-1","max-image-preview":"max-image-preview:large","max-video-preview":"max-video-preview:-1"},"canonical":"https:\/\/www.nettali.com\/2023\/03\/06\/m-le-president-macky-sall-vous-navez-pas-ce-droit\/","og_locale":"fr_FR","og_type":"article","og_title":"M. le Pr\u00e9sident Macky Sall vous n\u2019avez pas ce droit !","og_description":"CONTRIBUTION - \u00abLa transparence, simple filtre pour honorer votre conscience !\u00bb Cette phrase pouvait suffire pour rappeler au Pr\u00e9sident Macky Sall les r\u00e8gles \u00e9l\u00e9mentaires pour mener le bateau S\u00e9n\u00e9gal au port de la transparence, de la bonne gouvernance. Mais aussi et surtout de l\u2019\u00e9thique et du respect des engagements, qui au-del\u00e0 d\u2019\u00eatre personnels, engagent toute [&hellip;]","og_url":"https:\/\/www.nettali.com\/2023\/03\/06\/m-le-president-macky-sall-vous-navez-pas-ce-droit\/","og_site_name":"Nettali.com","article_publisher":"https:\/\/www.facebook.com\/nettalicom","article_published_time":"2023-03-06T21:00:03+00:00","og_image":[{"width":719,"height":950,"url":"https:\/\/www.nettali.com\/wp-content\/uploads\/2022\/03\/bougane.jpg","type":"image\/jpeg"}],"twitter_card":"summary_large_image","twitter_misc":{"\u00c9crit par":"Daouda","Dur\u00e9e de lecture estim\u00e9e":"4 minutes"},"schema":{"@context":"https:\/\/schema.org","@graph":[{"@type":"WebSite","@id":"https:\/\/www.nettali.com\/#website","url":"https:\/\/www.nettali.com\/","name":"Nettali.com","description":"Le rendez-vous critique du Net","potentialAction":[{"@type":"SearchAction","target":{"@type":"EntryPoint","urlTemplate":"https:\/\/www.nettali.com\/?s={search_term_string}"},"query-input":"required name=search_term_string"}],"inLanguage":"fr-FR"},{"@type":"ImageObject","@id":"https:\/\/www.nettali.com\/2023\/03\/06\/m-le-president-macky-sall-vous-navez-pas-ce-droit\/#primaryimage","inLanguage":"fr-FR","url":"https:\/\/www.nettali.com\/wp-content\/uploads\/2022\/03\/bougane.jpg","contentUrl":"https:\/\/www.nettali.com\/wp-content\/uploads\/2022\/03\/bougane.jpg","width":719,"height":950},{"@type":"WebPage","@id":"https:\/\/www.nettali.com\/2023\/03\/06\/m-le-president-macky-sall-vous-navez-pas-ce-droit\/#webpage","url":"https:\/\/www.nettali.com\/2023\/03\/06\/m-le-president-macky-sall-vous-navez-pas-ce-droit\/","name":"M. le Pr\u00e9sident Macky Sall vous n\u2019avez pas ce droit ! | Nettali.com","isPartOf":{"@id":"https:\/\/www.nettali.com\/#website"},"primaryImageOfPage":{"@id":"https:\/\/www.nettali.com\/2023\/03\/06\/m-le-president-macky-sall-vous-navez-pas-ce-droit\/#primaryimage"},"datePublished":"2023-03-06T21:00:03+00:00","dateModified":"2023-03-06T21:00:03+00:00","author":{"@id":"https:\/\/www.nettali.com\/#\/schema\/person\/3317e0bb3aa1da309fbf7b2780901bf4"},"breadcrumb":{"@id":"https:\/\/www.nettali.com\/2023\/03\/06\/m-le-president-macky-sall-vous-navez-pas-ce-droit\/#breadcrumb"},"inLanguage":"fr-FR","potentialAction":[{"@type":"ReadAction","target":["https:\/\/www.nettali.com\/2023\/03\/06\/m-le-president-macky-sall-vous-navez-pas-ce-droit\/"]}]},{"@type":"BreadcrumbList","@id":"https:\/\/www.nettali.com\/2023\/03\/06\/m-le-president-macky-sall-vous-navez-pas-ce-droit\/#breadcrumb","itemListElement":[{"@type":"ListItem","position":1,"name":"Accueil","item":"https:\/\/www.nettali.com\/"},{"@type":"ListItem","position":2,"name":"M. le Pr\u00e9sident Macky Sall vous n\u2019avez pas ce droit !"}]},{"@type":"Person","@id":"https:\/\/www.nettali.com\/#\/schema\/person\/3317e0bb3aa1da309fbf7b2780901bf4","name":"Daouda","image":{"@type":"ImageObject","@id":"https:\/\/www.nettali.com\/#personlogo","inLanguage":"fr-FR","url":"https:\/\/secure.gravatar.com\/avatar\/8d143b5a49345098ddcfee1c49c2f47c?s=96&d=mm&r=g","contentUrl":"https:\/\/secure.gravatar.com\/avatar\/8d143b5a49345098ddcfee1c49c2f47c?s=96&d=mm&r=g","caption":"Daouda"},"sameAs":["https:\/\/www.nettali.com"]}]}},"_links":{"self":[{"href":"https:\/\/www.nettali.com\/rest\/wp\/v2\/posts\/105548"}],"collection":[{"href":"https:\/\/www.nettali.com\/rest\/wp\/v2\/posts"}],"about":[{"href":"https:\/\/www.nettali.com\/rest\/wp\/v2\/types\/post"}],"author":[{"embeddable":true,"href":"https:\/\/www.nettali.com\/rest\/wp\/v2\/users\/4"}],"replies":[{"embeddable":true,"href":"https:\/\/www.nettali.com\/rest\/wp\/v2\/comments?post=105548"}],"version-history":[{"count":1,"href":"https:\/\/www.nettali.com\/rest\/wp\/v2\/posts\/105548\/revisions"}],"predecessor-version":[{"id":105550,"href":"https:\/\/www.nettali.com\/rest\/wp\/v2\/posts\/105548\/revisions\/105550"}],"wp:featuredmedia":[{"embeddable":true,"href":"https:\/\/www.nettali.com\/rest\/wp\/v2\/media\/83986"}],"wp:attachment":[{"href":"https:\/\/www.nettali.com\/rest\/wp\/v2\/media?parent=105548"}],"wp:term":[{"taxonomy":"category","embeddable":true,"href":"https:\/\/www.nettali.com\/rest\/wp\/v2\/categories?post=105548"},{"taxonomy":"post_tag","embeddable":true,"href":"https:\/\/www.nettali.com\/rest\/wp\/v2\/tags?post=105548"}],"curies":[{"name":"wp","href":"https:\/\/api.w.org\/{rel}","templated":true}]}}