{"id":105496,"date":"2023-03-06T08:12:23","date_gmt":"2023-03-06T08:12:23","guid":{"rendered":"https:\/\/www.nettali.com\/?p=105496"},"modified":"2023-03-06T08:12:23","modified_gmt":"2023-03-06T08:12:23","slug":"kolda-macky-sall-au-daaka-pour-solliciter-des-prieres-pour-le-senegal","status":"publish","type":"post","link":"https:\/\/www.nettali.com\/2023\/03\/06\/kolda-macky-sall-au-daaka-pour-solliciter-des-prieres-pour-le-senegal\/","title":{"rendered":"KOLDA - Macky Sall au \u00abDaaka\u00bb pour solliciter des pri\u00e8res pour le S\u00e9n\u00e9gal"},"content":{"rendered":"<p><strong>NETTALI.COM - A l\u2019issue de son entretien avec le Khalife Thierno Amadou Tidiane B\u00e2, le Chef de l\u2019Etat, Macky Sall, a pris part hier \u00e0 la c\u00e9r\u00e9monie d\u2019ouverture de l\u2019\u00e9dition 2023 du \"Daaka\" de M\u00e9dina Gounass. Ce grand rassemblement religieux, institu\u00e9 en 1942 par le marabout Thierno Mouhamadou Sa\u00efdou Bah, est un moment fort de pri\u00e8res et de recueillement. \u00a0Le Pr\u00e9sident de la R\u00e9publique a rendu un vibrant hommage au khalife de Madina Gounass et \u00e0 sa famille, en remerciant Dieu de lui avoir permis d\u2019assister au lancement de l'\u00e9dition de cette ann\u00e9e, qui prendra fin le 13 mars prochain.<\/strong><\/p>\n<p>Le pr\u00e9sident Macky Sall, habill\u00e9 d\u2019un grand boubou blanc, comme pour symboliser l\u2019appel \u00e0 la paix, la concorde et la stabilit\u00e9, a marqu\u00e9 par sa pr\u00e9sence la c\u00e9r\u00e9monie d\u2019ouverture de l\u2019\u00e9dition 2023 du Daaka de M\u00e9dina Gounass.\u00a0Le \u00ab\u00a0Daaka\u00a0\u00bb, ce grand rassemblement religieux, d\u00e9signant la retraite spirituelle institu\u00e9e en 1942 par le marabout Thierno Mouhamadou Sa\u00efdou Bah, est un moment de pri\u00e8res et de recueillement. Raisons suffisantes pour que le chef de l\u2019\u00c9tat, passe son message dans ce contexte socio-\u00e9conomique et politique particulier.<\/p>\n<p><em>\u00abNous implorons vos pri\u00e8res pour le S\u00e9n\u00e9gal, pour l\u2019Afrique et pour le monde entier. C\u2019est le monde aujourd\u2019hui qui est affect\u00e9 \u00e0 plusieurs niveaux et les populations ne peuvent \u00e9chapper \u00e0 ces facteurs multiformes. Le \u00ab\u00a0Dental Daaka\u00a0\u00bb est alors un moment privil\u00e9gi\u00e9 auquel il faut profiter pour prier le tout puissant de nous \u00e9pargner de ce qui peut affecter notre foi et notre commun vivre ensemble<\/em>\u00a0\u00bb, a confi\u00e9 le pr\u00e9sident Macky Sall\u00a0devant le Khalife Thierno Amadou Tidiane B\u00e2.<\/p>\n<p>Dans cette localit\u00e9 du sud de Kolda o\u00f9 se tient chaque ann\u00e9e cette c\u00e9r\u00e9monie religieuse o\u00f9 \u00ab\u00a0Douaatt\u00a0\u00bb, \u00ab\u00a0Zikr\u00a0\u00bb, et r\u00e9cital de Coran sont le lot, le chef de l\u2019\u00c9tat se r\u00e9jouit de pouvoir chaque ann\u00e9e y participer avec toute la r\u00e9publique. C\u2019est une joie immense que le pr\u00e9sident de la R\u00e9publique dit \u00e9prouver en mettant les pieds sur cette terre aux valeurs religieuses bien sauvegard\u00e9es par les h\u00e9ritiers de l\u2019initiateur du Daaka qui a toujours appel\u00e9 ses fid\u00e8les \u00e0 la pratique des cinq piliers de l\u2019Islam ainsi que celle de la Sunnah du proph\u00e8te (PSL).<\/p>\n<p>Le pr\u00e9sident de la R\u00e9publique Macky Sall a, apr\u00e8s la prise de parole du Khalife Thierno Amadou Tidiane B\u00e2,\u00a0effectu\u00e9 la pri\u00e8re avant de reprendre le trajet pour Tambacounda o\u00f9 il a pris le vol pour Dakar...<\/p>\n<p>&nbsp;<\/p>\n<div class='share-to-whatsapp-wrapper'><div class='share-on-whsp'>PARTAGER SUR : <\/div><a data-text='KOLDA - Macky Sall au \u00abDaaka\u00bb pour solliciter des pri\u00e8res pour le S\u00e9n\u00e9gal' data-link='https:\/\/www.nettali.com\/2023\/03\/06\/kolda-macky-sall-au-daaka-pour-solliciter-des-prieres-pour-le-senegal\/' class='whatsapp-button whatsapp-share'>WhatsApp<\/a><div class='clear '><\/div><\/div>","protected":false},"excerpt":{"rendered":"<p>NETTALI.COM - A l\u2019issue de son entretien avec le Khalife Thierno Amadou Tidiane B\u00e2, le Chef de l\u2019Etat, Macky Sall, a pris part hier \u00e0 la c\u00e9r\u00e9monie d\u2019ouverture de l\u2019\u00e9dition 2023 du \"Daaka\" de M\u00e9dina Gounass. Ce grand rassemblement religieux, institu\u00e9 en 1942 par le marabout Thierno Mouhamadou Sa\u00efdou Bah, est un moment fort de [&hellip;]<\/p>\n","protected":false},"author":4,"featured_media":105498,"comment_status":"open","ping_status":"open","sticky":false,"template":"","format":"standard","meta":{"_et_pb_use_builder":"","_et_pb_old_content":""},"categories":[3],"tags":[],"yoast_head":"<!-- This site is optimized with the Yoast SEO Premium plugin v17.8 (Yoast SEO v17.8) - https:\/\/yoast.com\/wordpress\/plugins\/seo\/ -->\n<title>KOLDA - Macky Sall au \u00abDaaka\u00bb pour solliciter des pri\u00e8res pour le S\u00e9n\u00e9gal | Nettali.com<\/title>\n<meta name=\"robots\" content=\"index, follow, max-snippet:-1, max-image-preview:large, max-video-preview:-1\" \/>\n<link rel=\"canonical\" href=\"https:\/\/www.nettali.com\/2023\/03\/06\/kolda-macky-sall-au-daaka-pour-solliciter-des-prieres-pour-le-senegal\/\" \/>\n<meta property=\"og:locale\" content=\"fr_FR\" \/>\n<meta property=\"og:type\" content=\"article\" \/>\n<meta property=\"og:title\" content=\"KOLDA - Macky Sall au \u00abDaaka\u00bb pour solliciter des pri\u00e8res pour le S\u00e9n\u00e9gal\" \/>\n<meta property=\"og:description\" content=\"NETTALI.COM - A l\u2019issue de son entretien avec le Khalife Thierno Amadou Tidiane B\u00e2, le Chef de l\u2019Etat, Macky Sall, a pris part hier \u00e0 la c\u00e9r\u00e9monie d\u2019ouverture de l\u2019\u00e9dition 2023 du &quot;Daaka&quot; de M\u00e9dina Gounass. Ce grand rassemblement religieux, institu\u00e9 en 1942 par le marabout Thierno Mouhamadou Sa\u00efdou Bah, est un moment fort de [&hellip;]\" \/>\n<meta property=\"og:url\" content=\"https:\/\/www.nettali.com\/2023\/03\/06\/kolda-macky-sall-au-daaka-pour-solliciter-des-prieres-pour-le-senegal\/\" \/>\n<meta property=\"og:site_name\" content=\"Nettali.com\" \/>\n<meta property=\"article:publisher\" content=\"https:\/\/www.facebook.com\/nettalicom\" \/>\n<meta property=\"article:published_time\" content=\"2023-03-06T08:12:23+00:00\" \/>\n<meta property=\"og:image\" content=\"https:\/\/www.nettali.com\/wp-content\/uploads\/2023\/03\/Macky-Sall.jpeg\" \/>\n\t<meta property=\"og:image:width\" content=\"2048\" \/>\n\t<meta property=\"og:image:height\" content=\"1398\" \/>\n<meta name=\"twitter:card\" content=\"summary_large_image\" \/>\n<meta name=\"twitter:label1\" content=\"\u00c9crit par\" \/>\n\t<meta name=\"twitter:data1\" content=\"Daouda\" \/>\n\t<meta name=\"twitter:label2\" content=\"Dur\u00e9e de lecture estim\u00e9e\" \/>\n\t<meta name=\"twitter:data2\" content=\"3 minutes\" \/>\n<script type=\"application\/ld+json\" class=\"yoast-schema-graph\">{\"@context\":\"https:\/\/schema.org\",\"@graph\":[{\"@type\":\"WebSite\",\"@id\":\"https:\/\/www.nettali.com\/#website\",\"url\":\"https:\/\/www.nettali.com\/\",\"name\":\"Nettali.com\",\"description\":\"Le rendez-vous critique du Net\",\"potentialAction\":[{\"@type\":\"SearchAction\",\"target\":{\"@type\":\"EntryPoint\",\"urlTemplate\":\"https:\/\/www.nettali.com\/?s={search_term_string}\"},\"query-input\":\"required name=search_term_string\"}],\"inLanguage\":\"fr-FR\"},{\"@type\":\"ImageObject\",\"@id\":\"https:\/\/www.nettali.com\/2023\/03\/06\/kolda-macky-sall-au-daaka-pour-solliciter-des-prieres-pour-le-senegal\/#primaryimage\",\"inLanguage\":\"fr-FR\",\"url\":\"https:\/\/www.nettali.com\/wp-content\/uploads\/2023\/03\/Macky-Sall.jpeg\",\"contentUrl\":\"https:\/\/www.nettali.com\/wp-content\/uploads\/2023\/03\/Macky-Sall.jpeg\",\"width\":2048,\"height\":1398},{\"@type\":\"WebPage\",\"@id\":\"https:\/\/www.nettali.com\/2023\/03\/06\/kolda-macky-sall-au-daaka-pour-solliciter-des-prieres-pour-le-senegal\/#webpage\",\"url\":\"https:\/\/www.nettali.com\/2023\/03\/06\/kolda-macky-sall-au-daaka-pour-solliciter-des-prieres-pour-le-senegal\/\",\"name\":\"KOLDA - Macky Sall au \\u00abDaaka\\u00bb pour solliciter des pri\\u00e8res pour le S\\u00e9n\\u00e9gal | Nettali.com\",\"isPartOf\":{\"@id\":\"https:\/\/www.nettali.com\/#website\"},\"primaryImageOfPage\":{\"@id\":\"https:\/\/www.nettali.com\/2023\/03\/06\/kolda-macky-sall-au-daaka-pour-solliciter-des-prieres-pour-le-senegal\/#primaryimage\"},\"datePublished\":\"2023-03-06T08:12:23+00:00\",\"dateModified\":\"2023-03-06T08:12:23+00:00\",\"author\":{\"@id\":\"https:\/\/www.nettali.com\/#\/schema\/person\/3317e0bb3aa1da309fbf7b2780901bf4\"},\"breadcrumb\":{\"@id\":\"https:\/\/www.nettali.com\/2023\/03\/06\/kolda-macky-sall-au-daaka-pour-solliciter-des-prieres-pour-le-senegal\/#breadcrumb\"},\"inLanguage\":\"fr-FR\",\"potentialAction\":[{\"@type\":\"ReadAction\",\"target\":[\"https:\/\/www.nettali.com\/2023\/03\/06\/kolda-macky-sall-au-daaka-pour-solliciter-des-prieres-pour-le-senegal\/\"]}]},{\"@type\":\"BreadcrumbList\",\"@id\":\"https:\/\/www.nettali.com\/2023\/03\/06\/kolda-macky-sall-au-daaka-pour-solliciter-des-prieres-pour-le-senegal\/#breadcrumb\",\"itemListElement\":[{\"@type\":\"ListItem\",\"position\":1,\"name\":\"Accueil\",\"item\":\"https:\/\/www.nettali.com\/\"},{\"@type\":\"ListItem\",\"position\":2,\"name\":\"KOLDA - Macky Sall au \\u00abDaaka\\u00bb pour solliciter des pri\\u00e8res pour le S\\u00e9n\\u00e9gal\"}]},{\"@type\":\"Person\",\"@id\":\"https:\/\/www.nettali.com\/#\/schema\/person\/3317e0bb3aa1da309fbf7b2780901bf4\",\"name\":\"Daouda\",\"image\":{\"@type\":\"ImageObject\",\"@id\":\"https:\/\/www.nettali.com\/#personlogo\",\"inLanguage\":\"fr-FR\",\"url\":\"https:\/\/secure.gravatar.com\/avatar\/8d143b5a49345098ddcfee1c49c2f47c?s=96&d=mm&r=g\",\"contentUrl\":\"https:\/\/secure.gravatar.com\/avatar\/8d143b5a49345098ddcfee1c49c2f47c?s=96&d=mm&r=g\",\"caption\":\"Daouda\"},\"sameAs\":[\"https:\/\/www.nettali.com\"]}]}<\/script>\n<!-- \/ Yoast SEO Premium plugin. -->","yoast_head_json":{"title":"KOLDA - Macky Sall au \u00abDaaka\u00bb pour solliciter des pri\u00e8res pour le S\u00e9n\u00e9gal | Nettali.com","robots":{"index":"index","follow":"follow","max-snippet":"max-snippet:-1","max-image-preview":"max-image-preview:large","max-video-preview":"max-video-preview:-1"},"canonical":"https:\/\/www.nettali.com\/2023\/03\/06\/kolda-macky-sall-au-daaka-pour-solliciter-des-prieres-pour-le-senegal\/","og_locale":"fr_FR","og_type":"article","og_title":"KOLDA - Macky Sall au \u00abDaaka\u00bb pour solliciter des pri\u00e8res pour le S\u00e9n\u00e9gal","og_description":"NETTALI.COM - A l\u2019issue de son entretien avec le Khalife Thierno Amadou Tidiane B\u00e2, le Chef de l\u2019Etat, Macky Sall, a pris part hier \u00e0 la c\u00e9r\u00e9monie d\u2019ouverture de l\u2019\u00e9dition 2023 du \"Daaka\" de M\u00e9dina Gounass. Ce grand rassemblement religieux, institu\u00e9 en 1942 par le marabout Thierno Mouhamadou Sa\u00efdou Bah, est un moment fort de [&hellip;]","og_url":"https:\/\/www.nettali.com\/2023\/03\/06\/kolda-macky-sall-au-daaka-pour-solliciter-des-prieres-pour-le-senegal\/","og_site_name":"Nettali.com","article_publisher":"https:\/\/www.facebook.com\/nettalicom","article_published_time":"2023-03-06T08:12:23+00:00","og_image":[{"width":2048,"height":1398,"url":"https:\/\/www.nettali.com\/wp-content\/uploads\/2023\/03\/Macky-Sall.jpeg","type":"image\/jpeg"}],"twitter_card":"summary_large_image","twitter_misc":{"\u00c9crit par":"Daouda","Dur\u00e9e de lecture estim\u00e9e":"3 minutes"},"schema":{"@context":"https:\/\/schema.org","@graph":[{"@type":"WebSite","@id":"https:\/\/www.nettali.com\/#website","url":"https:\/\/www.nettali.com\/","name":"Nettali.com","description":"Le rendez-vous critique du Net","potentialAction":[{"@type":"SearchAction","target":{"@type":"EntryPoint","urlTemplate":"https:\/\/www.nettali.com\/?s={search_term_string}"},"query-input":"required name=search_term_string"}],"inLanguage":"fr-FR"},{"@type":"ImageObject","@id":"https:\/\/www.nettali.com\/2023\/03\/06\/kolda-macky-sall-au-daaka-pour-solliciter-des-prieres-pour-le-senegal\/#primaryimage","inLanguage":"fr-FR","url":"https:\/\/www.nettali.com\/wp-content\/uploads\/2023\/03\/Macky-Sall.jpeg","contentUrl":"https:\/\/www.nettali.com\/wp-content\/uploads\/2023\/03\/Macky-Sall.jpeg","width":2048,"height":1398},{"@type":"WebPage","@id":"https:\/\/www.nettali.com\/2023\/03\/06\/kolda-macky-sall-au-daaka-pour-solliciter-des-prieres-pour-le-senegal\/#webpage","url":"https:\/\/www.nettali.com\/2023\/03\/06\/kolda-macky-sall-au-daaka-pour-solliciter-des-prieres-pour-le-senegal\/","name":"KOLDA - Macky Sall au \u00abDaaka\u00bb pour solliciter des pri\u00e8res pour le S\u00e9n\u00e9gal | Nettali.com","isPartOf":{"@id":"https:\/\/www.nettali.com\/#website"},"primaryImageOfPage":{"@id":"https:\/\/www.nettali.com\/2023\/03\/06\/kolda-macky-sall-au-daaka-pour-solliciter-des-prieres-pour-le-senegal\/#primaryimage"},"datePublished":"2023-03-06T08:12:23+00:00","dateModified":"2023-03-06T08:12:23+00:00","author":{"@id":"https:\/\/www.nettali.com\/#\/schema\/person\/3317e0bb3aa1da309fbf7b2780901bf4"},"breadcrumb":{"@id":"https:\/\/www.nettali.com\/2023\/03\/06\/kolda-macky-sall-au-daaka-pour-solliciter-des-prieres-pour-le-senegal\/#breadcrumb"},"inLanguage":"fr-FR","potentialAction":[{"@type":"ReadAction","target":["https:\/\/www.nettali.com\/2023\/03\/06\/kolda-macky-sall-au-daaka-pour-solliciter-des-prieres-pour-le-senegal\/"]}]},{"@type":"BreadcrumbList","@id":"https:\/\/www.nettali.com\/2023\/03\/06\/kolda-macky-sall-au-daaka-pour-solliciter-des-prieres-pour-le-senegal\/#breadcrumb","itemListElement":[{"@type":"ListItem","position":1,"name":"Accueil","item":"https:\/\/www.nettali.com\/"},{"@type":"ListItem","position":2,"name":"KOLDA - Macky Sall au \u00abDaaka\u00bb pour solliciter des pri\u00e8res pour le S\u00e9n\u00e9gal"}]},{"@type":"Person","@id":"https:\/\/www.nettali.com\/#\/schema\/person\/3317e0bb3aa1da309fbf7b2780901bf4","name":"Daouda","image":{"@type":"ImageObject","@id":"https:\/\/www.nettali.com\/#personlogo","inLanguage":"fr-FR","url":"https:\/\/secure.gravatar.com\/avatar\/8d143b5a49345098ddcfee1c49c2f47c?s=96&d=mm&r=g","contentUrl":"https:\/\/secure.gravatar.com\/avatar\/8d143b5a49345098ddcfee1c49c2f47c?s=96&d=mm&r=g","caption":"Daouda"},"sameAs":["https:\/\/www.nettali.com"]}]}},"_links":{"self":[{"href":"https:\/\/www.nettali.com\/rest\/wp\/v2\/posts\/105496"}],"collection":[{"href":"https:\/\/www.nettali.com\/rest\/wp\/v2\/posts"}],"about":[{"href":"https:\/\/www.nettali.com\/rest\/wp\/v2\/types\/post"}],"author":[{"embeddable":true,"href":"https:\/\/www.nettali.com\/rest\/wp\/v2\/users\/4"}],"replies":[{"embeddable":true,"href":"https:\/\/www.nettali.com\/rest\/wp\/v2\/comments?post=105496"}],"version-history":[{"count":1,"href":"https:\/\/www.nettali.com\/rest\/wp\/v2\/posts\/105496\/revisions"}],"predecessor-version":[{"id":105499,"href":"https:\/\/www.nettali.com\/rest\/wp\/v2\/posts\/105496\/revisions\/105499"}],"wp:featuredmedia":[{"embeddable":true,"href":"https:\/\/www.nettali.com\/rest\/wp\/v2\/media\/105498"}],"wp:attachment":[{"href":"https:\/\/www.nettali.com\/rest\/wp\/v2\/media?parent=105496"}],"wp:term":[{"taxonomy":"category","embeddable":true,"href":"https:\/\/www.nettali.com\/rest\/wp\/v2\/categories?post=105496"},{"taxonomy":"post_tag","embeddable":true,"href":"https:\/\/www.nettali.com\/rest\/wp\/v2\/tags?post=105496"}],"curies":[{"name":"wp","href":"https:\/\/api.w.org\/{rel}","templated":true}]}}