{"id":105440,"date":"2023-03-04T20:48:58","date_gmt":"2023-03-04T20:48:58","guid":{"rendered":"https:\/\/www.nettali.com\/?p=105440"},"modified":"2023-03-04T20:48:58","modified_gmt":"2023-03-04T20:48:58","slug":"en-coulisses-aminata-toure-au-commissariat-central","status":"publish","type":"post","link":"https:\/\/www.nettali.com\/2023\/03\/04\/en-coulisses-aminata-toure-au-commissariat-central\/","title":{"rendered":"EN COULISSES - Aminata Tour\u00e9 au commissariat central"},"content":{"rendered":"<p><strong>NETTALI.COM\u00a0 - Aminata Tour\u00e9 s'est rendue ce samedi au commissariat central de Dakar. Pas pour r\u00e9pondre \u00e0 une quelconque convocation, mais plut\u00f4t pour apporter son soutien \u00e0 Guy Marius Sagna Sagna et ses camarades de Frapp arr\u00eat\u00e9s ce matin<\/strong>.<\/p>\n<p>Le journaliste Pape Ndiaye de Walfadjri, le d\u00e9put\u00e9 Guy Marius Sagna ainsi que d'autres activistes. Le commissariat central de Dakar a du beau monde dans ses violons ce week-end. Et comme c'est toujours le cas, la classe politique se d\u00e9place pour apporter son soutien. Et c'est ce qu'a fait l'ancien Premier ministre Aminata Tour\u00e9.<\/p>\n<p>\"<em>Je viens de me rentre au Commissariat Central de Dakar pour exprimer ma solidarit\u00e9 et m\u2019enqu\u00e9rir de la situation de l\u2019Honorable Guy Marius Sagna et de tous ceux qui ont \u00e9t\u00e9 arr\u00eat\u00e9s ce matin lors de la remise d\u2019une lettre de protestation \u00e0 l\u2019ambassadeur de Tunisie<\/em>\", a post\u00e9 Mimi Tour\u00e9 sur sa page Facebook.\u00a0 \"<em>Seuls leurs avocats peuvent avoir acc\u00e8s \u00e0 eux nous a t-on dit\",<\/em> rapporte-t-elle.<\/p>\n<p>En outre, Mimi Tour\u00e9 ne passe pas par quatre chemins. Selon elle, Guy Marius Sagna et compagnie n'ont rien \u00e0 faire au commissariat. \"<em>Ils doivent \u00eatre lib\u00e9r\u00e9s imm\u00e9diatement ! Il est temps de mettre un frein \u00e0 ces intimidations et \u00e0 cette d\u00e9rive anti-d\u00e9mocratique du r\u00e9gime du Pr\u00e9sident Macky Sall<\/em>\", souligne-t-elle.<\/p>\n<div class='share-to-whatsapp-wrapper'><div class='share-on-whsp'>PARTAGER SUR : <\/div><a data-text='EN COULISSES - Aminata Tour\u00e9 au commissariat central' data-link='https:\/\/www.nettali.com\/2023\/03\/04\/en-coulisses-aminata-toure-au-commissariat-central\/' class='whatsapp-button whatsapp-share'>WhatsApp<\/a><div class='clear '><\/div><\/div>","protected":false},"excerpt":{"rendered":"<p>NETTALI.COM\u00a0 - Aminata Tour\u00e9 s'est rendue ce samedi au commissariat central de Dakar. Pas pour r\u00e9pondre \u00e0 une quelconque convocation, mais plut\u00f4t pour apporter son soutien \u00e0 Guy Marius Sagna Sagna et ses camarades de Frapp arr\u00eat\u00e9s ce matin. Le journaliste Pape Ndiaye de Walfadjri, le d\u00e9put\u00e9 Guy Marius Sagna ainsi que d'autres activistes. Le [&hellip;]<\/p>\n","protected":false},"author":3,"featured_media":102159,"comment_status":"open","ping_status":"open","sticky":false,"template":"","format":"standard","meta":{"_et_pb_use_builder":"","_et_pb_old_content":""},"categories":[34945],"tags":[],"yoast_head":"<!-- This site is optimized with the Yoast SEO Premium plugin v17.8 (Yoast SEO v17.8) - https:\/\/yoast.com\/wordpress\/plugins\/seo\/ -->\n<title>EN COULISSES - Aminata Tour\u00e9 au commissariat central | Nettali.com<\/title>\n<meta name=\"robots\" content=\"index, follow, max-snippet:-1, max-image-preview:large, max-video-preview:-1\" \/>\n<link rel=\"canonical\" href=\"https:\/\/www.nettali.com\/2023\/03\/04\/en-coulisses-aminata-toure-au-commissariat-central\/\" \/>\n<meta property=\"og:locale\" content=\"fr_FR\" \/>\n<meta property=\"og:type\" content=\"article\" \/>\n<meta property=\"og:title\" content=\"EN COULISSES - Aminata Tour\u00e9 au commissariat central\" \/>\n<meta property=\"og:description\" content=\"NETTALI.COM\u00a0 - Aminata Tour\u00e9 s&#039;est rendue ce samedi au commissariat central de Dakar. Pas pour r\u00e9pondre \u00e0 une quelconque convocation, mais plut\u00f4t pour apporter son soutien \u00e0 Guy Marius Sagna Sagna et ses camarades de Frapp arr\u00eat\u00e9s ce matin. Le journaliste Pape Ndiaye de Walfadjri, le d\u00e9put\u00e9 Guy Marius Sagna ainsi que d&#039;autres activistes. Le [&hellip;]\" \/>\n<meta property=\"og:url\" content=\"https:\/\/www.nettali.com\/2023\/03\/04\/en-coulisses-aminata-toure-au-commissariat-central\/\" \/>\n<meta property=\"og:site_name\" content=\"Nettali.com\" \/>\n<meta property=\"article:publisher\" content=\"https:\/\/www.facebook.com\/nettalicom\" \/>\n<meta property=\"article:published_time\" content=\"2023-03-04T20:48:58+00:00\" \/>\n<meta property=\"og:image\" content=\"https:\/\/www.nettali.com\/wp-content\/uploads\/2023\/01\/pm-aminata-toure.jpg\" \/>\n\t<meta property=\"og:image:width\" content=\"600\" \/>\n\t<meta property=\"og:image:height\" content=\"300\" \/>\n<meta name=\"twitter:card\" content=\"summary_large_image\" \/>\n<meta name=\"twitter:label1\" content=\"\u00c9crit par\" \/>\n\t<meta name=\"twitter:data1\" content=\"Moustapha\" \/>\n\t<meta name=\"twitter:label2\" content=\"Dur\u00e9e de lecture estim\u00e9e\" \/>\n\t<meta name=\"twitter:data2\" content=\"2 minutes\" \/>\n<script type=\"application\/ld+json\" class=\"yoast-schema-graph\">{\"@context\":\"https:\/\/schema.org\",\"@graph\":[{\"@type\":\"WebSite\",\"@id\":\"https:\/\/www.nettali.com\/#website\",\"url\":\"https:\/\/www.nettali.com\/\",\"name\":\"Nettali.com\",\"description\":\"Le rendez-vous critique du Net\",\"potentialAction\":[{\"@type\":\"SearchAction\",\"target\":{\"@type\":\"EntryPoint\",\"urlTemplate\":\"https:\/\/www.nettali.com\/?s={search_term_string}\"},\"query-input\":\"required name=search_term_string\"}],\"inLanguage\":\"fr-FR\"},{\"@type\":\"ImageObject\",\"@id\":\"https:\/\/www.nettali.com\/2023\/03\/04\/en-coulisses-aminata-toure-au-commissariat-central\/#primaryimage\",\"inLanguage\":\"fr-FR\",\"url\":\"https:\/\/www.nettali.com\/wp-content\/uploads\/2023\/01\/pm-aminata-toure.jpg\",\"contentUrl\":\"https:\/\/www.nettali.com\/wp-content\/uploads\/2023\/01\/pm-aminata-toure.jpg\",\"width\":600,\"height\":300},{\"@type\":\"WebPage\",\"@id\":\"https:\/\/www.nettali.com\/2023\/03\/04\/en-coulisses-aminata-toure-au-commissariat-central\/#webpage\",\"url\":\"https:\/\/www.nettali.com\/2023\/03\/04\/en-coulisses-aminata-toure-au-commissariat-central\/\",\"name\":\"EN COULISSES - Aminata Tour\\u00e9 au commissariat central | Nettali.com\",\"isPartOf\":{\"@id\":\"https:\/\/www.nettali.com\/#website\"},\"primaryImageOfPage\":{\"@id\":\"https:\/\/www.nettali.com\/2023\/03\/04\/en-coulisses-aminata-toure-au-commissariat-central\/#primaryimage\"},\"datePublished\":\"2023-03-04T20:48:58+00:00\",\"dateModified\":\"2023-03-04T20:48:58+00:00\",\"author\":{\"@id\":\"https:\/\/www.nettali.com\/#\/schema\/person\/7962a12a6e0267f88f0ffa544c36469a\"},\"breadcrumb\":{\"@id\":\"https:\/\/www.nettali.com\/2023\/03\/04\/en-coulisses-aminata-toure-au-commissariat-central\/#breadcrumb\"},\"inLanguage\":\"fr-FR\",\"potentialAction\":[{\"@type\":\"ReadAction\",\"target\":[\"https:\/\/www.nettali.com\/2023\/03\/04\/en-coulisses-aminata-toure-au-commissariat-central\/\"]}]},{\"@type\":\"BreadcrumbList\",\"@id\":\"https:\/\/www.nettali.com\/2023\/03\/04\/en-coulisses-aminata-toure-au-commissariat-central\/#breadcrumb\",\"itemListElement\":[{\"@type\":\"ListItem\",\"position\":1,\"name\":\"Accueil\",\"item\":\"https:\/\/www.nettali.com\/\"},{\"@type\":\"ListItem\",\"position\":2,\"name\":\"EN COULISSES - Aminata Tour\\u00e9 au commissariat central\"}]},{\"@type\":\"Person\",\"@id\":\"https:\/\/www.nettali.com\/#\/schema\/person\/7962a12a6e0267f88f0ffa544c36469a\",\"name\":\"Moustapha\",\"image\":{\"@type\":\"ImageObject\",\"@id\":\"https:\/\/www.nettali.com\/#personlogo\",\"inLanguage\":\"fr-FR\",\"url\":\"https:\/\/secure.gravatar.com\/avatar\/10fdf6a071cccdcf374e3dbe45159590?s=96&d=mm&r=g\",\"contentUrl\":\"https:\/\/secure.gravatar.com\/avatar\/10fdf6a071cccdcf374e3dbe45159590?s=96&d=mm&r=g\",\"caption\":\"Moustapha\"},\"sameAs\":[\"https:\/\/www.nettali.com\"]}]}<\/script>\n<!-- \/ Yoast SEO Premium plugin. -->","yoast_head_json":{"title":"EN COULISSES - Aminata Tour\u00e9 au commissariat central | Nettali.com","robots":{"index":"index","follow":"follow","max-snippet":"max-snippet:-1","max-image-preview":"max-image-preview:large","max-video-preview":"max-video-preview:-1"},"canonical":"https:\/\/www.nettali.com\/2023\/03\/04\/en-coulisses-aminata-toure-au-commissariat-central\/","og_locale":"fr_FR","og_type":"article","og_title":"EN COULISSES - Aminata Tour\u00e9 au commissariat central","og_description":"NETTALI.COM\u00a0 - Aminata Tour\u00e9 s'est rendue ce samedi au commissariat central de Dakar. Pas pour r\u00e9pondre \u00e0 une quelconque convocation, mais plut\u00f4t pour apporter son soutien \u00e0 Guy Marius Sagna Sagna et ses camarades de Frapp arr\u00eat\u00e9s ce matin. Le journaliste Pape Ndiaye de Walfadjri, le d\u00e9put\u00e9 Guy Marius Sagna ainsi que d'autres activistes. Le [&hellip;]","og_url":"https:\/\/www.nettali.com\/2023\/03\/04\/en-coulisses-aminata-toure-au-commissariat-central\/","og_site_name":"Nettali.com","article_publisher":"https:\/\/www.facebook.com\/nettalicom","article_published_time":"2023-03-04T20:48:58+00:00","og_image":[{"width":600,"height":300,"url":"https:\/\/www.nettali.com\/wp-content\/uploads\/2023\/01\/pm-aminata-toure.jpg","type":"image\/jpeg"}],"twitter_card":"summary_large_image","twitter_misc":{"\u00c9crit par":"Moustapha","Dur\u00e9e de lecture estim\u00e9e":"2 minutes"},"schema":{"@context":"https:\/\/schema.org","@graph":[{"@type":"WebSite","@id":"https:\/\/www.nettali.com\/#website","url":"https:\/\/www.nettali.com\/","name":"Nettali.com","description":"Le rendez-vous critique du Net","potentialAction":[{"@type":"SearchAction","target":{"@type":"EntryPoint","urlTemplate":"https:\/\/www.nettali.com\/?s={search_term_string}"},"query-input":"required name=search_term_string"}],"inLanguage":"fr-FR"},{"@type":"ImageObject","@id":"https:\/\/www.nettali.com\/2023\/03\/04\/en-coulisses-aminata-toure-au-commissariat-central\/#primaryimage","inLanguage":"fr-FR","url":"https:\/\/www.nettali.com\/wp-content\/uploads\/2023\/01\/pm-aminata-toure.jpg","contentUrl":"https:\/\/www.nettali.com\/wp-content\/uploads\/2023\/01\/pm-aminata-toure.jpg","width":600,"height":300},{"@type":"WebPage","@id":"https:\/\/www.nettali.com\/2023\/03\/04\/en-coulisses-aminata-toure-au-commissariat-central\/#webpage","url":"https:\/\/www.nettali.com\/2023\/03\/04\/en-coulisses-aminata-toure-au-commissariat-central\/","name":"EN COULISSES - Aminata Tour\u00e9 au commissariat central | Nettali.com","isPartOf":{"@id":"https:\/\/www.nettali.com\/#website"},"primaryImageOfPage":{"@id":"https:\/\/www.nettali.com\/2023\/03\/04\/en-coulisses-aminata-toure-au-commissariat-central\/#primaryimage"},"datePublished":"2023-03-04T20:48:58+00:00","dateModified":"2023-03-04T20:48:58+00:00","author":{"@id":"https:\/\/www.nettali.com\/#\/schema\/person\/7962a12a6e0267f88f0ffa544c36469a"},"breadcrumb":{"@id":"https:\/\/www.nettali.com\/2023\/03\/04\/en-coulisses-aminata-toure-au-commissariat-central\/#breadcrumb"},"inLanguage":"fr-FR","potentialAction":[{"@type":"ReadAction","target":["https:\/\/www.nettali.com\/2023\/03\/04\/en-coulisses-aminata-toure-au-commissariat-central\/"]}]},{"@type":"BreadcrumbList","@id":"https:\/\/www.nettali.com\/2023\/03\/04\/en-coulisses-aminata-toure-au-commissariat-central\/#breadcrumb","itemListElement":[{"@type":"ListItem","position":1,"name":"Accueil","item":"https:\/\/www.nettali.com\/"},{"@type":"ListItem","position":2,"name":"EN COULISSES - Aminata Tour\u00e9 au commissariat central"}]},{"@type":"Person","@id":"https:\/\/www.nettali.com\/#\/schema\/person\/7962a12a6e0267f88f0ffa544c36469a","name":"Moustapha","image":{"@type":"ImageObject","@id":"https:\/\/www.nettali.com\/#personlogo","inLanguage":"fr-FR","url":"https:\/\/secure.gravatar.com\/avatar\/10fdf6a071cccdcf374e3dbe45159590?s=96&d=mm&r=g","contentUrl":"https:\/\/secure.gravatar.com\/avatar\/10fdf6a071cccdcf374e3dbe45159590?s=96&d=mm&r=g","caption":"Moustapha"},"sameAs":["https:\/\/www.nettali.com"]}]}},"_links":{"self":[{"href":"https:\/\/www.nettali.com\/rest\/wp\/v2\/posts\/105440"}],"collection":[{"href":"https:\/\/www.nettali.com\/rest\/wp\/v2\/posts"}],"about":[{"href":"https:\/\/www.nettali.com\/rest\/wp\/v2\/types\/post"}],"author":[{"embeddable":true,"href":"https:\/\/www.nettali.com\/rest\/wp\/v2\/users\/3"}],"replies":[{"embeddable":true,"href":"https:\/\/www.nettali.com\/rest\/wp\/v2\/comments?post=105440"}],"version-history":[{"count":1,"href":"https:\/\/www.nettali.com\/rest\/wp\/v2\/posts\/105440\/revisions"}],"predecessor-version":[{"id":105441,"href":"https:\/\/www.nettali.com\/rest\/wp\/v2\/posts\/105440\/revisions\/105441"}],"wp:featuredmedia":[{"embeddable":true,"href":"https:\/\/www.nettali.com\/rest\/wp\/v2\/media\/102159"}],"wp:attachment":[{"href":"https:\/\/www.nettali.com\/rest\/wp\/v2\/media?parent=105440"}],"wp:term":[{"taxonomy":"category","embeddable":true,"href":"https:\/\/www.nettali.com\/rest\/wp\/v2\/categories?post=105440"},{"taxonomy":"post_tag","embeddable":true,"href":"https:\/\/www.nettali.com\/rest\/wp\/v2\/tags?post=105440"}],"curies":[{"name":"wp","href":"https:\/\/api.w.org\/{rel}","templated":true}]}}