{"id":105420,"date":"2023-03-04T13:11:09","date_gmt":"2023-03-04T13:11:09","guid":{"rendered":"https:\/\/www.nettali.com\/?p=105420"},"modified":"2023-03-04T13:42:09","modified_gmt":"2023-03-04T13:42:09","slug":"urgent-guy-marius-sagna-et-des-membres-du-frapp-arretes-devant-lambassade-de-tunisie","status":"publish","type":"post","link":"https:\/\/www.nettali.com\/2023\/03\/04\/urgent-guy-marius-sagna-et-des-membres-du-frapp-arretes-devant-lambassade-de-tunisie\/","title":{"rendered":"URGENT - Guy Marius Sagna et des membres du FRAPP arr\u00eat\u00e9s devant l\u2019ambassade de Tunisie"},"content":{"rendered":"<p><strong>NETTALI.COM - Le d\u00e9put\u00e9 Guy Marius et le Secr\u00e9taire ex\u00e9cutif du Front pour une r\u00e9volution anti-imp\u00e9rialiste populaire et panafricaine (FRAPP),\u00a0 G\u00e9rard Koita et quelques membres viennent d'\u00eatre arr\u00eat\u00e9s par la police. Ils \u00e9taient de passage ce samedi matin, \u00e0 l'ambassade de la Tunisie au S\u00e9n\u00e9gal pour d\u00e9poser une lettre de protestation contre ce qu'ils qualifient \" la chasse aux africains noirs en cours en Tunisie apr\u00e8s les propos racistes et haineux du pr\u00e9sident tunisien.\"<\/strong><\/p>\n<p>Le FRAPP et le d\u00e9put\u00e9 Guy Marius Sagna condamnent \"<em>\u00e9nergiquement les propos et traitements n\u00e9grophobes provoqu\u00e9s par le pr\u00e9sident tunisien<\/em>\".<\/p>\n<p>Ils tiennent \"<em>le gouvernement tunisien pour responsable de tout ce qui arrive aujourd'hui aux Noirs en Tunisie<\/em>.\"<\/p>\n<p>Guy Marius Sagna et ses camarades exigent : \"<em>des excuses du pr\u00e9sident tunisien, l'arr\u00eat de toutes les mesures n\u00e9grophobes prises en Tunisie, la protection par l'\u00c9tat tunisien de tous les Noirs qui sont en Tunisie<\/em>\".<\/p>\n<div class='share-to-whatsapp-wrapper'><div class='share-on-whsp'>PARTAGER SUR : <\/div><a data-text='URGENT - Guy Marius Sagna et des membres du FRAPP arr\u00eat\u00e9s devant l\u2019ambassade de Tunisie' data-link='https:\/\/www.nettali.com\/2023\/03\/04\/urgent-guy-marius-sagna-et-des-membres-du-frapp-arretes-devant-lambassade-de-tunisie\/' class='whatsapp-button whatsapp-share'>WhatsApp<\/a><div class='clear '><\/div><\/div>","protected":false},"excerpt":{"rendered":"<p>NETTALI.COM - Le d\u00e9put\u00e9 Guy Marius et le Secr\u00e9taire ex\u00e9cutif du Front pour une r\u00e9volution anti-imp\u00e9rialiste populaire et panafricaine (FRAPP),\u00a0 G\u00e9rard Koita et quelques membres viennent d'\u00eatre arr\u00eat\u00e9s par la police. Ils \u00e9taient de passage ce samedi matin, \u00e0 l'ambassade de la Tunisie au S\u00e9n\u00e9gal pour d\u00e9poser une lettre de protestation contre ce qu'ils qualifient [&hellip;]<\/p>\n","protected":false},"author":5,"featured_media":105421,"comment_status":"open","ping_status":"open","sticky":false,"template":"","format":"standard","meta":{"_et_pb_use_builder":"","_et_pb_old_content":""},"categories":[3],"tags":[],"yoast_head":"<!-- This site is optimized with the Yoast SEO Premium plugin v17.8 (Yoast SEO v17.8) - https:\/\/yoast.com\/wordpress\/plugins\/seo\/ -->\n<title>URGENT - Guy Marius Sagna et des membres du FRAPP arr\u00eat\u00e9s devant l\u2019ambassade de Tunisie | Nettali.com<\/title>\n<meta name=\"robots\" content=\"index, follow, max-snippet:-1, max-image-preview:large, max-video-preview:-1\" \/>\n<link rel=\"canonical\" href=\"https:\/\/www.nettali.com\/2023\/03\/04\/urgent-guy-marius-sagna-et-des-membres-du-frapp-arretes-devant-lambassade-de-tunisie\/\" \/>\n<meta property=\"og:locale\" content=\"fr_FR\" \/>\n<meta property=\"og:type\" content=\"article\" \/>\n<meta property=\"og:title\" content=\"URGENT - Guy Marius Sagna et des membres du FRAPP arr\u00eat\u00e9s devant l\u2019ambassade de Tunisie\" \/>\n<meta property=\"og:description\" content=\"NETTALI.COM - Le d\u00e9put\u00e9 Guy Marius et le Secr\u00e9taire ex\u00e9cutif du Front pour une r\u00e9volution anti-imp\u00e9rialiste populaire et panafricaine (FRAPP),\u00a0 G\u00e9rard Koita et quelques membres viennent d&#039;\u00eatre arr\u00eat\u00e9s par la police. Ils \u00e9taient de passage ce samedi matin, \u00e0 l&#039;ambassade de la Tunisie au S\u00e9n\u00e9gal pour d\u00e9poser une lettre de protestation contre ce qu&#039;ils qualifient [&hellip;]\" \/>\n<meta property=\"og:url\" content=\"https:\/\/www.nettali.com\/2023\/03\/04\/urgent-guy-marius-sagna-et-des-membres-du-frapp-arretes-devant-lambassade-de-tunisie\/\" \/>\n<meta property=\"og:site_name\" content=\"Nettali.com\" \/>\n<meta property=\"article:publisher\" content=\"https:\/\/www.facebook.com\/nettalicom\" \/>\n<meta property=\"article:published_time\" content=\"2023-03-04T13:11:09+00:00\" \/>\n<meta property=\"article:modified_time\" content=\"2023-03-04T13:42:09+00:00\" \/>\n<meta property=\"og:image\" content=\"https:\/\/www.nettali.com\/wp-content\/uploads\/2023\/03\/guy-arrete-e1677931009381-350x250-1.jpg\" \/>\n\t<meta property=\"og:image:width\" content=\"350\" \/>\n\t<meta property=\"og:image:height\" content=\"250\" \/>\n<meta name=\"twitter:card\" content=\"summary_large_image\" \/>\n<meta name=\"twitter:label1\" content=\"\u00c9crit par\" \/>\n\t<meta name=\"twitter:data1\" content=\"Ibrahima\" \/>\n\t<meta name=\"twitter:label2\" content=\"Dur\u00e9e de lecture estim\u00e9e\" \/>\n\t<meta name=\"twitter:data2\" content=\"1 minute\" \/>\n<script type=\"application\/ld+json\" class=\"yoast-schema-graph\">{\"@context\":\"https:\/\/schema.org\",\"@graph\":[{\"@type\":\"WebSite\",\"@id\":\"https:\/\/www.nettali.com\/#website\",\"url\":\"https:\/\/www.nettali.com\/\",\"name\":\"Nettali.com\",\"description\":\"Le rendez-vous critique du Net\",\"potentialAction\":[{\"@type\":\"SearchAction\",\"target\":{\"@type\":\"EntryPoint\",\"urlTemplate\":\"https:\/\/www.nettali.com\/?s={search_term_string}\"},\"query-input\":\"required name=search_term_string\"}],\"inLanguage\":\"fr-FR\"},{\"@type\":\"ImageObject\",\"@id\":\"https:\/\/www.nettali.com\/2023\/03\/04\/urgent-guy-marius-sagna-et-des-membres-du-frapp-arretes-devant-lambassade-de-tunisie\/#primaryimage\",\"inLanguage\":\"fr-FR\",\"url\":\"https:\/\/www.nettali.com\/wp-content\/uploads\/2023\/03\/guy-arrete-e1677931009381-350x250-1.jpg\",\"contentUrl\":\"https:\/\/www.nettali.com\/wp-content\/uploads\/2023\/03\/guy-arrete-e1677931009381-350x250-1.jpg\",\"width\":350,\"height\":250},{\"@type\":\"WebPage\",\"@id\":\"https:\/\/www.nettali.com\/2023\/03\/04\/urgent-guy-marius-sagna-et-des-membres-du-frapp-arretes-devant-lambassade-de-tunisie\/#webpage\",\"url\":\"https:\/\/www.nettali.com\/2023\/03\/04\/urgent-guy-marius-sagna-et-des-membres-du-frapp-arretes-devant-lambassade-de-tunisie\/\",\"name\":\"URGENT - Guy Marius Sagna et des membres du FRAPP arr\\u00eat\\u00e9s devant l\\u2019ambassade de Tunisie | Nettali.com\",\"isPartOf\":{\"@id\":\"https:\/\/www.nettali.com\/#website\"},\"primaryImageOfPage\":{\"@id\":\"https:\/\/www.nettali.com\/2023\/03\/04\/urgent-guy-marius-sagna-et-des-membres-du-frapp-arretes-devant-lambassade-de-tunisie\/#primaryimage\"},\"datePublished\":\"2023-03-04T13:11:09+00:00\",\"dateModified\":\"2023-03-04T13:42:09+00:00\",\"author\":{\"@id\":\"https:\/\/www.nettali.com\/#\/schema\/person\/bb147657c2986240405a608162b9bb23\"},\"breadcrumb\":{\"@id\":\"https:\/\/www.nettali.com\/2023\/03\/04\/urgent-guy-marius-sagna-et-des-membres-du-frapp-arretes-devant-lambassade-de-tunisie\/#breadcrumb\"},\"inLanguage\":\"fr-FR\",\"potentialAction\":[{\"@type\":\"ReadAction\",\"target\":[\"https:\/\/www.nettali.com\/2023\/03\/04\/urgent-guy-marius-sagna-et-des-membres-du-frapp-arretes-devant-lambassade-de-tunisie\/\"]}]},{\"@type\":\"BreadcrumbList\",\"@id\":\"https:\/\/www.nettali.com\/2023\/03\/04\/urgent-guy-marius-sagna-et-des-membres-du-frapp-arretes-devant-lambassade-de-tunisie\/#breadcrumb\",\"itemListElement\":[{\"@type\":\"ListItem\",\"position\":1,\"name\":\"Accueil\",\"item\":\"https:\/\/www.nettali.com\/\"},{\"@type\":\"ListItem\",\"position\":2,\"name\":\"URGENT - Guy Marius Sagna et des membres du FRAPP arr\\u00eat\\u00e9s devant l\\u2019ambassade de Tunisie\"}]},{\"@type\":\"Person\",\"@id\":\"https:\/\/www.nettali.com\/#\/schema\/person\/bb147657c2986240405a608162b9bb23\",\"name\":\"Ibrahima\",\"image\":{\"@type\":\"ImageObject\",\"@id\":\"https:\/\/www.nettali.com\/#personlogo\",\"inLanguage\":\"fr-FR\",\"url\":\"https:\/\/secure.gravatar.com\/avatar\/26a8a81f09f0dd7624c9d5c36c9ba3a2?s=96&d=mm&r=g\",\"contentUrl\":\"https:\/\/secure.gravatar.com\/avatar\/26a8a81f09f0dd7624c9d5c36c9ba3a2?s=96&d=mm&r=g\",\"caption\":\"Ibrahima\"},\"sameAs\":[\"https:\/\/www.nettali.com\"]}]}<\/script>\n<!-- \/ Yoast SEO Premium plugin. -->","yoast_head_json":{"title":"URGENT - Guy Marius Sagna et des membres du FRAPP arr\u00eat\u00e9s devant l\u2019ambassade de Tunisie | Nettali.com","robots":{"index":"index","follow":"follow","max-snippet":"max-snippet:-1","max-image-preview":"max-image-preview:large","max-video-preview":"max-video-preview:-1"},"canonical":"https:\/\/www.nettali.com\/2023\/03\/04\/urgent-guy-marius-sagna-et-des-membres-du-frapp-arretes-devant-lambassade-de-tunisie\/","og_locale":"fr_FR","og_type":"article","og_title":"URGENT - Guy Marius Sagna et des membres du FRAPP arr\u00eat\u00e9s devant l\u2019ambassade de Tunisie","og_description":"NETTALI.COM - Le d\u00e9put\u00e9 Guy Marius et le Secr\u00e9taire ex\u00e9cutif du Front pour une r\u00e9volution anti-imp\u00e9rialiste populaire et panafricaine (FRAPP),\u00a0 G\u00e9rard Koita et quelques membres viennent d'\u00eatre arr\u00eat\u00e9s par la police. Ils \u00e9taient de passage ce samedi matin, \u00e0 l'ambassade de la Tunisie au S\u00e9n\u00e9gal pour d\u00e9poser une lettre de protestation contre ce qu'ils qualifient [&hellip;]","og_url":"https:\/\/www.nettali.com\/2023\/03\/04\/urgent-guy-marius-sagna-et-des-membres-du-frapp-arretes-devant-lambassade-de-tunisie\/","og_site_name":"Nettali.com","article_publisher":"https:\/\/www.facebook.com\/nettalicom","article_published_time":"2023-03-04T13:11:09+00:00","article_modified_time":"2023-03-04T13:42:09+00:00","og_image":[{"width":350,"height":250,"url":"https:\/\/www.nettali.com\/wp-content\/uploads\/2023\/03\/guy-arrete-e1677931009381-350x250-1.jpg","type":"image\/jpeg"}],"twitter_card":"summary_large_image","twitter_misc":{"\u00c9crit par":"Ibrahima","Dur\u00e9e de lecture estim\u00e9e":"1 minute"},"schema":{"@context":"https:\/\/schema.org","@graph":[{"@type":"WebSite","@id":"https:\/\/www.nettali.com\/#website","url":"https:\/\/www.nettali.com\/","name":"Nettali.com","description":"Le rendez-vous critique du Net","potentialAction":[{"@type":"SearchAction","target":{"@type":"EntryPoint","urlTemplate":"https:\/\/www.nettali.com\/?s={search_term_string}"},"query-input":"required name=search_term_string"}],"inLanguage":"fr-FR"},{"@type":"ImageObject","@id":"https:\/\/www.nettali.com\/2023\/03\/04\/urgent-guy-marius-sagna-et-des-membres-du-frapp-arretes-devant-lambassade-de-tunisie\/#primaryimage","inLanguage":"fr-FR","url":"https:\/\/www.nettali.com\/wp-content\/uploads\/2023\/03\/guy-arrete-e1677931009381-350x250-1.jpg","contentUrl":"https:\/\/www.nettali.com\/wp-content\/uploads\/2023\/03\/guy-arrete-e1677931009381-350x250-1.jpg","width":350,"height":250},{"@type":"WebPage","@id":"https:\/\/www.nettali.com\/2023\/03\/04\/urgent-guy-marius-sagna-et-des-membres-du-frapp-arretes-devant-lambassade-de-tunisie\/#webpage","url":"https:\/\/www.nettali.com\/2023\/03\/04\/urgent-guy-marius-sagna-et-des-membres-du-frapp-arretes-devant-lambassade-de-tunisie\/","name":"URGENT - Guy Marius Sagna et des membres du FRAPP arr\u00eat\u00e9s devant l\u2019ambassade de Tunisie | Nettali.com","isPartOf":{"@id":"https:\/\/www.nettali.com\/#website"},"primaryImageOfPage":{"@id":"https:\/\/www.nettali.com\/2023\/03\/04\/urgent-guy-marius-sagna-et-des-membres-du-frapp-arretes-devant-lambassade-de-tunisie\/#primaryimage"},"datePublished":"2023-03-04T13:11:09+00:00","dateModified":"2023-03-04T13:42:09+00:00","author":{"@id":"https:\/\/www.nettali.com\/#\/schema\/person\/bb147657c2986240405a608162b9bb23"},"breadcrumb":{"@id":"https:\/\/www.nettali.com\/2023\/03\/04\/urgent-guy-marius-sagna-et-des-membres-du-frapp-arretes-devant-lambassade-de-tunisie\/#breadcrumb"},"inLanguage":"fr-FR","potentialAction":[{"@type":"ReadAction","target":["https:\/\/www.nettali.com\/2023\/03\/04\/urgent-guy-marius-sagna-et-des-membres-du-frapp-arretes-devant-lambassade-de-tunisie\/"]}]},{"@type":"BreadcrumbList","@id":"https:\/\/www.nettali.com\/2023\/03\/04\/urgent-guy-marius-sagna-et-des-membres-du-frapp-arretes-devant-lambassade-de-tunisie\/#breadcrumb","itemListElement":[{"@type":"ListItem","position":1,"name":"Accueil","item":"https:\/\/www.nettali.com\/"},{"@type":"ListItem","position":2,"name":"URGENT - Guy Marius Sagna et des membres du FRAPP arr\u00eat\u00e9s devant l\u2019ambassade de Tunisie"}]},{"@type":"Person","@id":"https:\/\/www.nettali.com\/#\/schema\/person\/bb147657c2986240405a608162b9bb23","name":"Ibrahima","image":{"@type":"ImageObject","@id":"https:\/\/www.nettali.com\/#personlogo","inLanguage":"fr-FR","url":"https:\/\/secure.gravatar.com\/avatar\/26a8a81f09f0dd7624c9d5c36c9ba3a2?s=96&d=mm&r=g","contentUrl":"https:\/\/secure.gravatar.com\/avatar\/26a8a81f09f0dd7624c9d5c36c9ba3a2?s=96&d=mm&r=g","caption":"Ibrahima"},"sameAs":["https:\/\/www.nettali.com"]}]}},"_links":{"self":[{"href":"https:\/\/www.nettali.com\/rest\/wp\/v2\/posts\/105420"}],"collection":[{"href":"https:\/\/www.nettali.com\/rest\/wp\/v2\/posts"}],"about":[{"href":"https:\/\/www.nettali.com\/rest\/wp\/v2\/types\/post"}],"author":[{"embeddable":true,"href":"https:\/\/www.nettali.com\/rest\/wp\/v2\/users\/5"}],"replies":[{"embeddable":true,"href":"https:\/\/www.nettali.com\/rest\/wp\/v2\/comments?post=105420"}],"version-history":[{"count":4,"href":"https:\/\/www.nettali.com\/rest\/wp\/v2\/posts\/105420\/revisions"}],"predecessor-version":[{"id":105425,"href":"https:\/\/www.nettali.com\/rest\/wp\/v2\/posts\/105420\/revisions\/105425"}],"wp:featuredmedia":[{"embeddable":true,"href":"https:\/\/www.nettali.com\/rest\/wp\/v2\/media\/105421"}],"wp:attachment":[{"href":"https:\/\/www.nettali.com\/rest\/wp\/v2\/media?parent=105420"}],"wp:term":[{"taxonomy":"category","embeddable":true,"href":"https:\/\/www.nettali.com\/rest\/wp\/v2\/categories?post=105420"},{"taxonomy":"post_tag","embeddable":true,"href":"https:\/\/www.nettali.com\/rest\/wp\/v2\/tags?post=105420"}],"curies":[{"name":"wp","href":"https:\/\/api.w.org\/{rel}","templated":true}]}}