{"id":105411,"date":"2023-03-04T09:06:12","date_gmt":"2023-03-04T09:06:12","guid":{"rendered":"https:\/\/www.nettali.com\/?p=105411"},"modified":"2023-03-04T09:28:01","modified_gmt":"2023-03-04T09:28:01","slug":"en-coulisses-guy-marius-sagna-accable-macky-sall-sur-la-tunisie-et-autres","status":"publish","type":"post","link":"https:\/\/www.nettali.com\/2023\/03\/04\/en-coulisses-guy-marius-sagna-accable-macky-sall-sur-la-tunisie-et-autres\/","title":{"rendered":"EN COULISSES - Guy Marius Sagna accable Macky Sall sur la Tunisie et autres..."},"content":{"rendered":"<p><strong>NETTALI.COM -<\/strong> C'est \u00e0 travers un communiqu\u00e9 que le Frapp a tenu \u00e0 d\u00e9noncer les interdictions de Manif tous azimuts. Selon la note, le Frapp avait d\u00e9cid\u00e9 de tenir une manifestation devant l\u2019ambassade de la Tunisie \u00e0 Dakar pour protester contre ce qui s\u2019y passe actuellement. Mais la manifestation a \u00e9t\u00e9 interdite.<\/p>\n<p>\"L<em>es motifs invoqu\u00e9s par Macky Sall pour interdire la manifestation contre la chasse aux Noirs en Tunisie sont : \u201crisques de trouble \u00e0 l'ordre public\u201d et \"entrave \u00e0 la libre circulation des personnes et des biens\u201d<\/em>.<\/p>\n<p>La m\u00eame motif, selon Frapp pour interdire la manifestation des populations de Ndiaganiao le 11 f\u00e9vrier dernier, pour interdire manifestation du groupe parlementaire Yewwi Askan Wi du 23 f\u00e9vrier dernier devant l'Assembl\u00e9e nationale, pour interdire la manifestation pr\u00e9vue par le groupe Walfadjri \u00e0 la place de l'Ind\u00e9pendance, pour interdire la manifestation de Pastef \u00e0 Mback\u00e9 le mois dernier\u201d, rel\u00e8ve Guy Marius Sagna.<\/p>\n<p>\u201c<em>En interdisant cette manifestation contre la traque des Africains noirs en Tunisie, le pr\u00e9sident Macky Sall a choisi son camp. Celui de tous les pr\u00e9sidents qui \u00e9crasent et assassinent leur peuple, mais qui sont enclins \u00e0 se taire et \u00e0 se terrer face \u00e0 l'\u00e9tranger oppresseur. Le Frapp d\u00e9nonce ces interdictions de manifester qui, avec les arrestations arbitraires et les emprisonnements ill\u00e9gaux sont devenus la r\u00e8gle sous l'apprenti dictateur Macky Sall. Cela doit interpeller les d\u00e9mocrates et les d\u00e9fenseurs des Droits de l'homme<\/em>\u201d, ajoute M. Sagna.<\/p>\n<p>Pour eux, Macky Sall devrait avoir une autre attitude face \u00e0 l'oppression des Noirs en cours en Tunisie. C'est pourquoi le Frapp et le d\u00e9put\u00e9 Guy Marius<br \/>\nSagna iront ce samedi \u00e0 10 h \u00e0 l'ambassade de la Tunisie au S\u00e9n\u00e9gal pour d\u00e9poser une lettre de protestation contre le pr\u00e9sident et le gouvernement n\u00e9grophobes de Tunisie.<\/p>\n<div class='share-to-whatsapp-wrapper'><div class='share-on-whsp'>PARTAGER SUR : <\/div><a data-text='EN COULISSES - Guy Marius Sagna accable Macky Sall sur la Tunisie et autres...' data-link='https:\/\/www.nettali.com\/2023\/03\/04\/en-coulisses-guy-marius-sagna-accable-macky-sall-sur-la-tunisie-et-autres\/' class='whatsapp-button whatsapp-share'>WhatsApp<\/a><div class='clear '><\/div><\/div>","protected":false},"excerpt":{"rendered":"<p>NETTALI.COM - C'est \u00e0 travers un communiqu\u00e9 que le Frapp a tenu \u00e0 d\u00e9noncer les interdictions de Manif tous azimuts. Selon la note, le Frapp avait d\u00e9cid\u00e9 de tenir une manifestation devant l\u2019ambassade de la Tunisie \u00e0 Dakar pour protester contre ce qui s\u2019y passe actuellement. Mais la manifestation a \u00e9t\u00e9 interdite. \"Les motifs invoqu\u00e9s [&hellip;]<\/p>\n","protected":false},"author":2,"featured_media":105412,"comment_status":"open","ping_status":"open","sticky":false,"template":"","format":"standard","meta":{"_et_pb_use_builder":"","_et_pb_old_content":""},"categories":[34945],"tags":[],"yoast_head":"<!-- This site is optimized with the Yoast SEO Premium plugin v17.8 (Yoast SEO v17.8) - https:\/\/yoast.com\/wordpress\/plugins\/seo\/ -->\n<title>EN COULISSES - Guy Marius Sagna accable Macky Sall sur la Tunisie et autres... | Nettali.com<\/title>\n<meta name=\"robots\" content=\"index, follow, max-snippet:-1, max-image-preview:large, max-video-preview:-1\" \/>\n<link rel=\"canonical\" href=\"https:\/\/www.nettali.com\/2023\/03\/04\/en-coulisses-guy-marius-sagna-accable-macky-sall-sur-la-tunisie-et-autres\/\" \/>\n<meta property=\"og:locale\" content=\"fr_FR\" \/>\n<meta property=\"og:type\" content=\"article\" \/>\n<meta property=\"og:title\" content=\"EN COULISSES - Guy Marius Sagna accable Macky Sall sur la Tunisie et autres...\" \/>\n<meta property=\"og:description\" content=\"NETTALI.COM - C&#039;est \u00e0 travers un communiqu\u00e9 que le Frapp a tenu \u00e0 d\u00e9noncer les interdictions de Manif tous azimuts. Selon la note, le Frapp avait d\u00e9cid\u00e9 de tenir une manifestation devant l\u2019ambassade de la Tunisie \u00e0 Dakar pour protester contre ce qui s\u2019y passe actuellement. Mais la manifestation a \u00e9t\u00e9 interdite. &quot;Les motifs invoqu\u00e9s [&hellip;]\" \/>\n<meta property=\"og:url\" content=\"https:\/\/www.nettali.com\/2023\/03\/04\/en-coulisses-guy-marius-sagna-accable-macky-sall-sur-la-tunisie-et-autres\/\" \/>\n<meta property=\"og:site_name\" content=\"Nettali.com\" \/>\n<meta property=\"article:publisher\" content=\"https:\/\/www.facebook.com\/nettalicom\" \/>\n<meta property=\"article:published_time\" content=\"2023-03-04T09:06:12+00:00\" \/>\n<meta property=\"article:modified_time\" content=\"2023-03-04T09:28:01+00:00\" \/>\n<meta property=\"og:image\" content=\"https:\/\/www.nettali.com\/wp-content\/uploads\/2023\/03\/61031034-44570626-3.jpeg\" \/>\n\t<meta property=\"og:image:width\" content=\"720\" \/>\n\t<meta property=\"og:image:height\" content=\"474\" \/>\n<meta name=\"twitter:card\" content=\"summary_large_image\" \/>\n<meta name=\"twitter:label1\" content=\"\u00c9crit par\" \/>\n\t<meta name=\"twitter:data1\" content=\"CK\" \/>\n\t<meta name=\"twitter:label2\" content=\"Dur\u00e9e de lecture estim\u00e9e\" \/>\n\t<meta name=\"twitter:data2\" content=\"2 minutes\" \/>\n<script type=\"application\/ld+json\" class=\"yoast-schema-graph\">{\"@context\":\"https:\/\/schema.org\",\"@graph\":[{\"@type\":\"WebSite\",\"@id\":\"https:\/\/www.nettali.com\/#website\",\"url\":\"https:\/\/www.nettali.com\/\",\"name\":\"Nettali.com\",\"description\":\"Le rendez-vous critique du Net\",\"potentialAction\":[{\"@type\":\"SearchAction\",\"target\":{\"@type\":\"EntryPoint\",\"urlTemplate\":\"https:\/\/www.nettali.com\/?s={search_term_string}\"},\"query-input\":\"required name=search_term_string\"}],\"inLanguage\":\"fr-FR\"},{\"@type\":\"ImageObject\",\"@id\":\"https:\/\/www.nettali.com\/2023\/03\/04\/en-coulisses-guy-marius-sagna-accable-macky-sall-sur-la-tunisie-et-autres\/#primaryimage\",\"inLanguage\":\"fr-FR\",\"url\":\"https:\/\/www.nettali.com\/wp-content\/uploads\/2023\/03\/61031034-44570626-3.jpeg\",\"contentUrl\":\"https:\/\/www.nettali.com\/wp-content\/uploads\/2023\/03\/61031034-44570626-3.jpeg\",\"width\":720,\"height\":474},{\"@type\":\"WebPage\",\"@id\":\"https:\/\/www.nettali.com\/2023\/03\/04\/en-coulisses-guy-marius-sagna-accable-macky-sall-sur-la-tunisie-et-autres\/#webpage\",\"url\":\"https:\/\/www.nettali.com\/2023\/03\/04\/en-coulisses-guy-marius-sagna-accable-macky-sall-sur-la-tunisie-et-autres\/\",\"name\":\"EN COULISSES - Guy Marius Sagna accable Macky Sall sur la Tunisie et autres... | Nettali.com\",\"isPartOf\":{\"@id\":\"https:\/\/www.nettali.com\/#website\"},\"primaryImageOfPage\":{\"@id\":\"https:\/\/www.nettali.com\/2023\/03\/04\/en-coulisses-guy-marius-sagna-accable-macky-sall-sur-la-tunisie-et-autres\/#primaryimage\"},\"datePublished\":\"2023-03-04T09:06:12+00:00\",\"dateModified\":\"2023-03-04T09:28:01+00:00\",\"author\":{\"@id\":\"https:\/\/www.nettali.com\/#\/schema\/person\/d8ac7b7e27ddad43f1c0d2ef090d7f71\"},\"breadcrumb\":{\"@id\":\"https:\/\/www.nettali.com\/2023\/03\/04\/en-coulisses-guy-marius-sagna-accable-macky-sall-sur-la-tunisie-et-autres\/#breadcrumb\"},\"inLanguage\":\"fr-FR\",\"potentialAction\":[{\"@type\":\"ReadAction\",\"target\":[\"https:\/\/www.nettali.com\/2023\/03\/04\/en-coulisses-guy-marius-sagna-accable-macky-sall-sur-la-tunisie-et-autres\/\"]}]},{\"@type\":\"BreadcrumbList\",\"@id\":\"https:\/\/www.nettali.com\/2023\/03\/04\/en-coulisses-guy-marius-sagna-accable-macky-sall-sur-la-tunisie-et-autres\/#breadcrumb\",\"itemListElement\":[{\"@type\":\"ListItem\",\"position\":1,\"name\":\"Accueil\",\"item\":\"https:\/\/www.nettali.com\/\"},{\"@type\":\"ListItem\",\"position\":2,\"name\":\"EN COULISSES - Guy Marius Sagna accable Macky Sall sur la Tunisie et autres...\"}]},{\"@type\":\"Person\",\"@id\":\"https:\/\/www.nettali.com\/#\/schema\/person\/d8ac7b7e27ddad43f1c0d2ef090d7f71\",\"name\":\"CK\",\"image\":{\"@type\":\"ImageObject\",\"@id\":\"https:\/\/www.nettali.com\/#personlogo\",\"inLanguage\":\"fr-FR\",\"url\":\"https:\/\/secure.gravatar.com\/avatar\/1d8d5118b9327d94da7cd4ce7f17fec2?s=96&d=mm&r=g\",\"contentUrl\":\"https:\/\/secure.gravatar.com\/avatar\/1d8d5118b9327d94da7cd4ce7f17fec2?s=96&d=mm&r=g\",\"caption\":\"CK\"},\"sameAs\":[\"https:\/\/www.nettali.com\"]}]}<\/script>\n<!-- \/ Yoast SEO Premium plugin. -->","yoast_head_json":{"title":"EN COULISSES - Guy Marius Sagna accable Macky Sall sur la Tunisie et autres... | Nettali.com","robots":{"index":"index","follow":"follow","max-snippet":"max-snippet:-1","max-image-preview":"max-image-preview:large","max-video-preview":"max-video-preview:-1"},"canonical":"https:\/\/www.nettali.com\/2023\/03\/04\/en-coulisses-guy-marius-sagna-accable-macky-sall-sur-la-tunisie-et-autres\/","og_locale":"fr_FR","og_type":"article","og_title":"EN COULISSES - Guy Marius Sagna accable Macky Sall sur la Tunisie et autres...","og_description":"NETTALI.COM - C'est \u00e0 travers un communiqu\u00e9 que le Frapp a tenu \u00e0 d\u00e9noncer les interdictions de Manif tous azimuts. Selon la note, le Frapp avait d\u00e9cid\u00e9 de tenir une manifestation devant l\u2019ambassade de la Tunisie \u00e0 Dakar pour protester contre ce qui s\u2019y passe actuellement. Mais la manifestation a \u00e9t\u00e9 interdite. \"Les motifs invoqu\u00e9s [&hellip;]","og_url":"https:\/\/www.nettali.com\/2023\/03\/04\/en-coulisses-guy-marius-sagna-accable-macky-sall-sur-la-tunisie-et-autres\/","og_site_name":"Nettali.com","article_publisher":"https:\/\/www.facebook.com\/nettalicom","article_published_time":"2023-03-04T09:06:12+00:00","article_modified_time":"2023-03-04T09:28:01+00:00","og_image":[{"width":720,"height":474,"url":"https:\/\/www.nettali.com\/wp-content\/uploads\/2023\/03\/61031034-44570626-3.jpeg","type":"image\/jpeg"}],"twitter_card":"summary_large_image","twitter_misc":{"\u00c9crit par":"CK","Dur\u00e9e de lecture estim\u00e9e":"2 minutes"},"schema":{"@context":"https:\/\/schema.org","@graph":[{"@type":"WebSite","@id":"https:\/\/www.nettali.com\/#website","url":"https:\/\/www.nettali.com\/","name":"Nettali.com","description":"Le rendez-vous critique du Net","potentialAction":[{"@type":"SearchAction","target":{"@type":"EntryPoint","urlTemplate":"https:\/\/www.nettali.com\/?s={search_term_string}"},"query-input":"required name=search_term_string"}],"inLanguage":"fr-FR"},{"@type":"ImageObject","@id":"https:\/\/www.nettali.com\/2023\/03\/04\/en-coulisses-guy-marius-sagna-accable-macky-sall-sur-la-tunisie-et-autres\/#primaryimage","inLanguage":"fr-FR","url":"https:\/\/www.nettali.com\/wp-content\/uploads\/2023\/03\/61031034-44570626-3.jpeg","contentUrl":"https:\/\/www.nettali.com\/wp-content\/uploads\/2023\/03\/61031034-44570626-3.jpeg","width":720,"height":474},{"@type":"WebPage","@id":"https:\/\/www.nettali.com\/2023\/03\/04\/en-coulisses-guy-marius-sagna-accable-macky-sall-sur-la-tunisie-et-autres\/#webpage","url":"https:\/\/www.nettali.com\/2023\/03\/04\/en-coulisses-guy-marius-sagna-accable-macky-sall-sur-la-tunisie-et-autres\/","name":"EN COULISSES - Guy Marius Sagna accable Macky Sall sur la Tunisie et autres... | Nettali.com","isPartOf":{"@id":"https:\/\/www.nettali.com\/#website"},"primaryImageOfPage":{"@id":"https:\/\/www.nettali.com\/2023\/03\/04\/en-coulisses-guy-marius-sagna-accable-macky-sall-sur-la-tunisie-et-autres\/#primaryimage"},"datePublished":"2023-03-04T09:06:12+00:00","dateModified":"2023-03-04T09:28:01+00:00","author":{"@id":"https:\/\/www.nettali.com\/#\/schema\/person\/d8ac7b7e27ddad43f1c0d2ef090d7f71"},"breadcrumb":{"@id":"https:\/\/www.nettali.com\/2023\/03\/04\/en-coulisses-guy-marius-sagna-accable-macky-sall-sur-la-tunisie-et-autres\/#breadcrumb"},"inLanguage":"fr-FR","potentialAction":[{"@type":"ReadAction","target":["https:\/\/www.nettali.com\/2023\/03\/04\/en-coulisses-guy-marius-sagna-accable-macky-sall-sur-la-tunisie-et-autres\/"]}]},{"@type":"BreadcrumbList","@id":"https:\/\/www.nettali.com\/2023\/03\/04\/en-coulisses-guy-marius-sagna-accable-macky-sall-sur-la-tunisie-et-autres\/#breadcrumb","itemListElement":[{"@type":"ListItem","position":1,"name":"Accueil","item":"https:\/\/www.nettali.com\/"},{"@type":"ListItem","position":2,"name":"EN COULISSES - Guy Marius Sagna accable Macky Sall sur la Tunisie et autres..."}]},{"@type":"Person","@id":"https:\/\/www.nettali.com\/#\/schema\/person\/d8ac7b7e27ddad43f1c0d2ef090d7f71","name":"CK","image":{"@type":"ImageObject","@id":"https:\/\/www.nettali.com\/#personlogo","inLanguage":"fr-FR","url":"https:\/\/secure.gravatar.com\/avatar\/1d8d5118b9327d94da7cd4ce7f17fec2?s=96&d=mm&r=g","contentUrl":"https:\/\/secure.gravatar.com\/avatar\/1d8d5118b9327d94da7cd4ce7f17fec2?s=96&d=mm&r=g","caption":"CK"},"sameAs":["https:\/\/www.nettali.com"]}]}},"_links":{"self":[{"href":"https:\/\/www.nettali.com\/rest\/wp\/v2\/posts\/105411"}],"collection":[{"href":"https:\/\/www.nettali.com\/rest\/wp\/v2\/posts"}],"about":[{"href":"https:\/\/www.nettali.com\/rest\/wp\/v2\/types\/post"}],"author":[{"embeddable":true,"href":"https:\/\/www.nettali.com\/rest\/wp\/v2\/users\/2"}],"replies":[{"embeddable":true,"href":"https:\/\/www.nettali.com\/rest\/wp\/v2\/comments?post=105411"}],"version-history":[{"count":1,"href":"https:\/\/www.nettali.com\/rest\/wp\/v2\/posts\/105411\/revisions"}],"predecessor-version":[{"id":105413,"href":"https:\/\/www.nettali.com\/rest\/wp\/v2\/posts\/105411\/revisions\/105413"}],"wp:featuredmedia":[{"embeddable":true,"href":"https:\/\/www.nettali.com\/rest\/wp\/v2\/media\/105412"}],"wp:attachment":[{"href":"https:\/\/www.nettali.com\/rest\/wp\/v2\/media?parent=105411"}],"wp:term":[{"taxonomy":"category","embeddable":true,"href":"https:\/\/www.nettali.com\/rest\/wp\/v2\/categories?post=105411"},{"taxonomy":"post_tag","embeddable":true,"href":"https:\/\/www.nettali.com\/rest\/wp\/v2\/tags?post=105411"}],"curies":[{"name":"wp","href":"https:\/\/api.w.org\/{rel}","templated":true}]}}