{"id":105400,"date":"2023-03-04T08:47:56","date_gmt":"2023-03-04T08:47:56","guid":{"rendered":"https:\/\/www.nettali.com\/?p=105400"},"modified":"2023-03-04T08:49:42","modified_gmt":"2023-03-04T08:49:42","slug":"en-coulisses-aminata-toure-persona-non-grata","status":"publish","type":"post","link":"https:\/\/www.nettali.com\/2023\/03\/04\/en-coulisses-aminata-toure-persona-non-grata\/","title":{"rendered":"EN COULISSES - Aminata Tour\u00e9, persona non grata !"},"content":{"rendered":"<p><strong>NETTALI.COM -<\/strong> Restons sur ce communiqu\u00e9 du PDS pour signaler que les lib\u00e9raux ne veulent pas de Mimi Tour\u00e9 dans les rangs de la plateforme qu'ils disent avoir toujours r\u00e9clam\u00e9.<\/p>\n<p>Ces derniers disent ainsi regretter le sort r\u00e9serv\u00e9 \u00e0 Aminata Tour\u00e9 qui, pendant onze ann\u00e9es de la gouvernance de Benno Bokk Yaakaar, a \u00e9t\u00e9 l\u2019un des principaux responsables du recul de l\u2019\u00c9tat de droit, de la d\u00e9mocratie et de la pauvret\u00e9 qui frappe aujourd\u2019hui les S\u00e9n\u00e9galais.<\/p>\n<p>\"<em>Il est inacceptable qu\u2019Aminata Tour\u00e9, alors ministre de la Justice qui, en 2012, n'ayant pas confiance aux juges s\u00e9n\u00e9galais de la Crei, a mis en place une officine compos\u00e9e de juges \u00e9trangers \u00e0 la retraite, notamment fran\u00e7ais qu\u2019elle recevait r\u00e9guli\u00e8rement dans ses bureaux afin de mieux s\u2019acharner et de violer les droits du candidat du PDS, veuille aujourd\u2019hui se d\u00e9douaner et s'acheter une virginit\u00e9 politique au point de vouloir partager le m\u00eame cadre de lutte que l'opposition l\u00e9gitime<\/em>\u201d, d\u00e9clarent-ils.<\/p>\n<div class='share-to-whatsapp-wrapper'><div class='share-on-whsp'>PARTAGER SUR : <\/div><a data-text='EN COULISSES - Aminata Tour\u00e9, persona non grata !' data-link='https:\/\/www.nettali.com\/2023\/03\/04\/en-coulisses-aminata-toure-persona-non-grata\/' class='whatsapp-button whatsapp-share'>WhatsApp<\/a><div class='clear '><\/div><\/div>","protected":false},"excerpt":{"rendered":"<p>NETTALI.COM - Restons sur ce communiqu\u00e9 du PDS pour signaler que les lib\u00e9raux ne veulent pas de Mimi Tour\u00e9 dans les rangs de la plateforme qu'ils disent avoir toujours r\u00e9clam\u00e9. Ces derniers disent ainsi regretter le sort r\u00e9serv\u00e9 \u00e0 Aminata Tour\u00e9 qui, pendant onze ann\u00e9es de la gouvernance de Benno Bokk Yaakaar, a \u00e9t\u00e9 l\u2019un [&hellip;]<\/p>\n","protected":false},"author":2,"featured_media":105406,"comment_status":"open","ping_status":"open","sticky":false,"template":"","format":"standard","meta":{"_et_pb_use_builder":"","_et_pb_old_content":""},"categories":[34945],"tags":[],"yoast_head":"<!-- This site is optimized with the Yoast SEO Premium plugin v17.8 (Yoast SEO v17.8) - https:\/\/yoast.com\/wordpress\/plugins\/seo\/ -->\n<title>EN COULISSES - Aminata Tour\u00e9, persona non grata ! | Nettali.com<\/title>\n<meta name=\"robots\" content=\"index, follow, max-snippet:-1, max-image-preview:large, max-video-preview:-1\" \/>\n<link rel=\"canonical\" href=\"https:\/\/www.nettali.com\/2023\/03\/04\/en-coulisses-aminata-toure-persona-non-grata\/\" \/>\n<meta property=\"og:locale\" content=\"fr_FR\" \/>\n<meta property=\"og:type\" content=\"article\" \/>\n<meta property=\"og:title\" content=\"EN COULISSES - Aminata Tour\u00e9, persona non grata !\" \/>\n<meta property=\"og:description\" content=\"NETTALI.COM - Restons sur ce communiqu\u00e9 du PDS pour signaler que les lib\u00e9raux ne veulent pas de Mimi Tour\u00e9 dans les rangs de la plateforme qu&#039;ils disent avoir toujours r\u00e9clam\u00e9. Ces derniers disent ainsi regretter le sort r\u00e9serv\u00e9 \u00e0 Aminata Tour\u00e9 qui, pendant onze ann\u00e9es de la gouvernance de Benno Bokk Yaakaar, a \u00e9t\u00e9 l\u2019un [&hellip;]\" \/>\n<meta property=\"og:url\" content=\"https:\/\/www.nettali.com\/2023\/03\/04\/en-coulisses-aminata-toure-persona-non-grata\/\" \/>\n<meta property=\"og:site_name\" content=\"Nettali.com\" \/>\n<meta property=\"article:publisher\" content=\"https:\/\/www.facebook.com\/nettalicom\" \/>\n<meta property=\"article:published_time\" content=\"2023-03-04T08:47:56+00:00\" \/>\n<meta property=\"article:modified_time\" content=\"2023-03-04T08:49:42+00:00\" \/>\n<meta property=\"og:image\" content=\"https:\/\/www.nettali.com\/wp-content\/uploads\/2023\/03\/karim_wade_10.jpg\" \/>\n\t<meta property=\"og:image:width\" content=\"900\" \/>\n\t<meta property=\"og:image:height\" content=\"450\" \/>\n<meta name=\"twitter:card\" content=\"summary_large_image\" \/>\n<meta name=\"twitter:label1\" content=\"\u00c9crit par\" \/>\n\t<meta name=\"twitter:data1\" content=\"CK\" \/>\n\t<meta name=\"twitter:label2\" content=\"Dur\u00e9e de lecture estim\u00e9e\" \/>\n\t<meta name=\"twitter:data2\" content=\"1 minute\" \/>\n<script type=\"application\/ld+json\" class=\"yoast-schema-graph\">{\"@context\":\"https:\/\/schema.org\",\"@graph\":[{\"@type\":\"WebSite\",\"@id\":\"https:\/\/www.nettali.com\/#website\",\"url\":\"https:\/\/www.nettali.com\/\",\"name\":\"Nettali.com\",\"description\":\"Le rendez-vous critique du Net\",\"potentialAction\":[{\"@type\":\"SearchAction\",\"target\":{\"@type\":\"EntryPoint\",\"urlTemplate\":\"https:\/\/www.nettali.com\/?s={search_term_string}\"},\"query-input\":\"required name=search_term_string\"}],\"inLanguage\":\"fr-FR\"},{\"@type\":\"ImageObject\",\"@id\":\"https:\/\/www.nettali.com\/2023\/03\/04\/en-coulisses-aminata-toure-persona-non-grata\/#primaryimage\",\"inLanguage\":\"fr-FR\",\"url\":\"https:\/\/www.nettali.com\/wp-content\/uploads\/2023\/03\/karim_wade_10.jpg\",\"contentUrl\":\"https:\/\/www.nettali.com\/wp-content\/uploads\/2023\/03\/karim_wade_10.jpg\",\"width\":900,\"height\":450},{\"@type\":\"WebPage\",\"@id\":\"https:\/\/www.nettali.com\/2023\/03\/04\/en-coulisses-aminata-toure-persona-non-grata\/#webpage\",\"url\":\"https:\/\/www.nettali.com\/2023\/03\/04\/en-coulisses-aminata-toure-persona-non-grata\/\",\"name\":\"EN COULISSES - Aminata Tour\\u00e9, persona non grata ! | Nettali.com\",\"isPartOf\":{\"@id\":\"https:\/\/www.nettali.com\/#website\"},\"primaryImageOfPage\":{\"@id\":\"https:\/\/www.nettali.com\/2023\/03\/04\/en-coulisses-aminata-toure-persona-non-grata\/#primaryimage\"},\"datePublished\":\"2023-03-04T08:47:56+00:00\",\"dateModified\":\"2023-03-04T08:49:42+00:00\",\"author\":{\"@id\":\"https:\/\/www.nettali.com\/#\/schema\/person\/d8ac7b7e27ddad43f1c0d2ef090d7f71\"},\"breadcrumb\":{\"@id\":\"https:\/\/www.nettali.com\/2023\/03\/04\/en-coulisses-aminata-toure-persona-non-grata\/#breadcrumb\"},\"inLanguage\":\"fr-FR\",\"potentialAction\":[{\"@type\":\"ReadAction\",\"target\":[\"https:\/\/www.nettali.com\/2023\/03\/04\/en-coulisses-aminata-toure-persona-non-grata\/\"]}]},{\"@type\":\"BreadcrumbList\",\"@id\":\"https:\/\/www.nettali.com\/2023\/03\/04\/en-coulisses-aminata-toure-persona-non-grata\/#breadcrumb\",\"itemListElement\":[{\"@type\":\"ListItem\",\"position\":1,\"name\":\"Accueil\",\"item\":\"https:\/\/www.nettali.com\/\"},{\"@type\":\"ListItem\",\"position\":2,\"name\":\"EN COULISSES - Aminata Tour\\u00e9, persona non grata !\"}]},{\"@type\":\"Person\",\"@id\":\"https:\/\/www.nettali.com\/#\/schema\/person\/d8ac7b7e27ddad43f1c0d2ef090d7f71\",\"name\":\"CK\",\"image\":{\"@type\":\"ImageObject\",\"@id\":\"https:\/\/www.nettali.com\/#personlogo\",\"inLanguage\":\"fr-FR\",\"url\":\"https:\/\/secure.gravatar.com\/avatar\/1d8d5118b9327d94da7cd4ce7f17fec2?s=96&d=mm&r=g\",\"contentUrl\":\"https:\/\/secure.gravatar.com\/avatar\/1d8d5118b9327d94da7cd4ce7f17fec2?s=96&d=mm&r=g\",\"caption\":\"CK\"},\"sameAs\":[\"https:\/\/www.nettali.com\"]}]}<\/script>\n<!-- \/ Yoast SEO Premium plugin. -->","yoast_head_json":{"title":"EN COULISSES - Aminata Tour\u00e9, persona non grata ! | Nettali.com","robots":{"index":"index","follow":"follow","max-snippet":"max-snippet:-1","max-image-preview":"max-image-preview:large","max-video-preview":"max-video-preview:-1"},"canonical":"https:\/\/www.nettali.com\/2023\/03\/04\/en-coulisses-aminata-toure-persona-non-grata\/","og_locale":"fr_FR","og_type":"article","og_title":"EN COULISSES - Aminata Tour\u00e9, persona non grata !","og_description":"NETTALI.COM - Restons sur ce communiqu\u00e9 du PDS pour signaler que les lib\u00e9raux ne veulent pas de Mimi Tour\u00e9 dans les rangs de la plateforme qu'ils disent avoir toujours r\u00e9clam\u00e9. Ces derniers disent ainsi regretter le sort r\u00e9serv\u00e9 \u00e0 Aminata Tour\u00e9 qui, pendant onze ann\u00e9es de la gouvernance de Benno Bokk Yaakaar, a \u00e9t\u00e9 l\u2019un [&hellip;]","og_url":"https:\/\/www.nettali.com\/2023\/03\/04\/en-coulisses-aminata-toure-persona-non-grata\/","og_site_name":"Nettali.com","article_publisher":"https:\/\/www.facebook.com\/nettalicom","article_published_time":"2023-03-04T08:47:56+00:00","article_modified_time":"2023-03-04T08:49:42+00:00","og_image":[{"width":900,"height":450,"url":"https:\/\/www.nettali.com\/wp-content\/uploads\/2023\/03\/karim_wade_10.jpg","type":"image\/jpeg"}],"twitter_card":"summary_large_image","twitter_misc":{"\u00c9crit par":"CK","Dur\u00e9e de lecture estim\u00e9e":"1 minute"},"schema":{"@context":"https:\/\/schema.org","@graph":[{"@type":"WebSite","@id":"https:\/\/www.nettali.com\/#website","url":"https:\/\/www.nettali.com\/","name":"Nettali.com","description":"Le rendez-vous critique du Net","potentialAction":[{"@type":"SearchAction","target":{"@type":"EntryPoint","urlTemplate":"https:\/\/www.nettali.com\/?s={search_term_string}"},"query-input":"required name=search_term_string"}],"inLanguage":"fr-FR"},{"@type":"ImageObject","@id":"https:\/\/www.nettali.com\/2023\/03\/04\/en-coulisses-aminata-toure-persona-non-grata\/#primaryimage","inLanguage":"fr-FR","url":"https:\/\/www.nettali.com\/wp-content\/uploads\/2023\/03\/karim_wade_10.jpg","contentUrl":"https:\/\/www.nettali.com\/wp-content\/uploads\/2023\/03\/karim_wade_10.jpg","width":900,"height":450},{"@type":"WebPage","@id":"https:\/\/www.nettali.com\/2023\/03\/04\/en-coulisses-aminata-toure-persona-non-grata\/#webpage","url":"https:\/\/www.nettali.com\/2023\/03\/04\/en-coulisses-aminata-toure-persona-non-grata\/","name":"EN COULISSES - Aminata Tour\u00e9, persona non grata ! | Nettali.com","isPartOf":{"@id":"https:\/\/www.nettali.com\/#website"},"primaryImageOfPage":{"@id":"https:\/\/www.nettali.com\/2023\/03\/04\/en-coulisses-aminata-toure-persona-non-grata\/#primaryimage"},"datePublished":"2023-03-04T08:47:56+00:00","dateModified":"2023-03-04T08:49:42+00:00","author":{"@id":"https:\/\/www.nettali.com\/#\/schema\/person\/d8ac7b7e27ddad43f1c0d2ef090d7f71"},"breadcrumb":{"@id":"https:\/\/www.nettali.com\/2023\/03\/04\/en-coulisses-aminata-toure-persona-non-grata\/#breadcrumb"},"inLanguage":"fr-FR","potentialAction":[{"@type":"ReadAction","target":["https:\/\/www.nettali.com\/2023\/03\/04\/en-coulisses-aminata-toure-persona-non-grata\/"]}]},{"@type":"BreadcrumbList","@id":"https:\/\/www.nettali.com\/2023\/03\/04\/en-coulisses-aminata-toure-persona-non-grata\/#breadcrumb","itemListElement":[{"@type":"ListItem","position":1,"name":"Accueil","item":"https:\/\/www.nettali.com\/"},{"@type":"ListItem","position":2,"name":"EN COULISSES - Aminata Tour\u00e9, persona non grata !"}]},{"@type":"Person","@id":"https:\/\/www.nettali.com\/#\/schema\/person\/d8ac7b7e27ddad43f1c0d2ef090d7f71","name":"CK","image":{"@type":"ImageObject","@id":"https:\/\/www.nettali.com\/#personlogo","inLanguage":"fr-FR","url":"https:\/\/secure.gravatar.com\/avatar\/1d8d5118b9327d94da7cd4ce7f17fec2?s=96&d=mm&r=g","contentUrl":"https:\/\/secure.gravatar.com\/avatar\/1d8d5118b9327d94da7cd4ce7f17fec2?s=96&d=mm&r=g","caption":"CK"},"sameAs":["https:\/\/www.nettali.com"]}]}},"_links":{"self":[{"href":"https:\/\/www.nettali.com\/rest\/wp\/v2\/posts\/105400"}],"collection":[{"href":"https:\/\/www.nettali.com\/rest\/wp\/v2\/posts"}],"about":[{"href":"https:\/\/www.nettali.com\/rest\/wp\/v2\/types\/post"}],"author":[{"embeddable":true,"href":"https:\/\/www.nettali.com\/rest\/wp\/v2\/users\/2"}],"replies":[{"embeddable":true,"href":"https:\/\/www.nettali.com\/rest\/wp\/v2\/comments?post=105400"}],"version-history":[{"count":1,"href":"https:\/\/www.nettali.com\/rest\/wp\/v2\/posts\/105400\/revisions"}],"predecessor-version":[{"id":105401,"href":"https:\/\/www.nettali.com\/rest\/wp\/v2\/posts\/105400\/revisions\/105401"}],"wp:featuredmedia":[{"embeddable":true,"href":"https:\/\/www.nettali.com\/rest\/wp\/v2\/media\/105406"}],"wp:attachment":[{"href":"https:\/\/www.nettali.com\/rest\/wp\/v2\/media?parent=105400"}],"wp:term":[{"taxonomy":"category","embeddable":true,"href":"https:\/\/www.nettali.com\/rest\/wp\/v2\/categories?post=105400"},{"taxonomy":"post_tag","embeddable":true,"href":"https:\/\/www.nettali.com\/rest\/wp\/v2\/tags?post=105400"}],"curies":[{"name":"wp","href":"https:\/\/api.w.org\/{rel}","templated":true}]}}