{"id":105319,"date":"2023-03-02T23:11:11","date_gmt":"2023-03-02T23:11:11","guid":{"rendered":"https:\/\/www.nettali.com\/?p=105319"},"modified":"2023-03-02T23:11:11","modified_gmt":"2023-03-02T23:11:11","slug":"1-2-aller-copa-del-rey-le-barca-eteint-la-casa-blanca-0-1","status":"publish","type":"post","link":"https:\/\/www.nettali.com\/2023\/03\/02\/1-2-aller-copa-del-rey-le-barca-eteint-la-casa-blanca-0-1\/","title":{"rendered":"1\/2 ALLER COPA DEL REY - Le Bar\u00e7a \u00e9teint la Casa Blanca (0-1)"},"content":{"rendered":"<p><strong>NETTALI.COM - Affaiblis par de nombreuses absences, les Catalans se sont malgr\u00e9 tout impos\u00e9s sur la pelouse du Real Madrid, ce jeudi soir en demi-finale aller de la coupe du Roi (0-1) gr\u00e2ce \u00e0 un but contre son camp d'Eder Militao. Le Bar\u00e7a prend donc une option sur la qualification en finale.<\/strong><\/p>\n<p>Pour la deuxi\u00e8me fois de l\u2019ann\u00e9e, le FC Barcelone a pris le meilleur sur le Real Madrid et r\u00e9alis\u00e9 une excellente op\u00e9ration en s\u2019imposant au Stade Santiago Bernabeu (1-0) ce jeudi en demi-finale aller de la Coupe du Roi. Un succ\u00e8s acquis cette fois sans la mani\u00e8re et compl\u00e8tement contre le cours du jeu.<\/p>\n<p>Comme pressenti au vu de la dynamique respective des deux \u00e9quipes, les Merengue prenaient les choses en main d'entr\u00e9e face \u00e0 des Blaugrana en difficult\u00e9 et qui ne parvenaient pas \u00e0 poser le pied sur le ballon. D\u00e8s les premiers instants, Modric mettait le feu dans la d\u00e9fense catalane mais tirait dans le petit filet. Puis le but de Benzema \u00e9tait refus\u00e9 pour hors-jeu dans ce d\u00e9but de partie \u00e9lectrique avec des duels tr\u00e8s disput\u00e9s et d'incessantes contestations.<\/p>\n<p>Compl\u00e8tement asphyxi\u00e9 et inoffensif jusqu'\u00e0 pr\u00e9sent, le Bar\u00e7a profitait pourtant d'un contre pour prendre les devants contre le cours du jeu suite \u00e0 un but contre son camp du malheureux Milit\u00e3o (0-1, 26e). Enorm\u00e9ment de r\u00e9ussite pour les Barcelonais et extr\u00eamement de frustration pour les hommes de Carlo Ancelotti, qui contestaient chacune des d\u00e9cisions arbitrales. Par la suite, les Madril\u00e8nes continuaient de tenter mais, \u00e0 l'instar de cette reprise devis\u00e9e de Carvajal, leur manque de justesse dans le dernier geste les emp\u00eachait de se montrer r\u00e9ellement dangereux, face \u00e0 un Bar\u00e7a qui g\u00e2chait quant \u00e0 lui plusieurs bons ballons de contre.<\/p>\n<p>Au retour des vestiaires, les Merengue appuyaient sur l\u2019acc\u00e9l\u00e9rateur et la pression augmentait encore d\u2019un cran sur le but catalan, ce qui obligeait Araujo puis Alonso \u00e0 sauver les meubles en catastrophe. Acceptant progressivement cette attaque-d\u00e9fense, le Bar\u00e7a, bien qu\u2019accul\u00e9, tremblait toutefois de moins en moins au fil des minutes et Kessi\u00e9 disposait m\u00eame d\u2019une inesp\u00e9r\u00e9e balle de 2-0\u2026 repouss\u00e9e devant la ligne par son co\u00e9quipier Bald\u00e9 ! Malgr\u00e9 des ultimes minutes \u00e9touffantes, la bande \u00e0 Xavi prend donc une belle option avant la manche retour le 5 avril au Camp Nou. D\u2019ici-l\u00e0, rendez-vous est pris le 19 mars en Catalogne pour un Clasico d\u00e9terminant pour le titre en Liga.<\/p>\n<div class='share-to-whatsapp-wrapper'><div class='share-on-whsp'>PARTAGER SUR : <\/div><a data-text='1\/2 ALLER COPA DEL REY - Le Bar\u00e7a \u00e9teint la Casa Blanca (0-1)' data-link='https:\/\/www.nettali.com\/2023\/03\/02\/1-2-aller-copa-del-rey-le-barca-eteint-la-casa-blanca-0-1\/' class='whatsapp-button whatsapp-share'>WhatsApp<\/a><div class='clear '><\/div><\/div>","protected":false},"excerpt":{"rendered":"<p>NETTALI.COM - Affaiblis par de nombreuses absences, les Catalans se sont malgr\u00e9 tout impos\u00e9s sur la pelouse du Real Madrid, ce jeudi soir en demi-finale aller de la coupe du Roi (0-1) gr\u00e2ce \u00e0 un but contre son camp d'Eder Militao. Le Bar\u00e7a prend donc une option sur la qualification en finale. Pour la deuxi\u00e8me [&hellip;]<\/p>\n","protected":false},"author":5,"featured_media":105320,"comment_status":"open","ping_status":"open","sticky":false,"template":"","format":"standard","meta":{"_et_pb_use_builder":"","_et_pb_old_content":""},"categories":[6],"tags":[],"yoast_head":"<!-- This site is optimized with the Yoast SEO Premium plugin v17.8 (Yoast SEO v17.8) - https:\/\/yoast.com\/wordpress\/plugins\/seo\/ -->\n<title>1\/2 ALLER COPA DEL REY - Le Bar\u00e7a \u00e9teint la Casa Blanca (0-1) | Nettali.com<\/title>\n<meta name=\"robots\" content=\"index, follow, max-snippet:-1, max-image-preview:large, max-video-preview:-1\" \/>\n<link rel=\"canonical\" href=\"https:\/\/www.nettali.com\/2023\/03\/02\/1-2-aller-copa-del-rey-le-barca-eteint-la-casa-blanca-0-1\/\" \/>\n<meta property=\"og:locale\" content=\"fr_FR\" \/>\n<meta property=\"og:type\" content=\"article\" \/>\n<meta property=\"og:title\" content=\"1\/2 ALLER COPA DEL REY - Le Bar\u00e7a \u00e9teint la Casa Blanca (0-1)\" \/>\n<meta property=\"og:description\" content=\"NETTALI.COM - Affaiblis par de nombreuses absences, les Catalans se sont malgr\u00e9 tout impos\u00e9s sur la pelouse du Real Madrid, ce jeudi soir en demi-finale aller de la coupe du Roi (0-1) gr\u00e2ce \u00e0 un but contre son camp d&#039;Eder Militao. Le Bar\u00e7a prend donc une option sur la qualification en finale. Pour la deuxi\u00e8me [&hellip;]\" \/>\n<meta property=\"og:url\" content=\"https:\/\/www.nettali.com\/2023\/03\/02\/1-2-aller-copa-del-rey-le-barca-eteint-la-casa-blanca-0-1\/\" \/>\n<meta property=\"og:site_name\" content=\"Nettali.com\" \/>\n<meta property=\"article:publisher\" content=\"https:\/\/www.facebook.com\/nettalicom\" \/>\n<meta property=\"article:published_time\" content=\"2023-03-02T23:11:11+00:00\" \/>\n<meta property=\"og:image\" content=\"https:\/\/www.nettali.com\/wp-content\/uploads\/2023\/03\/66063439.jpg\" \/>\n\t<meta property=\"og:image:width\" content=\"1200\" \/>\n\t<meta property=\"og:image:height\" content=\"800\" \/>\n<meta name=\"twitter:card\" content=\"summary_large_image\" \/>\n<meta name=\"twitter:label1\" content=\"\u00c9crit par\" \/>\n\t<meta name=\"twitter:data1\" content=\"Ibrahima\" \/>\n\t<meta name=\"twitter:label2\" content=\"Dur\u00e9e de lecture estim\u00e9e\" \/>\n\t<meta name=\"twitter:data2\" content=\"3 minutes\" \/>\n<script type=\"application\/ld+json\" class=\"yoast-schema-graph\">{\"@context\":\"https:\/\/schema.org\",\"@graph\":[{\"@type\":\"WebSite\",\"@id\":\"https:\/\/www.nettali.com\/#website\",\"url\":\"https:\/\/www.nettali.com\/\",\"name\":\"Nettali.com\",\"description\":\"Le rendez-vous critique du Net\",\"potentialAction\":[{\"@type\":\"SearchAction\",\"target\":{\"@type\":\"EntryPoint\",\"urlTemplate\":\"https:\/\/www.nettali.com\/?s={search_term_string}\"},\"query-input\":\"required name=search_term_string\"}],\"inLanguage\":\"fr-FR\"},{\"@type\":\"ImageObject\",\"@id\":\"https:\/\/www.nettali.com\/2023\/03\/02\/1-2-aller-copa-del-rey-le-barca-eteint-la-casa-blanca-0-1\/#primaryimage\",\"inLanguage\":\"fr-FR\",\"url\":\"https:\/\/www.nettali.com\/wp-content\/uploads\/2023\/03\/66063439.jpg\",\"contentUrl\":\"https:\/\/www.nettali.com\/wp-content\/uploads\/2023\/03\/66063439.jpg\",\"width\":1200,\"height\":800},{\"@type\":\"WebPage\",\"@id\":\"https:\/\/www.nettali.com\/2023\/03\/02\/1-2-aller-copa-del-rey-le-barca-eteint-la-casa-blanca-0-1\/#webpage\",\"url\":\"https:\/\/www.nettali.com\/2023\/03\/02\/1-2-aller-copa-del-rey-le-barca-eteint-la-casa-blanca-0-1\/\",\"name\":\"1\/2 ALLER COPA DEL REY - Le Bar\\u00e7a \\u00e9teint la Casa Blanca (0-1) | Nettali.com\",\"isPartOf\":{\"@id\":\"https:\/\/www.nettali.com\/#website\"},\"primaryImageOfPage\":{\"@id\":\"https:\/\/www.nettali.com\/2023\/03\/02\/1-2-aller-copa-del-rey-le-barca-eteint-la-casa-blanca-0-1\/#primaryimage\"},\"datePublished\":\"2023-03-02T23:11:11+00:00\",\"dateModified\":\"2023-03-02T23:11:11+00:00\",\"author\":{\"@id\":\"https:\/\/www.nettali.com\/#\/schema\/person\/bb147657c2986240405a608162b9bb23\"},\"breadcrumb\":{\"@id\":\"https:\/\/www.nettali.com\/2023\/03\/02\/1-2-aller-copa-del-rey-le-barca-eteint-la-casa-blanca-0-1\/#breadcrumb\"},\"inLanguage\":\"fr-FR\",\"potentialAction\":[{\"@type\":\"ReadAction\",\"target\":[\"https:\/\/www.nettali.com\/2023\/03\/02\/1-2-aller-copa-del-rey-le-barca-eteint-la-casa-blanca-0-1\/\"]}]},{\"@type\":\"BreadcrumbList\",\"@id\":\"https:\/\/www.nettali.com\/2023\/03\/02\/1-2-aller-copa-del-rey-le-barca-eteint-la-casa-blanca-0-1\/#breadcrumb\",\"itemListElement\":[{\"@type\":\"ListItem\",\"position\":1,\"name\":\"Accueil\",\"item\":\"https:\/\/www.nettali.com\/\"},{\"@type\":\"ListItem\",\"position\":2,\"name\":\"1\/2 ALLER COPA DEL REY - Le Bar\\u00e7a \\u00e9teint la Casa Blanca (0-1)\"}]},{\"@type\":\"Person\",\"@id\":\"https:\/\/www.nettali.com\/#\/schema\/person\/bb147657c2986240405a608162b9bb23\",\"name\":\"Ibrahima\",\"image\":{\"@type\":\"ImageObject\",\"@id\":\"https:\/\/www.nettali.com\/#personlogo\",\"inLanguage\":\"fr-FR\",\"url\":\"https:\/\/secure.gravatar.com\/avatar\/26a8a81f09f0dd7624c9d5c36c9ba3a2?s=96&d=mm&r=g\",\"contentUrl\":\"https:\/\/secure.gravatar.com\/avatar\/26a8a81f09f0dd7624c9d5c36c9ba3a2?s=96&d=mm&r=g\",\"caption\":\"Ibrahima\"},\"sameAs\":[\"https:\/\/www.nettali.com\"]}]}<\/script>\n<!-- \/ Yoast SEO Premium plugin. -->","yoast_head_json":{"title":"1\/2 ALLER COPA DEL REY - Le Bar\u00e7a \u00e9teint la Casa Blanca (0-1) | Nettali.com","robots":{"index":"index","follow":"follow","max-snippet":"max-snippet:-1","max-image-preview":"max-image-preview:large","max-video-preview":"max-video-preview:-1"},"canonical":"https:\/\/www.nettali.com\/2023\/03\/02\/1-2-aller-copa-del-rey-le-barca-eteint-la-casa-blanca-0-1\/","og_locale":"fr_FR","og_type":"article","og_title":"1\/2 ALLER COPA DEL REY - Le Bar\u00e7a \u00e9teint la Casa Blanca (0-1)","og_description":"NETTALI.COM - Affaiblis par de nombreuses absences, les Catalans se sont malgr\u00e9 tout impos\u00e9s sur la pelouse du Real Madrid, ce jeudi soir en demi-finale aller de la coupe du Roi (0-1) gr\u00e2ce \u00e0 un but contre son camp d'Eder Militao. Le Bar\u00e7a prend donc une option sur la qualification en finale. Pour la deuxi\u00e8me [&hellip;]","og_url":"https:\/\/www.nettali.com\/2023\/03\/02\/1-2-aller-copa-del-rey-le-barca-eteint-la-casa-blanca-0-1\/","og_site_name":"Nettali.com","article_publisher":"https:\/\/www.facebook.com\/nettalicom","article_published_time":"2023-03-02T23:11:11+00:00","og_image":[{"width":1200,"height":800,"url":"https:\/\/www.nettali.com\/wp-content\/uploads\/2023\/03\/66063439.jpg","type":"image\/jpeg"}],"twitter_card":"summary_large_image","twitter_misc":{"\u00c9crit par":"Ibrahima","Dur\u00e9e de lecture estim\u00e9e":"3 minutes"},"schema":{"@context":"https:\/\/schema.org","@graph":[{"@type":"WebSite","@id":"https:\/\/www.nettali.com\/#website","url":"https:\/\/www.nettali.com\/","name":"Nettali.com","description":"Le rendez-vous critique du Net","potentialAction":[{"@type":"SearchAction","target":{"@type":"EntryPoint","urlTemplate":"https:\/\/www.nettali.com\/?s={search_term_string}"},"query-input":"required name=search_term_string"}],"inLanguage":"fr-FR"},{"@type":"ImageObject","@id":"https:\/\/www.nettali.com\/2023\/03\/02\/1-2-aller-copa-del-rey-le-barca-eteint-la-casa-blanca-0-1\/#primaryimage","inLanguage":"fr-FR","url":"https:\/\/www.nettali.com\/wp-content\/uploads\/2023\/03\/66063439.jpg","contentUrl":"https:\/\/www.nettali.com\/wp-content\/uploads\/2023\/03\/66063439.jpg","width":1200,"height":800},{"@type":"WebPage","@id":"https:\/\/www.nettali.com\/2023\/03\/02\/1-2-aller-copa-del-rey-le-barca-eteint-la-casa-blanca-0-1\/#webpage","url":"https:\/\/www.nettali.com\/2023\/03\/02\/1-2-aller-copa-del-rey-le-barca-eteint-la-casa-blanca-0-1\/","name":"1\/2 ALLER COPA DEL REY - Le Bar\u00e7a \u00e9teint la Casa Blanca (0-1) | Nettali.com","isPartOf":{"@id":"https:\/\/www.nettali.com\/#website"},"primaryImageOfPage":{"@id":"https:\/\/www.nettali.com\/2023\/03\/02\/1-2-aller-copa-del-rey-le-barca-eteint-la-casa-blanca-0-1\/#primaryimage"},"datePublished":"2023-03-02T23:11:11+00:00","dateModified":"2023-03-02T23:11:11+00:00","author":{"@id":"https:\/\/www.nettali.com\/#\/schema\/person\/bb147657c2986240405a608162b9bb23"},"breadcrumb":{"@id":"https:\/\/www.nettali.com\/2023\/03\/02\/1-2-aller-copa-del-rey-le-barca-eteint-la-casa-blanca-0-1\/#breadcrumb"},"inLanguage":"fr-FR","potentialAction":[{"@type":"ReadAction","target":["https:\/\/www.nettali.com\/2023\/03\/02\/1-2-aller-copa-del-rey-le-barca-eteint-la-casa-blanca-0-1\/"]}]},{"@type":"BreadcrumbList","@id":"https:\/\/www.nettali.com\/2023\/03\/02\/1-2-aller-copa-del-rey-le-barca-eteint-la-casa-blanca-0-1\/#breadcrumb","itemListElement":[{"@type":"ListItem","position":1,"name":"Accueil","item":"https:\/\/www.nettali.com\/"},{"@type":"ListItem","position":2,"name":"1\/2 ALLER COPA DEL REY - Le Bar\u00e7a \u00e9teint la Casa Blanca (0-1)"}]},{"@type":"Person","@id":"https:\/\/www.nettali.com\/#\/schema\/person\/bb147657c2986240405a608162b9bb23","name":"Ibrahima","image":{"@type":"ImageObject","@id":"https:\/\/www.nettali.com\/#personlogo","inLanguage":"fr-FR","url":"https:\/\/secure.gravatar.com\/avatar\/26a8a81f09f0dd7624c9d5c36c9ba3a2?s=96&d=mm&r=g","contentUrl":"https:\/\/secure.gravatar.com\/avatar\/26a8a81f09f0dd7624c9d5c36c9ba3a2?s=96&d=mm&r=g","caption":"Ibrahima"},"sameAs":["https:\/\/www.nettali.com"]}]}},"_links":{"self":[{"href":"https:\/\/www.nettali.com\/rest\/wp\/v2\/posts\/105319"}],"collection":[{"href":"https:\/\/www.nettali.com\/rest\/wp\/v2\/posts"}],"about":[{"href":"https:\/\/www.nettali.com\/rest\/wp\/v2\/types\/post"}],"author":[{"embeddable":true,"href":"https:\/\/www.nettali.com\/rest\/wp\/v2\/users\/5"}],"replies":[{"embeddable":true,"href":"https:\/\/www.nettali.com\/rest\/wp\/v2\/comments?post=105319"}],"version-history":[{"count":1,"href":"https:\/\/www.nettali.com\/rest\/wp\/v2\/posts\/105319\/revisions"}],"predecessor-version":[{"id":105321,"href":"https:\/\/www.nettali.com\/rest\/wp\/v2\/posts\/105319\/revisions\/105321"}],"wp:featuredmedia":[{"embeddable":true,"href":"https:\/\/www.nettali.com\/rest\/wp\/v2\/media\/105320"}],"wp:attachment":[{"href":"https:\/\/www.nettali.com\/rest\/wp\/v2\/media?parent=105319"}],"wp:term":[{"taxonomy":"category","embeddable":true,"href":"https:\/\/www.nettali.com\/rest\/wp\/v2\/categories?post=105319"},{"taxonomy":"post_tag","embeddable":true,"href":"https:\/\/www.nettali.com\/rest\/wp\/v2\/tags?post=105319"}],"curies":[{"name":"wp","href":"https:\/\/api.w.org\/{rel}","templated":true}]}}