{"id":105240,"date":"2023-03-01T23:27:37","date_gmt":"2023-03-01T23:27:37","guid":{"rendered":"https:\/\/www.nettali.com\/?p=105240"},"modified":"2023-03-03T09:06:11","modified_gmt":"2023-03-03T09:06:11","slug":"installation-du-nouveau-procureur-general-bakhoum-itineraire-dun-rebelle","status":"publish","type":"post","link":"https:\/\/www.nettali.com\/2023\/03\/01\/installation-du-nouveau-procureur-general-bakhoum-itineraire-dun-rebelle\/","title":{"rendered":"INSTALLATION DU NOUVEAU PROCUREUR G\u00c9N\u00c9RAL - Bakhoum, itin\u00e9raire d'un \"rebelle\""},"content":{"rendered":"<p><strong>NETTALI.COM - Le nouveau Procureur de la Cour d\u2019appel de Dakar, Ibrahima Bakhoum, a pris fonction ce mercredi 1e mars 2023. Il a enfil\u00e9 sa nouvelle toge sous la supervision de l\u2019inspecteur g\u00e9n\u00e9ral de l\u2019administration de la Justice (Igaj), Cheikh Tidiane Lam, qui en a profit\u00e9 pour t\u00e9moigner de la probit\u00e9 morale du nouveau patron du parquet g\u00e9n\u00e9ral.<\/strong><\/p>\n<p>Ibrahima Bakhoum est d\u00e9sormais le Procureur g\u00e9n\u00e9ral de la Cour d\u2019appel de Dakar. Il a \u00e9t\u00e9 install\u00e9 dans ses nouvelles fonctions ce mercredi, sous la supervision de Cheikh Tidiane Lam, Inspecteur g\u00e9n\u00e9ral de l\u2019administration de la Justice (Igaj). Parlant du rempla\u00e7ant d\u2019Ousmane Diagne, le patron de l\u2019Igaj dira que le magistrat Bakhoum a \u00abl\u2019anciennet\u00e9, le grade et l\u2019exp\u00e9rience\u00bb pour g\u00e9rer le poste.<\/p>\n<p>Selon nombre de ses proches, ce qui est s\u00fbr et certain c\u2019est que Ibrahima Bakhoum restera le m\u00eame et sera uniquement au service de la loi, tel que le recommande le statut des magistrats. <em>\u00abQu\u2019il g\u00e8re un dossier qui concerne des tenants du pouvoir ou de l\u2019opposition, il aura strictement le m\u00eame comportement. Il sera au service de la loi quoique cela puisse lui co\u00fbter\u00bb,<\/em> t\u00e9moigne un magistrat qui l\u2019a longuement c\u00f4toy\u00e9.<\/p>\n<p>Ses pr\u00e9rogatives, il les tire de la loi. En effet, suivant les dispositions du Code de proc\u00e9dure p\u00e9nale, le Procureur g\u00e9n\u00e9ral est charge\u0301 de veiller \u00e0\u0300 l'application de la loi p\u00e9nale dans toute l'\u00e9tendue du ressort de la Cour d'appel. \u00a0A cette fin, il lui est adresse\u0301 tous les mois, par chaque Procureur de la R\u00e9publique, un \u00e9tat des affaires de son ressort. \u00a0Le Procureur g\u00e9n\u00e9ral a, dans l'exercice de ses fonctions, le droit de requ\u00e9rir directement la force publique.<\/p>\n<p>Le Procureur g\u00e9n\u00e9ral a autorit\u00e9\u0301 sur tous les repr\u00e9sentants au minist\u00e8re public du ressort de la Cour d'appel. A l'\u00e9gard de ces magistrats, il peut d\u00e9noncer les infractions a\u0300 la loi p\u00e9nale dont il a connaissance, les enjoindre d'engager ou de faire engager les poursuites.<\/p>\n<p>Tous les officiers et agents de la police judiciaire sont plac\u00e9s sous sa surveillance. Il peut les charger de recueillir tous renseignements qu'il estime utiles a\u0300 une bonne administration de la justice.<\/p>\n<p><strong>Un parquetier chevronn\u00e9<\/strong><\/p>\n<p>La carri\u00e8re d\u2019Ibrahima Bakhoum a d\u00e9marr\u00e9 en 1995, \u00e0 sa sortie de l\u2019\u00c9cole nationale d\u2019administration et de magistrature (Enam), scind\u00e9e aujourd\u2019hui en \u00c9cole nationale d\u2019administration (Ena) et Centre de\u00a0 formation judiciaire (Cfj).<\/p>\n<p>Parquetier redoutable et \u00e9loquent, il a fait montre d\u2019une ind\u00e9pendance durant toute sa carri\u00e8re. Il a servi avec la m\u00eame rigueur professionnelle partout o\u00f9 il a \u00e9t\u00e9 amen\u00e9 \u00e0 servir.<\/p>\n<p>Il a pilot\u00e9 de grands dossiers comme l\u2019affaire du d\u00e9tournement de 2 milliards de FCfa par des Inspecteurs du Tr\u00e9sor.<\/p>\n<p>Bakhoum a commenc\u00e9 sa carri\u00e8re au Tribunal du travail de Dakar en 1995.\u00a0 Apr\u00e8s deux mois dans cette juridiction, suite \u00e0 sa demande d\u2019int\u00e9grer le \u00abp\u00f4le\u00bb judiciaire, il est affect\u00e9 \u00e0 Tambacounda comme juge d\u2019instruction. Il marque ce passage avec l\u2019inculpation de personnes proches de Kuko\u00ef Samba Sanya, qui avaient tent\u00e9 de commettre un coup d\u2019\u00c9tat en Gambie. Des inculp\u00e9s qui ont \u00e9t\u00e9 par la suite jug\u00e9s par la Cour d\u2019assises de Kaolack en 2001.<\/p>\n<p>Apr\u00e8s la r\u00e9gion orientale, il est affect\u00e9 \u00e0 Diourbel comme Pr\u00e9sident du Tribunal avec comp\u00e9tence sur Bambey. Son passage par la suite \u00e0 Mbour comme Procureur de la R\u00e9publique lui ouvre les portes de Dakar o\u00f9 il sera promu, sous les ordres de Lassana Diaby, alors procureur de la R\u00e9publique, premier Substitut du Procureur. Dans la capitale,\u00a0 il sera mis sous les projecteurs, car ayant trouv\u00e9 beaucoup d\u2019affaires d\u2019\u00c9tat en maturation, notamment avec les audits des \u00e9tablissements publics d\u00e9clench\u00e9s par le r\u00e9gime de Wade et la traduction devant la justice d\u2019anciens dignitaires du Parti socialiste.<\/p>\n<p>Sa parfaite ma\u00eetrise du Droit, sa rigueur professionnelle reconnue par ses pairs et son ind\u00e9pendance finiront, paradoxalement, par le desservir. Un \u00e9pisode viendra noircir sa brillante carri\u00e8re, si \u00e9loquemment entam\u00e9e.<\/p>\n<p><strong>L\u2019affaire Abdoul Aziz Tall ou la descente aux enfers<\/strong><\/p>\n<p>En 2005, apr\u00e8s 11 mois de d\u00e9tention provisoire,\u00a0 Abdoul Aziz Tall, ancien Directeur g\u00e9n\u00e9ral de la Loterie nationale s\u00e9n\u00e9galaise (Lonase), est traduit devant le tribunal correctionnel de Dakar. L\u2019ancien dignitaire socialiste \u00e9tait poursuivi pour abus de biens sociaux. Ibrahima Bakhoum, alors premier substitut du procureur de la R\u00e9publique de Dakar, prend son courage en main et d\u00e9monte l\u2019accusation. Il expliquera devant le tribunal, pr\u00e9sid\u00e9 \u00e0 l\u2019\u00e9poque par Mahawa S\u00e9mou Diouf, qu\u2019Abdou Aziz Tall ne peut \u00eatre poursuivi pour abus de biens sociaux. A la limite, on aurait d\u00fb l\u2019incriminer pour d\u00e9tournement de deniers publics. Et m\u00eame cette derni\u00e8re infraction n\u2019est pas constitu\u00e9e. Si faute il y a, avait-il soulign\u00e9, ce n\u2019est qu\u2019une faute de gestion passible de la chambre de discipline financi\u00e8re. Il avait, par cons\u00e9quent, requis la relaxe pure et simple. Le tribunal l\u2019avait suivi dans ses r\u00e9quisitions. Ibrahima Bakhoum venait de dire le Droit. Ce que le r\u00e9gime de Wade ne lui a jamais pardonn\u00e9. Il r\u00e9coltera une demande d\u2019explication de sa hi\u00e9rarchie. Une mesure ill\u00e9gale car l\u2019adage dit <em>\u00abla plume est serve et la parole est libre<\/em>\u00bb. Autrement dit, un magistrat du Parquet a toute sa libert\u00e9 de penser quand il prend ses r\u00e9quisitions orales. Pis, son ministre de tutelle de l\u2019\u00e9poque \u00e9tait entr\u00e9 en conflit ouvert avec lui en le faisant affecter \u00e0 la Cour d\u2019appel de Ziguinchor qui n\u2019\u00e9tait pas encore mise en place.<\/p>\n<p>Plus tard, son nom est cit\u00e9 dans la c\u00e9l\u00e8bre affaire de corruption dans la magistrature, et dans une autre histoire d\u2019usure. Malgr\u00e9 le fait que l\u2019Inspection g\u00e9n\u00e9rale de l\u2019administration de la Justice (Igaj), apr\u00e8s une investigation pouss\u00e9e, l\u2019avait compl\u00e8tement blanchi, Ibrahima Bakhoum est, contre toute attente, sanctionn\u00e9 et mis au frigo. Mais, comme il \u00e9tait quitte avec sa conscience, il est rest\u00e9 droit dans ses bottes. A l\u2019\u00e9poque, la loi ne permettait pas \u00e0 un magistrat de former un recours suite \u00e0 une sanction disciplinaire.<\/p>\n<p><strong>Saisine du Cnlcc<\/strong><\/p>\n<p>Toutefois, pour laver son honneur, il avait, via son pool d\u2019avocats coordonn\u00e9 par l\u2019un des conseils actuels d\u2019Ousmane Sonko, Cir\u00e9 Cl\u00e9dor Ly, saisi la Commission de lutte pour la transparence, contre la corruption et la concussion (Cnlcc). Dans la lettre adress\u00e9e \u00e0 cette entit\u00e9 cr\u00e9\u00e9e par Me Abdoulaye Wade et remplac\u00e9 plus tard par l'Office national de lutte contre la fraude et la corruption (Ofnac),\u00a0 il d\u00e9non\u00e7ait les sanctions qui lui ont \u00e9t\u00e9 inflig\u00e9es injustement.<\/p>\n<p><em>\u00abMonsieur le pr\u00e9sident, Messieurs et Mesdames les membres de la commission, vous constaterez que ces sanctions sont prises en l\u2019absence de toute implication du sieur Ibrahima Bakhoum des faits de corruption ou d\u2019usure, ce qui avait \u00e9t\u00e9 d\u2019ailleurs relev\u00e9 par l\u2019Igaj et le rapporteur du Conseil de discipline. Pourtant, une campagne de presse savamment men\u00e9e avait confondu le sieur Bakhoum et les mis en cause dans ces actes graves, ce qui eut pour cons\u00e9quence, de porter gravement atteinte \u00e0 sa dignit\u00e9, \u00e0 son honneur, sa cr\u00e9dibilit\u00e9 et \u00e0 sa consid\u00e9ration. Dans le but de r\u00e9tablir la v\u00e9rit\u00e9, situer les responsabilit\u00e9s et \u00e9clairer l\u2019opinion sur ce scandale, le requ\u00e9rant a jug\u00e9 opportun de vous saisir afin que la transparence et la lumi\u00e8re jaillissent, pour restaurer son honneur et sa dignit\u00e9, surtout que le traitement princier de faveur qui lui avait \u00e9t\u00e9 fait, qui est celui de passer au crible tous ses comptes bancaires depuis 2000, et de lui demander par ailleurs de justifier chaque centime, n\u2019a \u00e9t\u00e9 appliqu\u00e9 \u00e0 aucun magistrat\u00bb<\/em>, \u00e9crivait-il sous la plume de son avocat Me Cir\u00e9 Cl\u00e9dor Ly.<\/p>\n<p>La Commission de lutte pour la transparence, contre la corruption et la concussion, ajoutait-il, dispose d\u2019un pouvoir d\u2019investigation. C\u2019est pourquoi, faisait remarquer Ibrahima Bakhoum, il l\u2019a saisi formellement pour <em>\u00abpermettre d\u2019\u00e9tablir la v\u00e9rit\u00e9 des faits, l\u2019int\u00e9ressement ou la participation du sieur Ibrahima Bakhoum \u00e0 ces cas graves de corruption et d\u2019usure qui resteront grav\u00e9s dans la m\u00e9moire collective des citoyens S\u00e9n\u00e9galais et du monde entier\u00bb.<\/em><\/p>\n<p><em>\u00abLa dignit\u00e9 qui sied aux fonctions de magistrat ne peut souffrir d\u2019aucun doute, car pour le magistrat, le doute est intol\u00e9rable\u00bb<\/em>, concluait Ibrahima Bakhoum.<\/p>\n<p>Apr\u00e8s investigation, la Cnlcc n\u2019avait retenu aucun fait de corruption le concernant et avait recommand\u00e9 \u00e0 la justice de permettre aux magistrats sanctionn\u00e9s d\u2019avoir un droit de recours pour \u00e9viter qu\u2019on ne les l\u00e8se.<\/p>\n<p>Ce n\u2019est que bien plus tard qu\u2019Ibrahima Bakhoum reviendra dans les bonnes gr\u00e2ces de sa hi\u00e9rarchie en rejoignant le minist\u00e8re de la Justice o\u00f9 il va occuper les fonctions de Directeur des affaires criminelles et des gr\u00e2ces et Conseiller technique en charge des affaires p\u00e9nales et de la coop\u00e9ration p\u00e9nale internationale.<\/p>\n<p>En 2013, il regagne le parquet comme Substitut g\u00e9n\u00e9ral au Parquet g\u00e9n\u00e9ral de Dakar avant \u00eatre promu Avocat g\u00e9n\u00e9ral pr\u00e8s la Cour d\u2019Appel de Dakar. Depuis hier, il est officiellement Procureur g\u00e9n\u00e9ral de la Cour d\u2019appel de Dakar.<\/p>\n<p><strong>Le t\u00e9moignage de Cheikh Tidiane Lam, patron de l\u2019Igaj<\/strong><\/p>\n<p>Lors de son installation, Cheikh Tidiane Lam a tenu \u00e0 dire que m\u00eame s\u2019il est assujetti \u00e0 l\u2019obligation de r\u00e9serve, il peut t\u00e9moigner que toutes les informations distill\u00e9es \u00e0 l\u2019encontre d\u2019Ibrahima Bakhoum ne sont pas conformes \u00e0 la v\u00e9rit\u00e9.<\/p>\n<p><em>\u00abJ\u2019\u00e9tais inspecteur \u00e0 l\u2019Igaj au moment des faits reproch\u00e9s \u00e0 Ibrahima Bakhoum. Et je puis t\u00e9moigner que l\u2019Inspection g\u00e9n\u00e9rale de l\u2019administration de la Justice ne l\u2019a jamais \u00e9pingl\u00e9 pour des affaires li\u00e9es \u00e0 la Corruption ou \u00e0 l\u2019usure. Le rapport de l\u2019Igaj n\u2019avait retenu aucune faute disciplinaire le concernant.\u00a0Mieux, au moment o\u00f9 cette affaire \u00e9clatait, Bakhoum n\u2019\u00e9tait plus en fonction au parquet de Dakar\u00bb,<\/em> t\u00e9moigne l\u2019actuel inspecteur g\u00e9n\u00e9ral de l\u2019administration de la Justice.<\/p>\n<p>Sur les soubassements qui avaient conduit \u00e0 la sanction d\u2019Ibrahima Bakhoum malgr\u00e9 son innocence, Lam dit ne pas pouvoir s\u2019\u00e9pancher sur la question. <em>\u00abLes acteurs sont l\u00e0 et ils ont la libert\u00e9 de vous dire les tenants et les aboutissants de cette affaire, mais retenez que rien n\u2019avait \u00e9t\u00e9 trouv\u00e9 qui puisse faire douter de la probit\u00e9 morale de Bakhoum\u00bb,<\/em> dit-il.<\/p>\n<p>Justement, l\u2019un des acteurs est Me Cir\u00e9 Cl\u00e9dor Ly, avocat d\u2019Ousmane Sonko, ancien d\u00e9fenseur du magistrat Ibrahima Bakhoum.<\/p>\n<p>&nbsp;<\/p>\n<p>&nbsp;<\/p>\n<p>&nbsp;<\/p>\n<p>&nbsp;<\/p>\n<p>&nbsp;<\/p>\n<p>&nbsp;<\/p>\n<p>&nbsp;<\/p>\n<div class='share-to-whatsapp-wrapper'><div class='share-on-whsp'>PARTAGER SUR : <\/div><a data-text='INSTALLATION DU NOUVEAU PROCUREUR G\u00c9N\u00c9RAL - Bakhoum, itin\u00e9raire d'un \"rebelle\"' data-link='https:\/\/www.nettali.com\/2023\/03\/01\/installation-du-nouveau-procureur-general-bakhoum-itineraire-dun-rebelle\/' class='whatsapp-button whatsapp-share'>WhatsApp<\/a><div class='clear '><\/div><\/div>","protected":false},"excerpt":{"rendered":"<p>NETTALI.COM - Le nouveau Procureur de la Cour d\u2019appel de Dakar, Ibrahima Bakhoum, a pris fonction ce mercredi 1e mars 2023. Il a enfil\u00e9 sa nouvelle toge sous la supervision de l\u2019inspecteur g\u00e9n\u00e9ral de l\u2019administration de la Justice (Igaj), Cheikh Tidiane Lam, qui en a profit\u00e9 pour t\u00e9moigner de la probit\u00e9 morale du nouveau patron [&hellip;]<\/p>\n","protected":false},"author":4,"featured_media":105241,"comment_status":"open","ping_status":"open","sticky":false,"template":"","format":"standard","meta":{"_et_pb_use_builder":"","_et_pb_old_content":""},"categories":[3],"tags":[],"yoast_head":"<!-- This site is optimized with the Yoast SEO Premium plugin v17.8 (Yoast SEO v17.8) - https:\/\/yoast.com\/wordpress\/plugins\/seo\/ -->\n<title>INSTALLATION DU NOUVEAU PROCUREUR G\u00c9N\u00c9RAL - Bakhoum, itin\u00e9raire d&#039;un &quot;rebelle&quot; | Nettali.com<\/title>\n<meta name=\"robots\" content=\"index, follow, max-snippet:-1, max-image-preview:large, max-video-preview:-1\" \/>\n<link rel=\"canonical\" href=\"https:\/\/www.nettali.com\/2023\/03\/01\/installation-du-nouveau-procureur-general-bakhoum-itineraire-dun-rebelle\/\" \/>\n<meta property=\"og:locale\" content=\"fr_FR\" \/>\n<meta property=\"og:type\" content=\"article\" \/>\n<meta property=\"og:title\" content=\"INSTALLATION DU NOUVEAU PROCUREUR G\u00c9N\u00c9RAL - Bakhoum, itin\u00e9raire d&#039;un &quot;rebelle&quot;\" \/>\n<meta property=\"og:description\" content=\"NETTALI.COM - Le nouveau Procureur de la Cour d\u2019appel de Dakar, Ibrahima Bakhoum, a pris fonction ce mercredi 1e mars 2023. Il a enfil\u00e9 sa nouvelle toge sous la supervision de l\u2019inspecteur g\u00e9n\u00e9ral de l\u2019administration de la Justice (Igaj), Cheikh Tidiane Lam, qui en a profit\u00e9 pour t\u00e9moigner de la probit\u00e9 morale du nouveau patron [&hellip;]\" \/>\n<meta property=\"og:url\" content=\"https:\/\/www.nettali.com\/2023\/03\/01\/installation-du-nouveau-procureur-general-bakhoum-itineraire-dun-rebelle\/\" \/>\n<meta property=\"og:site_name\" content=\"Nettali.com\" \/>\n<meta property=\"article:publisher\" content=\"https:\/\/www.facebook.com\/nettalicom\" \/>\n<meta property=\"article:published_time\" content=\"2023-03-01T23:27:37+00:00\" \/>\n<meta property=\"article:modified_time\" content=\"2023-03-03T09:06:11+00:00\" \/>\n<meta property=\"og:image\" content=\"https:\/\/www.nettali.com\/wp-content\/uploads\/2023\/03\/Procureur-ge\u0301ne\u0301ral-Bakhoum-e1677713248347.jpeg\" \/>\n\t<meta property=\"og:image:width\" content=\"768\" \/>\n\t<meta property=\"og:image:height\" content=\"609\" \/>\n<meta name=\"twitter:card\" content=\"summary_large_image\" \/>\n<meta name=\"twitter:label1\" content=\"\u00c9crit par\" \/>\n\t<meta name=\"twitter:data1\" content=\"Daouda\" \/>\n\t<meta name=\"twitter:label2\" content=\"Dur\u00e9e de lecture estim\u00e9e\" \/>\n\t<meta name=\"twitter:data2\" content=\"9 minutes\" \/>\n<script type=\"application\/ld+json\" class=\"yoast-schema-graph\">{\"@context\":\"https:\/\/schema.org\",\"@graph\":[{\"@type\":\"WebSite\",\"@id\":\"https:\/\/www.nettali.com\/#website\",\"url\":\"https:\/\/www.nettali.com\/\",\"name\":\"Nettali.com\",\"description\":\"Le rendez-vous critique du Net\",\"potentialAction\":[{\"@type\":\"SearchAction\",\"target\":{\"@type\":\"EntryPoint\",\"urlTemplate\":\"https:\/\/www.nettali.com\/?s={search_term_string}\"},\"query-input\":\"required name=search_term_string\"}],\"inLanguage\":\"fr-FR\"},{\"@type\":\"ImageObject\",\"@id\":\"https:\/\/www.nettali.com\/2023\/03\/01\/installation-du-nouveau-procureur-general-bakhoum-itineraire-dun-rebelle\/#primaryimage\",\"inLanguage\":\"fr-FR\",\"url\":\"https:\/\/www.nettali.com\/wp-content\/uploads\/2023\/03\/Procureur-ge\\u0301ne\\u0301ral-Bakhoum-e1677713248347.jpeg\",\"contentUrl\":\"https:\/\/www.nettali.com\/wp-content\/uploads\/2023\/03\/Procureur-ge\\u0301ne\\u0301ral-Bakhoum-e1677713248347.jpeg\",\"width\":768,\"height\":609},{\"@type\":\"WebPage\",\"@id\":\"https:\/\/www.nettali.com\/2023\/03\/01\/installation-du-nouveau-procureur-general-bakhoum-itineraire-dun-rebelle\/#webpage\",\"url\":\"https:\/\/www.nettali.com\/2023\/03\/01\/installation-du-nouveau-procureur-general-bakhoum-itineraire-dun-rebelle\/\",\"name\":\"INSTALLATION DU NOUVEAU PROCUREUR G\\u00c9N\\u00c9RAL - Bakhoum, itin\\u00e9raire d'un \\\"rebelle\\\" | Nettali.com\",\"isPartOf\":{\"@id\":\"https:\/\/www.nettali.com\/#website\"},\"primaryImageOfPage\":{\"@id\":\"https:\/\/www.nettali.com\/2023\/03\/01\/installation-du-nouveau-procureur-general-bakhoum-itineraire-dun-rebelle\/#primaryimage\"},\"datePublished\":\"2023-03-01T23:27:37+00:00\",\"dateModified\":\"2023-03-03T09:06:11+00:00\",\"author\":{\"@id\":\"https:\/\/www.nettali.com\/#\/schema\/person\/3317e0bb3aa1da309fbf7b2780901bf4\"},\"breadcrumb\":{\"@id\":\"https:\/\/www.nettali.com\/2023\/03\/01\/installation-du-nouveau-procureur-general-bakhoum-itineraire-dun-rebelle\/#breadcrumb\"},\"inLanguage\":\"fr-FR\",\"potentialAction\":[{\"@type\":\"ReadAction\",\"target\":[\"https:\/\/www.nettali.com\/2023\/03\/01\/installation-du-nouveau-procureur-general-bakhoum-itineraire-dun-rebelle\/\"]}]},{\"@type\":\"BreadcrumbList\",\"@id\":\"https:\/\/www.nettali.com\/2023\/03\/01\/installation-du-nouveau-procureur-general-bakhoum-itineraire-dun-rebelle\/#breadcrumb\",\"itemListElement\":[{\"@type\":\"ListItem\",\"position\":1,\"name\":\"Accueil\",\"item\":\"https:\/\/www.nettali.com\/\"},{\"@type\":\"ListItem\",\"position\":2,\"name\":\"INSTALLATION DU NOUVEAU PROCUREUR G\\u00c9N\\u00c9RAL - Bakhoum, itin\\u00e9raire d'un \\\"rebelle\\\"\"}]},{\"@type\":\"Person\",\"@id\":\"https:\/\/www.nettali.com\/#\/schema\/person\/3317e0bb3aa1da309fbf7b2780901bf4\",\"name\":\"Daouda\",\"image\":{\"@type\":\"ImageObject\",\"@id\":\"https:\/\/www.nettali.com\/#personlogo\",\"inLanguage\":\"fr-FR\",\"url\":\"https:\/\/secure.gravatar.com\/avatar\/8d143b5a49345098ddcfee1c49c2f47c?s=96&d=mm&r=g\",\"contentUrl\":\"https:\/\/secure.gravatar.com\/avatar\/8d143b5a49345098ddcfee1c49c2f47c?s=96&d=mm&r=g\",\"caption\":\"Daouda\"},\"sameAs\":[\"https:\/\/www.nettali.com\"]}]}<\/script>\n<!-- \/ Yoast SEO Premium plugin. -->","yoast_head_json":{"title":"INSTALLATION DU NOUVEAU PROCUREUR G\u00c9N\u00c9RAL - Bakhoum, itin\u00e9raire d'un \"rebelle\" | Nettali.com","robots":{"index":"index","follow":"follow","max-snippet":"max-snippet:-1","max-image-preview":"max-image-preview:large","max-video-preview":"max-video-preview:-1"},"canonical":"https:\/\/www.nettali.com\/2023\/03\/01\/installation-du-nouveau-procureur-general-bakhoum-itineraire-dun-rebelle\/","og_locale":"fr_FR","og_type":"article","og_title":"INSTALLATION DU NOUVEAU PROCUREUR G\u00c9N\u00c9RAL - Bakhoum, itin\u00e9raire d'un \"rebelle\"","og_description":"NETTALI.COM - Le nouveau Procureur de la Cour d\u2019appel de Dakar, Ibrahima Bakhoum, a pris fonction ce mercredi 1e mars 2023. Il a enfil\u00e9 sa nouvelle toge sous la supervision de l\u2019inspecteur g\u00e9n\u00e9ral de l\u2019administration de la Justice (Igaj), Cheikh Tidiane Lam, qui en a profit\u00e9 pour t\u00e9moigner de la probit\u00e9 morale du nouveau patron [&hellip;]","og_url":"https:\/\/www.nettali.com\/2023\/03\/01\/installation-du-nouveau-procureur-general-bakhoum-itineraire-dun-rebelle\/","og_site_name":"Nettali.com","article_publisher":"https:\/\/www.facebook.com\/nettalicom","article_published_time":"2023-03-01T23:27:37+00:00","article_modified_time":"2023-03-03T09:06:11+00:00","og_image":[{"width":768,"height":609,"url":"https:\/\/www.nettali.com\/wp-content\/uploads\/2023\/03\/Procureur-ge\u0301ne\u0301ral-Bakhoum-e1677713248347.jpeg","type":"image\/jpeg"}],"twitter_card":"summary_large_image","twitter_misc":{"\u00c9crit par":"Daouda","Dur\u00e9e de lecture estim\u00e9e":"9 minutes"},"schema":{"@context":"https:\/\/schema.org","@graph":[{"@type":"WebSite","@id":"https:\/\/www.nettali.com\/#website","url":"https:\/\/www.nettali.com\/","name":"Nettali.com","description":"Le rendez-vous critique du Net","potentialAction":[{"@type":"SearchAction","target":{"@type":"EntryPoint","urlTemplate":"https:\/\/www.nettali.com\/?s={search_term_string}"},"query-input":"required name=search_term_string"}],"inLanguage":"fr-FR"},{"@type":"ImageObject","@id":"https:\/\/www.nettali.com\/2023\/03\/01\/installation-du-nouveau-procureur-general-bakhoum-itineraire-dun-rebelle\/#primaryimage","inLanguage":"fr-FR","url":"https:\/\/www.nettali.com\/wp-content\/uploads\/2023\/03\/Procureur-ge\u0301ne\u0301ral-Bakhoum-e1677713248347.jpeg","contentUrl":"https:\/\/www.nettali.com\/wp-content\/uploads\/2023\/03\/Procureur-ge\u0301ne\u0301ral-Bakhoum-e1677713248347.jpeg","width":768,"height":609},{"@type":"WebPage","@id":"https:\/\/www.nettali.com\/2023\/03\/01\/installation-du-nouveau-procureur-general-bakhoum-itineraire-dun-rebelle\/#webpage","url":"https:\/\/www.nettali.com\/2023\/03\/01\/installation-du-nouveau-procureur-general-bakhoum-itineraire-dun-rebelle\/","name":"INSTALLATION DU NOUVEAU PROCUREUR G\u00c9N\u00c9RAL - Bakhoum, itin\u00e9raire d'un \"rebelle\" | Nettali.com","isPartOf":{"@id":"https:\/\/www.nettali.com\/#website"},"primaryImageOfPage":{"@id":"https:\/\/www.nettali.com\/2023\/03\/01\/installation-du-nouveau-procureur-general-bakhoum-itineraire-dun-rebelle\/#primaryimage"},"datePublished":"2023-03-01T23:27:37+00:00","dateModified":"2023-03-03T09:06:11+00:00","author":{"@id":"https:\/\/www.nettali.com\/#\/schema\/person\/3317e0bb3aa1da309fbf7b2780901bf4"},"breadcrumb":{"@id":"https:\/\/www.nettali.com\/2023\/03\/01\/installation-du-nouveau-procureur-general-bakhoum-itineraire-dun-rebelle\/#breadcrumb"},"inLanguage":"fr-FR","potentialAction":[{"@type":"ReadAction","target":["https:\/\/www.nettali.com\/2023\/03\/01\/installation-du-nouveau-procureur-general-bakhoum-itineraire-dun-rebelle\/"]}]},{"@type":"BreadcrumbList","@id":"https:\/\/www.nettali.com\/2023\/03\/01\/installation-du-nouveau-procureur-general-bakhoum-itineraire-dun-rebelle\/#breadcrumb","itemListElement":[{"@type":"ListItem","position":1,"name":"Accueil","item":"https:\/\/www.nettali.com\/"},{"@type":"ListItem","position":2,"name":"INSTALLATION DU NOUVEAU PROCUREUR G\u00c9N\u00c9RAL - Bakhoum, itin\u00e9raire d'un \"rebelle\""}]},{"@type":"Person","@id":"https:\/\/www.nettali.com\/#\/schema\/person\/3317e0bb3aa1da309fbf7b2780901bf4","name":"Daouda","image":{"@type":"ImageObject","@id":"https:\/\/www.nettali.com\/#personlogo","inLanguage":"fr-FR","url":"https:\/\/secure.gravatar.com\/avatar\/8d143b5a49345098ddcfee1c49c2f47c?s=96&d=mm&r=g","contentUrl":"https:\/\/secure.gravatar.com\/avatar\/8d143b5a49345098ddcfee1c49c2f47c?s=96&d=mm&r=g","caption":"Daouda"},"sameAs":["https:\/\/www.nettali.com"]}]}},"_links":{"self":[{"href":"https:\/\/www.nettali.com\/rest\/wp\/v2\/posts\/105240"}],"collection":[{"href":"https:\/\/www.nettali.com\/rest\/wp\/v2\/posts"}],"about":[{"href":"https:\/\/www.nettali.com\/rest\/wp\/v2\/types\/post"}],"author":[{"embeddable":true,"href":"https:\/\/www.nettali.com\/rest\/wp\/v2\/users\/4"}],"replies":[{"embeddable":true,"href":"https:\/\/www.nettali.com\/rest\/wp\/v2\/comments?post=105240"}],"version-history":[{"count":4,"href":"https:\/\/www.nettali.com\/rest\/wp\/v2\/posts\/105240\/revisions"}],"predecessor-version":[{"id":105246,"href":"https:\/\/www.nettali.com\/rest\/wp\/v2\/posts\/105240\/revisions\/105246"}],"wp:featuredmedia":[{"embeddable":true,"href":"https:\/\/www.nettali.com\/rest\/wp\/v2\/media\/105241"}],"wp:attachment":[{"href":"https:\/\/www.nettali.com\/rest\/wp\/v2\/media?parent=105240"}],"wp:term":[{"taxonomy":"category","embeddable":true,"href":"https:\/\/www.nettali.com\/rest\/wp\/v2\/categories?post=105240"},{"taxonomy":"post_tag","embeddable":true,"href":"https:\/\/www.nettali.com\/rest\/wp\/v2\/tags?post=105240"}],"curies":[{"name":"wp","href":"https:\/\/api.w.org\/{rel}","templated":true}]}}