{"id":105113,"date":"2023-02-28T08:44:25","date_gmt":"2023-02-28T08:44:25","guid":{"rendered":"https:\/\/www.nettali.com\/?p=105113"},"modified":"2023-02-28T08:44:25","modified_gmt":"2023-02-28T08:44:25","slug":"en-coulisses-macron-sermonne-les-patrons-francais","status":"publish","type":"post","link":"https:\/\/www.nettali.com\/2023\/02\/28\/en-coulisses-macron-sermonne-les-patrons-francais\/","title":{"rendered":"EN COULISSES - Macron sermonne les patrons fran\u00e7ais"},"content":{"rendered":"<p><strong>NETTALI.COM -<\/strong> Toujours pour rester sur le discours de Macron qui d\u00e9clare vouloir changer de paradigme dans la relation entre la France et l'Afrique \u00e0 la veille d'une tourn\u00e9e africaine, notons qu'il n\u2019a pas manqu\u00e9 d\u2019interpeller ses champions sur le continent en ces termes :<\/p>\n<p>\"<em>Notre partenariat \u00e9conomique est certes solide, mais nous avons besoin d\u2019\u00eatre lucides sur notre pr\u00e9sence \u00e9conomique sur le continent africain et la mani\u00e8re dont elle est vue. Nous sommes dans une position qui ne va pas dans la bonne direction. Et pour une bonne partie, c\u2019est de notre faute. Parce que nous avons trop souvent eu une logique de rente dans notre rapport au continent africain. On a souvent consid\u00e9r\u00e9 que m\u00eame quand on faisait mal, m\u00eame quand on \u00e9tait plus cher, m\u00eame quand les solutions de financement \u00e9taient moins bonnes, on allait continuer d\u2019\u00eatre pris<\/em>\u201d.<\/p>\n<p>\"<em>Il y a des gens qui font la comp\u00e9tition avec d\u2019autres armes, que je r\u00e9cuse et on se bat contre\u2026 Nous avons aujourd\u2019hui encore trop de nos entreprises qui ne produisent pas des travaux de meilleure qualit\u00e9, parce que c\u2019est <\/em><em>l\u2019Afrique. \u00c7a ne marchera plus ! Et je vous le dis en toute sinc\u00e9rit\u00e9. Je ne d\u00e9fendrai plus les entreprises qui ne sont pas pr\u00eates \u00e0 se battre. Il faut qu\u2019on ait un r\u00e9veil du monde \u00e9conomique fran\u00e7ais, pour se dire qu\u2019on doit aller se battre. Et quand on a un contrat, il doit \u00eatre d\u00e9livr\u00e9 en temps et en qualit\u00e9\u201d, a-t-il ajout\u00e9, pr\u00f4nant un r\u00e9veil collectif de ses compatriotes, car, constate-t-il \u201cd\u2019autres pays qui \u00e9taient moins pr\u00e9sents que nous (la France) il y a quelques ann\u00e9es et qui ne sont pas mieux arm\u00e9es que nous, sont en train de prendre des positions, simplement parce qu\u2019ils prennent les pays africains au s\u00e9rieux<\/em>\", a ajout\u00e9 le pr\u00e9sident fran\u00e7ais, comme pour montrer que les temps ont chang\u00e9 et que l\u2019Afrique est devenue une terre de comp\u00e9tition.<\/p>\n<p>\"<em>C\u2019est le sens m\u00eame du programme Pass Africa qui va nous permettre de d\u00e9velopper l\u2019entrepreneuriat, d\u2019aider les nouveaux acteurs et de tirer profit, dans un sens tr\u00e8s pragmatique, du fait que la France est aussi forte de sa diaspora qu\u2019elle a aussi un r\u00e9seau d\u2019entrepreneurs qui ont un pied sur le continent\u2026 Nous r\u00e9ussirons ce nouveau partenariat si nous assumons la place d\u2019africanit\u00e9 de la France, le r\u00f4le et la place de nos diasporas, et si nous assumons que la France n\u2019a plus de pr\u00e9 carr\u00e9 en Afrique. Elle a des devoirs, des int\u00e9r\u00eats, des amiti\u00e9s qu\u2019elle veut b\u00e2tir, poursuivre, renforcer pour mener des politiques solides dans chaque <\/em><em>domaine<\/em>\u201d, a soutenu le pr\u00e9sident fran\u00e7ais qui a ajout\u00e9 n\u2019avoir \"<em>aucune nostalgie<\/em>\" de la Fran\u00e7afrique, m\u00eame s\u2019il ne veut pas laisser une absence ou un vide derri\u00e8re elle.<\/p>\n<p>A noter qu'Emmanuel Macron a \u00e9galement annonc\u00e9 pour juin un sommet sur les relations entre le Nord et le Sud.<\/p>\n<div class='share-to-whatsapp-wrapper'><div class='share-on-whsp'>PARTAGER SUR : <\/div><a data-text='EN COULISSES - Macron sermonne les patrons fran\u00e7ais' data-link='https:\/\/www.nettali.com\/2023\/02\/28\/en-coulisses-macron-sermonne-les-patrons-francais\/' class='whatsapp-button whatsapp-share'>WhatsApp<\/a><div class='clear '><\/div><\/div>","protected":false},"excerpt":{"rendered":"<p>NETTALI.COM - Toujours pour rester sur le discours de Macron qui d\u00e9clare vouloir changer de paradigme dans la relation entre la France et l'Afrique \u00e0 la veille d'une tourn\u00e9e africaine, notons qu'il n\u2019a pas manqu\u00e9 d\u2019interpeller ses champions sur le continent en ces termes : \"Notre partenariat \u00e9conomique est certes solide, mais nous avons besoin [&hellip;]<\/p>\n","protected":false},"author":2,"featured_media":105115,"comment_status":"open","ping_status":"open","sticky":false,"template":"","format":"standard","meta":{"_et_pb_use_builder":"","_et_pb_old_content":""},"categories":[34945],"tags":[],"yoast_head":"<!-- This site is optimized with the Yoast SEO Premium plugin v17.8 (Yoast SEO v17.8) - https:\/\/yoast.com\/wordpress\/plugins\/seo\/ -->\n<title>EN COULISSES - Macron sermonne les patrons fran\u00e7ais | Nettali.com<\/title>\n<meta name=\"robots\" content=\"index, follow, max-snippet:-1, max-image-preview:large, max-video-preview:-1\" \/>\n<link rel=\"canonical\" href=\"https:\/\/www.nettali.com\/2023\/02\/28\/en-coulisses-macron-sermonne-les-patrons-francais\/\" \/>\n<meta property=\"og:locale\" content=\"fr_FR\" \/>\n<meta property=\"og:type\" content=\"article\" \/>\n<meta property=\"og:title\" content=\"EN COULISSES - Macron sermonne les patrons fran\u00e7ais\" \/>\n<meta property=\"og:description\" content=\"NETTALI.COM - Toujours pour rester sur le discours de Macron qui d\u00e9clare vouloir changer de paradigme dans la relation entre la France et l&#039;Afrique \u00e0 la veille d&#039;une tourn\u00e9e africaine, notons qu&#039;il n\u2019a pas manqu\u00e9 d\u2019interpeller ses champions sur le continent en ces termes : &quot;Notre partenariat \u00e9conomique est certes solide, mais nous avons besoin [&hellip;]\" \/>\n<meta property=\"og:url\" content=\"https:\/\/www.nettali.com\/2023\/02\/28\/en-coulisses-macron-sermonne-les-patrons-francais\/\" \/>\n<meta property=\"og:site_name\" content=\"Nettali.com\" \/>\n<meta property=\"article:publisher\" content=\"https:\/\/www.facebook.com\/nettalicom\" \/>\n<meta property=\"article:published_time\" content=\"2023-02-28T08:44:25+00:00\" \/>\n<meta property=\"og:image\" content=\"https:\/\/www.nettali.com\/wp-content\/uploads\/2023\/02\/EMMANUEL_MACRON_FRANCE_PResident.jpg\" \/>\n\t<meta property=\"og:image:width\" content=\"770\" \/>\n\t<meta property=\"og:image:height\" content=\"513\" \/>\n<meta name=\"twitter:card\" content=\"summary_large_image\" \/>\n<meta name=\"twitter:label1\" content=\"\u00c9crit par\" \/>\n\t<meta name=\"twitter:data1\" content=\"CK\" \/>\n\t<meta name=\"twitter:label2\" content=\"Dur\u00e9e de lecture estim\u00e9e\" \/>\n\t<meta name=\"twitter:data2\" content=\"3 minutes\" \/>\n<script type=\"application\/ld+json\" class=\"yoast-schema-graph\">{\"@context\":\"https:\/\/schema.org\",\"@graph\":[{\"@type\":\"WebSite\",\"@id\":\"https:\/\/www.nettali.com\/#website\",\"url\":\"https:\/\/www.nettali.com\/\",\"name\":\"Nettali.com\",\"description\":\"Le rendez-vous critique du Net\",\"potentialAction\":[{\"@type\":\"SearchAction\",\"target\":{\"@type\":\"EntryPoint\",\"urlTemplate\":\"https:\/\/www.nettali.com\/?s={search_term_string}\"},\"query-input\":\"required name=search_term_string\"}],\"inLanguage\":\"fr-FR\"},{\"@type\":\"ImageObject\",\"@id\":\"https:\/\/www.nettali.com\/2023\/02\/28\/en-coulisses-macron-sermonne-les-patrons-francais\/#primaryimage\",\"inLanguage\":\"fr-FR\",\"url\":\"https:\/\/www.nettali.com\/wp-content\/uploads\/2023\/02\/EMMANUEL_MACRON_FRANCE_PResident.jpg\",\"contentUrl\":\"https:\/\/www.nettali.com\/wp-content\/uploads\/2023\/02\/EMMANUEL_MACRON_FRANCE_PResident.jpg\",\"width\":770,\"height\":513},{\"@type\":\"WebPage\",\"@id\":\"https:\/\/www.nettali.com\/2023\/02\/28\/en-coulisses-macron-sermonne-les-patrons-francais\/#webpage\",\"url\":\"https:\/\/www.nettali.com\/2023\/02\/28\/en-coulisses-macron-sermonne-les-patrons-francais\/\",\"name\":\"EN COULISSES - Macron sermonne les patrons fran\\u00e7ais | Nettali.com\",\"isPartOf\":{\"@id\":\"https:\/\/www.nettali.com\/#website\"},\"primaryImageOfPage\":{\"@id\":\"https:\/\/www.nettali.com\/2023\/02\/28\/en-coulisses-macron-sermonne-les-patrons-francais\/#primaryimage\"},\"datePublished\":\"2023-02-28T08:44:25+00:00\",\"dateModified\":\"2023-02-28T08:44:25+00:00\",\"author\":{\"@id\":\"https:\/\/www.nettali.com\/#\/schema\/person\/d8ac7b7e27ddad43f1c0d2ef090d7f71\"},\"breadcrumb\":{\"@id\":\"https:\/\/www.nettali.com\/2023\/02\/28\/en-coulisses-macron-sermonne-les-patrons-francais\/#breadcrumb\"},\"inLanguage\":\"fr-FR\",\"potentialAction\":[{\"@type\":\"ReadAction\",\"target\":[\"https:\/\/www.nettali.com\/2023\/02\/28\/en-coulisses-macron-sermonne-les-patrons-francais\/\"]}]},{\"@type\":\"BreadcrumbList\",\"@id\":\"https:\/\/www.nettali.com\/2023\/02\/28\/en-coulisses-macron-sermonne-les-patrons-francais\/#breadcrumb\",\"itemListElement\":[{\"@type\":\"ListItem\",\"position\":1,\"name\":\"Accueil\",\"item\":\"https:\/\/www.nettali.com\/\"},{\"@type\":\"ListItem\",\"position\":2,\"name\":\"EN COULISSES - Macron sermonne les patrons fran\\u00e7ais\"}]},{\"@type\":\"Person\",\"@id\":\"https:\/\/www.nettali.com\/#\/schema\/person\/d8ac7b7e27ddad43f1c0d2ef090d7f71\",\"name\":\"CK\",\"image\":{\"@type\":\"ImageObject\",\"@id\":\"https:\/\/www.nettali.com\/#personlogo\",\"inLanguage\":\"fr-FR\",\"url\":\"https:\/\/secure.gravatar.com\/avatar\/1d8d5118b9327d94da7cd4ce7f17fec2?s=96&d=mm&r=g\",\"contentUrl\":\"https:\/\/secure.gravatar.com\/avatar\/1d8d5118b9327d94da7cd4ce7f17fec2?s=96&d=mm&r=g\",\"caption\":\"CK\"},\"sameAs\":[\"https:\/\/www.nettali.com\"]}]}<\/script>\n<!-- \/ Yoast SEO Premium plugin. -->","yoast_head_json":{"title":"EN COULISSES - Macron sermonne les patrons fran\u00e7ais | Nettali.com","robots":{"index":"index","follow":"follow","max-snippet":"max-snippet:-1","max-image-preview":"max-image-preview:large","max-video-preview":"max-video-preview:-1"},"canonical":"https:\/\/www.nettali.com\/2023\/02\/28\/en-coulisses-macron-sermonne-les-patrons-francais\/","og_locale":"fr_FR","og_type":"article","og_title":"EN COULISSES - Macron sermonne les patrons fran\u00e7ais","og_description":"NETTALI.COM - Toujours pour rester sur le discours de Macron qui d\u00e9clare vouloir changer de paradigme dans la relation entre la France et l'Afrique \u00e0 la veille d'une tourn\u00e9e africaine, notons qu'il n\u2019a pas manqu\u00e9 d\u2019interpeller ses champions sur le continent en ces termes : \"Notre partenariat \u00e9conomique est certes solide, mais nous avons besoin [&hellip;]","og_url":"https:\/\/www.nettali.com\/2023\/02\/28\/en-coulisses-macron-sermonne-les-patrons-francais\/","og_site_name":"Nettali.com","article_publisher":"https:\/\/www.facebook.com\/nettalicom","article_published_time":"2023-02-28T08:44:25+00:00","og_image":[{"width":770,"height":513,"url":"https:\/\/www.nettali.com\/wp-content\/uploads\/2023\/02\/EMMANUEL_MACRON_FRANCE_PResident.jpg","type":"image\/jpeg"}],"twitter_card":"summary_large_image","twitter_misc":{"\u00c9crit par":"CK","Dur\u00e9e de lecture estim\u00e9e":"3 minutes"},"schema":{"@context":"https:\/\/schema.org","@graph":[{"@type":"WebSite","@id":"https:\/\/www.nettali.com\/#website","url":"https:\/\/www.nettali.com\/","name":"Nettali.com","description":"Le rendez-vous critique du Net","potentialAction":[{"@type":"SearchAction","target":{"@type":"EntryPoint","urlTemplate":"https:\/\/www.nettali.com\/?s={search_term_string}"},"query-input":"required name=search_term_string"}],"inLanguage":"fr-FR"},{"@type":"ImageObject","@id":"https:\/\/www.nettali.com\/2023\/02\/28\/en-coulisses-macron-sermonne-les-patrons-francais\/#primaryimage","inLanguage":"fr-FR","url":"https:\/\/www.nettali.com\/wp-content\/uploads\/2023\/02\/EMMANUEL_MACRON_FRANCE_PResident.jpg","contentUrl":"https:\/\/www.nettali.com\/wp-content\/uploads\/2023\/02\/EMMANUEL_MACRON_FRANCE_PResident.jpg","width":770,"height":513},{"@type":"WebPage","@id":"https:\/\/www.nettali.com\/2023\/02\/28\/en-coulisses-macron-sermonne-les-patrons-francais\/#webpage","url":"https:\/\/www.nettali.com\/2023\/02\/28\/en-coulisses-macron-sermonne-les-patrons-francais\/","name":"EN COULISSES - Macron sermonne les patrons fran\u00e7ais | Nettali.com","isPartOf":{"@id":"https:\/\/www.nettali.com\/#website"},"primaryImageOfPage":{"@id":"https:\/\/www.nettali.com\/2023\/02\/28\/en-coulisses-macron-sermonne-les-patrons-francais\/#primaryimage"},"datePublished":"2023-02-28T08:44:25+00:00","dateModified":"2023-02-28T08:44:25+00:00","author":{"@id":"https:\/\/www.nettali.com\/#\/schema\/person\/d8ac7b7e27ddad43f1c0d2ef090d7f71"},"breadcrumb":{"@id":"https:\/\/www.nettali.com\/2023\/02\/28\/en-coulisses-macron-sermonne-les-patrons-francais\/#breadcrumb"},"inLanguage":"fr-FR","potentialAction":[{"@type":"ReadAction","target":["https:\/\/www.nettali.com\/2023\/02\/28\/en-coulisses-macron-sermonne-les-patrons-francais\/"]}]},{"@type":"BreadcrumbList","@id":"https:\/\/www.nettali.com\/2023\/02\/28\/en-coulisses-macron-sermonne-les-patrons-francais\/#breadcrumb","itemListElement":[{"@type":"ListItem","position":1,"name":"Accueil","item":"https:\/\/www.nettali.com\/"},{"@type":"ListItem","position":2,"name":"EN COULISSES - Macron sermonne les patrons fran\u00e7ais"}]},{"@type":"Person","@id":"https:\/\/www.nettali.com\/#\/schema\/person\/d8ac7b7e27ddad43f1c0d2ef090d7f71","name":"CK","image":{"@type":"ImageObject","@id":"https:\/\/www.nettali.com\/#personlogo","inLanguage":"fr-FR","url":"https:\/\/secure.gravatar.com\/avatar\/1d8d5118b9327d94da7cd4ce7f17fec2?s=96&d=mm&r=g","contentUrl":"https:\/\/secure.gravatar.com\/avatar\/1d8d5118b9327d94da7cd4ce7f17fec2?s=96&d=mm&r=g","caption":"CK"},"sameAs":["https:\/\/www.nettali.com"]}]}},"_links":{"self":[{"href":"https:\/\/www.nettali.com\/rest\/wp\/v2\/posts\/105113"}],"collection":[{"href":"https:\/\/www.nettali.com\/rest\/wp\/v2\/posts"}],"about":[{"href":"https:\/\/www.nettali.com\/rest\/wp\/v2\/types\/post"}],"author":[{"embeddable":true,"href":"https:\/\/www.nettali.com\/rest\/wp\/v2\/users\/2"}],"replies":[{"embeddable":true,"href":"https:\/\/www.nettali.com\/rest\/wp\/v2\/comments?post=105113"}],"version-history":[{"count":1,"href":"https:\/\/www.nettali.com\/rest\/wp\/v2\/posts\/105113\/revisions"}],"predecessor-version":[{"id":105114,"href":"https:\/\/www.nettali.com\/rest\/wp\/v2\/posts\/105113\/revisions\/105114"}],"wp:featuredmedia":[{"embeddable":true,"href":"https:\/\/www.nettali.com\/rest\/wp\/v2\/media\/105115"}],"wp:attachment":[{"href":"https:\/\/www.nettali.com\/rest\/wp\/v2\/media?parent=105113"}],"wp:term":[{"taxonomy":"category","embeddable":true,"href":"https:\/\/www.nettali.com\/rest\/wp\/v2\/categories?post=105113"},{"taxonomy":"post_tag","embeddable":true,"href":"https:\/\/www.nettali.com\/rest\/wp\/v2\/tags?post=105113"}],"curies":[{"name":"wp","href":"https:\/\/api.w.org\/{rel}","templated":true}]}}