{"id":105020,"date":"2023-02-26T19:45:02","date_gmt":"2023-02-26T19:45:02","guid":{"rendered":"https:\/\/www.nettali.com\/?p=105020"},"modified":"2023-02-26T19:45:02","modified_gmt":"2023-02-26T19:45:02","slug":"bayern-munich-sadio-mane-is-back-2","status":"publish","type":"post","link":"https:\/\/www.nettali.com\/2023\/02\/26\/bayern-munich-sadio-mane-is-back-2\/","title":{"rendered":"BAYERN MUNICH - Sadio Man\u00e9 is back!"},"content":{"rendered":"<p><strong>NETTALI.COM - Bless\u00e9 au p\u00e9ron\u00e9 droit mi-novembre 2022 en championnat contre le Werder Br\u00eame, puis op\u00e9r\u00e9 quelques jours plus tard, Sadio Man\u00e9 a retrouv\u00e9 ce dimanche 26 f\u00e9vrier la comp\u00e9tition depuis pr\u00e8s de trois mois. Le double Ballon d'or africain a fait son entr\u00e9e \u00e0 la 65\u00e8me lors de la large victoire du Bayern M\u00fcnchen \u00e0 domicile devant l'Union Berlin (3-0).<\/strong><\/p>\n<p>Contraint de d\u00e9clarer forfait pour la Coupe du Monde avec les Lions suite \u00e0 une vilaine blessure au genou, l\u2019ancien joueur de Liverpool a suivi un protocole de r\u00e9cup\u00e9ration pendant pratiquement quatre mois.<\/p>\n<p>Mais ce week-end, le Champion d\u2019Afrique de 30 ans a pratiqu\u00e9 \u00e0 nouveau sa passion en faisant son grand retour \u00e0 la comp\u00e9tition lors de la r\u00e9ception de l\u2019Union Berlin \u00e0 l\u2019occasion de la 22e journ\u00e9e de Bundesliga.<\/p>\n<p>Avec un large sourire, l'enfant de Bambali est entr\u00e9 en jeu \u00e0 la 65e en lieu et place de Kingsley Coman, alors que les Bavarois menaient au score sur la marque de 3 \u00e0 0 gr\u00e2ce \u00e0 des r\u00e9alisations de Choupo-Moting (31e), Coman (40e) et Musiala (45e+1).<\/p>\n<p>Malgr\u00e9 sa longue absence, Sadio Man\u00e9 s'est tr\u00e8s vite mis en jambes. Super Man\u00e9 \u00e9tait m\u00eame proche de compter une passe d\u00e9cisive de plus. Tr\u00e8s remuant, il a d'abord distiller un caviar pour Thomas M\u00fcller (71e), puis pour Leon Goreztka (76e) et puis Alphonso Davies apr\u00e8s un bon relais avec Leroy San\u00e9 (82e). Malheureusement, ils ont manqu\u00e9 d'efficacit\u00e9 et au final, le score est rest\u00e9 \u00e0 3-0. Au classement, le Bayern Munich reprend la premi\u00e8re place, \u00e0 \u00e9galit\u00e9 de points avec Dortmund. L'Union Berlin est 3e \u00e0 trois points.<\/p>\n<div class='share-to-whatsapp-wrapper'><div class='share-on-whsp'>PARTAGER SUR : <\/div><a data-text='BAYERN MUNICH - Sadio Man\u00e9 is back!' data-link='https:\/\/www.nettali.com\/2023\/02\/26\/bayern-munich-sadio-mane-is-back-2\/' class='whatsapp-button whatsapp-share'>WhatsApp<\/a><div class='clear '><\/div><\/div>","protected":false},"excerpt":{"rendered":"<p>NETTALI.COM - Bless\u00e9 au p\u00e9ron\u00e9 droit mi-novembre 2022 en championnat contre le Werder Br\u00eame, puis op\u00e9r\u00e9 quelques jours plus tard, Sadio Man\u00e9 a retrouv\u00e9 ce dimanche 26 f\u00e9vrier la comp\u00e9tition depuis pr\u00e8s de trois mois. Le double Ballon d'or africain a fait son entr\u00e9e \u00e0 la 65\u00e8me lors de la large victoire du Bayern M\u00fcnchen [&hellip;]<\/p>\n","protected":false},"author":5,"featured_media":105021,"comment_status":"open","ping_status":"open","sticky":false,"template":"","format":"standard","meta":{"_et_pb_use_builder":"","_et_pb_old_content":""},"categories":[6],"tags":[],"yoast_head":"<!-- This site is optimized with the Yoast SEO Premium plugin v17.8 (Yoast SEO v17.8) - https:\/\/yoast.com\/wordpress\/plugins\/seo\/ -->\n<title>BAYERN MUNICH - Sadio Man\u00e9 is back! | Nettali.com<\/title>\n<meta name=\"robots\" content=\"index, follow, max-snippet:-1, max-image-preview:large, max-video-preview:-1\" \/>\n<link rel=\"canonical\" href=\"https:\/\/www.nettali.com\/2023\/02\/26\/bayern-munich-sadio-mane-is-back-2\/\" \/>\n<meta property=\"og:locale\" content=\"fr_FR\" \/>\n<meta property=\"og:type\" content=\"article\" \/>\n<meta property=\"og:title\" content=\"BAYERN MUNICH - Sadio Man\u00e9 is back!\" \/>\n<meta property=\"og:description\" content=\"NETTALI.COM - Bless\u00e9 au p\u00e9ron\u00e9 droit mi-novembre 2022 en championnat contre le Werder Br\u00eame, puis op\u00e9r\u00e9 quelques jours plus tard, Sadio Man\u00e9 a retrouv\u00e9 ce dimanche 26 f\u00e9vrier la comp\u00e9tition depuis pr\u00e8s de trois mois. Le double Ballon d&#039;or africain a fait son entr\u00e9e \u00e0 la 65\u00e8me lors de la large victoire du Bayern M\u00fcnchen [&hellip;]\" \/>\n<meta property=\"og:url\" content=\"https:\/\/www.nettali.com\/2023\/02\/26\/bayern-munich-sadio-mane-is-back-2\/\" \/>\n<meta property=\"og:site_name\" content=\"Nettali.com\" \/>\n<meta property=\"article:publisher\" content=\"https:\/\/www.facebook.com\/nettalicom\" \/>\n<meta property=\"article:published_time\" content=\"2023-02-26T19:45:02+00:00\" \/>\n<meta property=\"og:image\" content=\"https:\/\/www.nettali.com\/wp-content\/uploads\/2023\/02\/Screenshot_20230226-184355_1.jpg\" \/>\n\t<meta property=\"og:image:width\" content=\"1080\" \/>\n\t<meta property=\"og:image:height\" content=\"732\" \/>\n<meta name=\"twitter:card\" content=\"summary_large_image\" \/>\n<meta name=\"twitter:label1\" content=\"\u00c9crit par\" \/>\n\t<meta name=\"twitter:data1\" content=\"Ibrahima\" \/>\n\t<meta name=\"twitter:label2\" content=\"Dur\u00e9e de lecture estim\u00e9e\" \/>\n\t<meta name=\"twitter:data2\" content=\"2 minutes\" \/>\n<script type=\"application\/ld+json\" class=\"yoast-schema-graph\">{\"@context\":\"https:\/\/schema.org\",\"@graph\":[{\"@type\":\"WebSite\",\"@id\":\"https:\/\/www.nettali.com\/#website\",\"url\":\"https:\/\/www.nettali.com\/\",\"name\":\"Nettali.com\",\"description\":\"Le rendez-vous critique du Net\",\"potentialAction\":[{\"@type\":\"SearchAction\",\"target\":{\"@type\":\"EntryPoint\",\"urlTemplate\":\"https:\/\/www.nettali.com\/?s={search_term_string}\"},\"query-input\":\"required name=search_term_string\"}],\"inLanguage\":\"fr-FR\"},{\"@type\":\"ImageObject\",\"@id\":\"https:\/\/www.nettali.com\/2023\/02\/26\/bayern-munich-sadio-mane-is-back-2\/#primaryimage\",\"inLanguage\":\"fr-FR\",\"url\":\"https:\/\/www.nettali.com\/wp-content\/uploads\/2023\/02\/Screenshot_20230226-184355_1.jpg\",\"contentUrl\":\"https:\/\/www.nettali.com\/wp-content\/uploads\/2023\/02\/Screenshot_20230226-184355_1.jpg\",\"width\":1080,\"height\":732},{\"@type\":\"WebPage\",\"@id\":\"https:\/\/www.nettali.com\/2023\/02\/26\/bayern-munich-sadio-mane-is-back-2\/#webpage\",\"url\":\"https:\/\/www.nettali.com\/2023\/02\/26\/bayern-munich-sadio-mane-is-back-2\/\",\"name\":\"BAYERN MUNICH - Sadio Man\\u00e9 is back! | Nettali.com\",\"isPartOf\":{\"@id\":\"https:\/\/www.nettali.com\/#website\"},\"primaryImageOfPage\":{\"@id\":\"https:\/\/www.nettali.com\/2023\/02\/26\/bayern-munich-sadio-mane-is-back-2\/#primaryimage\"},\"datePublished\":\"2023-02-26T19:45:02+00:00\",\"dateModified\":\"2023-02-26T19:45:02+00:00\",\"author\":{\"@id\":\"https:\/\/www.nettali.com\/#\/schema\/person\/bb147657c2986240405a608162b9bb23\"},\"breadcrumb\":{\"@id\":\"https:\/\/www.nettali.com\/2023\/02\/26\/bayern-munich-sadio-mane-is-back-2\/#breadcrumb\"},\"inLanguage\":\"fr-FR\",\"potentialAction\":[{\"@type\":\"ReadAction\",\"target\":[\"https:\/\/www.nettali.com\/2023\/02\/26\/bayern-munich-sadio-mane-is-back-2\/\"]}]},{\"@type\":\"BreadcrumbList\",\"@id\":\"https:\/\/www.nettali.com\/2023\/02\/26\/bayern-munich-sadio-mane-is-back-2\/#breadcrumb\",\"itemListElement\":[{\"@type\":\"ListItem\",\"position\":1,\"name\":\"Accueil\",\"item\":\"https:\/\/www.nettali.com\/\"},{\"@type\":\"ListItem\",\"position\":2,\"name\":\"BAYERN MUNICH - Sadio Man\\u00e9 is back!\"}]},{\"@type\":\"Person\",\"@id\":\"https:\/\/www.nettali.com\/#\/schema\/person\/bb147657c2986240405a608162b9bb23\",\"name\":\"Ibrahima\",\"image\":{\"@type\":\"ImageObject\",\"@id\":\"https:\/\/www.nettali.com\/#personlogo\",\"inLanguage\":\"fr-FR\",\"url\":\"https:\/\/secure.gravatar.com\/avatar\/26a8a81f09f0dd7624c9d5c36c9ba3a2?s=96&d=mm&r=g\",\"contentUrl\":\"https:\/\/secure.gravatar.com\/avatar\/26a8a81f09f0dd7624c9d5c36c9ba3a2?s=96&d=mm&r=g\",\"caption\":\"Ibrahima\"},\"sameAs\":[\"https:\/\/www.nettali.com\"]}]}<\/script>\n<!-- \/ Yoast SEO Premium plugin. -->","yoast_head_json":{"title":"BAYERN MUNICH - Sadio Man\u00e9 is back! | Nettali.com","robots":{"index":"index","follow":"follow","max-snippet":"max-snippet:-1","max-image-preview":"max-image-preview:large","max-video-preview":"max-video-preview:-1"},"canonical":"https:\/\/www.nettali.com\/2023\/02\/26\/bayern-munich-sadio-mane-is-back-2\/","og_locale":"fr_FR","og_type":"article","og_title":"BAYERN MUNICH - Sadio Man\u00e9 is back!","og_description":"NETTALI.COM - Bless\u00e9 au p\u00e9ron\u00e9 droit mi-novembre 2022 en championnat contre le Werder Br\u00eame, puis op\u00e9r\u00e9 quelques jours plus tard, Sadio Man\u00e9 a retrouv\u00e9 ce dimanche 26 f\u00e9vrier la comp\u00e9tition depuis pr\u00e8s de trois mois. Le double Ballon d'or africain a fait son entr\u00e9e \u00e0 la 65\u00e8me lors de la large victoire du Bayern M\u00fcnchen [&hellip;]","og_url":"https:\/\/www.nettali.com\/2023\/02\/26\/bayern-munich-sadio-mane-is-back-2\/","og_site_name":"Nettali.com","article_publisher":"https:\/\/www.facebook.com\/nettalicom","article_published_time":"2023-02-26T19:45:02+00:00","og_image":[{"width":1080,"height":732,"url":"https:\/\/www.nettali.com\/wp-content\/uploads\/2023\/02\/Screenshot_20230226-184355_1.jpg","type":"image\/jpeg"}],"twitter_card":"summary_large_image","twitter_misc":{"\u00c9crit par":"Ibrahima","Dur\u00e9e de lecture estim\u00e9e":"2 minutes"},"schema":{"@context":"https:\/\/schema.org","@graph":[{"@type":"WebSite","@id":"https:\/\/www.nettali.com\/#website","url":"https:\/\/www.nettali.com\/","name":"Nettali.com","description":"Le rendez-vous critique du Net","potentialAction":[{"@type":"SearchAction","target":{"@type":"EntryPoint","urlTemplate":"https:\/\/www.nettali.com\/?s={search_term_string}"},"query-input":"required name=search_term_string"}],"inLanguage":"fr-FR"},{"@type":"ImageObject","@id":"https:\/\/www.nettali.com\/2023\/02\/26\/bayern-munich-sadio-mane-is-back-2\/#primaryimage","inLanguage":"fr-FR","url":"https:\/\/www.nettali.com\/wp-content\/uploads\/2023\/02\/Screenshot_20230226-184355_1.jpg","contentUrl":"https:\/\/www.nettali.com\/wp-content\/uploads\/2023\/02\/Screenshot_20230226-184355_1.jpg","width":1080,"height":732},{"@type":"WebPage","@id":"https:\/\/www.nettali.com\/2023\/02\/26\/bayern-munich-sadio-mane-is-back-2\/#webpage","url":"https:\/\/www.nettali.com\/2023\/02\/26\/bayern-munich-sadio-mane-is-back-2\/","name":"BAYERN MUNICH - Sadio Man\u00e9 is back! | Nettali.com","isPartOf":{"@id":"https:\/\/www.nettali.com\/#website"},"primaryImageOfPage":{"@id":"https:\/\/www.nettali.com\/2023\/02\/26\/bayern-munich-sadio-mane-is-back-2\/#primaryimage"},"datePublished":"2023-02-26T19:45:02+00:00","dateModified":"2023-02-26T19:45:02+00:00","author":{"@id":"https:\/\/www.nettali.com\/#\/schema\/person\/bb147657c2986240405a608162b9bb23"},"breadcrumb":{"@id":"https:\/\/www.nettali.com\/2023\/02\/26\/bayern-munich-sadio-mane-is-back-2\/#breadcrumb"},"inLanguage":"fr-FR","potentialAction":[{"@type":"ReadAction","target":["https:\/\/www.nettali.com\/2023\/02\/26\/bayern-munich-sadio-mane-is-back-2\/"]}]},{"@type":"BreadcrumbList","@id":"https:\/\/www.nettali.com\/2023\/02\/26\/bayern-munich-sadio-mane-is-back-2\/#breadcrumb","itemListElement":[{"@type":"ListItem","position":1,"name":"Accueil","item":"https:\/\/www.nettali.com\/"},{"@type":"ListItem","position":2,"name":"BAYERN MUNICH - Sadio Man\u00e9 is back!"}]},{"@type":"Person","@id":"https:\/\/www.nettali.com\/#\/schema\/person\/bb147657c2986240405a608162b9bb23","name":"Ibrahima","image":{"@type":"ImageObject","@id":"https:\/\/www.nettali.com\/#personlogo","inLanguage":"fr-FR","url":"https:\/\/secure.gravatar.com\/avatar\/26a8a81f09f0dd7624c9d5c36c9ba3a2?s=96&d=mm&r=g","contentUrl":"https:\/\/secure.gravatar.com\/avatar\/26a8a81f09f0dd7624c9d5c36c9ba3a2?s=96&d=mm&r=g","caption":"Ibrahima"},"sameAs":["https:\/\/www.nettali.com"]}]}},"_links":{"self":[{"href":"https:\/\/www.nettali.com\/rest\/wp\/v2\/posts\/105020"}],"collection":[{"href":"https:\/\/www.nettali.com\/rest\/wp\/v2\/posts"}],"about":[{"href":"https:\/\/www.nettali.com\/rest\/wp\/v2\/types\/post"}],"author":[{"embeddable":true,"href":"https:\/\/www.nettali.com\/rest\/wp\/v2\/users\/5"}],"replies":[{"embeddable":true,"href":"https:\/\/www.nettali.com\/rest\/wp\/v2\/comments?post=105020"}],"version-history":[{"count":1,"href":"https:\/\/www.nettali.com\/rest\/wp\/v2\/posts\/105020\/revisions"}],"predecessor-version":[{"id":105022,"href":"https:\/\/www.nettali.com\/rest\/wp\/v2\/posts\/105020\/revisions\/105022"}],"wp:featuredmedia":[{"embeddable":true,"href":"https:\/\/www.nettali.com\/rest\/wp\/v2\/media\/105021"}],"wp:attachment":[{"href":"https:\/\/www.nettali.com\/rest\/wp\/v2\/media?parent=105020"}],"wp:term":[{"taxonomy":"category","embeddable":true,"href":"https:\/\/www.nettali.com\/rest\/wp\/v2\/categories?post=105020"},{"taxonomy":"post_tag","embeddable":true,"href":"https:\/\/www.nettali.com\/rest\/wp\/v2\/tags?post=105020"}],"curies":[{"name":"wp","href":"https:\/\/api.w.org\/{rel}","templated":true}]}}