{"id":104956,"date":"2023-02-25T23:06:12","date_gmt":"2023-02-25T23:06:12","guid":{"rendered":"https:\/\/www.nettali.com\/?p=104956"},"modified":"2023-02-26T15:31:35","modified_gmt":"2023-02-26T15:31:35","slug":"idrissa-seck-la-station-presidentielle-mattend","status":"publish","type":"post","link":"https:\/\/www.nettali.com\/2023\/02\/25\/idrissa-seck-la-station-presidentielle-mattend\/","title":{"rendered":"EN COULISSES -  \"La station pr\u00e9sidentielle m'attend\""},"content":{"rendered":"<p><strong>NETTALI.COM\u00a0 - <\/strong>Idrissa Seck n'a pas abandonn\u00e9 son r\u00eave de devenir pr\u00e9sident de la R\u00e9publique du S\u00e9n\u00e9gal. Le chef du parti Rewmi l'a redit ce samedi 25 f\u00e9vrier au cours d'une rencontre avec les responsables de son parti pour \u00e9voquer \"<em>le calendrier \u00e9lectoral et les t\u00e2ches associ\u00e9es<\/em>\".<\/p>\n<p>R\u00e9pondant \u00e0 ses d\u00e9tracteurs qui lui rappellent sa d\u00e9claration selon laquelle, il allait arr\u00eater sa carri\u00e8re politique \u00e0 l'\u00e2ge de 63 ans, l'ancien maire de Thi\u00e8s a pr\u00e9cis\u00e9 : \"<em>C'est dans le cadre du projet de Wade de maintenir les Lib\u00e9raux au pouvoir pendant 50 ans pour d\u00e9passer le temps que nos concurrents socialistes ont pass\u00e9 au pouvoir, c'est-\u00e0-dire 40 ans que Wade, lui-m\u00eame, a planifi\u00e9 le programme comme suit : 2007-2012 \u00e0 lui, 2012-2022 \u00e0 moi et au-del\u00e0 de 2022, aux jeunes pousses de l\u2019\u00e9poque. Les perturbations qu'il a amen\u00e9es ont d\u00e9rang\u00e9 le programme initial<\/em>.\"<\/p>\n<p>Cette pr\u00e9cision faite, Idrissa Seck poursuit : \"<em>Dans ma mission de produire le maximum de bienfaits pour ma communaut\u00e9 s\u00e9n\u00e9galaise et africaine, je consid\u00e8re encore que la station pr\u00e9sidentielle, si telle \u00e9tait la volont\u00e9 d'Allah et du peuple s\u00e9n\u00e9galais, m'attend<\/em>.\"<\/p>\n<div class='share-to-whatsapp-wrapper'><div class='share-on-whsp'>PARTAGER SUR : <\/div><a data-text='EN COULISSES -  \"La station pr\u00e9sidentielle m'attend\"' data-link='https:\/\/www.nettali.com\/2023\/02\/25\/idrissa-seck-la-station-presidentielle-mattend\/' class='whatsapp-button whatsapp-share'>WhatsApp<\/a><div class='clear '><\/div><\/div>","protected":false},"excerpt":{"rendered":"<p>NETTALI.COM\u00a0 - Idrissa Seck n'a pas abandonn\u00e9 son r\u00eave de devenir pr\u00e9sident de la R\u00e9publique du S\u00e9n\u00e9gal. Le chef du parti Rewmi l'a redit ce samedi 25 f\u00e9vrier au cours d'une rencontre avec les responsables de son parti pour \u00e9voquer \"le calendrier \u00e9lectoral et les t\u00e2ches associ\u00e9es\". R\u00e9pondant \u00e0 ses d\u00e9tracteurs qui lui rappellent sa [&hellip;]<\/p>\n","protected":false},"author":3,"featured_media":103841,"comment_status":"open","ping_status":"open","sticky":false,"template":"","format":"standard","meta":{"_et_pb_use_builder":"","_et_pb_old_content":""},"categories":[34945],"tags":[],"yoast_head":"<!-- This site is optimized with the Yoast SEO Premium plugin v17.8 (Yoast SEO v17.8) - https:\/\/yoast.com\/wordpress\/plugins\/seo\/ -->\n<title>EN COULISSES - &quot;La station pr\u00e9sidentielle m&#039;attend&quot; | Nettali.com<\/title>\n<meta name=\"robots\" content=\"index, follow, max-snippet:-1, max-image-preview:large, max-video-preview:-1\" \/>\n<link rel=\"canonical\" href=\"https:\/\/www.nettali.com\/2023\/02\/25\/idrissa-seck-la-station-presidentielle-mattend\/\" \/>\n<meta property=\"og:locale\" content=\"fr_FR\" \/>\n<meta property=\"og:type\" content=\"article\" \/>\n<meta property=\"og:title\" content=\"EN COULISSES - &quot;La station pr\u00e9sidentielle m&#039;attend&quot;\" \/>\n<meta property=\"og:description\" content=\"NETTALI.COM\u00a0 - Idrissa Seck n&#039;a pas abandonn\u00e9 son r\u00eave de devenir pr\u00e9sident de la R\u00e9publique du S\u00e9n\u00e9gal. Le chef du parti Rewmi l&#039;a redit ce samedi 25 f\u00e9vrier au cours d&#039;une rencontre avec les responsables de son parti pour \u00e9voquer &quot;le calendrier \u00e9lectoral et les t\u00e2ches associ\u00e9es&quot;. R\u00e9pondant \u00e0 ses d\u00e9tracteurs qui lui rappellent sa [&hellip;]\" \/>\n<meta property=\"og:url\" content=\"https:\/\/www.nettali.com\/2023\/02\/25\/idrissa-seck-la-station-presidentielle-mattend\/\" \/>\n<meta property=\"og:site_name\" content=\"Nettali.com\" \/>\n<meta property=\"article:publisher\" content=\"https:\/\/www.facebook.com\/nettalicom\" \/>\n<meta property=\"article:published_time\" content=\"2023-02-25T23:06:12+00:00\" \/>\n<meta property=\"article:modified_time\" content=\"2023-02-26T15:31:35+00:00\" \/>\n<meta property=\"og:image\" content=\"https:\/\/www.nettali.com\/wp-content\/uploads\/2023\/02\/jad20220221-ass-senegal-idrissa-seck-768x512-1.jpg\" \/>\n\t<meta property=\"og:image:width\" content=\"768\" \/>\n\t<meta property=\"og:image:height\" content=\"512\" \/>\n<meta name=\"twitter:card\" content=\"summary_large_image\" \/>\n<meta name=\"twitter:label1\" content=\"\u00c9crit par\" \/>\n\t<meta name=\"twitter:data1\" content=\"Moustapha\" \/>\n\t<meta name=\"twitter:label2\" content=\"Dur\u00e9e de lecture estim\u00e9e\" \/>\n\t<meta name=\"twitter:data2\" content=\"1 minute\" \/>\n<script type=\"application\/ld+json\" class=\"yoast-schema-graph\">{\"@context\":\"https:\/\/schema.org\",\"@graph\":[{\"@type\":\"WebSite\",\"@id\":\"https:\/\/www.nettali.com\/#website\",\"url\":\"https:\/\/www.nettali.com\/\",\"name\":\"Nettali.com\",\"description\":\"Le rendez-vous critique du Net\",\"potentialAction\":[{\"@type\":\"SearchAction\",\"target\":{\"@type\":\"EntryPoint\",\"urlTemplate\":\"https:\/\/www.nettali.com\/?s={search_term_string}\"},\"query-input\":\"required name=search_term_string\"}],\"inLanguage\":\"fr-FR\"},{\"@type\":\"ImageObject\",\"@id\":\"https:\/\/www.nettali.com\/2023\/02\/25\/idrissa-seck-la-station-presidentielle-mattend\/#primaryimage\",\"inLanguage\":\"fr-FR\",\"url\":\"https:\/\/www.nettali.com\/wp-content\/uploads\/2023\/02\/jad20220221-ass-senegal-idrissa-seck-768x512-1.jpg\",\"contentUrl\":\"https:\/\/www.nettali.com\/wp-content\/uploads\/2023\/02\/jad20220221-ass-senegal-idrissa-seck-768x512-1.jpg\",\"width\":768,\"height\":512},{\"@type\":\"WebPage\",\"@id\":\"https:\/\/www.nettali.com\/2023\/02\/25\/idrissa-seck-la-station-presidentielle-mattend\/#webpage\",\"url\":\"https:\/\/www.nettali.com\/2023\/02\/25\/idrissa-seck-la-station-presidentielle-mattend\/\",\"name\":\"EN COULISSES - \\\"La station pr\\u00e9sidentielle m'attend\\\" | Nettali.com\",\"isPartOf\":{\"@id\":\"https:\/\/www.nettali.com\/#website\"},\"primaryImageOfPage\":{\"@id\":\"https:\/\/www.nettali.com\/2023\/02\/25\/idrissa-seck-la-station-presidentielle-mattend\/#primaryimage\"},\"datePublished\":\"2023-02-25T23:06:12+00:00\",\"dateModified\":\"2023-02-26T15:31:35+00:00\",\"author\":{\"@id\":\"https:\/\/www.nettali.com\/#\/schema\/person\/7962a12a6e0267f88f0ffa544c36469a\"},\"breadcrumb\":{\"@id\":\"https:\/\/www.nettali.com\/2023\/02\/25\/idrissa-seck-la-station-presidentielle-mattend\/#breadcrumb\"},\"inLanguage\":\"fr-FR\",\"potentialAction\":[{\"@type\":\"ReadAction\",\"target\":[\"https:\/\/www.nettali.com\/2023\/02\/25\/idrissa-seck-la-station-presidentielle-mattend\/\"]}]},{\"@type\":\"BreadcrumbList\",\"@id\":\"https:\/\/www.nettali.com\/2023\/02\/25\/idrissa-seck-la-station-presidentielle-mattend\/#breadcrumb\",\"itemListElement\":[{\"@type\":\"ListItem\",\"position\":1,\"name\":\"Accueil\",\"item\":\"https:\/\/www.nettali.com\/\"},{\"@type\":\"ListItem\",\"position\":2,\"name\":\"EN COULISSES - \\\"La station pr\\u00e9sidentielle m'attend\\\"\"}]},{\"@type\":\"Person\",\"@id\":\"https:\/\/www.nettali.com\/#\/schema\/person\/7962a12a6e0267f88f0ffa544c36469a\",\"name\":\"Moustapha\",\"image\":{\"@type\":\"ImageObject\",\"@id\":\"https:\/\/www.nettali.com\/#personlogo\",\"inLanguage\":\"fr-FR\",\"url\":\"https:\/\/secure.gravatar.com\/avatar\/10fdf6a071cccdcf374e3dbe45159590?s=96&d=mm&r=g\",\"contentUrl\":\"https:\/\/secure.gravatar.com\/avatar\/10fdf6a071cccdcf374e3dbe45159590?s=96&d=mm&r=g\",\"caption\":\"Moustapha\"},\"sameAs\":[\"https:\/\/www.nettali.com\"]}]}<\/script>\n<!-- \/ Yoast SEO Premium plugin. -->","yoast_head_json":{"title":"EN COULISSES - \"La station pr\u00e9sidentielle m'attend\" | Nettali.com","robots":{"index":"index","follow":"follow","max-snippet":"max-snippet:-1","max-image-preview":"max-image-preview:large","max-video-preview":"max-video-preview:-1"},"canonical":"https:\/\/www.nettali.com\/2023\/02\/25\/idrissa-seck-la-station-presidentielle-mattend\/","og_locale":"fr_FR","og_type":"article","og_title":"EN COULISSES - \"La station pr\u00e9sidentielle m'attend\"","og_description":"NETTALI.COM\u00a0 - Idrissa Seck n'a pas abandonn\u00e9 son r\u00eave de devenir pr\u00e9sident de la R\u00e9publique du S\u00e9n\u00e9gal. Le chef du parti Rewmi l'a redit ce samedi 25 f\u00e9vrier au cours d'une rencontre avec les responsables de son parti pour \u00e9voquer \"le calendrier \u00e9lectoral et les t\u00e2ches associ\u00e9es\". R\u00e9pondant \u00e0 ses d\u00e9tracteurs qui lui rappellent sa [&hellip;]","og_url":"https:\/\/www.nettali.com\/2023\/02\/25\/idrissa-seck-la-station-presidentielle-mattend\/","og_site_name":"Nettali.com","article_publisher":"https:\/\/www.facebook.com\/nettalicom","article_published_time":"2023-02-25T23:06:12+00:00","article_modified_time":"2023-02-26T15:31:35+00:00","og_image":[{"width":768,"height":512,"url":"https:\/\/www.nettali.com\/wp-content\/uploads\/2023\/02\/jad20220221-ass-senegal-idrissa-seck-768x512-1.jpg","type":"image\/jpeg"}],"twitter_card":"summary_large_image","twitter_misc":{"\u00c9crit par":"Moustapha","Dur\u00e9e de lecture estim\u00e9e":"1 minute"},"schema":{"@context":"https:\/\/schema.org","@graph":[{"@type":"WebSite","@id":"https:\/\/www.nettali.com\/#website","url":"https:\/\/www.nettali.com\/","name":"Nettali.com","description":"Le rendez-vous critique du Net","potentialAction":[{"@type":"SearchAction","target":{"@type":"EntryPoint","urlTemplate":"https:\/\/www.nettali.com\/?s={search_term_string}"},"query-input":"required name=search_term_string"}],"inLanguage":"fr-FR"},{"@type":"ImageObject","@id":"https:\/\/www.nettali.com\/2023\/02\/25\/idrissa-seck-la-station-presidentielle-mattend\/#primaryimage","inLanguage":"fr-FR","url":"https:\/\/www.nettali.com\/wp-content\/uploads\/2023\/02\/jad20220221-ass-senegal-idrissa-seck-768x512-1.jpg","contentUrl":"https:\/\/www.nettali.com\/wp-content\/uploads\/2023\/02\/jad20220221-ass-senegal-idrissa-seck-768x512-1.jpg","width":768,"height":512},{"@type":"WebPage","@id":"https:\/\/www.nettali.com\/2023\/02\/25\/idrissa-seck-la-station-presidentielle-mattend\/#webpage","url":"https:\/\/www.nettali.com\/2023\/02\/25\/idrissa-seck-la-station-presidentielle-mattend\/","name":"EN COULISSES - \"La station pr\u00e9sidentielle m'attend\" | Nettali.com","isPartOf":{"@id":"https:\/\/www.nettali.com\/#website"},"primaryImageOfPage":{"@id":"https:\/\/www.nettali.com\/2023\/02\/25\/idrissa-seck-la-station-presidentielle-mattend\/#primaryimage"},"datePublished":"2023-02-25T23:06:12+00:00","dateModified":"2023-02-26T15:31:35+00:00","author":{"@id":"https:\/\/www.nettali.com\/#\/schema\/person\/7962a12a6e0267f88f0ffa544c36469a"},"breadcrumb":{"@id":"https:\/\/www.nettali.com\/2023\/02\/25\/idrissa-seck-la-station-presidentielle-mattend\/#breadcrumb"},"inLanguage":"fr-FR","potentialAction":[{"@type":"ReadAction","target":["https:\/\/www.nettali.com\/2023\/02\/25\/idrissa-seck-la-station-presidentielle-mattend\/"]}]},{"@type":"BreadcrumbList","@id":"https:\/\/www.nettali.com\/2023\/02\/25\/idrissa-seck-la-station-presidentielle-mattend\/#breadcrumb","itemListElement":[{"@type":"ListItem","position":1,"name":"Accueil","item":"https:\/\/www.nettali.com\/"},{"@type":"ListItem","position":2,"name":"EN COULISSES - \"La station pr\u00e9sidentielle m'attend\""}]},{"@type":"Person","@id":"https:\/\/www.nettali.com\/#\/schema\/person\/7962a12a6e0267f88f0ffa544c36469a","name":"Moustapha","image":{"@type":"ImageObject","@id":"https:\/\/www.nettali.com\/#personlogo","inLanguage":"fr-FR","url":"https:\/\/secure.gravatar.com\/avatar\/10fdf6a071cccdcf374e3dbe45159590?s=96&d=mm&r=g","contentUrl":"https:\/\/secure.gravatar.com\/avatar\/10fdf6a071cccdcf374e3dbe45159590?s=96&d=mm&r=g","caption":"Moustapha"},"sameAs":["https:\/\/www.nettali.com"]}]}},"_links":{"self":[{"href":"https:\/\/www.nettali.com\/rest\/wp\/v2\/posts\/104956"}],"collection":[{"href":"https:\/\/www.nettali.com\/rest\/wp\/v2\/posts"}],"about":[{"href":"https:\/\/www.nettali.com\/rest\/wp\/v2\/types\/post"}],"author":[{"embeddable":true,"href":"https:\/\/www.nettali.com\/rest\/wp\/v2\/users\/3"}],"replies":[{"embeddable":true,"href":"https:\/\/www.nettali.com\/rest\/wp\/v2\/comments?post=104956"}],"version-history":[{"count":3,"href":"https:\/\/www.nettali.com\/rest\/wp\/v2\/posts\/104956\/revisions"}],"predecessor-version":[{"id":105011,"href":"https:\/\/www.nettali.com\/rest\/wp\/v2\/posts\/104956\/revisions\/105011"}],"wp:featuredmedia":[{"embeddable":true,"href":"https:\/\/www.nettali.com\/rest\/wp\/v2\/media\/103841"}],"wp:attachment":[{"href":"https:\/\/www.nettali.com\/rest\/wp\/v2\/media?parent=104956"}],"wp:term":[{"taxonomy":"category","embeddable":true,"href":"https:\/\/www.nettali.com\/rest\/wp\/v2\/categories?post=104956"},{"taxonomy":"post_tag","embeddable":true,"href":"https:\/\/www.nettali.com\/rest\/wp\/v2\/tags?post=104956"}],"curies":[{"name":"wp","href":"https:\/\/api.w.org\/{rel}","templated":true}]}}