{"id":104778,"date":"2023-02-23T01:18:24","date_gmt":"2023-02-23T01:18:24","guid":{"rendered":"https:\/\/www.nettali.com\/?p=104778"},"modified":"2023-02-23T08:24:18","modified_gmt":"2023-02-23T08:24:18","slug":"en-coulisses-le-prefet-interdit-le-sit-in-du-groupe-yewwi","status":"publish","type":"post","link":"https:\/\/www.nettali.com\/2023\/02\/23\/en-coulisses-le-prefet-interdit-le-sit-in-du-groupe-yewwi\/","title":{"rendered":"EN COULISSES - Le pr\u00e9fet interdit le sit-in du groupe Yewwi"},"content":{"rendered":"<p><strong>NETTALI.COM\u00a0 -\u00a0<\/strong>Le d\u00e9put\u00e9s du groupe Yewwi askan wi avaient pr\u00e9vu de tenir un sit-in devant l'Assembl\u00e9e nationale. Un rassemblement pour, entre autres, d\u00e9noncer ce qu'il qualifie d'opacit\u00e9 dans la gestion du budget de plus de 20 milliards de francs du Parlement. Mais la manifestation ne pourra pas se tenir. La cause : une d\u00e9cision d\u2019interdiction prise par le pr\u00e9fet de Dakar.<\/p>\n<p>Toutefois, Birame Soul\u00e8ye Diop et ses coll\u00e8gues n'entendent pas pour autant se taire. Ils vont tenir une conf\u00e9rence de presse, ce jeudi 23 f\u00e9vrier \u00e0 partir de 11 heures. La rencontre avec les journalistes se tiendra au si\u00e8ge du Parti de l'unit\u00e9 et du rassemblement (Pur).<\/p>\n<p>&nbsp;<\/p>\n<div class='share-to-whatsapp-wrapper'><div class='share-on-whsp'>PARTAGER SUR : <\/div><a data-text='EN COULISSES - Le pr\u00e9fet interdit le sit-in du groupe Yewwi' data-link='https:\/\/www.nettali.com\/2023\/02\/23\/en-coulisses-le-prefet-interdit-le-sit-in-du-groupe-yewwi\/' class='whatsapp-button whatsapp-share'>WhatsApp<\/a><div class='clear '><\/div><\/div>","protected":false},"excerpt":{"rendered":"<p>NETTALI.COM\u00a0 -\u00a0Le d\u00e9put\u00e9s du groupe Yewwi askan wi avaient pr\u00e9vu de tenir un sit-in devant l'Assembl\u00e9e nationale. Un rassemblement pour, entre autres, d\u00e9noncer ce qu'il qualifie d'opacit\u00e9 dans la gestion du budget de plus de 20 milliards de francs du Parlement. Mais la manifestation ne pourra pas se tenir. La cause : une d\u00e9cision d\u2019interdiction [&hellip;]<\/p>\n","protected":false},"author":3,"featured_media":104779,"comment_status":"open","ping_status":"open","sticky":false,"template":"","format":"standard","meta":{"_et_pb_use_builder":"","_et_pb_old_content":""},"categories":[34945],"tags":[],"yoast_head":"<!-- This site is optimized with the Yoast SEO Premium plugin v17.8 (Yoast SEO v17.8) - https:\/\/yoast.com\/wordpress\/plugins\/seo\/ -->\n<title>EN COULISSES - Le pr\u00e9fet interdit le sit-in du groupe Yewwi | Nettali.com<\/title>\n<meta name=\"robots\" content=\"index, follow, max-snippet:-1, max-image-preview:large, max-video-preview:-1\" \/>\n<link rel=\"canonical\" href=\"https:\/\/www.nettali.com\/2023\/02\/23\/en-coulisses-le-prefet-interdit-le-sit-in-du-groupe-yewwi\/\" \/>\n<meta property=\"og:locale\" content=\"fr_FR\" \/>\n<meta property=\"og:type\" content=\"article\" \/>\n<meta property=\"og:title\" content=\"EN COULISSES - Le pr\u00e9fet interdit le sit-in du groupe Yewwi\" \/>\n<meta property=\"og:description\" content=\"NETTALI.COM\u00a0 -\u00a0Le d\u00e9put\u00e9s du groupe Yewwi askan wi avaient pr\u00e9vu de tenir un sit-in devant l&#039;Assembl\u00e9e nationale. Un rassemblement pour, entre autres, d\u00e9noncer ce qu&#039;il qualifie d&#039;opacit\u00e9 dans la gestion du budget de plus de 20 milliards de francs du Parlement. Mais la manifestation ne pourra pas se tenir. La cause : une d\u00e9cision d\u2019interdiction [&hellip;]\" \/>\n<meta property=\"og:url\" content=\"https:\/\/www.nettali.com\/2023\/02\/23\/en-coulisses-le-prefet-interdit-le-sit-in-du-groupe-yewwi\/\" \/>\n<meta property=\"og:site_name\" content=\"Nettali.com\" \/>\n<meta property=\"article:publisher\" content=\"https:\/\/www.facebook.com\/nettalicom\" \/>\n<meta property=\"article:published_time\" content=\"2023-02-23T01:18:24+00:00\" \/>\n<meta property=\"article:modified_time\" content=\"2023-02-23T08:24:18+00:00\" \/>\n<meta property=\"og:image\" content=\"https:\/\/www.nettali.com\/wp-content\/uploads\/2023\/02\/Convocation-des-deputes-Massata-Samb-et-Mamadou-Niang-les-deputes-de-lopposition-assiegent-la-DIC.jpg\" \/>\n\t<meta property=\"og:image:width\" content=\"936\" \/>\n\t<meta property=\"og:image:height\" content=\"675\" \/>\n<meta name=\"twitter:card\" content=\"summary_large_image\" \/>\n<meta name=\"twitter:label1\" content=\"\u00c9crit par\" \/>\n\t<meta name=\"twitter:data1\" content=\"Moustapha\" \/>\n\t<meta name=\"twitter:label2\" content=\"Dur\u00e9e de lecture estim\u00e9e\" \/>\n\t<meta name=\"twitter:data2\" content=\"1 minute\" \/>\n<script type=\"application\/ld+json\" class=\"yoast-schema-graph\">{\"@context\":\"https:\/\/schema.org\",\"@graph\":[{\"@type\":\"WebSite\",\"@id\":\"https:\/\/www.nettali.com\/#website\",\"url\":\"https:\/\/www.nettali.com\/\",\"name\":\"Nettali.com\",\"description\":\"Le rendez-vous critique du Net\",\"potentialAction\":[{\"@type\":\"SearchAction\",\"target\":{\"@type\":\"EntryPoint\",\"urlTemplate\":\"https:\/\/www.nettali.com\/?s={search_term_string}\"},\"query-input\":\"required name=search_term_string\"}],\"inLanguage\":\"fr-FR\"},{\"@type\":\"ImageObject\",\"@id\":\"https:\/\/www.nettali.com\/2023\/02\/23\/en-coulisses-le-prefet-interdit-le-sit-in-du-groupe-yewwi\/#primaryimage\",\"inLanguage\":\"fr-FR\",\"url\":\"https:\/\/www.nettali.com\/wp-content\/uploads\/2023\/02\/Convocation-des-deputes-Massata-Samb-et-Mamadou-Niang-les-deputes-de-lopposition-assiegent-la-DIC.jpg\",\"contentUrl\":\"https:\/\/www.nettali.com\/wp-content\/uploads\/2023\/02\/Convocation-des-deputes-Massata-Samb-et-Mamadou-Niang-les-deputes-de-lopposition-assiegent-la-DIC.jpg\",\"width\":936,\"height\":675},{\"@type\":\"WebPage\",\"@id\":\"https:\/\/www.nettali.com\/2023\/02\/23\/en-coulisses-le-prefet-interdit-le-sit-in-du-groupe-yewwi\/#webpage\",\"url\":\"https:\/\/www.nettali.com\/2023\/02\/23\/en-coulisses-le-prefet-interdit-le-sit-in-du-groupe-yewwi\/\",\"name\":\"EN COULISSES - Le pr\\u00e9fet interdit le sit-in du groupe Yewwi | Nettali.com\",\"isPartOf\":{\"@id\":\"https:\/\/www.nettali.com\/#website\"},\"primaryImageOfPage\":{\"@id\":\"https:\/\/www.nettali.com\/2023\/02\/23\/en-coulisses-le-prefet-interdit-le-sit-in-du-groupe-yewwi\/#primaryimage\"},\"datePublished\":\"2023-02-23T01:18:24+00:00\",\"dateModified\":\"2023-02-23T08:24:18+00:00\",\"author\":{\"@id\":\"https:\/\/www.nettali.com\/#\/schema\/person\/7962a12a6e0267f88f0ffa544c36469a\"},\"breadcrumb\":{\"@id\":\"https:\/\/www.nettali.com\/2023\/02\/23\/en-coulisses-le-prefet-interdit-le-sit-in-du-groupe-yewwi\/#breadcrumb\"},\"inLanguage\":\"fr-FR\",\"potentialAction\":[{\"@type\":\"ReadAction\",\"target\":[\"https:\/\/www.nettali.com\/2023\/02\/23\/en-coulisses-le-prefet-interdit-le-sit-in-du-groupe-yewwi\/\"]}]},{\"@type\":\"BreadcrumbList\",\"@id\":\"https:\/\/www.nettali.com\/2023\/02\/23\/en-coulisses-le-prefet-interdit-le-sit-in-du-groupe-yewwi\/#breadcrumb\",\"itemListElement\":[{\"@type\":\"ListItem\",\"position\":1,\"name\":\"Accueil\",\"item\":\"https:\/\/www.nettali.com\/\"},{\"@type\":\"ListItem\",\"position\":2,\"name\":\"EN COULISSES - Le pr\\u00e9fet interdit le sit-in du groupe Yewwi\"}]},{\"@type\":\"Person\",\"@id\":\"https:\/\/www.nettali.com\/#\/schema\/person\/7962a12a6e0267f88f0ffa544c36469a\",\"name\":\"Moustapha\",\"image\":{\"@type\":\"ImageObject\",\"@id\":\"https:\/\/www.nettali.com\/#personlogo\",\"inLanguage\":\"fr-FR\",\"url\":\"https:\/\/secure.gravatar.com\/avatar\/10fdf6a071cccdcf374e3dbe45159590?s=96&d=mm&r=g\",\"contentUrl\":\"https:\/\/secure.gravatar.com\/avatar\/10fdf6a071cccdcf374e3dbe45159590?s=96&d=mm&r=g\",\"caption\":\"Moustapha\"},\"sameAs\":[\"https:\/\/www.nettali.com\"]}]}<\/script>\n<!-- \/ Yoast SEO Premium plugin. -->","yoast_head_json":{"title":"EN COULISSES - Le pr\u00e9fet interdit le sit-in du groupe Yewwi | Nettali.com","robots":{"index":"index","follow":"follow","max-snippet":"max-snippet:-1","max-image-preview":"max-image-preview:large","max-video-preview":"max-video-preview:-1"},"canonical":"https:\/\/www.nettali.com\/2023\/02\/23\/en-coulisses-le-prefet-interdit-le-sit-in-du-groupe-yewwi\/","og_locale":"fr_FR","og_type":"article","og_title":"EN COULISSES - Le pr\u00e9fet interdit le sit-in du groupe Yewwi","og_description":"NETTALI.COM\u00a0 -\u00a0Le d\u00e9put\u00e9s du groupe Yewwi askan wi avaient pr\u00e9vu de tenir un sit-in devant l'Assembl\u00e9e nationale. Un rassemblement pour, entre autres, d\u00e9noncer ce qu'il qualifie d'opacit\u00e9 dans la gestion du budget de plus de 20 milliards de francs du Parlement. Mais la manifestation ne pourra pas se tenir. La cause : une d\u00e9cision d\u2019interdiction [&hellip;]","og_url":"https:\/\/www.nettali.com\/2023\/02\/23\/en-coulisses-le-prefet-interdit-le-sit-in-du-groupe-yewwi\/","og_site_name":"Nettali.com","article_publisher":"https:\/\/www.facebook.com\/nettalicom","article_published_time":"2023-02-23T01:18:24+00:00","article_modified_time":"2023-02-23T08:24:18+00:00","og_image":[{"width":936,"height":675,"url":"https:\/\/www.nettali.com\/wp-content\/uploads\/2023\/02\/Convocation-des-deputes-Massata-Samb-et-Mamadou-Niang-les-deputes-de-lopposition-assiegent-la-DIC.jpg","type":"image\/jpeg"}],"twitter_card":"summary_large_image","twitter_misc":{"\u00c9crit par":"Moustapha","Dur\u00e9e de lecture estim\u00e9e":"1 minute"},"schema":{"@context":"https:\/\/schema.org","@graph":[{"@type":"WebSite","@id":"https:\/\/www.nettali.com\/#website","url":"https:\/\/www.nettali.com\/","name":"Nettali.com","description":"Le rendez-vous critique du Net","potentialAction":[{"@type":"SearchAction","target":{"@type":"EntryPoint","urlTemplate":"https:\/\/www.nettali.com\/?s={search_term_string}"},"query-input":"required name=search_term_string"}],"inLanguage":"fr-FR"},{"@type":"ImageObject","@id":"https:\/\/www.nettali.com\/2023\/02\/23\/en-coulisses-le-prefet-interdit-le-sit-in-du-groupe-yewwi\/#primaryimage","inLanguage":"fr-FR","url":"https:\/\/www.nettali.com\/wp-content\/uploads\/2023\/02\/Convocation-des-deputes-Massata-Samb-et-Mamadou-Niang-les-deputes-de-lopposition-assiegent-la-DIC.jpg","contentUrl":"https:\/\/www.nettali.com\/wp-content\/uploads\/2023\/02\/Convocation-des-deputes-Massata-Samb-et-Mamadou-Niang-les-deputes-de-lopposition-assiegent-la-DIC.jpg","width":936,"height":675},{"@type":"WebPage","@id":"https:\/\/www.nettali.com\/2023\/02\/23\/en-coulisses-le-prefet-interdit-le-sit-in-du-groupe-yewwi\/#webpage","url":"https:\/\/www.nettali.com\/2023\/02\/23\/en-coulisses-le-prefet-interdit-le-sit-in-du-groupe-yewwi\/","name":"EN COULISSES - Le pr\u00e9fet interdit le sit-in du groupe Yewwi | Nettali.com","isPartOf":{"@id":"https:\/\/www.nettali.com\/#website"},"primaryImageOfPage":{"@id":"https:\/\/www.nettali.com\/2023\/02\/23\/en-coulisses-le-prefet-interdit-le-sit-in-du-groupe-yewwi\/#primaryimage"},"datePublished":"2023-02-23T01:18:24+00:00","dateModified":"2023-02-23T08:24:18+00:00","author":{"@id":"https:\/\/www.nettali.com\/#\/schema\/person\/7962a12a6e0267f88f0ffa544c36469a"},"breadcrumb":{"@id":"https:\/\/www.nettali.com\/2023\/02\/23\/en-coulisses-le-prefet-interdit-le-sit-in-du-groupe-yewwi\/#breadcrumb"},"inLanguage":"fr-FR","potentialAction":[{"@type":"ReadAction","target":["https:\/\/www.nettali.com\/2023\/02\/23\/en-coulisses-le-prefet-interdit-le-sit-in-du-groupe-yewwi\/"]}]},{"@type":"BreadcrumbList","@id":"https:\/\/www.nettali.com\/2023\/02\/23\/en-coulisses-le-prefet-interdit-le-sit-in-du-groupe-yewwi\/#breadcrumb","itemListElement":[{"@type":"ListItem","position":1,"name":"Accueil","item":"https:\/\/www.nettali.com\/"},{"@type":"ListItem","position":2,"name":"EN COULISSES - Le pr\u00e9fet interdit le sit-in du groupe Yewwi"}]},{"@type":"Person","@id":"https:\/\/www.nettali.com\/#\/schema\/person\/7962a12a6e0267f88f0ffa544c36469a","name":"Moustapha","image":{"@type":"ImageObject","@id":"https:\/\/www.nettali.com\/#personlogo","inLanguage":"fr-FR","url":"https:\/\/secure.gravatar.com\/avatar\/10fdf6a071cccdcf374e3dbe45159590?s=96&d=mm&r=g","contentUrl":"https:\/\/secure.gravatar.com\/avatar\/10fdf6a071cccdcf374e3dbe45159590?s=96&d=mm&r=g","caption":"Moustapha"},"sameAs":["https:\/\/www.nettali.com"]}]}},"_links":{"self":[{"href":"https:\/\/www.nettali.com\/rest\/wp\/v2\/posts\/104778"}],"collection":[{"href":"https:\/\/www.nettali.com\/rest\/wp\/v2\/posts"}],"about":[{"href":"https:\/\/www.nettali.com\/rest\/wp\/v2\/types\/post"}],"author":[{"embeddable":true,"href":"https:\/\/www.nettali.com\/rest\/wp\/v2\/users\/3"}],"replies":[{"embeddable":true,"href":"https:\/\/www.nettali.com\/rest\/wp\/v2\/comments?post=104778"}],"version-history":[{"count":3,"href":"https:\/\/www.nettali.com\/rest\/wp\/v2\/posts\/104778\/revisions"}],"predecessor-version":[{"id":104793,"href":"https:\/\/www.nettali.com\/rest\/wp\/v2\/posts\/104778\/revisions\/104793"}],"wp:featuredmedia":[{"embeddable":true,"href":"https:\/\/www.nettali.com\/rest\/wp\/v2\/media\/104779"}],"wp:attachment":[{"href":"https:\/\/www.nettali.com\/rest\/wp\/v2\/media?parent=104778"}],"wp:term":[{"taxonomy":"category","embeddable":true,"href":"https:\/\/www.nettali.com\/rest\/wp\/v2\/categories?post=104778"},{"taxonomy":"post_tag","embeddable":true,"href":"https:\/\/www.nettali.com\/rest\/wp\/v2\/tags?post=104778"}],"curies":[{"name":"wp","href":"https:\/\/api.w.org\/{rel}","templated":true}]}}