{"id":104774,"date":"2023-02-23T01:00:45","date_gmt":"2023-02-23T01:00:45","guid":{"rendered":"https:\/\/www.nettali.com\/?p=104774"},"modified":"2023-02-23T08:26:42","modified_gmt":"2023-02-23T08:26:42","slug":"en-coulisses-pourquoi-mohammed-vi-ne-viendra-pas-a-dakar","status":"publish","type":"post","link":"https:\/\/www.nettali.com\/2023\/02\/23\/en-coulisses-pourquoi-mohammed-vi-ne-viendra-pas-a-dakar\/","title":{"rendered":"EN COULISSES  - Pourquoi Mohammed VI ne viendra pas \u00e0 Dakar"},"content":{"rendered":"<p><strong>NETTALI.COM\u00a0 -\u00a0<\/strong>Le roi Mohammed VI du Maroc \u00e9tait attendu \u00e0 Dakar \u00e0 partir de ce mercredi 22 f\u00e9vrier pour une visite de quelques jours. Mais le roi ne foulera pas le sol s\u00e9n\u00e9galais. Du moins pas pour le moment. Ses services ont en effet annonc\u00e9 le report de la visite pour des raisons de sant\u00e9.<\/p>\n<p>C'est dans un communiqu\u00e9 que le minist\u00e8re marocain de la Maison Royale, du Protocole et de la Chancellerie a donn\u00e9 la nouvelle. Officiellement, Mohammed VI a attrap\u00e9 une grippe.<\/p>\n<p>\"<em>Le Roi Mohammed VI, que Dieu L'assiste, a contract\u00e9 une grippe et pour cette raison, le m\u00e9decin personnel de Sa Majest\u00e9 a recommand\u00e9 au Souverain, que Dieu Le pr\u00e9serve d'observer une p\u00e9riode de repos et d\u2019\u00e9viter de voyager durant quelques jours<\/em>\", lit-on dans un communiqu\u00e9 rendu public ce mercredi.<\/p>\n<p>Sans donner plus de d\u00e9tails, la m\u00eame source se contente d'ajouter : \"<em>Puisse Dieu pr\u00e9server Sa Majest\u00e9 le Roi, perp\u00e9tuer sur Lui les bienfaits de la sant\u00e9 et Lui accorder longue<\/em>.\"<\/p>\n<div class='share-to-whatsapp-wrapper'><div class='share-on-whsp'>PARTAGER SUR : <\/div><a data-text='EN COULISSES  - Pourquoi Mohammed VI ne viendra pas \u00e0 Dakar' data-link='https:\/\/www.nettali.com\/2023\/02\/23\/en-coulisses-pourquoi-mohammed-vi-ne-viendra-pas-a-dakar\/' class='whatsapp-button whatsapp-share'>WhatsApp<\/a><div class='clear '><\/div><\/div>","protected":false},"excerpt":{"rendered":"<p>NETTALI.COM\u00a0 -\u00a0Le roi Mohammed VI du Maroc \u00e9tait attendu \u00e0 Dakar \u00e0 partir de ce mercredi 22 f\u00e9vrier pour une visite de quelques jours. Mais le roi ne foulera pas le sol s\u00e9n\u00e9galais. Du moins pas pour le moment. Ses services ont en effet annonc\u00e9 le report de la visite pour des raisons de sant\u00e9. [&hellip;]<\/p>\n","protected":false},"author":3,"featured_media":104715,"comment_status":"open","ping_status":"open","sticky":false,"template":"","format":"standard","meta":{"_et_pb_use_builder":"","_et_pb_old_content":""},"categories":[34945],"tags":[],"yoast_head":"<!-- This site is optimized with the Yoast SEO Premium plugin v17.8 (Yoast SEO v17.8) - https:\/\/yoast.com\/wordpress\/plugins\/seo\/ -->\n<title>EN COULISSES - Pourquoi Mohammed VI ne viendra pas \u00e0 Dakar | Nettali.com<\/title>\n<meta name=\"robots\" content=\"index, follow, max-snippet:-1, max-image-preview:large, max-video-preview:-1\" \/>\n<link rel=\"canonical\" href=\"https:\/\/www.nettali.com\/2023\/02\/23\/en-coulisses-pourquoi-mohammed-vi-ne-viendra-pas-a-dakar\/\" \/>\n<meta property=\"og:locale\" content=\"fr_FR\" \/>\n<meta property=\"og:type\" content=\"article\" \/>\n<meta property=\"og:title\" content=\"EN COULISSES - Pourquoi Mohammed VI ne viendra pas \u00e0 Dakar\" \/>\n<meta property=\"og:description\" content=\"NETTALI.COM\u00a0 -\u00a0Le roi Mohammed VI du Maroc \u00e9tait attendu \u00e0 Dakar \u00e0 partir de ce mercredi 22 f\u00e9vrier pour une visite de quelques jours. Mais le roi ne foulera pas le sol s\u00e9n\u00e9galais. Du moins pas pour le moment. Ses services ont en effet annonc\u00e9 le report de la visite pour des raisons de sant\u00e9. [&hellip;]\" \/>\n<meta property=\"og:url\" content=\"https:\/\/www.nettali.com\/2023\/02\/23\/en-coulisses-pourquoi-mohammed-vi-ne-viendra-pas-a-dakar\/\" \/>\n<meta property=\"og:site_name\" content=\"Nettali.com\" \/>\n<meta property=\"article:publisher\" content=\"https:\/\/www.facebook.com\/nettalicom\" \/>\n<meta property=\"article:published_time\" content=\"2023-02-23T01:00:45+00:00\" \/>\n<meta property=\"article:modified_time\" content=\"2023-02-23T08:26:42+00:00\" \/>\n<meta property=\"og:image\" content=\"https:\/\/www.nettali.com\/wp-content\/uploads\/2023\/02\/Capture-de\u0301cran-2023-02-22-a\u0300-17.17.03.png\" \/>\n\t<meta property=\"og:image:width\" content=\"611\" \/>\n\t<meta property=\"og:image:height\" content=\"355\" \/>\n<meta name=\"twitter:card\" content=\"summary_large_image\" \/>\n<meta name=\"twitter:label1\" content=\"\u00c9crit par\" \/>\n\t<meta name=\"twitter:data1\" content=\"Moustapha\" \/>\n\t<meta name=\"twitter:label2\" content=\"Dur\u00e9e de lecture estim\u00e9e\" \/>\n\t<meta name=\"twitter:data2\" content=\"1 minute\" \/>\n<script type=\"application\/ld+json\" class=\"yoast-schema-graph\">{\"@context\":\"https:\/\/schema.org\",\"@graph\":[{\"@type\":\"WebSite\",\"@id\":\"https:\/\/www.nettali.com\/#website\",\"url\":\"https:\/\/www.nettali.com\/\",\"name\":\"Nettali.com\",\"description\":\"Le rendez-vous critique du Net\",\"potentialAction\":[{\"@type\":\"SearchAction\",\"target\":{\"@type\":\"EntryPoint\",\"urlTemplate\":\"https:\/\/www.nettali.com\/?s={search_term_string}\"},\"query-input\":\"required name=search_term_string\"}],\"inLanguage\":\"fr-FR\"},{\"@type\":\"ImageObject\",\"@id\":\"https:\/\/www.nettali.com\/2023\/02\/23\/en-coulisses-pourquoi-mohammed-vi-ne-viendra-pas-a-dakar\/#primaryimage\",\"inLanguage\":\"fr-FR\",\"url\":\"https:\/\/www.nettali.com\/wp-content\/uploads\/2023\/02\/Capture-de\\u0301cran-2023-02-22-a\\u0300-17.17.03.png\",\"contentUrl\":\"https:\/\/www.nettali.com\/wp-content\/uploads\/2023\/02\/Capture-de\\u0301cran-2023-02-22-a\\u0300-17.17.03.png\",\"width\":611,\"height\":355},{\"@type\":\"WebPage\",\"@id\":\"https:\/\/www.nettali.com\/2023\/02\/23\/en-coulisses-pourquoi-mohammed-vi-ne-viendra-pas-a-dakar\/#webpage\",\"url\":\"https:\/\/www.nettali.com\/2023\/02\/23\/en-coulisses-pourquoi-mohammed-vi-ne-viendra-pas-a-dakar\/\",\"name\":\"EN COULISSES - Pourquoi Mohammed VI ne viendra pas \\u00e0 Dakar | Nettali.com\",\"isPartOf\":{\"@id\":\"https:\/\/www.nettali.com\/#website\"},\"primaryImageOfPage\":{\"@id\":\"https:\/\/www.nettali.com\/2023\/02\/23\/en-coulisses-pourquoi-mohammed-vi-ne-viendra-pas-a-dakar\/#primaryimage\"},\"datePublished\":\"2023-02-23T01:00:45+00:00\",\"dateModified\":\"2023-02-23T08:26:42+00:00\",\"author\":{\"@id\":\"https:\/\/www.nettali.com\/#\/schema\/person\/7962a12a6e0267f88f0ffa544c36469a\"},\"breadcrumb\":{\"@id\":\"https:\/\/www.nettali.com\/2023\/02\/23\/en-coulisses-pourquoi-mohammed-vi-ne-viendra-pas-a-dakar\/#breadcrumb\"},\"inLanguage\":\"fr-FR\",\"potentialAction\":[{\"@type\":\"ReadAction\",\"target\":[\"https:\/\/www.nettali.com\/2023\/02\/23\/en-coulisses-pourquoi-mohammed-vi-ne-viendra-pas-a-dakar\/\"]}]},{\"@type\":\"BreadcrumbList\",\"@id\":\"https:\/\/www.nettali.com\/2023\/02\/23\/en-coulisses-pourquoi-mohammed-vi-ne-viendra-pas-a-dakar\/#breadcrumb\",\"itemListElement\":[{\"@type\":\"ListItem\",\"position\":1,\"name\":\"Accueil\",\"item\":\"https:\/\/www.nettali.com\/\"},{\"@type\":\"ListItem\",\"position\":2,\"name\":\"EN COULISSES - Pourquoi Mohammed VI ne viendra pas \\u00e0 Dakar\"}]},{\"@type\":\"Person\",\"@id\":\"https:\/\/www.nettali.com\/#\/schema\/person\/7962a12a6e0267f88f0ffa544c36469a\",\"name\":\"Moustapha\",\"image\":{\"@type\":\"ImageObject\",\"@id\":\"https:\/\/www.nettali.com\/#personlogo\",\"inLanguage\":\"fr-FR\",\"url\":\"https:\/\/secure.gravatar.com\/avatar\/10fdf6a071cccdcf374e3dbe45159590?s=96&d=mm&r=g\",\"contentUrl\":\"https:\/\/secure.gravatar.com\/avatar\/10fdf6a071cccdcf374e3dbe45159590?s=96&d=mm&r=g\",\"caption\":\"Moustapha\"},\"sameAs\":[\"https:\/\/www.nettali.com\"]}]}<\/script>\n<!-- \/ Yoast SEO Premium plugin. -->","yoast_head_json":{"title":"EN COULISSES - Pourquoi Mohammed VI ne viendra pas \u00e0 Dakar | Nettali.com","robots":{"index":"index","follow":"follow","max-snippet":"max-snippet:-1","max-image-preview":"max-image-preview:large","max-video-preview":"max-video-preview:-1"},"canonical":"https:\/\/www.nettali.com\/2023\/02\/23\/en-coulisses-pourquoi-mohammed-vi-ne-viendra-pas-a-dakar\/","og_locale":"fr_FR","og_type":"article","og_title":"EN COULISSES - Pourquoi Mohammed VI ne viendra pas \u00e0 Dakar","og_description":"NETTALI.COM\u00a0 -\u00a0Le roi Mohammed VI du Maroc \u00e9tait attendu \u00e0 Dakar \u00e0 partir de ce mercredi 22 f\u00e9vrier pour une visite de quelques jours. Mais le roi ne foulera pas le sol s\u00e9n\u00e9galais. Du moins pas pour le moment. Ses services ont en effet annonc\u00e9 le report de la visite pour des raisons de sant\u00e9. [&hellip;]","og_url":"https:\/\/www.nettali.com\/2023\/02\/23\/en-coulisses-pourquoi-mohammed-vi-ne-viendra-pas-a-dakar\/","og_site_name":"Nettali.com","article_publisher":"https:\/\/www.facebook.com\/nettalicom","article_published_time":"2023-02-23T01:00:45+00:00","article_modified_time":"2023-02-23T08:26:42+00:00","og_image":[{"width":611,"height":355,"url":"https:\/\/www.nettali.com\/wp-content\/uploads\/2023\/02\/Capture-de\u0301cran-2023-02-22-a\u0300-17.17.03.png","type":"image\/png"}],"twitter_card":"summary_large_image","twitter_misc":{"\u00c9crit par":"Moustapha","Dur\u00e9e de lecture estim\u00e9e":"1 minute"},"schema":{"@context":"https:\/\/schema.org","@graph":[{"@type":"WebSite","@id":"https:\/\/www.nettali.com\/#website","url":"https:\/\/www.nettali.com\/","name":"Nettali.com","description":"Le rendez-vous critique du Net","potentialAction":[{"@type":"SearchAction","target":{"@type":"EntryPoint","urlTemplate":"https:\/\/www.nettali.com\/?s={search_term_string}"},"query-input":"required name=search_term_string"}],"inLanguage":"fr-FR"},{"@type":"ImageObject","@id":"https:\/\/www.nettali.com\/2023\/02\/23\/en-coulisses-pourquoi-mohammed-vi-ne-viendra-pas-a-dakar\/#primaryimage","inLanguage":"fr-FR","url":"https:\/\/www.nettali.com\/wp-content\/uploads\/2023\/02\/Capture-de\u0301cran-2023-02-22-a\u0300-17.17.03.png","contentUrl":"https:\/\/www.nettali.com\/wp-content\/uploads\/2023\/02\/Capture-de\u0301cran-2023-02-22-a\u0300-17.17.03.png","width":611,"height":355},{"@type":"WebPage","@id":"https:\/\/www.nettali.com\/2023\/02\/23\/en-coulisses-pourquoi-mohammed-vi-ne-viendra-pas-a-dakar\/#webpage","url":"https:\/\/www.nettali.com\/2023\/02\/23\/en-coulisses-pourquoi-mohammed-vi-ne-viendra-pas-a-dakar\/","name":"EN COULISSES - Pourquoi Mohammed VI ne viendra pas \u00e0 Dakar | Nettali.com","isPartOf":{"@id":"https:\/\/www.nettali.com\/#website"},"primaryImageOfPage":{"@id":"https:\/\/www.nettali.com\/2023\/02\/23\/en-coulisses-pourquoi-mohammed-vi-ne-viendra-pas-a-dakar\/#primaryimage"},"datePublished":"2023-02-23T01:00:45+00:00","dateModified":"2023-02-23T08:26:42+00:00","author":{"@id":"https:\/\/www.nettali.com\/#\/schema\/person\/7962a12a6e0267f88f0ffa544c36469a"},"breadcrumb":{"@id":"https:\/\/www.nettali.com\/2023\/02\/23\/en-coulisses-pourquoi-mohammed-vi-ne-viendra-pas-a-dakar\/#breadcrumb"},"inLanguage":"fr-FR","potentialAction":[{"@type":"ReadAction","target":["https:\/\/www.nettali.com\/2023\/02\/23\/en-coulisses-pourquoi-mohammed-vi-ne-viendra-pas-a-dakar\/"]}]},{"@type":"BreadcrumbList","@id":"https:\/\/www.nettali.com\/2023\/02\/23\/en-coulisses-pourquoi-mohammed-vi-ne-viendra-pas-a-dakar\/#breadcrumb","itemListElement":[{"@type":"ListItem","position":1,"name":"Accueil","item":"https:\/\/www.nettali.com\/"},{"@type":"ListItem","position":2,"name":"EN COULISSES - Pourquoi Mohammed VI ne viendra pas \u00e0 Dakar"}]},{"@type":"Person","@id":"https:\/\/www.nettali.com\/#\/schema\/person\/7962a12a6e0267f88f0ffa544c36469a","name":"Moustapha","image":{"@type":"ImageObject","@id":"https:\/\/www.nettali.com\/#personlogo","inLanguage":"fr-FR","url":"https:\/\/secure.gravatar.com\/avatar\/10fdf6a071cccdcf374e3dbe45159590?s=96&d=mm&r=g","contentUrl":"https:\/\/secure.gravatar.com\/avatar\/10fdf6a071cccdcf374e3dbe45159590?s=96&d=mm&r=g","caption":"Moustapha"},"sameAs":["https:\/\/www.nettali.com"]}]}},"_links":{"self":[{"href":"https:\/\/www.nettali.com\/rest\/wp\/v2\/posts\/104774"}],"collection":[{"href":"https:\/\/www.nettali.com\/rest\/wp\/v2\/posts"}],"about":[{"href":"https:\/\/www.nettali.com\/rest\/wp\/v2\/types\/post"}],"author":[{"embeddable":true,"href":"https:\/\/www.nettali.com\/rest\/wp\/v2\/users\/3"}],"replies":[{"embeddable":true,"href":"https:\/\/www.nettali.com\/rest\/wp\/v2\/comments?post=104774"}],"version-history":[{"count":3,"href":"https:\/\/www.nettali.com\/rest\/wp\/v2\/posts\/104774\/revisions"}],"predecessor-version":[{"id":104796,"href":"https:\/\/www.nettali.com\/rest\/wp\/v2\/posts\/104774\/revisions\/104796"}],"wp:featuredmedia":[{"embeddable":true,"href":"https:\/\/www.nettali.com\/rest\/wp\/v2\/media\/104715"}],"wp:attachment":[{"href":"https:\/\/www.nettali.com\/rest\/wp\/v2\/media?parent=104774"}],"wp:term":[{"taxonomy":"category","embeddable":true,"href":"https:\/\/www.nettali.com\/rest\/wp\/v2\/categories?post=104774"},{"taxonomy":"post_tag","embeddable":true,"href":"https:\/\/www.nettali.com\/rest\/wp\/v2\/tags?post=104774"}],"curies":[{"name":"wp","href":"https:\/\/api.w.org\/{rel}","templated":true}]}}