{"id":104701,"date":"2023-02-23T08:00:38","date_gmt":"2023-02-23T08:00:38","guid":{"rendered":"https:\/\/www.nettali.com\/?p=104701"},"modified":"2023-03-02T09:44:11","modified_gmt":"2023-03-02T09:44:11","slug":"idiovisuel-le-paroxysme-de-la-confusion","status":"publish","type":"post","link":"https:\/\/www.nettali.com\/2023\/02\/23\/idiovisuel-le-paroxysme-de-la-confusion\/","title":{"rendered":"IDIOVISUEL - Le Paroxysme de la confusion !"},"content":{"rendered":"<p><strong>NETTALI.COM - Qui aurait pu pr\u00e9dire un tel niveau de confusion et de d\u00e9sordre au S\u00e9n\u00e9gal ? Le spectacle qui se donne \u00e0 lire, est tout simplement ahurissant. Plus rien n\u2019est sacr\u00e9 et important. Tout est chahut\u00e9. Aucun pan de la soci\u00e9t\u00e9 n\u2019est \u00e9pargn\u00e9, pas m\u00eame les autorit\u00e9s religieuses ! La v\u00e9rit\u00e9 est qu\u2019un tel niveau d\u2019affrontement, de m\u00e9moire de S\u00e9n\u00e9galais, n\u2019a jamais exist\u00e9 sous nos cieux. Pas m\u00eame entre le p\u00e8re Wade et le fils Macky Sall, convoqu\u00e9 \u00e0 l\u2019\u00e9poque \u00e0 la S\u00fbret\u00e9 urbaine pour un suppos\u00e9 blanchiment de capitaux. Idrissa Seck a \u00e9t\u00e9 certes emprisonn\u00e9 dans le cadre des chantiers de Thi\u00e8s, mais \u00e0 l\u2019arriv\u00e9e, lui et Me Wade, son p\u00e8re spirituel, avaient r\u00e9ussi \u00e0 se reconnecter.<\/strong><\/p>\n<p>Les relations heurt\u00e9es entre Me Abdoulaye Wade et Idrissa Seck d\u2019une part, Me Wade et Macky Sall d\u2019autre part, n\u2019avaient pas connu un tel niveau d\u2019hostilit\u00e9s. La v\u00e9rit\u00e9 est que le pape du Sopi savait \u00eatre \u201cgaind\u00e9\u201d (lion) et li\u00e8vre \u201cleuk\u201d \u00e0 la fois. Il avait aussi cette capacit\u00e9 de manier les bonnes vertus de la discussion et laissait toujours une ouverture pour d\u00e9samorcer la \u00ab bombe \u00bb avant qu\u2019elle n\u2019\u00e9clate, au prix souvent de sa cr\u00e9dibilit\u00e9 politique. C\u2019est cette posture qu\u2019il partageait avec des hommes \u00e0 l\u2019int\u00e9grit\u00e9 reconnue, tels Maguette Thiam, Amath Dansokho, Abdoulaye Bathily, etc. et qui a rendu possibles les diff\u00e9rents gouvernements d\u2019union que le S\u00e9n\u00e9gal a connus dans les ann\u00e9es 90 et 2000. C\u2019est aussi cela la diff\u00e9rence fondamentale entre le \u201cBleu en chef\u201d\u2019 de la p\u00e9riode des braises et les nouveaux ca\u00efds de la p\u00e8gre politique.<\/p>\n<p>Les jeunes d\u2019aujourd\u2019hui sont rebelles et cela peut se comprendre ais\u00e9ment. Qui ne l\u2019\u00e9tait pas \u00e0 la m\u00eame \u00e9poque et \u00e0 leur \u00e2ge ? Qui se rappelle de son niveau de maturit\u00e9 lorsqu\u2019il fut jeune et de la facilit\u00e9 avec laquelle, il pouvait se faire manipuler \u00e0 l\u2019app\u00e2t de lendemains meilleurs ?<\/p>\n<p>Changement d\u2019\u00e9poque, changement de r\u00e9alit\u00e9. Avec Internet et les r\u00e9seaux sociaux, dans un monde o\u00f9 l\u2019information circule \u00e0 une vitesse grand V et se partage dans des flux ininterrompus, incontr\u00f4lables, souvent sans filtre, ni recul, le risque de manipulations est devenu tr\u00e8s grand avec le cort\u00e8ge de fake news. Les cons\u00e9quences des actes pos\u00e9s, sont difficiles \u00e0 appr\u00e9hender.<\/p>\n<p>Dans un pass\u00e9 r\u00e9cent, les jeunes int\u00e9graient le monde de la politique par le biais des partis politiques et subissaient des formations en tant que militants avec une certaine discipline de parti. Tout cela n\u2019est plus de mise aujourd\u2019hui. Ceux-l\u00e0 se contentent d\u00e9sormais d\u2019exprimer leur ras le bol, peu importe la mani\u00e8re et les moyens. Ils sont fougueux et le paradigme musculaire semble avoir pris le dessus sur tout le reste.<\/p>\n<p>Depuis en effet qu\u2019a \u00e9t\u00e9 inaugur\u00e9e l\u2019\u00e8re du d\u00e9gagisme, le ph\u00e9nom\u00e8ne semble \u00eatre all\u00e9 en s\u2019amplifiant. L\u2019on ne se pr\u00e9occupe plus vraiment de savoir qui pour succ\u00e9der \u00e0 celui qu\u2019on veut voir plier bagage. L\u2019on d\u00e9gomme juste pour mettre l\u2019homme politique du moment, vu en messie, sans pour autant prendre la peine de voir qui il est r\u00e9ellement, quel est son niveau de moralit\u00e9 et ses r\u00e9seaux d\u2019amis, sans oublier son entourage. S\u2019il en est ainsi, c\u2019est parce que nos candidats \u00e0 la magistrature supr\u00eame se pr\u00e9sentent devant les \u00e9lecteurs avec des jeux de masques si cors\u00e9s qu\u2019on les prendrait pour de doux agneaux. Cette r\u00e8gle est d\u2019ailleurs vraie sous nos tropiques comme ailleurs.<\/p>\n<p>Mais une fois install\u00e9 au tr\u00f4ne, voil\u00e0 que les masques tombent un \u00e0 un, pour montrer souvent un visage bien loin de la premi\u00e8re perception que nous en avions. Le pr\u00e9sident Macky Sall lui-m\u00eame \u00e9tait per\u00e7u comme un \u00ab doux \u00bb d\u2019entre les \u00ab doux \u00bb, sans main de fer. Nous savons aujourd\u2019hui que malgr\u00e9 certaines qualit\u00e9s r\u00e9elles, il sait \u00eatre redoutable et impitoyable. Les citoyens doivent savoir que les politiques ne leur disent pas tout. Et qu\u2019ils oublient bien souvent de signaler \u00e0 leurs \u00ab militants bien aim\u00e9s \u00bb qu\u2019ils ont un tel homme d\u2019affaires comme ami qui finance en catimini leur campagne et qui est calculateur et fut\u00e9 pour se faire rembourser ensuite en march\u00e9s sonnants et tr\u00e9buchants, apr\u00e8s l\u2019\u00e9lection.<\/p>\n<p>Il est tout aussi vrai, qu\u2019au-del\u00e0 des masques qui finissent par tomber, ceux qui sont au pouvoir, finissent par r\u00e9v\u00e9ler au grand jour leurs limites, l\u2019usure dans l\u2019exercice du pouvoir et un plafonnement dans une gestion du pouvoir \u00e0 leur guise, \u00e0 un point tel que la seule option pour ceux qui veulent les voir partir, c\u2019est de se d\u00e9barrasser d\u2019eux. Par n\u2019importe quel moyen. A n\u2019importe quel prix. Ceci explique donc cela.<\/p>\n<p>Donc l\u2019on comprend bien que les postures actuelles et m\u00eame pass\u00e9es, puissent sans nul doute trouver leur essence dans l\u2019affaissement du niveau des politiques (comme des autres secteurs d\u2019ailleurs de la vie nationale) au point que le seul g\u00e9nie d\u00e9ploy\u00e9, est de type musculaire. C\u2019est une sorte de carence qu\u2019on cherche \u00e0 camoufler avec la poussi\u00e8re de la meute.<\/p>\n<p>La vitrine d\u00e9mocratique s\u00e9n\u00e9galaise a \u00e9clat\u00e9 depuis belle lurette. En mille morceaux d\u2019ailleurs. Mais \u00e9tait-elle aussi solide qu\u2019on le pense ? Une d\u00e9mocratie ne peut en r\u00e9alit\u00e9 nullement se suffire d\u2019\u00e9lections qui se d\u00e9roulent tous les 7 ans voire 5 ans. Une d\u00e9mocratie, ce sont \u00e0 la fois une s\u00e9paration des pouvoirs dans laquelle chacun d\u2019entre eux peut arr\u00eater l\u2019autre, en \u00e9tant ind\u00e9pendant l\u2019un de l\u2019autre, sans toutefois exclure une collaboration. Une d\u00e9mocratie, ce sont aussi des partis politiques l\u00e9galement constitu\u00e9s et financ\u00e9s suivant un syst\u00e8me de financement transparent, contr\u00f4l\u00e9 mais dans un syst\u00e8me partisan o\u00f9 ceux qui aspirent \u00e0 r\u00e9colter les suffrages des citoyens sont suffisamment repr\u00e9sentatifs parce qu\u2019ils auront obtenu un pourcentage critique (5% par exemple) lors d\u2019\u00e9lections pass\u00e9es afin de ne pas encombrer les pr\u00e9tendants s\u00e9rieux. Un tel syst\u00e8me aurait par exemple pu permettre d\u2019\u00e9viter la multitude de partis et ce syst\u00e8me de parrainage si d\u00e9cri\u00e9. \u00catre d\u00e9mocrate aussi, c\u2019est aussi \u00eatre respectueux des institutions. Et bien d\u2019autres crit\u00e8res \u00e0 remplir.<\/p>\n<p><strong>L\u2019\u00e9quation des candidatures, la cause de tous les probl\u00e8mes<\/strong><\/p>\n<p>Hormis les candidatures de Macky Sall, Khalifa Sall et Karim Wade qui suscitent des interrogations, celle d\u2019Ousmane Sonko, m\u00eame si elle n\u2019est pas pour l\u2019heure compromise, est celle qui est la cause de tout ce brouhaha et cette division sans pr\u00e9c\u00e9dent de la soci\u00e9t\u00e9 s\u00e9n\u00e9galaise. En effet dans les dossiers judiciaires d\u2019Ousmane Sonko, ce derniers, ses partisans et une partie de l\u2019opinion voit une main politique. Les pr\u00e9c\u00e9dents Khalifa Sall et Karim Wade qui ont \u00e9t\u00e9 les seuls \u00e0 finir en prison dans un lot d\u2019autres acteurs politiques \u00e9pingl\u00e9s dans des rapports, ont fini de cr\u00e9er une jurisprudence qui, aujourd\u2019hui, entra\u00eene toutes sortes de suspicions qui accr\u00e9ditent une certaine th\u00e8se visant \u00e0 \u00e9carter des adversaires politiques. Et le pire, c\u2019est qu\u2019au regard du niveau de pourrissement dans le traitement de ce dossier de viol, il devient de plus en difficile de faire croire \u00e0 une opinion aussi divis\u00e9e, en une justice qui serait l\u00e0 en simple redresseuse de tort. Et m\u00eame dans l\u2019affaire Mame Mbaye Niang, malgr\u00e9 le lapsus reconnu par Sonko, une partie de l\u2019opinion est en d\u00e9saccord pour une condamnation qui rendrait in\u00e9ligible le candidat Sonko.<\/p>\n<p>Dans le m\u00eame temps, dans le camp du pouvoir, les arguments les mieux partag\u00e9s, sont ceux qui vont dans le sens de se demander s\u2019il faut, sous le pr\u00e9texte qu\u2019Ousmane Sonko serait un candidat populaire, il faudrait faire fi des plaintes d\u2019autres justiciables. C\u2019est la question que se posait Karim Kofana, ministre du commerce et porte-parole du gouvernement \u00e0 \u00ab Grand Jury \u00bb de la RFM de ce dimanche 19 f\u00e9vrier.<\/p>\n<p>En effet, une condamnation m\u00eame \u00e0 3 mois avec sursis, devenue d\u00e9finitive dans le cadre du proc\u00e8s en diffamation, rendrait le leader de Pastef in\u00e9ligible.<\/p>\n<p><strong>L\u2019\u00e9quation de l\u2019in\u00e9ligibilit\u00e9<\/strong><\/p>\n<p>Une question d\u2019in\u00e9ligibilit\u00e9 d\u2019ailleurs soulev\u00e9e \u00e0 l\u2019\u00e9mission \u00ab L\u2019air du temps \u00bb sur I-Radio de ce m\u00eame dimanche 19 f\u00e9vrier et au cours de laquelle, la socio-anthropologue Anne de l\u2019Universit\u00e9 Assane Seck \u00e9voquait une loi h\u00e9rit\u00e9e de la France et qui a \u00e9volu\u00e9 dans le cas de sanctions p\u00e9nales.<br \/>\nEn France, la question qui s\u2019est pos\u00e9e, \u00e9tait de savoir si le l\u00e9gislateur peut pr\u00e9voir de rendre in\u00e9ligible les personnes condamn\u00e9es pour certains faits pr\u00e9cis de fa\u00e7on automatique, par exemple des manquements au devoir de probit\u00e9 (corruption passive, prise ill\u00e9gale d\u2019int\u00e9r\u00eats, concussion\u2026) ou des faits de provocation \u00e0 la haine raciale.<\/p>\n<p>La r\u00e9ponse \u00e9tait positive de 1964 \u00e0 2010, puisque le Code \u00e9lectoral pr\u00e9voyait certaines in\u00e9galit\u00e9s de la sorte. De 1995 \u00e0 2010, son article L. 7 interdisait par exemple d\u2019inscrire sur les listes \u00e9lectorales les personnes coupables de concussion, corruption, trafic d\u2019influence, favoritisme, prise ill\u00e9gale d\u2019int\u00e9r\u00eats, d\u00e9tournement de biens, intimidation contre les personnes exer\u00e7ant une fonction publique, ou de recel d\u2019une de ces infractions.<\/p>\n<p>Cette conception des choses a toutefois \u00e9t\u00e9 remise en cause en 2010 par une d\u00e9cision du juge constitutionnel, sous l\u2019effet conjugu\u00e9 des aspirations des citoyens \u00e0 \u00eatre davantage associ\u00e9s \u00e0 la prise de d\u00e9cision publique et, peut-\u00eatre surtout, de la d\u00e9nonciation par les \u00e9lus de l\u2019excessive judiciarisation de la vie publique.<br \/>\nMais dire que la loi ne peut plus pr\u00e9voir d\u2019in\u00e9ligibilit\u00e9 automatique \u00e0 la suite de certaines condamnations, ne veut pas dire que toute in\u00e9ligibilit\u00e9 est impossible en mati\u00e8re p\u00e9nale. L\u2019article 131 \u2013 26 2\u00e8 du code p\u00e9nal permet en effet au juge de faire de l\u2019in\u00e9ligibilit\u00e9 une peine compl\u00e9mentaire. Sa dur\u00e9e ne peut alors en principe exc\u00e9der dix ans en cas de condamnation pour crime et cinq ans en cas de condamnation pour d\u00e9lit.<\/p>\n<p>Par exception, l\u2019article 131-26-1 permet au juge de porter cette peine d\u2019in\u00e9ligibilit\u00e9 \u00e0 \u00ab dix ans au plus \u00e0 l\u2019encontre d\u2019une personne exer\u00e7ant une fonction de membre du Gouvernement ou un mandat \u00e9lectif public au moment des faits \u00bb. L\u2019article 131-26-2 du code p\u00e9nal impose en outre \u00ab <em>le prononc\u00e9 de la peine compl\u00e9mentaire d\u2019in\u00e9ligibilit\u00e9<\/em> \u00bb \u00e0 l\u2019encontre de toute personne coupable de d\u00e9lits de violence, discrimination, escroqueries, terrorisme, manquements au devoir de probit\u00e9, fraudes \u00e9lectorales, etc.<\/p>\n<p>Cette solution est constitutionnelle puisque l\u2019article pr\u00e9cise que \u00ab la juridiction peut, par une d\u00e9cision sp\u00e9cialement motiv\u00e9e, d\u00e9cider de ne pas prononcer la peine pr\u00e9vue [\u2026], en consid\u00e9ration des circonstances de l\u2019infraction et de la personnalit\u00e9 de son auteur \u00bb.<\/p>\n<p>Ces dispositions posent ainsi la question de savoir, qui du juge ou du corps \u00e9lectoral doit arbitrer les qualit\u00e9s des personnes se pr\u00e9sentant ou voulant se pr\u00e9senter \u00e0 une \u00e9lection politique au niveau national (ou m\u00eame local).<\/p>\n<p>En 2004, un ancien premier ministre avait \u00e9t\u00e9 condamn\u00e9 \u00e0 un an d\u2019in\u00e9ligibilit\u00e9 en appel contre 10 en premi\u00e8re instance. Tandis que les juges du premier degr\u00e9 avaient implicitement estim\u00e9 qu\u2019il leur revenait de s\u2019opposer \u00e0 la candidature (que chacun pensait probable \u00e0 l\u2019\u00e9poque) de l\u2019int\u00e9ress\u00e9 \u00e0 l\u2019\u00e9lection pr\u00e9sidentielle de 2007 en proc\u00e9dant \u00e0 une application m\u00e9canique de la loi, les juges d\u2019appel avaient, eux, tout aussi implicitement consid\u00e9r\u00e9 que la d\u00e9cision de l\u2019\u00e9lire ou non devait revenir aux \u00e9lecteurs.<\/p>\n<p><strong>Les hostilit\u00e9s ont d\u00e9but\u00e9<\/strong><\/p>\n<p>Aujourd\u2019hui, les proc\u00e8s se succ\u00e8dent pour Ousmane Sonko. Si celui en diffamation initi\u00e9 par le ministre du tourisme Mame Mbaye Niang suit son cours, il a pour l\u2019instant subi deux renvois ; quant \u00e0 celui pour viol dans lequel, le leader de Pastef est renvoy\u00e9 devant la chambre criminelle, il avait attaqu\u00e9 devant la chambre d\u2019accusation de la cour d\u2019Appel avant d\u2019\u00eatre finalement rejet\u00e9.<\/p>\n<p>Les avocats d\u2019Ousmane Sonko ont pour l\u2019heure d\u00e9cid\u00e9 d\u2019user de batailles de proc\u00e9dures et jouer la montre en faisant un recours au niveau de la Cour supr\u00eame. Mais pendant ce temps Ousmane Sonko fait feu de tout bois et s\u2019active sur le terrain politique dans un face \u00e0 face \u00e9lectrique avec le camp du pouvoir. C\u2019est d\u00e9sormais du \u0153il pour \u0153il, dent pour dent, entre Ousmane Sonko et le camp du pouvoir qui ne veut plus voir ce dernier en roue libre, au c\u0153ur de la r\u00e9publique. Ce sont en effet une course-poursuite sans fin et une surench\u00e8re verbale sans pr\u00e9c\u00e9dent qui ont lieu. Ousmane Sonko organise un rassemblement \u00e9norme \u00e0 Keur Massar, le pouvoir riposte par un meeting monstre \u00e0 Pikine, plus pr\u00e9cis\u00e9ment \u00e0 Jeedah Thiaroye Kaw. Lors du conseil des ministres d\u00e9centralis\u00e9 \u00e0 Thi\u00e8s, Macky Sall fait une d\u00e9monstration de force en mobilisant toute la r\u00e9gion et en multipliant les inaugurations jusqu\u2019\u00e0 Mbour et Tivaouane. Il fait un d\u00e9tour par Saint-Louis et s\u2019offre un bain de foule \u00e0 Bango, l\u2019un des fiefs de Mansour Faye, sur le chemin du lancement du Centenaire du Prytan\u00e9e qu\u2019il pr\u00e9sidait.<\/p>\n<p>R\u00e9ponse du berger \u00e0 la berg\u00e8re, Ousmane Sonko, apr\u00e8s avoir pri\u00e9 \u00e0 Touba, suite \u00e0 l\u2019interdiction d\u2019un rassemblement \u00e0 Mback\u00e9, brave l\u2019interdit. La ville de Mback\u00e9 est pris d\u2019assaut, des stations d\u2019essence sont saccag\u00e9es et des commerces pill\u00e9s. Des manifestants sont arr\u00eat\u00e9s. Bref on est en plein dans la confrontation.<\/p>\n<p>La suite, on la conna\u00eet. Les autorit\u00e9s religieuses de Touba, par la voix de Serigne Abdou Khadre s\u2019en m\u00ealent et d\u00e9plorent les \u00e9v\u00e9nements de Mback\u00e9 tout en promettant de ne plus voir se reproduire une telle d\u00e9fiance. Le marabout se retrouve lui-m\u00eame attaqu\u00e9 dans un contexte o\u00f9 des voix se sont \u00e9lev\u00e9es pour d\u00e9noncer une volont\u00e9 de discr\u00e9diter les chefs religieux. Bref on nage en plein d\u00e9lire.<\/p>\n<p>Jeudi 16 f\u00e9vrier, sur le chemin du retour de son proc\u00e8s pour diffamation, Ousmane Sonko se voit extirper de son v\u00e9hicule avant d\u2019\u00eatre embarqu\u00e9 dans un fourgon en direction de son domicile. La vitre de son v\u00e9hicule est cass\u00e9e. Le pouvoir n\u2019entend plus le laisser drainer des mouvements de foule dont les cons\u00e9quences pourraient \u00eatre impr\u00e9visibles. Ce qui \u00e9tait arriv\u00e9 en mars sur la route du tribunal, suite \u00e0 l\u2019arrestation d\u2019Ousmane Sonko, le camp du pouvoir ne veut plus le voir se reproduire.<\/p>\n<p>Le pr\u00e9sident de la R\u00e9publique, Macky Sall, s\u2019est en tout cas voulu clair : l'Etat ne va pas faiblir dans sa mission de maintien de la paix.<br \/>\nOusmane Sonko non plus n\u2019entend pas se laisser faire et campe sur ses positions quant \u00e0 sa motivation \u00e0 ne pas finir comme d\u2019autres. Et ses actes d\u00e9montrent chaque jour \u00e0 souhait qu\u2019il ne se laissera pas abattre sans combattre. \u00ab S\u2019il ne fait pas attention ou il s\u2019ent\u00eate ou touche un membre de cette coalition, le peuple va le sortir du palais et le trainer dehors dans la rue, comme les autres dictateurs des autres pays. Qu\u2019il sache raison garder\u201d, a d\u00e9clar\u00e9 Sonko lors de la c\u00e9l\u00e9bration des 25 du Pur.<\/p>\n<p>Une situation de crispations et de confrontation qui ne laisse en tout cas pr\u00e9sager rien de bon. Surtout que des slogans assez virils se multiplient pour traduire la confrontation qui n\u2019est pas pr\u00eate de faiblir. Entre Gatsa Gatsa, T\u2026 Sa G\u2026 et Thiaw sa Khiir, la violence est en train tout simplement d\u2019\u00eatre banalis\u00e9e !!!!<\/p>\n<div class='share-to-whatsapp-wrapper'><div class='share-on-whsp'>PARTAGER SUR : <\/div><a data-text='IDIOVISUEL - Le Paroxysme de la confusion !' data-link='https:\/\/www.nettali.com\/2023\/02\/23\/idiovisuel-le-paroxysme-de-la-confusion\/' class='whatsapp-button whatsapp-share'>WhatsApp<\/a><div class='clear '><\/div><\/div>","protected":false},"excerpt":{"rendered":"<p>NETTALI.COM - Qui aurait pu pr\u00e9dire un tel niveau de confusion et de d\u00e9sordre au S\u00e9n\u00e9gal ? Le spectacle qui se donne \u00e0 lire, est tout simplement ahurissant. Plus rien n\u2019est sacr\u00e9 et important. Tout est chahut\u00e9. Aucun pan de la soci\u00e9t\u00e9 n\u2019est \u00e9pargn\u00e9, pas m\u00eame les autorit\u00e9s religieuses ! La v\u00e9rit\u00e9 est qu\u2019un tel [&hellip;]<\/p>\n","protected":false},"author":2,"featured_media":104734,"comment_status":"open","ping_status":"open","sticky":false,"template":"","format":"standard","meta":{"_et_pb_use_builder":"","_et_pb_old_content":""},"categories":[9],"tags":[],"yoast_head":"<!-- This site is optimized with the Yoast SEO Premium plugin v17.8 (Yoast SEO v17.8) - https:\/\/yoast.com\/wordpress\/plugins\/seo\/ -->\n<title>IDIOVISUEL - Le Paroxysme de la confusion ! | Nettali.com<\/title>\n<meta name=\"robots\" content=\"index, follow, max-snippet:-1, max-image-preview:large, max-video-preview:-1\" \/>\n<link rel=\"canonical\" href=\"https:\/\/www.nettali.com\/2023\/02\/23\/idiovisuel-le-paroxysme-de-la-confusion\/\" \/>\n<meta property=\"og:locale\" content=\"fr_FR\" \/>\n<meta property=\"og:type\" content=\"article\" \/>\n<meta property=\"og:title\" content=\"IDIOVISUEL - Le Paroxysme de la confusion !\" \/>\n<meta property=\"og:description\" content=\"NETTALI.COM - Qui aurait pu pr\u00e9dire un tel niveau de confusion et de d\u00e9sordre au S\u00e9n\u00e9gal ? Le spectacle qui se donne \u00e0 lire, est tout simplement ahurissant. Plus rien n\u2019est sacr\u00e9 et important. Tout est chahut\u00e9. Aucun pan de la soci\u00e9t\u00e9 n\u2019est \u00e9pargn\u00e9, pas m\u00eame les autorit\u00e9s religieuses ! La v\u00e9rit\u00e9 est qu\u2019un tel [&hellip;]\" \/>\n<meta property=\"og:url\" content=\"https:\/\/www.nettali.com\/2023\/02\/23\/idiovisuel-le-paroxysme-de-la-confusion\/\" \/>\n<meta property=\"og:site_name\" content=\"Nettali.com\" \/>\n<meta property=\"article:publisher\" content=\"https:\/\/www.facebook.com\/nettalicom\" \/>\n<meta property=\"article:published_time\" content=\"2023-02-23T08:00:38+00:00\" \/>\n<meta property=\"article:modified_time\" content=\"2023-03-02T09:44:11+00:00\" \/>\n<meta property=\"og:image\" content=\"https:\/\/www.nettali.com\/wp-content\/uploads\/2023\/02\/sonko-wade-sall-fall.jpg\" \/>\n\t<meta property=\"og:image:width\" content=\"1280\" \/>\n\t<meta property=\"og:image:height\" content=\"600\" \/>\n<meta name=\"twitter:card\" content=\"summary_large_image\" \/>\n<meta name=\"twitter:label1\" content=\"\u00c9crit par\" \/>\n\t<meta name=\"twitter:data1\" content=\"CK\" \/>\n\t<meta name=\"twitter:label2\" content=\"Dur\u00e9e de lecture estim\u00e9e\" \/>\n\t<meta name=\"twitter:data2\" content=\"13 minutes\" \/>\n<script type=\"application\/ld+json\" class=\"yoast-schema-graph\">{\"@context\":\"https:\/\/schema.org\",\"@graph\":[{\"@type\":\"WebSite\",\"@id\":\"https:\/\/www.nettali.com\/#website\",\"url\":\"https:\/\/www.nettali.com\/\",\"name\":\"Nettali.com\",\"description\":\"Le rendez-vous critique du Net\",\"potentialAction\":[{\"@type\":\"SearchAction\",\"target\":{\"@type\":\"EntryPoint\",\"urlTemplate\":\"https:\/\/www.nettali.com\/?s={search_term_string}\"},\"query-input\":\"required name=search_term_string\"}],\"inLanguage\":\"fr-FR\"},{\"@type\":\"ImageObject\",\"@id\":\"https:\/\/www.nettali.com\/2023\/02\/23\/idiovisuel-le-paroxysme-de-la-confusion\/#primaryimage\",\"inLanguage\":\"fr-FR\",\"url\":\"https:\/\/www.nettali.com\/wp-content\/uploads\/2023\/02\/sonko-wade-sall-fall.jpg\",\"contentUrl\":\"https:\/\/www.nettali.com\/wp-content\/uploads\/2023\/02\/sonko-wade-sall-fall.jpg\",\"width\":1280,\"height\":600},{\"@type\":\"WebPage\",\"@id\":\"https:\/\/www.nettali.com\/2023\/02\/23\/idiovisuel-le-paroxysme-de-la-confusion\/#webpage\",\"url\":\"https:\/\/www.nettali.com\/2023\/02\/23\/idiovisuel-le-paroxysme-de-la-confusion\/\",\"name\":\"IDIOVISUEL - Le Paroxysme de la confusion ! | Nettali.com\",\"isPartOf\":{\"@id\":\"https:\/\/www.nettali.com\/#website\"},\"primaryImageOfPage\":{\"@id\":\"https:\/\/www.nettali.com\/2023\/02\/23\/idiovisuel-le-paroxysme-de-la-confusion\/#primaryimage\"},\"datePublished\":\"2023-02-23T08:00:38+00:00\",\"dateModified\":\"2023-03-02T09:44:11+00:00\",\"author\":{\"@id\":\"https:\/\/www.nettali.com\/#\/schema\/person\/d8ac7b7e27ddad43f1c0d2ef090d7f71\"},\"breadcrumb\":{\"@id\":\"https:\/\/www.nettali.com\/2023\/02\/23\/idiovisuel-le-paroxysme-de-la-confusion\/#breadcrumb\"},\"inLanguage\":\"fr-FR\",\"potentialAction\":[{\"@type\":\"ReadAction\",\"target\":[\"https:\/\/www.nettali.com\/2023\/02\/23\/idiovisuel-le-paroxysme-de-la-confusion\/\"]}]},{\"@type\":\"BreadcrumbList\",\"@id\":\"https:\/\/www.nettali.com\/2023\/02\/23\/idiovisuel-le-paroxysme-de-la-confusion\/#breadcrumb\",\"itemListElement\":[{\"@type\":\"ListItem\",\"position\":1,\"name\":\"Accueil\",\"item\":\"https:\/\/www.nettali.com\/\"},{\"@type\":\"ListItem\",\"position\":2,\"name\":\"IDIOVISUEL - Le Paroxysme de la confusion !\"}]},{\"@type\":\"Person\",\"@id\":\"https:\/\/www.nettali.com\/#\/schema\/person\/d8ac7b7e27ddad43f1c0d2ef090d7f71\",\"name\":\"CK\",\"image\":{\"@type\":\"ImageObject\",\"@id\":\"https:\/\/www.nettali.com\/#personlogo\",\"inLanguage\":\"fr-FR\",\"url\":\"https:\/\/secure.gravatar.com\/avatar\/1d8d5118b9327d94da7cd4ce7f17fec2?s=96&d=mm&r=g\",\"contentUrl\":\"https:\/\/secure.gravatar.com\/avatar\/1d8d5118b9327d94da7cd4ce7f17fec2?s=96&d=mm&r=g\",\"caption\":\"CK\"},\"sameAs\":[\"https:\/\/www.nettali.com\"]}]}<\/script>\n<!-- \/ Yoast SEO Premium plugin. -->","yoast_head_json":{"title":"IDIOVISUEL - Le Paroxysme de la confusion ! | Nettali.com","robots":{"index":"index","follow":"follow","max-snippet":"max-snippet:-1","max-image-preview":"max-image-preview:large","max-video-preview":"max-video-preview:-1"},"canonical":"https:\/\/www.nettali.com\/2023\/02\/23\/idiovisuel-le-paroxysme-de-la-confusion\/","og_locale":"fr_FR","og_type":"article","og_title":"IDIOVISUEL - Le Paroxysme de la confusion !","og_description":"NETTALI.COM - Qui aurait pu pr\u00e9dire un tel niveau de confusion et de d\u00e9sordre au S\u00e9n\u00e9gal ? Le spectacle qui se donne \u00e0 lire, est tout simplement ahurissant. Plus rien n\u2019est sacr\u00e9 et important. Tout est chahut\u00e9. Aucun pan de la soci\u00e9t\u00e9 n\u2019est \u00e9pargn\u00e9, pas m\u00eame les autorit\u00e9s religieuses ! La v\u00e9rit\u00e9 est qu\u2019un tel [&hellip;]","og_url":"https:\/\/www.nettali.com\/2023\/02\/23\/idiovisuel-le-paroxysme-de-la-confusion\/","og_site_name":"Nettali.com","article_publisher":"https:\/\/www.facebook.com\/nettalicom","article_published_time":"2023-02-23T08:00:38+00:00","article_modified_time":"2023-03-02T09:44:11+00:00","og_image":[{"width":1280,"height":600,"url":"https:\/\/www.nettali.com\/wp-content\/uploads\/2023\/02\/sonko-wade-sall-fall.jpg","type":"image\/jpeg"}],"twitter_card":"summary_large_image","twitter_misc":{"\u00c9crit par":"CK","Dur\u00e9e de lecture estim\u00e9e":"13 minutes"},"schema":{"@context":"https:\/\/schema.org","@graph":[{"@type":"WebSite","@id":"https:\/\/www.nettali.com\/#website","url":"https:\/\/www.nettali.com\/","name":"Nettali.com","description":"Le rendez-vous critique du Net","potentialAction":[{"@type":"SearchAction","target":{"@type":"EntryPoint","urlTemplate":"https:\/\/www.nettali.com\/?s={search_term_string}"},"query-input":"required name=search_term_string"}],"inLanguage":"fr-FR"},{"@type":"ImageObject","@id":"https:\/\/www.nettali.com\/2023\/02\/23\/idiovisuel-le-paroxysme-de-la-confusion\/#primaryimage","inLanguage":"fr-FR","url":"https:\/\/www.nettali.com\/wp-content\/uploads\/2023\/02\/sonko-wade-sall-fall.jpg","contentUrl":"https:\/\/www.nettali.com\/wp-content\/uploads\/2023\/02\/sonko-wade-sall-fall.jpg","width":1280,"height":600},{"@type":"WebPage","@id":"https:\/\/www.nettali.com\/2023\/02\/23\/idiovisuel-le-paroxysme-de-la-confusion\/#webpage","url":"https:\/\/www.nettali.com\/2023\/02\/23\/idiovisuel-le-paroxysme-de-la-confusion\/","name":"IDIOVISUEL - Le Paroxysme de la confusion ! | Nettali.com","isPartOf":{"@id":"https:\/\/www.nettali.com\/#website"},"primaryImageOfPage":{"@id":"https:\/\/www.nettali.com\/2023\/02\/23\/idiovisuel-le-paroxysme-de-la-confusion\/#primaryimage"},"datePublished":"2023-02-23T08:00:38+00:00","dateModified":"2023-03-02T09:44:11+00:00","author":{"@id":"https:\/\/www.nettali.com\/#\/schema\/person\/d8ac7b7e27ddad43f1c0d2ef090d7f71"},"breadcrumb":{"@id":"https:\/\/www.nettali.com\/2023\/02\/23\/idiovisuel-le-paroxysme-de-la-confusion\/#breadcrumb"},"inLanguage":"fr-FR","potentialAction":[{"@type":"ReadAction","target":["https:\/\/www.nettali.com\/2023\/02\/23\/idiovisuel-le-paroxysme-de-la-confusion\/"]}]},{"@type":"BreadcrumbList","@id":"https:\/\/www.nettali.com\/2023\/02\/23\/idiovisuel-le-paroxysme-de-la-confusion\/#breadcrumb","itemListElement":[{"@type":"ListItem","position":1,"name":"Accueil","item":"https:\/\/www.nettali.com\/"},{"@type":"ListItem","position":2,"name":"IDIOVISUEL - Le Paroxysme de la confusion !"}]},{"@type":"Person","@id":"https:\/\/www.nettali.com\/#\/schema\/person\/d8ac7b7e27ddad43f1c0d2ef090d7f71","name":"CK","image":{"@type":"ImageObject","@id":"https:\/\/www.nettali.com\/#personlogo","inLanguage":"fr-FR","url":"https:\/\/secure.gravatar.com\/avatar\/1d8d5118b9327d94da7cd4ce7f17fec2?s=96&d=mm&r=g","contentUrl":"https:\/\/secure.gravatar.com\/avatar\/1d8d5118b9327d94da7cd4ce7f17fec2?s=96&d=mm&r=g","caption":"CK"},"sameAs":["https:\/\/www.nettali.com"]}]}},"_links":{"self":[{"href":"https:\/\/www.nettali.com\/rest\/wp\/v2\/posts\/104701"}],"collection":[{"href":"https:\/\/www.nettali.com\/rest\/wp\/v2\/posts"}],"about":[{"href":"https:\/\/www.nettali.com\/rest\/wp\/v2\/types\/post"}],"author":[{"embeddable":true,"href":"https:\/\/www.nettali.com\/rest\/wp\/v2\/users\/2"}],"replies":[{"embeddable":true,"href":"https:\/\/www.nettali.com\/rest\/wp\/v2\/comments?post=104701"}],"version-history":[{"count":1,"href":"https:\/\/www.nettali.com\/rest\/wp\/v2\/posts\/104701\/revisions"}],"predecessor-version":[{"id":104702,"href":"https:\/\/www.nettali.com\/rest\/wp\/v2\/posts\/104701\/revisions\/104702"}],"wp:featuredmedia":[{"embeddable":true,"href":"https:\/\/www.nettali.com\/rest\/wp\/v2\/media\/104734"}],"wp:attachment":[{"href":"https:\/\/www.nettali.com\/rest\/wp\/v2\/media?parent=104701"}],"wp:term":[{"taxonomy":"category","embeddable":true,"href":"https:\/\/www.nettali.com\/rest\/wp\/v2\/categories?post=104701"},{"taxonomy":"post_tag","embeddable":true,"href":"https:\/\/www.nettali.com\/rest\/wp\/v2\/tags?post=104701"}],"curies":[{"name":"wp","href":"https:\/\/api.w.org\/{rel}","templated":true}]}}