{"id":104683,"date":"2023-02-22T08:45:28","date_gmt":"2023-02-22T08:45:28","guid":{"rendered":"https:\/\/www.nettali.com\/?p=104683"},"modified":"2023-02-22T08:45:28","modified_gmt":"2023-02-22T08:45:28","slug":"en-coulisses-wagner-pointe-du-doigt","status":"publish","type":"post","link":"https:\/\/www.nettali.com\/2023\/02\/22\/en-coulisses-wagner-pointe-du-doigt\/","title":{"rendered":"EN COULISSES - Wagner, point\u00e9 du doigt !"},"content":{"rendered":"<p><strong>NETTALI.COM -<\/strong> A l'invitation du gouvernement malien, Alioune Tine qui a effectu\u00e9 une visite officielle dans le pays, du 6 au 17 f\u00e9vrier derniers, a partag\u00e9 ce mardi 21 f\u00e9vrier, ses conclusions.<\/p>\n<p>En dehors des aspects li\u00e9s \u00e0 la transition politique, le fondateur d'Afrikajom Center a interpell\u00e9 sur les all\u00e9gations des violations commises par les forces de d\u00e9fense et de s\u00e9curit\u00e9 maliennes (FDSM) et leurs partenaires militaires russes.<\/p>\n<p>\"<em>Plusieurs acteurs avec lesquels je me suis entretenu lors de ma visite ont d\u00e9clar\u00e9 que les membres du personnel militaire et de s\u00e9curit\u00e9 russe (qu\u2019ils d\u00e9signaient par le nom de Wagner) participaient aux op\u00e9rations militaires, terrorisaient les villageois, ex\u00e9cutaient des civils, volaient les biens des populations y compris le b\u00e9tail et les bijoux, et violaient des femmes. D\u2019autres ont mentionn\u00e9 que les membres du personnel militaire et de s\u00e9curit\u00e9 russe collaboraient <\/em><em>avec les chasseurs traditionnels dozos dans certaines op\u00e9rations militaires<\/em>\u201d, a d\u00e9nonc\u00e9 Alioune Tine.<\/p>\n<p>De plus, a relev\u00e9 M. Tine, certains acteurs ont exprim\u00e9 des pr\u00e9occupations sur des probl\u00e8mes de communication de certains membres du personnel militaire et de s\u00e9curit\u00e9 russe qui ne parlaient ni fran\u00e7ais, ni anglais, ni les langues locales. Il existait ainsi des risques r\u00e9els de confusions sur l\u2019identit\u00e9 des suspects qu\u2019ils recherchaient et\/ou interpellaient lors de leurs op\u00e9rations.<\/p>\n<p>\"<em>J\u2019ai notamment fait part aux autorit\u00e9s maliennes de mes pr\u00e9occupations sur les all\u00e9gations que j\u2019ai re\u00e7ues, selon lesquelles les partenaires militaires russes du Mali proc\u00e8deraient \u00e0 des arrestations lors des op\u00e9rations militaires, qu\u2019ils d\u00e9tiendraient au secret des suspects (notamment dans un lieu de d\u00e9tention non officiel situ\u00e9 aux environs de l\u2019a\u00e9roport de Mopti-S\u00e9var\u00e9, dans la r\u00e9gion de Mopti) et qu\u2019ils soumettraient ces suspects a des interrogatoires sous la torture<\/em>\", a renseign\u00e9 le pr\u00e9sident d'Afrikajom Center.<\/p>\n<p>Selon M. Tine, plusieurs acteurs ont d\u00e9crit un ph\u00e9nom\u00e8ne qu\u2019ils ont qualifi\u00e9 de \u201c<em>sous-traitance des enqu\u00eates pr\u00e9liminaires<\/em>\u201d. Il a ainsi soutenu que ceci se manifestait par le fait qu\u2019au lieu de transf\u00e9rer \u00e0 la gendarmerie les personnes arr\u00eat\u00e9es lors des op\u00e9rations militaires, certains membres des FSDM confiaient parfois l\u2019interrogatoire et la d\u00e9tention de ces personnes aux membres du personnel militaire russe.<\/p>\n<p>Cette \"<em>sous-traitance des enqu\u00eates pr\u00e9liminaires<\/em>\" \u00e9tait l\u2019occasion des violations graves des droits humains, aux yeux d'Alioune Tine.<\/p>\n<div class='share-to-whatsapp-wrapper'><div class='share-on-whsp'>PARTAGER SUR : <\/div><a data-text='EN COULISSES - Wagner, point\u00e9 du doigt !' data-link='https:\/\/www.nettali.com\/2023\/02\/22\/en-coulisses-wagner-pointe-du-doigt\/' class='whatsapp-button whatsapp-share'>WhatsApp<\/a><div class='clear '><\/div><\/div>","protected":false},"excerpt":{"rendered":"<p>NETTALI.COM - A l'invitation du gouvernement malien, Alioune Tine qui a effectu\u00e9 une visite officielle dans le pays, du 6 au 17 f\u00e9vrier derniers, a partag\u00e9 ce mardi 21 f\u00e9vrier, ses conclusions. En dehors des aspects li\u00e9s \u00e0 la transition politique, le fondateur d'Afrikajom Center a interpell\u00e9 sur les all\u00e9gations des violations commises par les [&hellip;]<\/p>\n","protected":false},"author":2,"featured_media":104697,"comment_status":"open","ping_status":"open","sticky":false,"template":"","format":"standard","meta":{"_et_pb_use_builder":"","_et_pb_old_content":""},"categories":[34945],"tags":[],"yoast_head":"<!-- This site is optimized with the Yoast SEO Premium plugin v17.8 (Yoast SEO v17.8) - https:\/\/yoast.com\/wordpress\/plugins\/seo\/ -->\n<title>EN COULISSES - Wagner, point\u00e9 du doigt ! | Nettali.com<\/title>\n<meta name=\"robots\" content=\"index, follow, max-snippet:-1, max-image-preview:large, max-video-preview:-1\" \/>\n<link rel=\"canonical\" href=\"https:\/\/www.nettali.com\/2023\/02\/22\/en-coulisses-wagner-pointe-du-doigt\/\" \/>\n<meta property=\"og:locale\" content=\"fr_FR\" \/>\n<meta property=\"og:type\" content=\"article\" \/>\n<meta property=\"og:title\" content=\"EN COULISSES - Wagner, point\u00e9 du doigt !\" \/>\n<meta property=\"og:description\" content=\"NETTALI.COM - A l&#039;invitation du gouvernement malien, Alioune Tine qui a effectu\u00e9 une visite officielle dans le pays, du 6 au 17 f\u00e9vrier derniers, a partag\u00e9 ce mardi 21 f\u00e9vrier, ses conclusions. En dehors des aspects li\u00e9s \u00e0 la transition politique, le fondateur d&#039;Afrikajom Center a interpell\u00e9 sur les all\u00e9gations des violations commises par les [&hellip;]\" \/>\n<meta property=\"og:url\" content=\"https:\/\/www.nettali.com\/2023\/02\/22\/en-coulisses-wagner-pointe-du-doigt\/\" \/>\n<meta property=\"og:site_name\" content=\"Nettali.com\" \/>\n<meta property=\"article:publisher\" content=\"https:\/\/www.facebook.com\/nettalicom\" \/>\n<meta property=\"article:published_time\" content=\"2023-02-22T08:45:28+00:00\" \/>\n<meta property=\"og:image\" content=\"https:\/\/www.nettali.com\/wp-content\/uploads\/2023\/02\/cover-r4x3w1000-620be183356dc-25810-1523669-k2-k1-3520886-jpg.jpg\" \/>\n\t<meta property=\"og:image:width\" content=\"1000\" \/>\n\t<meta property=\"og:image:height\" content=\"750\" \/>\n<meta name=\"twitter:card\" content=\"summary_large_image\" \/>\n<meta name=\"twitter:label1\" content=\"\u00c9crit par\" \/>\n\t<meta name=\"twitter:data1\" content=\"CK\" \/>\n\t<meta name=\"twitter:label2\" content=\"Dur\u00e9e de lecture estim\u00e9e\" \/>\n\t<meta name=\"twitter:data2\" content=\"2 minutes\" \/>\n<script type=\"application\/ld+json\" class=\"yoast-schema-graph\">{\"@context\":\"https:\/\/schema.org\",\"@graph\":[{\"@type\":\"WebSite\",\"@id\":\"https:\/\/www.nettali.com\/#website\",\"url\":\"https:\/\/www.nettali.com\/\",\"name\":\"Nettali.com\",\"description\":\"Le rendez-vous critique du Net\",\"potentialAction\":[{\"@type\":\"SearchAction\",\"target\":{\"@type\":\"EntryPoint\",\"urlTemplate\":\"https:\/\/www.nettali.com\/?s={search_term_string}\"},\"query-input\":\"required name=search_term_string\"}],\"inLanguage\":\"fr-FR\"},{\"@type\":\"ImageObject\",\"@id\":\"https:\/\/www.nettali.com\/2023\/02\/22\/en-coulisses-wagner-pointe-du-doigt\/#primaryimage\",\"inLanguage\":\"fr-FR\",\"url\":\"https:\/\/www.nettali.com\/wp-content\/uploads\/2023\/02\/cover-r4x3w1000-620be183356dc-25810-1523669-k2-k1-3520886-jpg.jpg\",\"contentUrl\":\"https:\/\/www.nettali.com\/wp-content\/uploads\/2023\/02\/cover-r4x3w1000-620be183356dc-25810-1523669-k2-k1-3520886-jpg.jpg\",\"width\":1000,\"height\":750},{\"@type\":\"WebPage\",\"@id\":\"https:\/\/www.nettali.com\/2023\/02\/22\/en-coulisses-wagner-pointe-du-doigt\/#webpage\",\"url\":\"https:\/\/www.nettali.com\/2023\/02\/22\/en-coulisses-wagner-pointe-du-doigt\/\",\"name\":\"EN COULISSES - Wagner, point\\u00e9 du doigt ! | Nettali.com\",\"isPartOf\":{\"@id\":\"https:\/\/www.nettali.com\/#website\"},\"primaryImageOfPage\":{\"@id\":\"https:\/\/www.nettali.com\/2023\/02\/22\/en-coulisses-wagner-pointe-du-doigt\/#primaryimage\"},\"datePublished\":\"2023-02-22T08:45:28+00:00\",\"dateModified\":\"2023-02-22T08:45:28+00:00\",\"author\":{\"@id\":\"https:\/\/www.nettali.com\/#\/schema\/person\/d8ac7b7e27ddad43f1c0d2ef090d7f71\"},\"breadcrumb\":{\"@id\":\"https:\/\/www.nettali.com\/2023\/02\/22\/en-coulisses-wagner-pointe-du-doigt\/#breadcrumb\"},\"inLanguage\":\"fr-FR\",\"potentialAction\":[{\"@type\":\"ReadAction\",\"target\":[\"https:\/\/www.nettali.com\/2023\/02\/22\/en-coulisses-wagner-pointe-du-doigt\/\"]}]},{\"@type\":\"BreadcrumbList\",\"@id\":\"https:\/\/www.nettali.com\/2023\/02\/22\/en-coulisses-wagner-pointe-du-doigt\/#breadcrumb\",\"itemListElement\":[{\"@type\":\"ListItem\",\"position\":1,\"name\":\"Accueil\",\"item\":\"https:\/\/www.nettali.com\/\"},{\"@type\":\"ListItem\",\"position\":2,\"name\":\"EN COULISSES - Wagner, point\\u00e9 du doigt !\"}]},{\"@type\":\"Person\",\"@id\":\"https:\/\/www.nettali.com\/#\/schema\/person\/d8ac7b7e27ddad43f1c0d2ef090d7f71\",\"name\":\"CK\",\"image\":{\"@type\":\"ImageObject\",\"@id\":\"https:\/\/www.nettali.com\/#personlogo\",\"inLanguage\":\"fr-FR\",\"url\":\"https:\/\/secure.gravatar.com\/avatar\/1d8d5118b9327d94da7cd4ce7f17fec2?s=96&d=mm&r=g\",\"contentUrl\":\"https:\/\/secure.gravatar.com\/avatar\/1d8d5118b9327d94da7cd4ce7f17fec2?s=96&d=mm&r=g\",\"caption\":\"CK\"},\"sameAs\":[\"https:\/\/www.nettali.com\"]}]}<\/script>\n<!-- \/ Yoast SEO Premium plugin. -->","yoast_head_json":{"title":"EN COULISSES - Wagner, point\u00e9 du doigt ! | Nettali.com","robots":{"index":"index","follow":"follow","max-snippet":"max-snippet:-1","max-image-preview":"max-image-preview:large","max-video-preview":"max-video-preview:-1"},"canonical":"https:\/\/www.nettali.com\/2023\/02\/22\/en-coulisses-wagner-pointe-du-doigt\/","og_locale":"fr_FR","og_type":"article","og_title":"EN COULISSES - Wagner, point\u00e9 du doigt !","og_description":"NETTALI.COM - A l'invitation du gouvernement malien, Alioune Tine qui a effectu\u00e9 une visite officielle dans le pays, du 6 au 17 f\u00e9vrier derniers, a partag\u00e9 ce mardi 21 f\u00e9vrier, ses conclusions. En dehors des aspects li\u00e9s \u00e0 la transition politique, le fondateur d'Afrikajom Center a interpell\u00e9 sur les all\u00e9gations des violations commises par les [&hellip;]","og_url":"https:\/\/www.nettali.com\/2023\/02\/22\/en-coulisses-wagner-pointe-du-doigt\/","og_site_name":"Nettali.com","article_publisher":"https:\/\/www.facebook.com\/nettalicom","article_published_time":"2023-02-22T08:45:28+00:00","og_image":[{"width":1000,"height":750,"url":"https:\/\/www.nettali.com\/wp-content\/uploads\/2023\/02\/cover-r4x3w1000-620be183356dc-25810-1523669-k2-k1-3520886-jpg.jpg","type":"image\/jpeg"}],"twitter_card":"summary_large_image","twitter_misc":{"\u00c9crit par":"CK","Dur\u00e9e de lecture estim\u00e9e":"2 minutes"},"schema":{"@context":"https:\/\/schema.org","@graph":[{"@type":"WebSite","@id":"https:\/\/www.nettali.com\/#website","url":"https:\/\/www.nettali.com\/","name":"Nettali.com","description":"Le rendez-vous critique du Net","potentialAction":[{"@type":"SearchAction","target":{"@type":"EntryPoint","urlTemplate":"https:\/\/www.nettali.com\/?s={search_term_string}"},"query-input":"required name=search_term_string"}],"inLanguage":"fr-FR"},{"@type":"ImageObject","@id":"https:\/\/www.nettali.com\/2023\/02\/22\/en-coulisses-wagner-pointe-du-doigt\/#primaryimage","inLanguage":"fr-FR","url":"https:\/\/www.nettali.com\/wp-content\/uploads\/2023\/02\/cover-r4x3w1000-620be183356dc-25810-1523669-k2-k1-3520886-jpg.jpg","contentUrl":"https:\/\/www.nettali.com\/wp-content\/uploads\/2023\/02\/cover-r4x3w1000-620be183356dc-25810-1523669-k2-k1-3520886-jpg.jpg","width":1000,"height":750},{"@type":"WebPage","@id":"https:\/\/www.nettali.com\/2023\/02\/22\/en-coulisses-wagner-pointe-du-doigt\/#webpage","url":"https:\/\/www.nettali.com\/2023\/02\/22\/en-coulisses-wagner-pointe-du-doigt\/","name":"EN COULISSES - Wagner, point\u00e9 du doigt ! | Nettali.com","isPartOf":{"@id":"https:\/\/www.nettali.com\/#website"},"primaryImageOfPage":{"@id":"https:\/\/www.nettali.com\/2023\/02\/22\/en-coulisses-wagner-pointe-du-doigt\/#primaryimage"},"datePublished":"2023-02-22T08:45:28+00:00","dateModified":"2023-02-22T08:45:28+00:00","author":{"@id":"https:\/\/www.nettali.com\/#\/schema\/person\/d8ac7b7e27ddad43f1c0d2ef090d7f71"},"breadcrumb":{"@id":"https:\/\/www.nettali.com\/2023\/02\/22\/en-coulisses-wagner-pointe-du-doigt\/#breadcrumb"},"inLanguage":"fr-FR","potentialAction":[{"@type":"ReadAction","target":["https:\/\/www.nettali.com\/2023\/02\/22\/en-coulisses-wagner-pointe-du-doigt\/"]}]},{"@type":"BreadcrumbList","@id":"https:\/\/www.nettali.com\/2023\/02\/22\/en-coulisses-wagner-pointe-du-doigt\/#breadcrumb","itemListElement":[{"@type":"ListItem","position":1,"name":"Accueil","item":"https:\/\/www.nettali.com\/"},{"@type":"ListItem","position":2,"name":"EN COULISSES - Wagner, point\u00e9 du doigt !"}]},{"@type":"Person","@id":"https:\/\/www.nettali.com\/#\/schema\/person\/d8ac7b7e27ddad43f1c0d2ef090d7f71","name":"CK","image":{"@type":"ImageObject","@id":"https:\/\/www.nettali.com\/#personlogo","inLanguage":"fr-FR","url":"https:\/\/secure.gravatar.com\/avatar\/1d8d5118b9327d94da7cd4ce7f17fec2?s=96&d=mm&r=g","contentUrl":"https:\/\/secure.gravatar.com\/avatar\/1d8d5118b9327d94da7cd4ce7f17fec2?s=96&d=mm&r=g","caption":"CK"},"sameAs":["https:\/\/www.nettali.com"]}]}},"_links":{"self":[{"href":"https:\/\/www.nettali.com\/rest\/wp\/v2\/posts\/104683"}],"collection":[{"href":"https:\/\/www.nettali.com\/rest\/wp\/v2\/posts"}],"about":[{"href":"https:\/\/www.nettali.com\/rest\/wp\/v2\/types\/post"}],"author":[{"embeddable":true,"href":"https:\/\/www.nettali.com\/rest\/wp\/v2\/users\/2"}],"replies":[{"embeddable":true,"href":"https:\/\/www.nettali.com\/rest\/wp\/v2\/comments?post=104683"}],"version-history":[{"count":1,"href":"https:\/\/www.nettali.com\/rest\/wp\/v2\/posts\/104683\/revisions"}],"predecessor-version":[{"id":104689,"href":"https:\/\/www.nettali.com\/rest\/wp\/v2\/posts\/104683\/revisions\/104689"}],"wp:featuredmedia":[{"embeddable":true,"href":"https:\/\/www.nettali.com\/rest\/wp\/v2\/media\/104697"}],"wp:attachment":[{"href":"https:\/\/www.nettali.com\/rest\/wp\/v2\/media?parent=104683"}],"wp:term":[{"taxonomy":"category","embeddable":true,"href":"https:\/\/www.nettali.com\/rest\/wp\/v2\/categories?post=104683"},{"taxonomy":"post_tag","embeddable":true,"href":"https:\/\/www.nettali.com\/rest\/wp\/v2\/tags?post=104683"}],"curies":[{"name":"wp","href":"https:\/\/api.w.org\/{rel}","templated":true}]}}