{"id":104673,"date":"2023-02-22T08:00:47","date_gmt":"2023-02-22T08:00:47","guid":{"rendered":"https:\/\/www.nettali.com\/?p=104673"},"modified":"2023-02-22T08:00:47","modified_gmt":"2023-02-22T08:00:47","slug":"en-coulisses-la-minusma-condamne-lattaque-mortelle-contre-les-soldats-senegalais","status":"publish","type":"post","link":"https:\/\/www.nettali.com\/2023\/02\/22\/en-coulisses-la-minusma-condamne-lattaque-mortelle-contre-les-soldats-senegalais\/","title":{"rendered":"EN COULISSES - La Minusma condamne l'attaque mortelle contre les soldats s\u00e9n\u00e9galais"},"content":{"rendered":"<p><strong>NETTALI.COM -<\/strong> \u00ab <em>Je condamne fermement cette attaque et pr\u00e9sente mes condol\u00e9ances les plus \u00e9mues aux familles et fr\u00e8res d\u2019armes des d\u00e9funts casques bleus<\/em> \u00bb, a d\u00e9clar\u00e9 le Repr\u00e9sentant sp\u00e9cial du Secr\u00e9taire g\u00e9n\u00e9ral des Nations unies au Mali et chef de la MINUSMA, El-Ghassim Wane.<\/p>\n<p>L\u2019incident intervenu ce mardi est \u00ab <em>une illustration tragique suppl\u00e9mentaire de la complexit\u00e9 de notre environnement op\u00e9rationnel et des sacrifices consentis par la communaut\u00e9 internationale pour la paix au Mali<\/em> \u00bb a ajout\u00e9 celui-ci.<\/p>\n<p>A noter que la Minusma est l\u2019une des op\u00e9rations de paix les plus dangereuses pour les casques bleus. En effet depuis son d\u00e9ploiement au Mali en 2013, 168 soldats de la paix y ont perdu la vie dans des actes hostiles.<\/p>\n<p>Rappelant que les attaques visant les forces de maintien de la paix, peuvent constituer des crimes de guerre au regard du droit international, le Repr\u00e9sentant sp\u00e9cial a soulign\u00e9 la n\u00e9cessit\u00e9 de tout mettre en oeuvre pour identifier et traduire en justice les auteurs d\u2019actes hostiles contre la Minusma.<\/p>\n<p>Pour rappel, le d\u00e9tachement s\u00e9n\u00e9galais de la Minusma a enregistr\u00e9 ce mardi 3 trois morts et cinq bless\u00e9s, suite \u00e0 l\u2019explosion d\u2019un engin explosif improvis\u00e9 a annonc\u00e9, ce mardi, la Direction de l\u2019Information et des Relations publiques des arm\u00e9es (DIRPA).<\/p>\n<div class='share-to-whatsapp-wrapper'><div class='share-on-whsp'>PARTAGER SUR : <\/div><a data-text='EN COULISSES - La Minusma condamne l'attaque mortelle contre les soldats s\u00e9n\u00e9galais' data-link='https:\/\/www.nettali.com\/2023\/02\/22\/en-coulisses-la-minusma-condamne-lattaque-mortelle-contre-les-soldats-senegalais\/' class='whatsapp-button whatsapp-share'>WhatsApp<\/a><div class='clear '><\/div><\/div>","protected":false},"excerpt":{"rendered":"<p>NETTALI.COM - \u00ab Je condamne fermement cette attaque et pr\u00e9sente mes condol\u00e9ances les plus \u00e9mues aux familles et fr\u00e8res d\u2019armes des d\u00e9funts casques bleus \u00bb, a d\u00e9clar\u00e9 le Repr\u00e9sentant sp\u00e9cial du Secr\u00e9taire g\u00e9n\u00e9ral des Nations unies au Mali et chef de la MINUSMA, El-Ghassim Wane. L\u2019incident intervenu ce mardi est \u00ab une illustration tragique suppl\u00e9mentaire [&hellip;]<\/p>\n","protected":false},"author":2,"featured_media":104674,"comment_status":"open","ping_status":"open","sticky":false,"template":"","format":"standard","meta":{"_et_pb_use_builder":"","_et_pb_old_content":""},"categories":[34945],"tags":[],"yoast_head":"<!-- This site is optimized with the Yoast SEO Premium plugin v17.8 (Yoast SEO v17.8) - https:\/\/yoast.com\/wordpress\/plugins\/seo\/ -->\n<title>EN COULISSES - La Minusma condamne l&#039;attaque mortelle contre les soldats s\u00e9n\u00e9galais | Nettali.com<\/title>\n<meta name=\"robots\" content=\"index, follow, max-snippet:-1, max-image-preview:large, max-video-preview:-1\" \/>\n<link rel=\"canonical\" href=\"https:\/\/www.nettali.com\/2023\/02\/22\/en-coulisses-la-minusma-condamne-lattaque-mortelle-contre-les-soldats-senegalais\/\" \/>\n<meta property=\"og:locale\" content=\"fr_FR\" \/>\n<meta property=\"og:type\" content=\"article\" \/>\n<meta property=\"og:title\" content=\"EN COULISSES - La Minusma condamne l&#039;attaque mortelle contre les soldats s\u00e9n\u00e9galais\" \/>\n<meta property=\"og:description\" content=\"NETTALI.COM - \u00ab Je condamne fermement cette attaque et pr\u00e9sente mes condol\u00e9ances les plus \u00e9mues aux familles et fr\u00e8res d\u2019armes des d\u00e9funts casques bleus \u00bb, a d\u00e9clar\u00e9 le Repr\u00e9sentant sp\u00e9cial du Secr\u00e9taire g\u00e9n\u00e9ral des Nations unies au Mali et chef de la MINUSMA, El-Ghassim Wane. L\u2019incident intervenu ce mardi est \u00ab une illustration tragique suppl\u00e9mentaire [&hellip;]\" \/>\n<meta property=\"og:url\" content=\"https:\/\/www.nettali.com\/2023\/02\/22\/en-coulisses-la-minusma-condamne-lattaque-mortelle-contre-les-soldats-senegalais\/\" \/>\n<meta property=\"og:site_name\" content=\"Nettali.com\" \/>\n<meta property=\"article:publisher\" content=\"https:\/\/www.facebook.com\/nettalicom\" \/>\n<meta property=\"article:published_time\" content=\"2023-02-22T08:00:47+00:00\" \/>\n<meta property=\"og:image\" content=\"https:\/\/www.nettali.com\/wp-content\/uploads\/2023\/02\/48289318462_d29cd5d22e_o.jpg\" \/>\n\t<meta property=\"og:image:width\" content=\"2000\" \/>\n\t<meta property=\"og:image:height\" content=\"1310\" \/>\n<meta name=\"twitter:card\" content=\"summary_large_image\" \/>\n<meta name=\"twitter:label1\" content=\"\u00c9crit par\" \/>\n\t<meta name=\"twitter:data1\" content=\"CK\" \/>\n\t<meta name=\"twitter:label2\" content=\"Dur\u00e9e de lecture estim\u00e9e\" \/>\n\t<meta name=\"twitter:data2\" content=\"2 minutes\" \/>\n<script type=\"application\/ld+json\" class=\"yoast-schema-graph\">{\"@context\":\"https:\/\/schema.org\",\"@graph\":[{\"@type\":\"WebSite\",\"@id\":\"https:\/\/www.nettali.com\/#website\",\"url\":\"https:\/\/www.nettali.com\/\",\"name\":\"Nettali.com\",\"description\":\"Le rendez-vous critique du Net\",\"potentialAction\":[{\"@type\":\"SearchAction\",\"target\":{\"@type\":\"EntryPoint\",\"urlTemplate\":\"https:\/\/www.nettali.com\/?s={search_term_string}\"},\"query-input\":\"required name=search_term_string\"}],\"inLanguage\":\"fr-FR\"},{\"@type\":\"ImageObject\",\"@id\":\"https:\/\/www.nettali.com\/2023\/02\/22\/en-coulisses-la-minusma-condamne-lattaque-mortelle-contre-les-soldats-senegalais\/#primaryimage\",\"inLanguage\":\"fr-FR\",\"url\":\"https:\/\/www.nettali.com\/wp-content\/uploads\/2023\/02\/48289318462_d29cd5d22e_o.jpg\",\"contentUrl\":\"https:\/\/www.nettali.com\/wp-content\/uploads\/2023\/02\/48289318462_d29cd5d22e_o.jpg\",\"width\":2000,\"height\":1310},{\"@type\":\"WebPage\",\"@id\":\"https:\/\/www.nettali.com\/2023\/02\/22\/en-coulisses-la-minusma-condamne-lattaque-mortelle-contre-les-soldats-senegalais\/#webpage\",\"url\":\"https:\/\/www.nettali.com\/2023\/02\/22\/en-coulisses-la-minusma-condamne-lattaque-mortelle-contre-les-soldats-senegalais\/\",\"name\":\"EN COULISSES - La Minusma condamne l'attaque mortelle contre les soldats s\\u00e9n\\u00e9galais | Nettali.com\",\"isPartOf\":{\"@id\":\"https:\/\/www.nettali.com\/#website\"},\"primaryImageOfPage\":{\"@id\":\"https:\/\/www.nettali.com\/2023\/02\/22\/en-coulisses-la-minusma-condamne-lattaque-mortelle-contre-les-soldats-senegalais\/#primaryimage\"},\"datePublished\":\"2023-02-22T08:00:47+00:00\",\"dateModified\":\"2023-02-22T08:00:47+00:00\",\"author\":{\"@id\":\"https:\/\/www.nettali.com\/#\/schema\/person\/d8ac7b7e27ddad43f1c0d2ef090d7f71\"},\"breadcrumb\":{\"@id\":\"https:\/\/www.nettali.com\/2023\/02\/22\/en-coulisses-la-minusma-condamne-lattaque-mortelle-contre-les-soldats-senegalais\/#breadcrumb\"},\"inLanguage\":\"fr-FR\",\"potentialAction\":[{\"@type\":\"ReadAction\",\"target\":[\"https:\/\/www.nettali.com\/2023\/02\/22\/en-coulisses-la-minusma-condamne-lattaque-mortelle-contre-les-soldats-senegalais\/\"]}]},{\"@type\":\"BreadcrumbList\",\"@id\":\"https:\/\/www.nettali.com\/2023\/02\/22\/en-coulisses-la-minusma-condamne-lattaque-mortelle-contre-les-soldats-senegalais\/#breadcrumb\",\"itemListElement\":[{\"@type\":\"ListItem\",\"position\":1,\"name\":\"Accueil\",\"item\":\"https:\/\/www.nettali.com\/\"},{\"@type\":\"ListItem\",\"position\":2,\"name\":\"EN COULISSES - La Minusma condamne l'attaque mortelle contre les soldats s\\u00e9n\\u00e9galais\"}]},{\"@type\":\"Person\",\"@id\":\"https:\/\/www.nettali.com\/#\/schema\/person\/d8ac7b7e27ddad43f1c0d2ef090d7f71\",\"name\":\"CK\",\"image\":{\"@type\":\"ImageObject\",\"@id\":\"https:\/\/www.nettali.com\/#personlogo\",\"inLanguage\":\"fr-FR\",\"url\":\"https:\/\/secure.gravatar.com\/avatar\/1d8d5118b9327d94da7cd4ce7f17fec2?s=96&d=mm&r=g\",\"contentUrl\":\"https:\/\/secure.gravatar.com\/avatar\/1d8d5118b9327d94da7cd4ce7f17fec2?s=96&d=mm&r=g\",\"caption\":\"CK\"},\"sameAs\":[\"https:\/\/www.nettali.com\"]}]}<\/script>\n<!-- \/ Yoast SEO Premium plugin. -->","yoast_head_json":{"title":"EN COULISSES - La Minusma condamne l'attaque mortelle contre les soldats s\u00e9n\u00e9galais | Nettali.com","robots":{"index":"index","follow":"follow","max-snippet":"max-snippet:-1","max-image-preview":"max-image-preview:large","max-video-preview":"max-video-preview:-1"},"canonical":"https:\/\/www.nettali.com\/2023\/02\/22\/en-coulisses-la-minusma-condamne-lattaque-mortelle-contre-les-soldats-senegalais\/","og_locale":"fr_FR","og_type":"article","og_title":"EN COULISSES - La Minusma condamne l'attaque mortelle contre les soldats s\u00e9n\u00e9galais","og_description":"NETTALI.COM - \u00ab Je condamne fermement cette attaque et pr\u00e9sente mes condol\u00e9ances les plus \u00e9mues aux familles et fr\u00e8res d\u2019armes des d\u00e9funts casques bleus \u00bb, a d\u00e9clar\u00e9 le Repr\u00e9sentant sp\u00e9cial du Secr\u00e9taire g\u00e9n\u00e9ral des Nations unies au Mali et chef de la MINUSMA, El-Ghassim Wane. L\u2019incident intervenu ce mardi est \u00ab une illustration tragique suppl\u00e9mentaire [&hellip;]","og_url":"https:\/\/www.nettali.com\/2023\/02\/22\/en-coulisses-la-minusma-condamne-lattaque-mortelle-contre-les-soldats-senegalais\/","og_site_name":"Nettali.com","article_publisher":"https:\/\/www.facebook.com\/nettalicom","article_published_time":"2023-02-22T08:00:47+00:00","og_image":[{"width":2000,"height":1310,"url":"https:\/\/www.nettali.com\/wp-content\/uploads\/2023\/02\/48289318462_d29cd5d22e_o.jpg","type":"image\/jpeg"}],"twitter_card":"summary_large_image","twitter_misc":{"\u00c9crit par":"CK","Dur\u00e9e de lecture estim\u00e9e":"2 minutes"},"schema":{"@context":"https:\/\/schema.org","@graph":[{"@type":"WebSite","@id":"https:\/\/www.nettali.com\/#website","url":"https:\/\/www.nettali.com\/","name":"Nettali.com","description":"Le rendez-vous critique du Net","potentialAction":[{"@type":"SearchAction","target":{"@type":"EntryPoint","urlTemplate":"https:\/\/www.nettali.com\/?s={search_term_string}"},"query-input":"required name=search_term_string"}],"inLanguage":"fr-FR"},{"@type":"ImageObject","@id":"https:\/\/www.nettali.com\/2023\/02\/22\/en-coulisses-la-minusma-condamne-lattaque-mortelle-contre-les-soldats-senegalais\/#primaryimage","inLanguage":"fr-FR","url":"https:\/\/www.nettali.com\/wp-content\/uploads\/2023\/02\/48289318462_d29cd5d22e_o.jpg","contentUrl":"https:\/\/www.nettali.com\/wp-content\/uploads\/2023\/02\/48289318462_d29cd5d22e_o.jpg","width":2000,"height":1310},{"@type":"WebPage","@id":"https:\/\/www.nettali.com\/2023\/02\/22\/en-coulisses-la-minusma-condamne-lattaque-mortelle-contre-les-soldats-senegalais\/#webpage","url":"https:\/\/www.nettali.com\/2023\/02\/22\/en-coulisses-la-minusma-condamne-lattaque-mortelle-contre-les-soldats-senegalais\/","name":"EN COULISSES - La Minusma condamne l'attaque mortelle contre les soldats s\u00e9n\u00e9galais | Nettali.com","isPartOf":{"@id":"https:\/\/www.nettali.com\/#website"},"primaryImageOfPage":{"@id":"https:\/\/www.nettali.com\/2023\/02\/22\/en-coulisses-la-minusma-condamne-lattaque-mortelle-contre-les-soldats-senegalais\/#primaryimage"},"datePublished":"2023-02-22T08:00:47+00:00","dateModified":"2023-02-22T08:00:47+00:00","author":{"@id":"https:\/\/www.nettali.com\/#\/schema\/person\/d8ac7b7e27ddad43f1c0d2ef090d7f71"},"breadcrumb":{"@id":"https:\/\/www.nettali.com\/2023\/02\/22\/en-coulisses-la-minusma-condamne-lattaque-mortelle-contre-les-soldats-senegalais\/#breadcrumb"},"inLanguage":"fr-FR","potentialAction":[{"@type":"ReadAction","target":["https:\/\/www.nettali.com\/2023\/02\/22\/en-coulisses-la-minusma-condamne-lattaque-mortelle-contre-les-soldats-senegalais\/"]}]},{"@type":"BreadcrumbList","@id":"https:\/\/www.nettali.com\/2023\/02\/22\/en-coulisses-la-minusma-condamne-lattaque-mortelle-contre-les-soldats-senegalais\/#breadcrumb","itemListElement":[{"@type":"ListItem","position":1,"name":"Accueil","item":"https:\/\/www.nettali.com\/"},{"@type":"ListItem","position":2,"name":"EN COULISSES - La Minusma condamne l'attaque mortelle contre les soldats s\u00e9n\u00e9galais"}]},{"@type":"Person","@id":"https:\/\/www.nettali.com\/#\/schema\/person\/d8ac7b7e27ddad43f1c0d2ef090d7f71","name":"CK","image":{"@type":"ImageObject","@id":"https:\/\/www.nettali.com\/#personlogo","inLanguage":"fr-FR","url":"https:\/\/secure.gravatar.com\/avatar\/1d8d5118b9327d94da7cd4ce7f17fec2?s=96&d=mm&r=g","contentUrl":"https:\/\/secure.gravatar.com\/avatar\/1d8d5118b9327d94da7cd4ce7f17fec2?s=96&d=mm&r=g","caption":"CK"},"sameAs":["https:\/\/www.nettali.com"]}]}},"_links":{"self":[{"href":"https:\/\/www.nettali.com\/rest\/wp\/v2\/posts\/104673"}],"collection":[{"href":"https:\/\/www.nettali.com\/rest\/wp\/v2\/posts"}],"about":[{"href":"https:\/\/www.nettali.com\/rest\/wp\/v2\/types\/post"}],"author":[{"embeddable":true,"href":"https:\/\/www.nettali.com\/rest\/wp\/v2\/users\/2"}],"replies":[{"embeddable":true,"href":"https:\/\/www.nettali.com\/rest\/wp\/v2\/comments?post=104673"}],"version-history":[{"count":1,"href":"https:\/\/www.nettali.com\/rest\/wp\/v2\/posts\/104673\/revisions"}],"predecessor-version":[{"id":104675,"href":"https:\/\/www.nettali.com\/rest\/wp\/v2\/posts\/104673\/revisions\/104675"}],"wp:featuredmedia":[{"embeddable":true,"href":"https:\/\/www.nettali.com\/rest\/wp\/v2\/media\/104674"}],"wp:attachment":[{"href":"https:\/\/www.nettali.com\/rest\/wp\/v2\/media?parent=104673"}],"wp:term":[{"taxonomy":"category","embeddable":true,"href":"https:\/\/www.nettali.com\/rest\/wp\/v2\/categories?post=104673"},{"taxonomy":"post_tag","embeddable":true,"href":"https:\/\/www.nettali.com\/rest\/wp\/v2\/tags?post=104673"}],"curies":[{"name":"wp","href":"https:\/\/api.w.org\/{rel}","templated":true}]}}