{"id":104670,"date":"2023-02-22T07:49:12","date_gmt":"2023-02-22T07:49:12","guid":{"rendered":"https:\/\/www.nettali.com\/?p=104670"},"modified":"2023-02-22T07:49:12","modified_gmt":"2023-02-22T07:49:12","slug":"en-coulisses-la-dic-bientot-en-scene","status":"publish","type":"post","link":"https:\/\/www.nettali.com\/2023\/02\/22\/en-coulisses-la-dic-bientot-en-scene\/","title":{"rendered":"EN COULISSES - La Dic, bient\u00f4t en sc\u00e8ne !"},"content":{"rendered":"<p><strong>NETTALI.COM -<\/strong> A travers un r\u00e9cent communiqu\u00e9 le procureur de l'\u00e9poque, Amady Diouf, promu depuis lundi premier pr\u00e9sident de la Cour d\u2019Appel de Dakar,\u00a0 informait avoir instruit les unit\u00e9s de la Division des investigations criminelles (Dic) de la Police nationale d\u2019ouvrir des enqu\u00eates pr\u00e9liminaires sur les conclusions du rapport d\u00e9finitif de la Cour des comptes sur la gestion des fonds Force Covid-19.<\/p>\n<p>Poursuivant son \u00ab r\u00e9quisitoire \u00bb, le maitre des poursuites avait soutenu que l\u2019analyse des informations contenues dans ce rapport \"<em>fait pr\u00e9sumer de potentielles violations de la loi et l\u2019existence d\u2019infractions p\u00e9nales notamment des atteintes aux deniers publics.<\/em>\" A cet titre, Amady Diouf avait aussi ordonn\u00e9 aux redoutables enqu\u00eateurs de la Dic d\u2019explorer, d\u2019\u00e9tudier et d\u2019\u00e9plucher le rapport sur la gestion du Covid 19 aux fins de constater la mat\u00e9rialit\u00e9 des faits d\u00e9nonc\u00e9s pour en d\u00e9duire les diff\u00e9rentes infractions.<\/p>\n<p>\"E<em>t surtout d\u2019en rassembler les preuves, d\u2019\u00e9lucider les circonstances qui ont entour\u00e9 les actes sus \u00e9voqu\u00e9s et d\u2019identifier, s\u2019il y a lieu, l\u2019ensemble des auteurs et des personnes qui ont facilit\u00e9 ou aid\u00e9 \u00e0 la commission des faits ou profit\u00e9 d\u2019une mani\u00e8re ou d\u2019une autre des produits du crime\",<\/em>\u00a0pouvait-on lire dans le communiqu\u00e9 du procureur de la r\u00e9publique .<\/p>\n<p>Eh bien depuis deux semaines, la Division des investigations criminelles (Dic) s\u2019active dans les recherches et enqu\u00eates pr\u00e9liminaires, \u00e9pluche le rapport sur la gestion des fonds de la force de riposte au Covid 19 aux fins de constater la mat\u00e9rialit\u00e9 des faits d\u00e9nonc\u00e9s par les auditeurs de la Cour des comptes pour en d\u00e9duire de possibles infractions. En tout cas, sauf miracle, la Dic va envoyer les convocations et d\u00e9clencher les\u00a0 interrogatoires et auditions d\u00e8s la semaine prochaine.<\/p>\n<div class='share-to-whatsapp-wrapper'><div class='share-on-whsp'>PARTAGER SUR : <\/div><a data-text='EN COULISSES - La Dic, bient\u00f4t en sc\u00e8ne !' data-link='https:\/\/www.nettali.com\/2023\/02\/22\/en-coulisses-la-dic-bientot-en-scene\/' class='whatsapp-button whatsapp-share'>WhatsApp<\/a><div class='clear '><\/div><\/div>","protected":false},"excerpt":{"rendered":"<p>NETTALI.COM - A travers un r\u00e9cent communiqu\u00e9 le procureur de l'\u00e9poque, Amady Diouf, promu depuis lundi premier pr\u00e9sident de la Cour d\u2019Appel de Dakar,\u00a0 informait avoir instruit les unit\u00e9s de la Division des investigations criminelles (Dic) de la Police nationale d\u2019ouvrir des enqu\u00eates pr\u00e9liminaires sur les conclusions du rapport d\u00e9finitif de la Cour des comptes [&hellip;]<\/p>\n","protected":false},"author":2,"featured_media":104672,"comment_status":"open","ping_status":"open","sticky":false,"template":"","format":"standard","meta":{"_et_pb_use_builder":"","_et_pb_old_content":""},"categories":[34945],"tags":[],"yoast_head":"<!-- This site is optimized with the Yoast SEO Premium plugin v17.8 (Yoast SEO v17.8) - https:\/\/yoast.com\/wordpress\/plugins\/seo\/ -->\n<title>EN COULISSES - La Dic, bient\u00f4t en sc\u00e8ne ! | Nettali.com<\/title>\n<meta name=\"robots\" content=\"index, follow, max-snippet:-1, max-image-preview:large, max-video-preview:-1\" \/>\n<link rel=\"canonical\" href=\"https:\/\/www.nettali.com\/2023\/02\/22\/en-coulisses-la-dic-bientot-en-scene\/\" \/>\n<meta property=\"og:locale\" content=\"fr_FR\" \/>\n<meta property=\"og:type\" content=\"article\" \/>\n<meta property=\"og:title\" content=\"EN COULISSES - La Dic, bient\u00f4t en sc\u00e8ne !\" \/>\n<meta property=\"og:description\" content=\"NETTALI.COM - A travers un r\u00e9cent communiqu\u00e9 le procureur de l&#039;\u00e9poque, Amady Diouf, promu depuis lundi premier pr\u00e9sident de la Cour d\u2019Appel de Dakar,\u00a0 informait avoir instruit les unit\u00e9s de la Division des investigations criminelles (Dic) de la Police nationale d\u2019ouvrir des enqu\u00eates pr\u00e9liminaires sur les conclusions du rapport d\u00e9finitif de la Cour des comptes [&hellip;]\" \/>\n<meta property=\"og:url\" content=\"https:\/\/www.nettali.com\/2023\/02\/22\/en-coulisses-la-dic-bientot-en-scene\/\" \/>\n<meta property=\"og:site_name\" content=\"Nettali.com\" \/>\n<meta property=\"article:publisher\" content=\"https:\/\/www.facebook.com\/nettalicom\" \/>\n<meta property=\"article:published_time\" content=\"2023-02-22T07:49:12+00:00\" \/>\n<meta property=\"og:image\" content=\"https:\/\/www.nettali.com\/wp-content\/uploads\/2023\/02\/dic5.jpg\" \/>\n\t<meta property=\"og:image:width\" content=\"700\" \/>\n\t<meta property=\"og:image:height\" content=\"537\" \/>\n<meta name=\"twitter:card\" content=\"summary_large_image\" \/>\n<meta name=\"twitter:label1\" content=\"\u00c9crit par\" \/>\n\t<meta name=\"twitter:data1\" content=\"CK\" \/>\n\t<meta name=\"twitter:label2\" content=\"Dur\u00e9e de lecture estim\u00e9e\" \/>\n\t<meta name=\"twitter:data2\" content=\"2 minutes\" \/>\n<script type=\"application\/ld+json\" class=\"yoast-schema-graph\">{\"@context\":\"https:\/\/schema.org\",\"@graph\":[{\"@type\":\"WebSite\",\"@id\":\"https:\/\/www.nettali.com\/#website\",\"url\":\"https:\/\/www.nettali.com\/\",\"name\":\"Nettali.com\",\"description\":\"Le rendez-vous critique du Net\",\"potentialAction\":[{\"@type\":\"SearchAction\",\"target\":{\"@type\":\"EntryPoint\",\"urlTemplate\":\"https:\/\/www.nettali.com\/?s={search_term_string}\"},\"query-input\":\"required name=search_term_string\"}],\"inLanguage\":\"fr-FR\"},{\"@type\":\"ImageObject\",\"@id\":\"https:\/\/www.nettali.com\/2023\/02\/22\/en-coulisses-la-dic-bientot-en-scene\/#primaryimage\",\"inLanguage\":\"fr-FR\",\"url\":\"https:\/\/www.nettali.com\/wp-content\/uploads\/2023\/02\/dic5.jpg\",\"contentUrl\":\"https:\/\/www.nettali.com\/wp-content\/uploads\/2023\/02\/dic5.jpg\",\"width\":700,\"height\":537},{\"@type\":\"WebPage\",\"@id\":\"https:\/\/www.nettali.com\/2023\/02\/22\/en-coulisses-la-dic-bientot-en-scene\/#webpage\",\"url\":\"https:\/\/www.nettali.com\/2023\/02\/22\/en-coulisses-la-dic-bientot-en-scene\/\",\"name\":\"EN COULISSES - La Dic, bient\\u00f4t en sc\\u00e8ne ! | Nettali.com\",\"isPartOf\":{\"@id\":\"https:\/\/www.nettali.com\/#website\"},\"primaryImageOfPage\":{\"@id\":\"https:\/\/www.nettali.com\/2023\/02\/22\/en-coulisses-la-dic-bientot-en-scene\/#primaryimage\"},\"datePublished\":\"2023-02-22T07:49:12+00:00\",\"dateModified\":\"2023-02-22T07:49:12+00:00\",\"author\":{\"@id\":\"https:\/\/www.nettali.com\/#\/schema\/person\/d8ac7b7e27ddad43f1c0d2ef090d7f71\"},\"breadcrumb\":{\"@id\":\"https:\/\/www.nettali.com\/2023\/02\/22\/en-coulisses-la-dic-bientot-en-scene\/#breadcrumb\"},\"inLanguage\":\"fr-FR\",\"potentialAction\":[{\"@type\":\"ReadAction\",\"target\":[\"https:\/\/www.nettali.com\/2023\/02\/22\/en-coulisses-la-dic-bientot-en-scene\/\"]}]},{\"@type\":\"BreadcrumbList\",\"@id\":\"https:\/\/www.nettali.com\/2023\/02\/22\/en-coulisses-la-dic-bientot-en-scene\/#breadcrumb\",\"itemListElement\":[{\"@type\":\"ListItem\",\"position\":1,\"name\":\"Accueil\",\"item\":\"https:\/\/www.nettali.com\/\"},{\"@type\":\"ListItem\",\"position\":2,\"name\":\"EN COULISSES - La Dic, bient\\u00f4t en sc\\u00e8ne !\"}]},{\"@type\":\"Person\",\"@id\":\"https:\/\/www.nettali.com\/#\/schema\/person\/d8ac7b7e27ddad43f1c0d2ef090d7f71\",\"name\":\"CK\",\"image\":{\"@type\":\"ImageObject\",\"@id\":\"https:\/\/www.nettali.com\/#personlogo\",\"inLanguage\":\"fr-FR\",\"url\":\"https:\/\/secure.gravatar.com\/avatar\/1d8d5118b9327d94da7cd4ce7f17fec2?s=96&d=mm&r=g\",\"contentUrl\":\"https:\/\/secure.gravatar.com\/avatar\/1d8d5118b9327d94da7cd4ce7f17fec2?s=96&d=mm&r=g\",\"caption\":\"CK\"},\"sameAs\":[\"https:\/\/www.nettali.com\"]}]}<\/script>\n<!-- \/ Yoast SEO Premium plugin. -->","yoast_head_json":{"title":"EN COULISSES - La Dic, bient\u00f4t en sc\u00e8ne ! | Nettali.com","robots":{"index":"index","follow":"follow","max-snippet":"max-snippet:-1","max-image-preview":"max-image-preview:large","max-video-preview":"max-video-preview:-1"},"canonical":"https:\/\/www.nettali.com\/2023\/02\/22\/en-coulisses-la-dic-bientot-en-scene\/","og_locale":"fr_FR","og_type":"article","og_title":"EN COULISSES - La Dic, bient\u00f4t en sc\u00e8ne !","og_description":"NETTALI.COM - A travers un r\u00e9cent communiqu\u00e9 le procureur de l'\u00e9poque, Amady Diouf, promu depuis lundi premier pr\u00e9sident de la Cour d\u2019Appel de Dakar,\u00a0 informait avoir instruit les unit\u00e9s de la Division des investigations criminelles (Dic) de la Police nationale d\u2019ouvrir des enqu\u00eates pr\u00e9liminaires sur les conclusions du rapport d\u00e9finitif de la Cour des comptes [&hellip;]","og_url":"https:\/\/www.nettali.com\/2023\/02\/22\/en-coulisses-la-dic-bientot-en-scene\/","og_site_name":"Nettali.com","article_publisher":"https:\/\/www.facebook.com\/nettalicom","article_published_time":"2023-02-22T07:49:12+00:00","og_image":[{"width":700,"height":537,"url":"https:\/\/www.nettali.com\/wp-content\/uploads\/2023\/02\/dic5.jpg","type":"image\/jpeg"}],"twitter_card":"summary_large_image","twitter_misc":{"\u00c9crit par":"CK","Dur\u00e9e de lecture estim\u00e9e":"2 minutes"},"schema":{"@context":"https:\/\/schema.org","@graph":[{"@type":"WebSite","@id":"https:\/\/www.nettali.com\/#website","url":"https:\/\/www.nettali.com\/","name":"Nettali.com","description":"Le rendez-vous critique du Net","potentialAction":[{"@type":"SearchAction","target":{"@type":"EntryPoint","urlTemplate":"https:\/\/www.nettali.com\/?s={search_term_string}"},"query-input":"required name=search_term_string"}],"inLanguage":"fr-FR"},{"@type":"ImageObject","@id":"https:\/\/www.nettali.com\/2023\/02\/22\/en-coulisses-la-dic-bientot-en-scene\/#primaryimage","inLanguage":"fr-FR","url":"https:\/\/www.nettali.com\/wp-content\/uploads\/2023\/02\/dic5.jpg","contentUrl":"https:\/\/www.nettali.com\/wp-content\/uploads\/2023\/02\/dic5.jpg","width":700,"height":537},{"@type":"WebPage","@id":"https:\/\/www.nettali.com\/2023\/02\/22\/en-coulisses-la-dic-bientot-en-scene\/#webpage","url":"https:\/\/www.nettali.com\/2023\/02\/22\/en-coulisses-la-dic-bientot-en-scene\/","name":"EN COULISSES - La Dic, bient\u00f4t en sc\u00e8ne ! | Nettali.com","isPartOf":{"@id":"https:\/\/www.nettali.com\/#website"},"primaryImageOfPage":{"@id":"https:\/\/www.nettali.com\/2023\/02\/22\/en-coulisses-la-dic-bientot-en-scene\/#primaryimage"},"datePublished":"2023-02-22T07:49:12+00:00","dateModified":"2023-02-22T07:49:12+00:00","author":{"@id":"https:\/\/www.nettali.com\/#\/schema\/person\/d8ac7b7e27ddad43f1c0d2ef090d7f71"},"breadcrumb":{"@id":"https:\/\/www.nettali.com\/2023\/02\/22\/en-coulisses-la-dic-bientot-en-scene\/#breadcrumb"},"inLanguage":"fr-FR","potentialAction":[{"@type":"ReadAction","target":["https:\/\/www.nettali.com\/2023\/02\/22\/en-coulisses-la-dic-bientot-en-scene\/"]}]},{"@type":"BreadcrumbList","@id":"https:\/\/www.nettali.com\/2023\/02\/22\/en-coulisses-la-dic-bientot-en-scene\/#breadcrumb","itemListElement":[{"@type":"ListItem","position":1,"name":"Accueil","item":"https:\/\/www.nettali.com\/"},{"@type":"ListItem","position":2,"name":"EN COULISSES - La Dic, bient\u00f4t en sc\u00e8ne !"}]},{"@type":"Person","@id":"https:\/\/www.nettali.com\/#\/schema\/person\/d8ac7b7e27ddad43f1c0d2ef090d7f71","name":"CK","image":{"@type":"ImageObject","@id":"https:\/\/www.nettali.com\/#personlogo","inLanguage":"fr-FR","url":"https:\/\/secure.gravatar.com\/avatar\/1d8d5118b9327d94da7cd4ce7f17fec2?s=96&d=mm&r=g","contentUrl":"https:\/\/secure.gravatar.com\/avatar\/1d8d5118b9327d94da7cd4ce7f17fec2?s=96&d=mm&r=g","caption":"CK"},"sameAs":["https:\/\/www.nettali.com"]}]}},"_links":{"self":[{"href":"https:\/\/www.nettali.com\/rest\/wp\/v2\/posts\/104670"}],"collection":[{"href":"https:\/\/www.nettali.com\/rest\/wp\/v2\/posts"}],"about":[{"href":"https:\/\/www.nettali.com\/rest\/wp\/v2\/types\/post"}],"author":[{"embeddable":true,"href":"https:\/\/www.nettali.com\/rest\/wp\/v2\/users\/2"}],"replies":[{"embeddable":true,"href":"https:\/\/www.nettali.com\/rest\/wp\/v2\/comments?post=104670"}],"version-history":[{"count":1,"href":"https:\/\/www.nettali.com\/rest\/wp\/v2\/posts\/104670\/revisions"}],"predecessor-version":[{"id":104671,"href":"https:\/\/www.nettali.com\/rest\/wp\/v2\/posts\/104670\/revisions\/104671"}],"wp:featuredmedia":[{"embeddable":true,"href":"https:\/\/www.nettali.com\/rest\/wp\/v2\/media\/104672"}],"wp:attachment":[{"href":"https:\/\/www.nettali.com\/rest\/wp\/v2\/media?parent=104670"}],"wp:term":[{"taxonomy":"category","embeddable":true,"href":"https:\/\/www.nettali.com\/rest\/wp\/v2\/categories?post=104670"},{"taxonomy":"post_tag","embeddable":true,"href":"https:\/\/www.nettali.com\/rest\/wp\/v2\/tags?post=104670"}],"curies":[{"name":"wp","href":"https:\/\/api.w.org\/{rel}","templated":true}]}}