{"id":104639,"date":"2023-02-21T16:57:10","date_gmt":"2023-02-21T16:57:10","guid":{"rendered":"https:\/\/www.nettali.com\/?p=104639"},"modified":"2023-02-21T21:08:23","modified_gmt":"2023-02-21T21:08:23","slug":"dossier-adji-sarr-la-chambre-daccusation-declare-irrecevable-la-requete-des-avocays-de-sonko","status":"publish","type":"post","link":"https:\/\/www.nettali.com\/2023\/02\/21\/dossier-adji-sarr-la-chambre-daccusation-declare-irrecevable-la-requete-des-avocays-de-sonko\/","title":{"rendered":"EN COULISSES - Les avocats de Sonko d\u00e9bout\u00e9s"},"content":{"rendered":"<p><strong>NETTALI.COM -\u00a0 <\/strong>Les avocats\u00a0 d'Ousmane Sonko avaient introduit un recours pour attaquer l'ordonnance du Doyen des juges d'instruction renvoyant Ousmane Sonko et Nd\u00e8ye Khady Ndiaye devant la Chambre criminelle.<\/p>\n<p>En effet, lorsque le dossier a \u00e9t\u00e9 \u00e9voqu\u00e9, les avocats avaient soulev\u00e9 une exception d'inconstitutionnalit\u00e9. Ils consid\u00e9raient ainsi que l'article 180 du Code de proc\u00e9dure p\u00e9nale causait un tort \u00e0 leurs clients puisqu'il dispose que l'inculp\u00e9 ne peut pas attaquer l'ordonnance de renvoi du juge d'instruction alors que le parquet a cette facult\u00e9.<\/p>\n<p>Mais dans leur d\u00e9cision, les juges d'appel ont rejet\u00e9 l'exception d'inconstitutionnalit\u00e9 soulev\u00e9e et ont d\u00e9clar\u00e9 l'appel des avocats de Sonko irrecevable.<\/p>\n<div class='share-to-whatsapp-wrapper'><div class='share-on-whsp'>PARTAGER SUR : <\/div><a data-text='EN COULISSES - Les avocats de Sonko d\u00e9bout\u00e9s' data-link='https:\/\/www.nettali.com\/2023\/02\/21\/dossier-adji-sarr-la-chambre-daccusation-declare-irrecevable-la-requete-des-avocays-de-sonko\/' class='whatsapp-button whatsapp-share'>WhatsApp<\/a><div class='clear '><\/div><\/div>","protected":false},"excerpt":{"rendered":"<p>NETTALI.COM -\u00a0 Les avocats\u00a0 d'Ousmane Sonko avaient introduit un recours pour attaquer l'ordonnance du Doyen des juges d'instruction renvoyant Ousmane Sonko et Nd\u00e8ye Khady Ndiaye devant la Chambre criminelle. En effet, lorsque le dossier a \u00e9t\u00e9 \u00e9voqu\u00e9, les avocats avaient soulev\u00e9 une exception d'inconstitutionnalit\u00e9. Ils consid\u00e9raient ainsi que l'article 180 du Code de proc\u00e9dure p\u00e9nale [&hellip;]<\/p>\n","protected":false},"author":6,"featured_media":84390,"comment_status":"open","ping_status":"open","sticky":false,"template":"","format":"standard","meta":{"_et_pb_use_builder":"","_et_pb_old_content":""},"categories":[34945],"tags":[],"yoast_head":"<!-- This site is optimized with the Yoast SEO Premium plugin v17.8 (Yoast SEO v17.8) - https:\/\/yoast.com\/wordpress\/plugins\/seo\/ -->\n<title>EN COULISSES - Les avocats de Sonko d\u00e9bout\u00e9s | Nettali.com<\/title>\n<meta name=\"robots\" content=\"index, follow, max-snippet:-1, max-image-preview:large, max-video-preview:-1\" \/>\n<link rel=\"canonical\" href=\"https:\/\/www.nettali.com\/2023\/02\/21\/dossier-adji-sarr-la-chambre-daccusation-declare-irrecevable-la-requete-des-avocays-de-sonko\/\" \/>\n<meta property=\"og:locale\" content=\"fr_FR\" \/>\n<meta property=\"og:type\" content=\"article\" \/>\n<meta property=\"og:title\" content=\"EN COULISSES - Les avocats de Sonko d\u00e9bout\u00e9s\" \/>\n<meta property=\"og:description\" content=\"NETTALI.COM -\u00a0 Les avocats\u00a0 d&#039;Ousmane Sonko avaient introduit un recours pour attaquer l&#039;ordonnance du Doyen des juges d&#039;instruction renvoyant Ousmane Sonko et Nd\u00e8ye Khady Ndiaye devant la Chambre criminelle. En effet, lorsque le dossier a \u00e9t\u00e9 \u00e9voqu\u00e9, les avocats avaient soulev\u00e9 une exception d&#039;inconstitutionnalit\u00e9. Ils consid\u00e9raient ainsi que l&#039;article 180 du Code de proc\u00e9dure p\u00e9nale [&hellip;]\" \/>\n<meta property=\"og:url\" content=\"https:\/\/www.nettali.com\/2023\/02\/21\/dossier-adji-sarr-la-chambre-daccusation-declare-irrecevable-la-requete-des-avocays-de-sonko\/\" \/>\n<meta property=\"og:site_name\" content=\"Nettali.com\" \/>\n<meta property=\"article:publisher\" content=\"https:\/\/www.facebook.com\/nettalicom\" \/>\n<meta property=\"article:published_time\" content=\"2023-02-21T16:57:10+00:00\" \/>\n<meta property=\"article:modified_time\" content=\"2023-02-21T21:08:23+00:00\" \/>\n<meta property=\"og:image\" content=\"https:\/\/www.nettali.com\/wp-content\/uploads\/2022\/04\/Sonko-avocats.jpeg\" \/>\n\t<meta property=\"og:image:width\" content=\"755\" \/>\n\t<meta property=\"og:image:height\" content=\"445\" \/>\n<meta name=\"twitter:card\" content=\"summary_large_image\" \/>\n<meta name=\"twitter:label1\" content=\"\u00c9crit par\" \/>\n\t<meta name=\"twitter:data1\" content=\"Fatou\" \/>\n\t<meta name=\"twitter:label2\" content=\"Dur\u00e9e de lecture estim\u00e9e\" \/>\n\t<meta name=\"twitter:data2\" content=\"1 minute\" \/>\n<script type=\"application\/ld+json\" class=\"yoast-schema-graph\">{\"@context\":\"https:\/\/schema.org\",\"@graph\":[{\"@type\":\"WebSite\",\"@id\":\"https:\/\/www.nettali.com\/#website\",\"url\":\"https:\/\/www.nettali.com\/\",\"name\":\"Nettali.com\",\"description\":\"Le rendez-vous critique du Net\",\"potentialAction\":[{\"@type\":\"SearchAction\",\"target\":{\"@type\":\"EntryPoint\",\"urlTemplate\":\"https:\/\/www.nettali.com\/?s={search_term_string}\"},\"query-input\":\"required name=search_term_string\"}],\"inLanguage\":\"fr-FR\"},{\"@type\":\"ImageObject\",\"@id\":\"https:\/\/www.nettali.com\/2023\/02\/21\/dossier-adji-sarr-la-chambre-daccusation-declare-irrecevable-la-requete-des-avocays-de-sonko\/#primaryimage\",\"inLanguage\":\"fr-FR\",\"url\":\"https:\/\/www.nettali.com\/wp-content\/uploads\/2022\/04\/Sonko-avocats.jpeg\",\"contentUrl\":\"https:\/\/www.nettali.com\/wp-content\/uploads\/2022\/04\/Sonko-avocats.jpeg\",\"width\":755,\"height\":445},{\"@type\":\"WebPage\",\"@id\":\"https:\/\/www.nettali.com\/2023\/02\/21\/dossier-adji-sarr-la-chambre-daccusation-declare-irrecevable-la-requete-des-avocays-de-sonko\/#webpage\",\"url\":\"https:\/\/www.nettali.com\/2023\/02\/21\/dossier-adji-sarr-la-chambre-daccusation-declare-irrecevable-la-requete-des-avocays-de-sonko\/\",\"name\":\"EN COULISSES - Les avocats de Sonko d\\u00e9bout\\u00e9s | Nettali.com\",\"isPartOf\":{\"@id\":\"https:\/\/www.nettali.com\/#website\"},\"primaryImageOfPage\":{\"@id\":\"https:\/\/www.nettali.com\/2023\/02\/21\/dossier-adji-sarr-la-chambre-daccusation-declare-irrecevable-la-requete-des-avocays-de-sonko\/#primaryimage\"},\"datePublished\":\"2023-02-21T16:57:10+00:00\",\"dateModified\":\"2023-02-21T21:08:23+00:00\",\"author\":{\"@id\":\"https:\/\/www.nettali.com\/#\/schema\/person\/418274a86bdf87caff7a3ef476bd0bbf\"},\"breadcrumb\":{\"@id\":\"https:\/\/www.nettali.com\/2023\/02\/21\/dossier-adji-sarr-la-chambre-daccusation-declare-irrecevable-la-requete-des-avocays-de-sonko\/#breadcrumb\"},\"inLanguage\":\"fr-FR\",\"potentialAction\":[{\"@type\":\"ReadAction\",\"target\":[\"https:\/\/www.nettali.com\/2023\/02\/21\/dossier-adji-sarr-la-chambre-daccusation-declare-irrecevable-la-requete-des-avocays-de-sonko\/\"]}]},{\"@type\":\"BreadcrumbList\",\"@id\":\"https:\/\/www.nettali.com\/2023\/02\/21\/dossier-adji-sarr-la-chambre-daccusation-declare-irrecevable-la-requete-des-avocays-de-sonko\/#breadcrumb\",\"itemListElement\":[{\"@type\":\"ListItem\",\"position\":1,\"name\":\"Accueil\",\"item\":\"https:\/\/www.nettali.com\/\"},{\"@type\":\"ListItem\",\"position\":2,\"name\":\"EN COULISSES - Les avocats de Sonko d\\u00e9bout\\u00e9s\"}]},{\"@type\":\"Person\",\"@id\":\"https:\/\/www.nettali.com\/#\/schema\/person\/418274a86bdf87caff7a3ef476bd0bbf\",\"name\":\"Fatou\",\"image\":{\"@type\":\"ImageObject\",\"@id\":\"https:\/\/www.nettali.com\/#personlogo\",\"inLanguage\":\"fr-FR\",\"url\":\"https:\/\/secure.gravatar.com\/avatar\/5a9442a2bee7b4dcf167cab035858e9a?s=96&d=mm&r=g\",\"contentUrl\":\"https:\/\/secure.gravatar.com\/avatar\/5a9442a2bee7b4dcf167cab035858e9a?s=96&d=mm&r=g\",\"caption\":\"Fatou\"},\"sameAs\":[\"https:\/\/www.nettali.com\"]}]}<\/script>\n<!-- \/ Yoast SEO Premium plugin. -->","yoast_head_json":{"title":"EN COULISSES - Les avocats de Sonko d\u00e9bout\u00e9s | Nettali.com","robots":{"index":"index","follow":"follow","max-snippet":"max-snippet:-1","max-image-preview":"max-image-preview:large","max-video-preview":"max-video-preview:-1"},"canonical":"https:\/\/www.nettali.com\/2023\/02\/21\/dossier-adji-sarr-la-chambre-daccusation-declare-irrecevable-la-requete-des-avocays-de-sonko\/","og_locale":"fr_FR","og_type":"article","og_title":"EN COULISSES - Les avocats de Sonko d\u00e9bout\u00e9s","og_description":"NETTALI.COM -\u00a0 Les avocats\u00a0 d'Ousmane Sonko avaient introduit un recours pour attaquer l'ordonnance du Doyen des juges d'instruction renvoyant Ousmane Sonko et Nd\u00e8ye Khady Ndiaye devant la Chambre criminelle. En effet, lorsque le dossier a \u00e9t\u00e9 \u00e9voqu\u00e9, les avocats avaient soulev\u00e9 une exception d'inconstitutionnalit\u00e9. Ils consid\u00e9raient ainsi que l'article 180 du Code de proc\u00e9dure p\u00e9nale [&hellip;]","og_url":"https:\/\/www.nettali.com\/2023\/02\/21\/dossier-adji-sarr-la-chambre-daccusation-declare-irrecevable-la-requete-des-avocays-de-sonko\/","og_site_name":"Nettali.com","article_publisher":"https:\/\/www.facebook.com\/nettalicom","article_published_time":"2023-02-21T16:57:10+00:00","article_modified_time":"2023-02-21T21:08:23+00:00","og_image":[{"width":755,"height":445,"url":"https:\/\/www.nettali.com\/wp-content\/uploads\/2022\/04\/Sonko-avocats.jpeg","type":"image\/jpeg"}],"twitter_card":"summary_large_image","twitter_misc":{"\u00c9crit par":"Fatou","Dur\u00e9e de lecture estim\u00e9e":"1 minute"},"schema":{"@context":"https:\/\/schema.org","@graph":[{"@type":"WebSite","@id":"https:\/\/www.nettali.com\/#website","url":"https:\/\/www.nettali.com\/","name":"Nettali.com","description":"Le rendez-vous critique du Net","potentialAction":[{"@type":"SearchAction","target":{"@type":"EntryPoint","urlTemplate":"https:\/\/www.nettali.com\/?s={search_term_string}"},"query-input":"required name=search_term_string"}],"inLanguage":"fr-FR"},{"@type":"ImageObject","@id":"https:\/\/www.nettali.com\/2023\/02\/21\/dossier-adji-sarr-la-chambre-daccusation-declare-irrecevable-la-requete-des-avocays-de-sonko\/#primaryimage","inLanguage":"fr-FR","url":"https:\/\/www.nettali.com\/wp-content\/uploads\/2022\/04\/Sonko-avocats.jpeg","contentUrl":"https:\/\/www.nettali.com\/wp-content\/uploads\/2022\/04\/Sonko-avocats.jpeg","width":755,"height":445},{"@type":"WebPage","@id":"https:\/\/www.nettali.com\/2023\/02\/21\/dossier-adji-sarr-la-chambre-daccusation-declare-irrecevable-la-requete-des-avocays-de-sonko\/#webpage","url":"https:\/\/www.nettali.com\/2023\/02\/21\/dossier-adji-sarr-la-chambre-daccusation-declare-irrecevable-la-requete-des-avocays-de-sonko\/","name":"EN COULISSES - Les avocats de Sonko d\u00e9bout\u00e9s | Nettali.com","isPartOf":{"@id":"https:\/\/www.nettali.com\/#website"},"primaryImageOfPage":{"@id":"https:\/\/www.nettali.com\/2023\/02\/21\/dossier-adji-sarr-la-chambre-daccusation-declare-irrecevable-la-requete-des-avocays-de-sonko\/#primaryimage"},"datePublished":"2023-02-21T16:57:10+00:00","dateModified":"2023-02-21T21:08:23+00:00","author":{"@id":"https:\/\/www.nettali.com\/#\/schema\/person\/418274a86bdf87caff7a3ef476bd0bbf"},"breadcrumb":{"@id":"https:\/\/www.nettali.com\/2023\/02\/21\/dossier-adji-sarr-la-chambre-daccusation-declare-irrecevable-la-requete-des-avocays-de-sonko\/#breadcrumb"},"inLanguage":"fr-FR","potentialAction":[{"@type":"ReadAction","target":["https:\/\/www.nettali.com\/2023\/02\/21\/dossier-adji-sarr-la-chambre-daccusation-declare-irrecevable-la-requete-des-avocays-de-sonko\/"]}]},{"@type":"BreadcrumbList","@id":"https:\/\/www.nettali.com\/2023\/02\/21\/dossier-adji-sarr-la-chambre-daccusation-declare-irrecevable-la-requete-des-avocays-de-sonko\/#breadcrumb","itemListElement":[{"@type":"ListItem","position":1,"name":"Accueil","item":"https:\/\/www.nettali.com\/"},{"@type":"ListItem","position":2,"name":"EN COULISSES - Les avocats de Sonko d\u00e9bout\u00e9s"}]},{"@type":"Person","@id":"https:\/\/www.nettali.com\/#\/schema\/person\/418274a86bdf87caff7a3ef476bd0bbf","name":"Fatou","image":{"@type":"ImageObject","@id":"https:\/\/www.nettali.com\/#personlogo","inLanguage":"fr-FR","url":"https:\/\/secure.gravatar.com\/avatar\/5a9442a2bee7b4dcf167cab035858e9a?s=96&d=mm&r=g","contentUrl":"https:\/\/secure.gravatar.com\/avatar\/5a9442a2bee7b4dcf167cab035858e9a?s=96&d=mm&r=g","caption":"Fatou"},"sameAs":["https:\/\/www.nettali.com"]}]}},"_links":{"self":[{"href":"https:\/\/www.nettali.com\/rest\/wp\/v2\/posts\/104639"}],"collection":[{"href":"https:\/\/www.nettali.com\/rest\/wp\/v2\/posts"}],"about":[{"href":"https:\/\/www.nettali.com\/rest\/wp\/v2\/types\/post"}],"author":[{"embeddable":true,"href":"https:\/\/www.nettali.com\/rest\/wp\/v2\/users\/6"}],"replies":[{"embeddable":true,"href":"https:\/\/www.nettali.com\/rest\/wp\/v2\/comments?post=104639"}],"version-history":[{"count":8,"href":"https:\/\/www.nettali.com\/rest\/wp\/v2\/posts\/104639\/revisions"}],"predecessor-version":[{"id":104665,"href":"https:\/\/www.nettali.com\/rest\/wp\/v2\/posts\/104639\/revisions\/104665"}],"wp:featuredmedia":[{"embeddable":true,"href":"https:\/\/www.nettali.com\/rest\/wp\/v2\/media\/84390"}],"wp:attachment":[{"href":"https:\/\/www.nettali.com\/rest\/wp\/v2\/media?parent=104639"}],"wp:term":[{"taxonomy":"category","embeddable":true,"href":"https:\/\/www.nettali.com\/rest\/wp\/v2\/categories?post=104639"},{"taxonomy":"post_tag","embeddable":true,"href":"https:\/\/www.nettali.com\/rest\/wp\/v2\/tags?post=104639"}],"curies":[{"name":"wp","href":"https:\/\/api.w.org\/{rel}","templated":true}]}}